{"id":4620273,"date":"2022-10-24T06:46:04","date_gmt":"2022-10-24T05:46:04","guid":{"rendered":"https:\/\/kapitalis.com\/tunisie\/?p=4620273"},"modified":"2022-10-24T06:46:06","modified_gmt":"2022-10-24T05:46:06","slug":"tunisie-yamen-manai-sophie-bessis-et-fawzia-zouari-au-beyrouth-livres","status":"publish","type":"post","link":"https:\/\/kapitalis.com\/tunisie\/2022\/10\/24\/tunisie-yamen-manai-sophie-bessis-et-fawzia-zouari-au-beyrouth-livres\/","title":{"rendered":"Tunisie\u00a0: Yamen Mana\u00ef, Sophie Bessis et Fawzia Zouari au \u00abBeyrouth Livres\u00bb"},"content":{"rendered":"\n<p><strong><em>Trois \u00e9crivains tunisiens, les romanciers Yamen Mana\u00ef et Fawzia Zouari et l\u2019historienne Sophie Bessis font partie de la centaine d\u2019auteurs francophones pr\u00e9sents \u00e0 la premi\u00e8re \u00e9dition du Festival international et francophone du livre \u00abBeyrouth Livres\u00bb qui se tient du 19 au 30 octobre 2022 au Liban.<\/em><\/strong><\/p>\n\n\n\n<!--more-->\n\n\n\n<p>L\u2019Institut fran\u00e7ais de Tunisie (IFT) a annonc\u00e9 que <em>\u00abYamen Mana\u00ef, Fawzia Zouari et C\u00e9cile Oumhani (auteur franco-britannique-tunisienne) seront pr\u00e9sentes dans le cadre de ce nouvel \u00e9v\u00e9nement litt\u00e9raire d\u2019envergure liant les mondes m\u00e9diterran\u00e9en, levantin et arabe\u00bb<\/em>.<\/p>\n\n\n\n<p>Yamen Mana\u00ef, laur\u00e9at du Prix Orange du Livre en Afrique 2022 pour son roman <em>Bel ab\u00eeme<\/em>, b\u00e9n\u00e9ficie du soutien de l\u2019IFT en partenariat avec l\u2019Institut fran\u00e7ais du Liban. Son livre a \u00e9t\u00e9 publi\u00e9 aux \u00e9ditions Elyzad en 2021, gr\u00e2ce au programme d\u2019aide \u00e0 la publication de l&rsquo;IFT.<\/p>\n\n\n\n<p>L\u2019auteur tunisien sera pr\u00e9sent le 29 octobre \u00e0 17 heures au Caf\u00e9 des Lettres avec Fawzia Zouari autour du prix des cinq continents. Il sera \u00e9galement pr\u00e9sent, le 30 octobre, au bal litt\u00e9raire de cl\u00f4ture du festival.<\/p>\n\n\n\n<p><strong><em>D&rsquo;apr\u00e8s Tap.<\/em><\/strong><\/p>\n","protected":false},"excerpt":{"rendered":"<p>Yamen Mana\u00ef, Fawzia Zouari, Sophie Bessis et C\u00e9cile Oumhani font partie de la centaine d\u2019auteurs francophones pr\u00e9sents \u00e0 la premi\u00e8re \u00e9dition du Festival Beyrouth Livres. <\/p>\n","protected":false},"author":8,"featured_media":4620288,"comment_status":"open","ping_status":"open","sticky":false,"template":"","format":"standard","meta":{"footnotes":""},"categories":[994,2433],"tags":[103862,103863,15819,8563,11449,62643,100333],"class_list":["post-4620273","post","type-post","status-publish","format-standard","has-post-thumbnail","hentry","category-culture","category-tunisie","tag-beyrouth-livres","tag-cecile-oumhani","tag-fawzia-zouari","tag-liban","tag-sophie-bessis","tag-tunisie","tag-yamen-manai-2"],"yoast_head":"<!-- This site is optimized with the Yoast SEO plugin v26.6 - https:\/\/yoast.com\/wordpress\/plugins\/seo\/ -->\n<title>Tunisie\u00a0: Yamen Mana\u00ef, Sophie Bessis et Fawzia Zouari au \u00abBeyrouth Livres\u00bb - Kapitalis<\/title>\n<meta name=\"robots\" content=\"index, follow, max-snippet:-1, max-image-preview:large, max-video-preview:-1\" \/>\n<link rel=\"canonical\" href=\"https:\/\/kapitalis.com\/tunisie\/2022\/10\/24\/tunisie-yamen-manai-sophie-bessis-et-fawzia-zouari-au-beyrouth-livres\/\" \/>\n<meta property=\"og:locale\" content=\"fr_FR\" \/>\n<meta property=\"og:type\" content=\"article\" \/>\n<meta property=\"og:title\" content=\"Tunisie\u00a0: Yamen Mana\u00ef, Sophie Bessis et Fawzia Zouari au \u00abBeyrouth Livres\u00bb - Kapitalis\" \/>\n<meta property=\"og:description\" content=\"Yamen Mana\u00ef, Fawzia Zouari, Sophie Bessis et C\u00e9cile Oumhani font partie de la centaine d\u2019auteurs francophones pr\u00e9sents \u00e0 la premi\u00e8re \u00e9dition du Festival Beyrouth Livres.\" \/>\n<meta property=\"og:url\" content=\"https:\/\/kapitalis.com\/tunisie\/2022\/10\/24\/tunisie-yamen-manai-sophie-bessis-et-fawzia-zouari-au-beyrouth-livres\/\" \/>\n<meta property=\"og:site_name\" content=\"Kapitalis\" \/>\n<meta property=\"article:publisher\" content=\"https:\/\/www.facebook.com\/KapitalisInfo\/\" \/>\n<meta property=\"article:published_time\" content=\"2022-10-24T05:46:04+00:00\" \/>\n<meta property=\"article:modified_time\" content=\"2022-10-24T05:46:06+00:00\" \/>\n<meta property=\"og:image\" content=\"https:\/\/kapitalis.com\/tunisie\/wp-content\/uploads\/2022\/10\/Yamen-Manai-Sophie-Bessis-et-Fawzia-Zouari.jpg\" \/>\n\t<meta property=\"og:image:width\" content=\"1200\" \/>\n\t<meta property=\"og:image:height\" content=\"630\" \/>\n\t<meta property=\"og:image:type\" content=\"image\/jpeg\" \/>\n<meta name=\"author\" content=\"webmaster kapitalis\" \/>\n<meta name=\"twitter:card\" content=\"summary_large_image\" \/>\n<meta name=\"twitter:creator\" content=\"@KapitalisInfo\" \/>\n<meta name=\"twitter:site\" content=\"@KapitalisInfo\" \/>\n<meta name=\"twitter:label1\" content=\"\u00c9crit par\" \/>\n\t<meta name=\"twitter:data1\" content=\"webmaster kapitalis\" \/>\n\t<meta name=\"twitter:label2\" content=\"Dur\u00e9e de lecture estim\u00e9e\" \/>\n\t<meta name=\"twitter:data2\" content=\"1 minute\" \/>\n<script type=\"application\/ld+json\" class=\"yoast-schema-graph\">{\"@context\":\"https:\/\/schema.org\",\"@graph\":[{\"@type\":\"Article\",\"@id\":\"https:\/\/kapitalis.com\/tunisie\/2022\/10\/24\/tunisie-yamen-manai-sophie-bessis-et-fawzia-zouari-au-beyrouth-livres\/#article\",\"isPartOf\":{\"@id\":\"https:\/\/kapitalis.com\/tunisie\/2022\/10\/24\/tunisie-yamen-manai-sophie-bessis-et-fawzia-zouari-au-beyrouth-livres\/\"},\"author\":{\"name\":\"webmaster kapitalis\",\"@id\":\"https:\/\/kapitalis.com\/tunisie\/#\/schema\/person\/d71f33a9ca44f7bad4698210b480c8e9\"},\"headline\":\"Tunisie\u00a0: Yamen Mana\u00ef, Sophie Bessis et Fawzia Zouari au \u00abBeyrouth Livres\u00bb\",\"datePublished\":\"2022-10-24T05:46:04+00:00\",\"dateModified\":\"2022-10-24T05:46:06+00:00\",\"mainEntityOfPage\":{\"@id\":\"https:\/\/kapitalis.com\/tunisie\/2022\/10\/24\/tunisie-yamen-manai-sophie-bessis-et-fawzia-zouari-au-beyrouth-livres\/\"},\"wordCount\":195,\"commentCount\":0,\"publisher\":{\"@id\":\"https:\/\/kapitalis.com\/tunisie\/#organization\"},\"image\":{\"@id\":\"https:\/\/kapitalis.com\/tunisie\/2022\/10\/24\/tunisie-yamen-manai-sophie-bessis-et-fawzia-zouari-au-beyrouth-livres\/#primaryimage\"},\"thumbnailUrl\":\"https:\/\/kapitalis.com\/tunisie\/wp-content\/uploads\/2022\/10\/Yamen-Manai-Sophie-Bessis-et-Fawzia-Zouari.jpg\",\"keywords\":[\"Beyrouth Livres\",\"C\u00e9cile Oumhani\",\"Fawzia Zouari\",\"Liban\",\"Sophie Bessis\",\"Tunisie\",\"Yamen Mana\u00ef\"],\"articleSection\":[\"CULTURE\",\"Tunisie\"],\"inLanguage\":\"fr-FR\",\"potentialAction\":[{\"@type\":\"CommentAction\",\"name\":\"Comment\",\"target\":[\"https:\/\/kapitalis.com\/tunisie\/2022\/10\/24\/tunisie-yamen-manai-sophie-bessis-et-fawzia-zouari-au-beyrouth-livres\/#respond\"]}]},{\"@type\":\"WebPage\",\"@id\":\"https:\/\/kapitalis.com\/tunisie\/2022\/10\/24\/tunisie-yamen-manai-sophie-bessis-et-fawzia-zouari-au-beyrouth-livres\/\",\"url\":\"https:\/\/kapitalis.com\/tunisie\/2022\/10\/24\/tunisie-yamen-manai-sophie-bessis-et-fawzia-zouari-au-beyrouth-livres\/\",\"name\":\"Tunisie\u00a0: Yamen Mana\u00ef, Sophie Bessis et Fawzia Zouari au \u00abBeyrouth Livres\u00bb - Kapitalis\",\"isPartOf\":{\"@id\":\"https:\/\/kapitalis.com\/tunisie\/#website\"},\"primaryImageOfPage\":{\"@id\":\"https:\/\/kapitalis.com\/tunisie\/2022\/10\/24\/tunisie-yamen-manai-sophie-bessis-et-fawzia-zouari-au-beyrouth-livres\/#primaryimage\"},\"image\":{\"@id\":\"https:\/\/kapitalis.com\/tunisie\/2022\/10\/24\/tunisie-yamen-manai-sophie-bessis-et-fawzia-zouari-au-beyrouth-livres\/#primaryimage\"},\"thumbnailUrl\":\"https:\/\/kapitalis.com\/tunisie\/wp-content\/uploads\/2022\/10\/Yamen-Manai-Sophie-Bessis-et-Fawzia-Zouari.jpg\",\"datePublished\":\"2022-10-24T05:46:04+00:00\",\"dateModified\":\"2022-10-24T05:46:06+00:00\",\"breadcrumb\":{\"@id\":\"https:\/\/kapitalis.com\/tunisie\/2022\/10\/24\/tunisie-yamen-manai-sophie-bessis-et-fawzia-zouari-au-beyrouth-livres\/#breadcrumb\"},\"inLanguage\":\"fr-FR\",\"potentialAction\":[{\"@type\":\"ReadAction\",\"target\":[\"https:\/\/kapitalis.com\/tunisie\/2022\/10\/24\/tunisie-yamen-manai-sophie-bessis-et-fawzia-zouari-au-beyrouth-livres\/\"]}]},{\"@type\":\"ImageObject\",\"inLanguage\":\"fr-FR\",\"@id\":\"https:\/\/kapitalis.com\/tunisie\/2022\/10\/24\/tunisie-yamen-manai-sophie-bessis-et-fawzia-zouari-au-beyrouth-livres\/#primaryimage\",\"url\":\"https:\/\/kapitalis.com\/tunisie\/wp-content\/uploads\/2022\/10\/Yamen-Manai-Sophie-Bessis-et-Fawzia-Zouari.jpg\",\"contentUrl\":\"https:\/\/kapitalis.com\/tunisie\/wp-content\/uploads\/2022\/10\/Yamen-Manai-Sophie-Bessis-et-Fawzia-Zouari.jpg\",\"width\":1200,\"height\":630},{\"@type\":\"BreadcrumbList\",\"@id\":\"https:\/\/kapitalis.com\/tunisie\/2022\/10\/24\/tunisie-yamen-manai-sophie-bessis-et-fawzia-zouari-au-beyrouth-livres\/#breadcrumb\",\"itemListElement\":[{\"@type\":\"ListItem\",\"position\":1,\"name\":\"Accueil\",\"item\":\"https:\/\/kapitalis.com\/tunisie\/\"},{\"@type\":\"ListItem\",\"position\":2,\"name\":\"Tunisie\u00a0: Yamen Mana\u00ef, Sophie Bessis et Fawzia Zouari au \u00abBeyrouth Livres\u00bb\"}]},{\"@type\":\"WebSite\",\"@id\":\"https:\/\/kapitalis.com\/tunisie\/#website\",\"url\":\"https:\/\/kapitalis.com\/tunisie\/\",\"name\":\"Kapitalis\",\"description\":\"L&#039;actualit\u00e9 en Tunisie et dans le monde\",\"publisher\":{\"@id\":\"https:\/\/kapitalis.com\/tunisie\/#organization\"},\"potentialAction\":[{\"@type\":\"SearchAction\",\"target\":{\"@type\":\"EntryPoint\",\"urlTemplate\":\"https:\/\/kapitalis.com\/tunisie\/?s={search_term_string}\"},\"query-input\":{\"@type\":\"PropertyValueSpecification\",\"valueRequired\":true,\"valueName\":\"search_term_string\"}}],\"inLanguage\":\"fr-FR\"},{\"@type\":\"Organization\",\"@id\":\"https:\/\/kapitalis.com\/tunisie\/#organization\",\"name\":\"Kapitalis\",\"url\":\"https:\/\/kapitalis.com\/tunisie\/\",\"logo\":{\"@type\":\"ImageObject\",\"inLanguage\":\"fr-FR\",\"@id\":\"https:\/\/kapitalis.com\/tunisie\/#\/schema\/logo\/image\/\",\"url\":\"https:\/\/kapitalis.com\/tunisie\/wp-content\/uploads\/2022\/05\/Kapitalis-big-size.png\",\"contentUrl\":\"https:\/\/kapitalis.com\/tunisie\/wp-content\/uploads\/2022\/05\/Kapitalis-big-size.png\",\"width\":5000,\"height\":1500,\"caption\":\"Kapitalis\"},\"image\":{\"@id\":\"https:\/\/kapitalis.com\/tunisie\/#\/schema\/logo\/image\/\"},\"sameAs\":[\"https:\/\/www.facebook.com\/KapitalisInfo\/\",\"https:\/\/x.com\/KapitalisInfo\",\"https:\/\/www.youtube.com\/channel\/UC-yDYrHyfFBWWZaOw3FPg9Q\"]},{\"@type\":\"Person\",\"@id\":\"https:\/\/kapitalis.com\/tunisie\/#\/schema\/person\/d71f33a9ca44f7bad4698210b480c8e9\",\"name\":\"webmaster kapitalis\",\"url\":\"https:\/\/kapitalis.com\/tunisie\/author\/webmaster-kapitalis\/\"}]}<\/script>\n<!-- \/ Yoast SEO plugin. -->","yoast_head_json":{"title":"Tunisie\u00a0: Yamen Mana\u00ef, Sophie Bessis et Fawzia Zouari au \u00abBeyrouth Livres\u00bb - Kapitalis","robots":{"index":"index","follow":"follow","max-snippet":"max-snippet:-1","max-image-preview":"max-image-preview:large","max-video-preview":"max-video-preview:-1"},"canonical":"https:\/\/kapitalis.com\/tunisie\/2022\/10\/24\/tunisie-yamen-manai-sophie-bessis-et-fawzia-zouari-au-beyrouth-livres\/","og_locale":"fr_FR","og_type":"article","og_title":"Tunisie\u00a0: Yamen Mana\u00ef, Sophie Bessis et Fawzia Zouari au \u00abBeyrouth Livres\u00bb - Kapitalis","og_description":"Yamen Mana\u00ef, Fawzia Zouari, Sophie Bessis et C\u00e9cile Oumhani font partie de la centaine d\u2019auteurs francophones pr\u00e9sents \u00e0 la premi\u00e8re \u00e9dition du Festival Beyrouth Livres.","og_url":"https:\/\/kapitalis.com\/tunisie\/2022\/10\/24\/tunisie-yamen-manai-sophie-bessis-et-fawzia-zouari-au-beyrouth-livres\/","og_site_name":"Kapitalis","article_publisher":"https:\/\/www.facebook.com\/KapitalisInfo\/","article_published_time":"2022-10-24T05:46:04+00:00","article_modified_time":"2022-10-24T05:46:06+00:00","og_image":[{"width":1200,"height":630,"url":"https:\/\/kapitalis.com\/tunisie\/wp-content\/uploads\/2022\/10\/Yamen-Manai-Sophie-Bessis-et-Fawzia-Zouari.jpg","type":"image\/jpeg"}],"author":"webmaster kapitalis","twitter_card":"summary_large_image","twitter_creator":"@KapitalisInfo","twitter_site":"@KapitalisInfo","twitter_misc":{"\u00c9crit par":"webmaster kapitalis","Dur\u00e9e de lecture estim\u00e9e":"1 minute"},"schema":{"@context":"https:\/\/schema.org","@graph":[{"@type":"Article","@id":"https:\/\/kapitalis.com\/tunisie\/2022\/10\/24\/tunisie-yamen-manai-sophie-bessis-et-fawzia-zouari-au-beyrouth-livres\/#article","isPartOf":{"@id":"https:\/\/kapitalis.com\/tunisie\/2022\/10\/24\/tunisie-yamen-manai-sophie-bessis-et-fawzia-zouari-au-beyrouth-livres\/"},"author":{"name":"webmaster kapitalis","@id":"https:\/\/kapitalis.com\/tunisie\/#\/schema\/person\/d71f33a9ca44f7bad4698210b480c8e9"},"headline":"Tunisie\u00a0: Yamen Mana\u00ef, Sophie Bessis et Fawzia Zouari au \u00abBeyrouth Livres\u00bb","datePublished":"2022-10-24T05:46:04+00:00","dateModified":"2022-10-24T05:46:06+00:00","mainEntityOfPage":{"@id":"https:\/\/kapitalis.com\/tunisie\/2022\/10\/24\/tunisie-yamen-manai-sophie-bessis-et-fawzia-zouari-au-beyrouth-livres\/"},"wordCount":195,"commentCount":0,"publisher":{"@id":"https:\/\/kapitalis.com\/tunisie\/#organization"},"image":{"@id":"https:\/\/kapitalis.com\/tunisie\/2022\/10\/24\/tunisie-yamen-manai-sophie-bessis-et-fawzia-zouari-au-beyrouth-livres\/#primaryimage"},"thumbnailUrl":"https:\/\/kapitalis.com\/tunisie\/wp-content\/uploads\/2022\/10\/Yamen-Manai-Sophie-Bessis-et-Fawzia-Zouari.jpg","keywords":["Beyrouth Livres","C\u00e9cile Oumhani","Fawzia Zouari","Liban","Sophie Bessis","Tunisie","Yamen Mana\u00ef"],"articleSection":["CULTURE","Tunisie"],"inLanguage":"fr-FR","potentialAction":[{"@type":"CommentAction","name":"Comment","target":["https:\/\/kapitalis.com\/tunisie\/2022\/10\/24\/tunisie-yamen-manai-sophie-bessis-et-fawzia-zouari-au-beyrouth-livres\/#respond"]}]},{"@type":"WebPage","@id":"https:\/\/kapitalis.com\/tunisie\/2022\/10\/24\/tunisie-yamen-manai-sophie-bessis-et-fawzia-zouari-au-beyrouth-livres\/","url":"https:\/\/kapitalis.com\/tunisie\/2022\/10\/24\/tunisie-yamen-manai-sophie-bessis-et-fawzia-zouari-au-beyrouth-livres\/","name":"Tunisie\u00a0: Yamen Mana\u00ef, Sophie Bessis et Fawzia Zouari au \u00abBeyrouth Livres\u00bb - Kapitalis","isPartOf":{"@id":"https:\/\/kapitalis.com\/tunisie\/#website"},"primaryImageOfPage":{"@id":"https:\/\/kapitalis.com\/tunisie\/2022\/10\/24\/tunisie-yamen-manai-sophie-bessis-et-fawzia-zouari-au-beyrouth-livres\/#primaryimage"},"image":{"@id":"https:\/\/kapitalis.com\/tunisie\/2022\/10\/24\/tunisie-yamen-manai-sophie-bessis-et-fawzia-zouari-au-beyrouth-livres\/#primaryimage"},"thumbnailUrl":"https:\/\/kapitalis.com\/tunisie\/wp-content\/uploads\/2022\/10\/Yamen-Manai-Sophie-Bessis-et-Fawzia-Zouari.jpg","datePublished":"2022-10-24T05:46:04+00:00","dateModified":"2022-10-24T05:46:06+00:00","breadcrumb":{"@id":"https:\/\/kapitalis.com\/tunisie\/2022\/10\/24\/tunisie-yamen-manai-sophie-bessis-et-fawzia-zouari-au-beyrouth-livres\/#breadcrumb"},"inLanguage":"fr-FR","potentialAction":[{"@type":"ReadAction","target":["https:\/\/kapitalis.com\/tunisie\/2022\/10\/24\/tunisie-yamen-manai-sophie-bessis-et-fawzia-zouari-au-beyrouth-livres\/"]}]},{"@type":"ImageObject","inLanguage":"fr-FR","@id":"https:\/\/kapitalis.com\/tunisie\/2022\/10\/24\/tunisie-yamen-manai-sophie-bessis-et-fawzia-zouari-au-beyrouth-livres\/#primaryimage","url":"https:\/\/kapitalis.com\/tunisie\/wp-content\/uploads\/2022\/10\/Yamen-Manai-Sophie-Bessis-et-Fawzia-Zouari.jpg","contentUrl":"https:\/\/kapitalis.com\/tunisie\/wp-content\/uploads\/2022\/10\/Yamen-Manai-Sophie-Bessis-et-Fawzia-Zouari.jpg","width":1200,"height":630},{"@type":"BreadcrumbList","@id":"https:\/\/kapitalis.com\/tunisie\/2022\/10\/24\/tunisie-yamen-manai-sophie-bessis-et-fawzia-zouari-au-beyrouth-livres\/#breadcrumb","itemListElement":[{"@type":"ListItem","position":1,"name":"Accueil","item":"https:\/\/kapitalis.com\/tunisie\/"},{"@type":"ListItem","position":2,"name":"Tunisie\u00a0: Yamen Mana\u00ef, Sophie Bessis et Fawzia Zouari au \u00abBeyrouth Livres\u00bb"}]},{"@type":"WebSite","@id":"https:\/\/kapitalis.com\/tunisie\/#website","url":"https:\/\/kapitalis.com\/tunisie\/","name":"Kapitalis","description":"L&#039;actualit\u00e9 en Tunisie et dans le monde","publisher":{"@id":"https:\/\/kapitalis.com\/tunisie\/#organization"},"potentialAction":[{"@type":"SearchAction","target":{"@type":"EntryPoint","urlTemplate":"https:\/\/kapitalis.com\/tunisie\/?s={search_term_string}"},"query-input":{"@type":"PropertyValueSpecification","valueRequired":true,"valueName":"search_term_string"}}],"inLanguage":"fr-FR"},{"@type":"Organization","@id":"https:\/\/kapitalis.com\/tunisie\/#organization","name":"Kapitalis","url":"https:\/\/kapitalis.com\/tunisie\/","logo":{"@type":"ImageObject","inLanguage":"fr-FR","@id":"https:\/\/kapitalis.com\/tunisie\/#\/schema\/logo\/image\/","url":"https:\/\/kapitalis.com\/tunisie\/wp-content\/uploads\/2022\/05\/Kapitalis-big-size.png","contentUrl":"https:\/\/kapitalis.com\/tunisie\/wp-content\/uploads\/2022\/05\/Kapitalis-big-size.png","width":5000,"height":1500,"caption":"Kapitalis"},"image":{"@id":"https:\/\/kapitalis.com\/tunisie\/#\/schema\/logo\/image\/"},"sameAs":["https:\/\/www.facebook.com\/KapitalisInfo\/","https:\/\/x.com\/KapitalisInfo","https:\/\/www.youtube.com\/channel\/UC-yDYrHyfFBWWZaOw3FPg9Q"]},{"@type":"Person","@id":"https:\/\/kapitalis.com\/tunisie\/#\/schema\/person\/d71f33a9ca44f7bad4698210b480c8e9","name":"webmaster kapitalis","url":"https:\/\/kapitalis.com\/tunisie\/author\/webmaster-kapitalis\/"}]}},"_links":{"self":[{"href":"https:\/\/kapitalis.com\/tunisie\/wp-json\/wp\/v2\/posts\/4620273","targetHints":{"allow":["GET"]}}],"collection":[{"href":"https:\/\/kapitalis.com\/tunisie\/wp-json\/wp\/v2\/posts"}],"about":[{"href":"https:\/\/kapitalis.com\/tunisie\/wp-json\/wp\/v2\/types\/post"}],"author":[{"embeddable":true,"href":"https:\/\/kapitalis.com\/tunisie\/wp-json\/wp\/v2\/users\/8"}],"replies":[{"embeddable":true,"href":"https:\/\/kapitalis.com\/tunisie\/wp-json\/wp\/v2\/comments?post=4620273"}],"version-history":[{"count":0,"href":"https:\/\/kapitalis.com\/tunisie\/wp-json\/wp\/v2\/posts\/4620273\/revisions"}],"wp:featuredmedia":[{"embeddable":true,"href":"https:\/\/kapitalis.com\/tunisie\/wp-json\/wp\/v2\/media\/4620288"}],"wp:attachment":[{"href":"https:\/\/kapitalis.com\/tunisie\/wp-json\/wp\/v2\/media?parent=4620273"}],"wp:term":[{"taxonomy":"category","embeddable":true,"href":"https:\/\/kapitalis.com\/tunisie\/wp-json\/wp\/v2\/categories?post=4620273"},{"taxonomy":"post_tag","embeddable":true,"href":"https:\/\/kapitalis.com\/tunisie\/wp-json\/wp\/v2\/tags?post=4620273"}],"curies":[{"name":"wp","href":"https:\/\/api.w.org\/{rel}","templated":true}]}}