{"id":4628788,"date":"2022-10-24T22:29:57","date_gmt":"2022-10-24T21:29:57","guid":{"rendered":"https:\/\/kapitalis.com\/tunisie\/?p=4628788"},"modified":"2022-10-24T22:32:31","modified_gmt":"2022-10-24T21:32:31","slug":"drame-a-kairouan-une-eleve-de-17-ans-met-fin-a-ses-jours","status":"publish","type":"post","link":"https:\/\/kapitalis.com\/tunisie\/2022\/10\/24\/drame-a-kairouan-une-eleve-de-17-ans-met-fin-a-ses-jours\/","title":{"rendered":"Drame \u00e0 Kairouan : Une \u00e9l\u00e8ve de 17 ans met fin \u00e0 ses jours"},"content":{"rendered":"\n<p><strong><em>Une \u00e9l\u00e8ve de 17 ans s&rsquo;est suicid\u00e9e hier, au domicile familial \u00e0 Kairouan. Selon les premiers \u00e9l\u00e9ments, l&rsquo;adolescente aurait mis fin \u00e0 ses jours \u00e0 cause des moqueries de ses camarades de classe\u2026<\/em><\/strong><\/p>\n\n\n\n<!--more-->\n\n\n\n<p>Suite \u00e0 ce drame, une enqu\u00eate a \u00e9t\u00e9 ouverte par le parquet de Kairouan et le minist\u00e8re de la Famille, de la Femme, de l&rsquo;Enfance et des personnes \u00e2g\u00e9es, a pour sa part affirm\u00e9 avoir alert\u00e9 la direction r\u00e9gionale de la protection de l&rsquo;enfance afin de prendre les mesures n\u00e9cessaires, notamment pour accompagner la s\u0153ur de la victime ainsi que ses amis et les \u00e9l\u00e8ves de cet \u00e9tablissement scolaire.<\/p>\n\n\n\n<p>Il a notamment \u00e9t\u00e9 d\u00e9cid\u00e9 de mettre en place, dans un premier temps, un dispositif d&rsquo;accompagnement et de soutien psychologique pour les concern\u00e9s, lit-on dans le communiqu\u00e9 du minist\u00e8re.<\/p>\n\n\n\n<p>La m\u00eame source a \u00e9galement appel\u00e9 <em>\u00ab\u00e0 ne pas divulguer les d\u00e9tails de ce drame afin d&rsquo;\u00e9viter les r\u00e9percussions n\u00e9gatives sur la psychologie des enfants proches de la jeune d\u00e9funte en particulier, et des enfants en g\u00e9n\u00e9ral\u00bb.<\/em><\/p>\n\n\n\n<p class=\"has-text-align-right\"><strong>Y. N.<\/strong><\/p>\n","protected":false},"excerpt":{"rendered":"<p>Drame \u00e0 Kairouan : Une \u00e9l\u00e8ve de 17 ans met fin \u00e0 ses jours<\/p>\n","protected":false},"author":6,"featured_media":4628837,"comment_status":"open","ping_status":"open","sticky":false,"template":"","format":"standard","meta":{"footnotes":""},"categories":[998,2433],"tags":[64263,314,95099,64557,865,62643],"class_list":["post-4628788","post","type-post","status-publish","format-standard","has-post-thumbnail","hentry","category-societe","category-tunisie","tag-deces","tag-eleve","tag-harcelement-scolaire","tag-kairouan","tag-suicide","tag-tunisie"],"yoast_head":"<!-- This site is optimized with the Yoast SEO plugin v26.6 - https:\/\/yoast.com\/wordpress\/plugins\/seo\/ -->\n<title>Drame \u00e0 Kairouan : Une \u00e9l\u00e8ve de 17 ans met fin \u00e0 ses jours - Kapitalis<\/title>\n<meta name=\"description\" content=\"Une \u00e9l\u00e8ve de 17 ans s&#039;est suicid\u00e9e hier, au domicile familial \u00e0 Kairouan. Selon les premiers \u00e9l\u00e9ments, l&#039;adolescente aurait mis fin \u00e0 ses jours \u00e0 cause des moqueries de ses camarades de classe\u2026\" \/>\n<meta name=\"robots\" content=\"index, follow, max-snippet:-1, max-image-preview:large, max-video-preview:-1\" \/>\n<link rel=\"canonical\" href=\"https:\/\/kapitalis.com\/tunisie\/2022\/10\/24\/drame-a-kairouan-une-eleve-de-17-ans-met-fin-a-ses-jours\/\" \/>\n<meta property=\"og:locale\" content=\"fr_FR\" \/>\n<meta property=\"og:type\" content=\"article\" \/>\n<meta property=\"og:title\" content=\"Drame \u00e0 Kairouan : Une \u00e9l\u00e8ve de 17 ans met fin \u00e0 ses jours - Kapitalis\" \/>\n<meta property=\"og:description\" content=\"Une \u00e9l\u00e8ve de 17 ans s&#039;est suicid\u00e9e hier, au domicile familial \u00e0 Kairouan. Selon les premiers \u00e9l\u00e9ments, l&#039;adolescente aurait mis fin \u00e0 ses jours \u00e0 cause des moqueries de ses camarades de classe\u2026\" \/>\n<meta property=\"og:url\" content=\"https:\/\/kapitalis.com\/tunisie\/2022\/10\/24\/drame-a-kairouan-une-eleve-de-17-ans-met-fin-a-ses-jours\/\" \/>\n<meta property=\"og:site_name\" content=\"Kapitalis\" \/>\n<meta property=\"article:publisher\" content=\"https:\/\/www.facebook.com\/KapitalisInfo\/\" \/>\n<meta property=\"article:published_time\" content=\"2022-10-24T21:29:57+00:00\" \/>\n<meta property=\"article:modified_time\" content=\"2022-10-24T21:32:31+00:00\" \/>\n<meta property=\"og:image\" content=\"https:\/\/kapitalis.com\/tunisie\/wp-content\/uploads\/2022\/10\/eleve-suicide.jpg\" \/>\n\t<meta property=\"og:image:width\" content=\"1200\" \/>\n\t<meta property=\"og:image:height\" content=\"630\" \/>\n\t<meta property=\"og:image:type\" content=\"image\/jpeg\" \/>\n<meta name=\"author\" content=\"Yusra NY\" \/>\n<meta name=\"twitter:card\" content=\"summary_large_image\" \/>\n<meta name=\"twitter:creator\" content=\"@KapitalisInfo\" \/>\n<meta name=\"twitter:site\" content=\"@KapitalisInfo\" \/>\n<meta name=\"twitter:label1\" content=\"\u00c9crit par\" \/>\n\t<meta name=\"twitter:data1\" content=\"Yusra NY\" \/>\n\t<meta name=\"twitter:label2\" content=\"Dur\u00e9e de lecture estim\u00e9e\" \/>\n\t<meta name=\"twitter:data2\" content=\"1 minute\" \/>\n<script type=\"application\/ld+json\" class=\"yoast-schema-graph\">{\"@context\":\"https:\/\/schema.org\",\"@graph\":[{\"@type\":\"Article\",\"@id\":\"https:\/\/kapitalis.com\/tunisie\/2022\/10\/24\/drame-a-kairouan-une-eleve-de-17-ans-met-fin-a-ses-jours\/#article\",\"isPartOf\":{\"@id\":\"https:\/\/kapitalis.com\/tunisie\/2022\/10\/24\/drame-a-kairouan-une-eleve-de-17-ans-met-fin-a-ses-jours\/\"},\"author\":{\"name\":\"Yusra NY\",\"@id\":\"https:\/\/kapitalis.com\/tunisie\/#\/schema\/person\/74bbde0154d49d790a92aaeac5bc01d5\"},\"headline\":\"Drame \u00e0 Kairouan : Une \u00e9l\u00e8ve de 17 ans met fin \u00e0 ses jours\",\"datePublished\":\"2022-10-24T21:29:57+00:00\",\"dateModified\":\"2022-10-24T21:32:31+00:00\",\"mainEntityOfPage\":{\"@id\":\"https:\/\/kapitalis.com\/tunisie\/2022\/10\/24\/drame-a-kairouan-une-eleve-de-17-ans-met-fin-a-ses-jours\/\"},\"wordCount\":196,\"commentCount\":1,\"publisher\":{\"@id\":\"https:\/\/kapitalis.com\/tunisie\/#organization\"},\"image\":{\"@id\":\"https:\/\/kapitalis.com\/tunisie\/2022\/10\/24\/drame-a-kairouan-une-eleve-de-17-ans-met-fin-a-ses-jours\/#primaryimage\"},\"thumbnailUrl\":\"https:\/\/kapitalis.com\/tunisie\/wp-content\/uploads\/2022\/10\/eleve-suicide.jpg\",\"keywords\":[\"d\u00e9c\u00e8s\",\"\u00e9l\u00e8ve\",\"harc\u00e8lement scolaire\",\"Kairouan\",\"suicide\",\"Tunisie\"],\"articleSection\":[\"SOCIETE\",\"Tunisie\"],\"inLanguage\":\"fr-FR\",\"potentialAction\":[{\"@type\":\"CommentAction\",\"name\":\"Comment\",\"target\":[\"https:\/\/kapitalis.com\/tunisie\/2022\/10\/24\/drame-a-kairouan-une-eleve-de-17-ans-met-fin-a-ses-jours\/#respond\"]}]},{\"@type\":\"WebPage\",\"@id\":\"https:\/\/kapitalis.com\/tunisie\/2022\/10\/24\/drame-a-kairouan-une-eleve-de-17-ans-met-fin-a-ses-jours\/\",\"url\":\"https:\/\/kapitalis.com\/tunisie\/2022\/10\/24\/drame-a-kairouan-une-eleve-de-17-ans-met-fin-a-ses-jours\/\",\"name\":\"Drame \u00e0 Kairouan : Une \u00e9l\u00e8ve de 17 ans met fin \u00e0 ses jours - Kapitalis\",\"isPartOf\":{\"@id\":\"https:\/\/kapitalis.com\/tunisie\/#website\"},\"primaryImageOfPage\":{\"@id\":\"https:\/\/kapitalis.com\/tunisie\/2022\/10\/24\/drame-a-kairouan-une-eleve-de-17-ans-met-fin-a-ses-jours\/#primaryimage\"},\"image\":{\"@id\":\"https:\/\/kapitalis.com\/tunisie\/2022\/10\/24\/drame-a-kairouan-une-eleve-de-17-ans-met-fin-a-ses-jours\/#primaryimage\"},\"thumbnailUrl\":\"https:\/\/kapitalis.com\/tunisie\/wp-content\/uploads\/2022\/10\/eleve-suicide.jpg\",\"datePublished\":\"2022-10-24T21:29:57+00:00\",\"dateModified\":\"2022-10-24T21:32:31+00:00\",\"description\":\"Une \u00e9l\u00e8ve de 17 ans s'est suicid\u00e9e hier, au domicile familial \u00e0 Kairouan. Selon les premiers \u00e9l\u00e9ments, l'adolescente aurait mis fin \u00e0 ses jours \u00e0 cause des moqueries de ses camarades de classe\u2026\",\"breadcrumb\":{\"@id\":\"https:\/\/kapitalis.com\/tunisie\/2022\/10\/24\/drame-a-kairouan-une-eleve-de-17-ans-met-fin-a-ses-jours\/#breadcrumb\"},\"inLanguage\":\"fr-FR\",\"potentialAction\":[{\"@type\":\"ReadAction\",\"target\":[\"https:\/\/kapitalis.com\/tunisie\/2022\/10\/24\/drame-a-kairouan-une-eleve-de-17-ans-met-fin-a-ses-jours\/\"]}]},{\"@type\":\"ImageObject\",\"inLanguage\":\"fr-FR\",\"@id\":\"https:\/\/kapitalis.com\/tunisie\/2022\/10\/24\/drame-a-kairouan-une-eleve-de-17-ans-met-fin-a-ses-jours\/#primaryimage\",\"url\":\"https:\/\/kapitalis.com\/tunisie\/wp-content\/uploads\/2022\/10\/eleve-suicide.jpg\",\"contentUrl\":\"https:\/\/kapitalis.com\/tunisie\/wp-content\/uploads\/2022\/10\/eleve-suicide.jpg\",\"width\":1200,\"height\":630},{\"@type\":\"BreadcrumbList\",\"@id\":\"https:\/\/kapitalis.com\/tunisie\/2022\/10\/24\/drame-a-kairouan-une-eleve-de-17-ans-met-fin-a-ses-jours\/#breadcrumb\",\"itemListElement\":[{\"@type\":\"ListItem\",\"position\":1,\"name\":\"Accueil\",\"item\":\"https:\/\/kapitalis.com\/tunisie\/\"},{\"@type\":\"ListItem\",\"position\":2,\"name\":\"Drame \u00e0 Kairouan : Une \u00e9l\u00e8ve de 17 ans met fin \u00e0 ses jours\"}]},{\"@type\":\"WebSite\",\"@id\":\"https:\/\/kapitalis.com\/tunisie\/#website\",\"url\":\"https:\/\/kapitalis.com\/tunisie\/\",\"name\":\"Kapitalis\",\"description\":\"L&#039;actualit\u00e9 en Tunisie et dans le monde\",\"publisher\":{\"@id\":\"https:\/\/kapitalis.com\/tunisie\/#organization\"},\"potentialAction\":[{\"@type\":\"SearchAction\",\"target\":{\"@type\":\"EntryPoint\",\"urlTemplate\":\"https:\/\/kapitalis.com\/tunisie\/?s={search_term_string}\"},\"query-input\":{\"@type\":\"PropertyValueSpecification\",\"valueRequired\":true,\"valueName\":\"search_term_string\"}}],\"inLanguage\":\"fr-FR\"},{\"@type\":\"Organization\",\"@id\":\"https:\/\/kapitalis.com\/tunisie\/#organization\",\"name\":\"Kapitalis\",\"url\":\"https:\/\/kapitalis.com\/tunisie\/\",\"logo\":{\"@type\":\"ImageObject\",\"inLanguage\":\"fr-FR\",\"@id\":\"https:\/\/kapitalis.com\/tunisie\/#\/schema\/logo\/image\/\",\"url\":\"https:\/\/kapitalis.com\/tunisie\/wp-content\/uploads\/2022\/05\/Kapitalis-big-size.png\",\"contentUrl\":\"https:\/\/kapitalis.com\/tunisie\/wp-content\/uploads\/2022\/05\/Kapitalis-big-size.png\",\"width\":5000,\"height\":1500,\"caption\":\"Kapitalis\"},\"image\":{\"@id\":\"https:\/\/kapitalis.com\/tunisie\/#\/schema\/logo\/image\/\"},\"sameAs\":[\"https:\/\/www.facebook.com\/KapitalisInfo\/\",\"https:\/\/x.com\/KapitalisInfo\",\"https:\/\/www.youtube.com\/channel\/UC-yDYrHyfFBWWZaOw3FPg9Q\"]},{\"@type\":\"Person\",\"@id\":\"https:\/\/kapitalis.com\/tunisie\/#\/schema\/person\/74bbde0154d49d790a92aaeac5bc01d5\",\"name\":\"Yusra NY\",\"url\":\"https:\/\/kapitalis.com\/tunisie\/author\/yuza_adam\/\"}]}<\/script>\n<!-- \/ Yoast SEO plugin. -->","yoast_head_json":{"title":"Drame \u00e0 Kairouan : Une \u00e9l\u00e8ve de 17 ans met fin \u00e0 ses jours - Kapitalis","description":"Une \u00e9l\u00e8ve de 17 ans s'est suicid\u00e9e hier, au domicile familial \u00e0 Kairouan. Selon les premiers \u00e9l\u00e9ments, l'adolescente aurait mis fin \u00e0 ses jours \u00e0 cause des moqueries de ses camarades de classe\u2026","robots":{"index":"index","follow":"follow","max-snippet":"max-snippet:-1","max-image-preview":"max-image-preview:large","max-video-preview":"max-video-preview:-1"},"canonical":"https:\/\/kapitalis.com\/tunisie\/2022\/10\/24\/drame-a-kairouan-une-eleve-de-17-ans-met-fin-a-ses-jours\/","og_locale":"fr_FR","og_type":"article","og_title":"Drame \u00e0 Kairouan : Une \u00e9l\u00e8ve de 17 ans met fin \u00e0 ses jours - Kapitalis","og_description":"Une \u00e9l\u00e8ve de 17 ans s'est suicid\u00e9e hier, au domicile familial \u00e0 Kairouan. Selon les premiers \u00e9l\u00e9ments, l'adolescente aurait mis fin \u00e0 ses jours \u00e0 cause des moqueries de ses camarades de classe\u2026","og_url":"https:\/\/kapitalis.com\/tunisie\/2022\/10\/24\/drame-a-kairouan-une-eleve-de-17-ans-met-fin-a-ses-jours\/","og_site_name":"Kapitalis","article_publisher":"https:\/\/www.facebook.com\/KapitalisInfo\/","article_published_time":"2022-10-24T21:29:57+00:00","article_modified_time":"2022-10-24T21:32:31+00:00","og_image":[{"width":1200,"height":630,"url":"https:\/\/kapitalis.com\/tunisie\/wp-content\/uploads\/2022\/10\/eleve-suicide.jpg","type":"image\/jpeg"}],"author":"Yusra NY","twitter_card":"summary_large_image","twitter_creator":"@KapitalisInfo","twitter_site":"@KapitalisInfo","twitter_misc":{"\u00c9crit par":"Yusra NY","Dur\u00e9e de lecture estim\u00e9e":"1 minute"},"schema":{"@context":"https:\/\/schema.org","@graph":[{"@type":"Article","@id":"https:\/\/kapitalis.com\/tunisie\/2022\/10\/24\/drame-a-kairouan-une-eleve-de-17-ans-met-fin-a-ses-jours\/#article","isPartOf":{"@id":"https:\/\/kapitalis.com\/tunisie\/2022\/10\/24\/drame-a-kairouan-une-eleve-de-17-ans-met-fin-a-ses-jours\/"},"author":{"name":"Yusra NY","@id":"https:\/\/kapitalis.com\/tunisie\/#\/schema\/person\/74bbde0154d49d790a92aaeac5bc01d5"},"headline":"Drame \u00e0 Kairouan : Une \u00e9l\u00e8ve de 17 ans met fin \u00e0 ses jours","datePublished":"2022-10-24T21:29:57+00:00","dateModified":"2022-10-24T21:32:31+00:00","mainEntityOfPage":{"@id":"https:\/\/kapitalis.com\/tunisie\/2022\/10\/24\/drame-a-kairouan-une-eleve-de-17-ans-met-fin-a-ses-jours\/"},"wordCount":196,"commentCount":1,"publisher":{"@id":"https:\/\/kapitalis.com\/tunisie\/#organization"},"image":{"@id":"https:\/\/kapitalis.com\/tunisie\/2022\/10\/24\/drame-a-kairouan-une-eleve-de-17-ans-met-fin-a-ses-jours\/#primaryimage"},"thumbnailUrl":"https:\/\/kapitalis.com\/tunisie\/wp-content\/uploads\/2022\/10\/eleve-suicide.jpg","keywords":["d\u00e9c\u00e8s","\u00e9l\u00e8ve","harc\u00e8lement scolaire","Kairouan","suicide","Tunisie"],"articleSection":["SOCIETE","Tunisie"],"inLanguage":"fr-FR","potentialAction":[{"@type":"CommentAction","name":"Comment","target":["https:\/\/kapitalis.com\/tunisie\/2022\/10\/24\/drame-a-kairouan-une-eleve-de-17-ans-met-fin-a-ses-jours\/#respond"]}]},{"@type":"WebPage","@id":"https:\/\/kapitalis.com\/tunisie\/2022\/10\/24\/drame-a-kairouan-une-eleve-de-17-ans-met-fin-a-ses-jours\/","url":"https:\/\/kapitalis.com\/tunisie\/2022\/10\/24\/drame-a-kairouan-une-eleve-de-17-ans-met-fin-a-ses-jours\/","name":"Drame \u00e0 Kairouan : Une \u00e9l\u00e8ve de 17 ans met fin \u00e0 ses jours - Kapitalis","isPartOf":{"@id":"https:\/\/kapitalis.com\/tunisie\/#website"},"primaryImageOfPage":{"@id":"https:\/\/kapitalis.com\/tunisie\/2022\/10\/24\/drame-a-kairouan-une-eleve-de-17-ans-met-fin-a-ses-jours\/#primaryimage"},"image":{"@id":"https:\/\/kapitalis.com\/tunisie\/2022\/10\/24\/drame-a-kairouan-une-eleve-de-17-ans-met-fin-a-ses-jours\/#primaryimage"},"thumbnailUrl":"https:\/\/kapitalis.com\/tunisie\/wp-content\/uploads\/2022\/10\/eleve-suicide.jpg","datePublished":"2022-10-24T21:29:57+00:00","dateModified":"2022-10-24T21:32:31+00:00","description":"Une \u00e9l\u00e8ve de 17 ans s'est suicid\u00e9e hier, au domicile familial \u00e0 Kairouan. Selon les premiers \u00e9l\u00e9ments, l'adolescente aurait mis fin \u00e0 ses jours \u00e0 cause des moqueries de ses camarades de classe\u2026","breadcrumb":{"@id":"https:\/\/kapitalis.com\/tunisie\/2022\/10\/24\/drame-a-kairouan-une-eleve-de-17-ans-met-fin-a-ses-jours\/#breadcrumb"},"inLanguage":"fr-FR","potentialAction":[{"@type":"ReadAction","target":["https:\/\/kapitalis.com\/tunisie\/2022\/10\/24\/drame-a-kairouan-une-eleve-de-17-ans-met-fin-a-ses-jours\/"]}]},{"@type":"ImageObject","inLanguage":"fr-FR","@id":"https:\/\/kapitalis.com\/tunisie\/2022\/10\/24\/drame-a-kairouan-une-eleve-de-17-ans-met-fin-a-ses-jours\/#primaryimage","url":"https:\/\/kapitalis.com\/tunisie\/wp-content\/uploads\/2022\/10\/eleve-suicide.jpg","contentUrl":"https:\/\/kapitalis.com\/tunisie\/wp-content\/uploads\/2022\/10\/eleve-suicide.jpg","width":1200,"height":630},{"@type":"BreadcrumbList","@id":"https:\/\/kapitalis.com\/tunisie\/2022\/10\/24\/drame-a-kairouan-une-eleve-de-17-ans-met-fin-a-ses-jours\/#breadcrumb","itemListElement":[{"@type":"ListItem","position":1,"name":"Accueil","item":"https:\/\/kapitalis.com\/tunisie\/"},{"@type":"ListItem","position":2,"name":"Drame \u00e0 Kairouan : Une \u00e9l\u00e8ve de 17 ans met fin \u00e0 ses jours"}]},{"@type":"WebSite","@id":"https:\/\/kapitalis.com\/tunisie\/#website","url":"https:\/\/kapitalis.com\/tunisie\/","name":"Kapitalis","description":"L&#039;actualit\u00e9 en Tunisie et dans le monde","publisher":{"@id":"https:\/\/kapitalis.com\/tunisie\/#organization"},"potentialAction":[{"@type":"SearchAction","target":{"@type":"EntryPoint","urlTemplate":"https:\/\/kapitalis.com\/tunisie\/?s={search_term_string}"},"query-input":{"@type":"PropertyValueSpecification","valueRequired":true,"valueName":"search_term_string"}}],"inLanguage":"fr-FR"},{"@type":"Organization","@id":"https:\/\/kapitalis.com\/tunisie\/#organization","name":"Kapitalis","url":"https:\/\/kapitalis.com\/tunisie\/","logo":{"@type":"ImageObject","inLanguage":"fr-FR","@id":"https:\/\/kapitalis.com\/tunisie\/#\/schema\/logo\/image\/","url":"https:\/\/kapitalis.com\/tunisie\/wp-content\/uploads\/2022\/05\/Kapitalis-big-size.png","contentUrl":"https:\/\/kapitalis.com\/tunisie\/wp-content\/uploads\/2022\/05\/Kapitalis-big-size.png","width":5000,"height":1500,"caption":"Kapitalis"},"image":{"@id":"https:\/\/kapitalis.com\/tunisie\/#\/schema\/logo\/image\/"},"sameAs":["https:\/\/www.facebook.com\/KapitalisInfo\/","https:\/\/x.com\/KapitalisInfo","https:\/\/www.youtube.com\/channel\/UC-yDYrHyfFBWWZaOw3FPg9Q"]},{"@type":"Person","@id":"https:\/\/kapitalis.com\/tunisie\/#\/schema\/person\/74bbde0154d49d790a92aaeac5bc01d5","name":"Yusra NY","url":"https:\/\/kapitalis.com\/tunisie\/author\/yuza_adam\/"}]}},"_links":{"self":[{"href":"https:\/\/kapitalis.com\/tunisie\/wp-json\/wp\/v2\/posts\/4628788","targetHints":{"allow":["GET"]}}],"collection":[{"href":"https:\/\/kapitalis.com\/tunisie\/wp-json\/wp\/v2\/posts"}],"about":[{"href":"https:\/\/kapitalis.com\/tunisie\/wp-json\/wp\/v2\/types\/post"}],"author":[{"embeddable":true,"href":"https:\/\/kapitalis.com\/tunisie\/wp-json\/wp\/v2\/users\/6"}],"replies":[{"embeddable":true,"href":"https:\/\/kapitalis.com\/tunisie\/wp-json\/wp\/v2\/comments?post=4628788"}],"version-history":[{"count":0,"href":"https:\/\/kapitalis.com\/tunisie\/wp-json\/wp\/v2\/posts\/4628788\/revisions"}],"wp:featuredmedia":[{"embeddable":true,"href":"https:\/\/kapitalis.com\/tunisie\/wp-json\/wp\/v2\/media\/4628837"}],"wp:attachment":[{"href":"https:\/\/kapitalis.com\/tunisie\/wp-json\/wp\/v2\/media?parent=4628788"}],"wp:term":[{"taxonomy":"category","embeddable":true,"href":"https:\/\/kapitalis.com\/tunisie\/wp-json\/wp\/v2\/categories?post=4628788"},{"taxonomy":"post_tag","embeddable":true,"href":"https:\/\/kapitalis.com\/tunisie\/wp-json\/wp\/v2\/tags?post=4628788"}],"curies":[{"name":"wp","href":"https:\/\/api.w.org\/{rel}","templated":true}]}}