{"id":4632551,"date":"2022-10-25T11:05:27","date_gmt":"2022-10-25T10:05:27","guid":{"rendered":"https:\/\/kapitalis.com\/tunisie\/?p=4632551"},"modified":"2022-10-25T11:05:28","modified_gmt":"2022-10-25T10:05:28","slug":"tunis-incarcere-pour-vol-il-tente-de-couper-la-jambe-de-son-denonciateur","status":"publish","type":"post","link":"https:\/\/kapitalis.com\/tunisie\/2022\/10\/25\/tunis-incarcere-pour-vol-il-tente-de-couper-la-jambe-de-son-denonciateur\/","title":{"rendered":"Tunis\u00a0: incarc\u00e9r\u00e9 pour vol, il tente de couper la jambe de son d\u00e9nonciateur"},"content":{"rendered":"\n<p><em><strong>La chambre criminelle du tribunal de premi\u00e8re instance de Tunis a condamn\u00e9 \u00e0 20 ans de prison un jeune homme accus\u00e9 d\u2019avoir tent\u00e9 de couper la jambe de son ami avec un couteau et de l\u2019avoir agress\u00e9 dans d\u2019autres parties de son corps pour se venger d\u2019une d\u00e9nonciation qui lui a co\u00fbt\u00e9 une incarc\u00e9ration pour vol.<\/strong><\/em><\/p>\n\n\n\n<!--more-->\n\n\n\n<p>Selon les pi\u00e8ces du dossier, les faits se sont d\u00e9roul\u00e9s en mars 2022 au centre-ville de Tunis. L\u2019accus\u00e9, \u00e2g\u00e9 d&rsquo;une vingtaine d&rsquo;ann\u00e9es, a \u00e9t\u00e9 condamn\u00e9 \u00e0 la prison pour vol dans un magasin. Il apprit ensuite que l\u2019un de ses amis \u00e9tait son d\u00e9nonciateur aupr\u00e8s de la victime du vol et d\u00e9cida de se venger de lui.<\/p>\n\n\n\n<p>Selon les proc\u00e8s verbaux de l\u2019audition, l\u2019accus\u00e9 a appel\u00e9 son ami d\u00e8s sa sortie de prison et demand\u00e9 de le rencontrer. Il l\u2019a ensuite emmen\u00e9 de force dans un entrep\u00f4t d\u00e9saffect\u00e9 et lui a ass\u00e9n\u00e9 plusieurs coups de couteau \u00e0 la jambe. Et il a continu\u00e9 \u00e0 le poignarder dans diff\u00e9rentes parties de son corps, ce qui a n\u00e9cessit\u00e9 son hospitalisation pendant plus de trois semaines, au terme desquelles il a perdu totalement l\u2019usage de sa jambe bless\u00e9e.<\/p>\n\n\n\n<p class=\"has-text-align-right\"><strong>I. B.<\/strong><\/p>\n","protected":false},"excerpt":{"rendered":"<p>Condamn\u00e9 \u00e0 20 ans de prison pour avoir tent\u00e9 de couper la jambe de son ami avec un couteau et de l\u2019avoir agress\u00e9 dans d\u2019autres parties de son corps pour se venger d\u2019une d\u00e9nonciation.<\/p>\n","protected":false},"author":8,"featured_media":4632618,"comment_status":"open","ping_status":"open","sticky":false,"template":"","format":"standard","meta":{"footnotes":""},"categories":[998,2433],"tags":[64491,960],"class_list":["post-4632551","post","type-post","status-publish","format-standard","has-post-thumbnail","hentry","category-societe","category-tunisie","tag-tunis","tag-vol"],"yoast_head":"<!-- This site is optimized with the Yoast SEO plugin v26.6 - https:\/\/yoast.com\/wordpress\/plugins\/seo\/ -->\n<title>Tunis\u00a0: incarc\u00e9r\u00e9 pour vol, il tente de couper la jambe de son d\u00e9nonciateur - Kapitalis<\/title>\n<meta name=\"robots\" content=\"index, follow, max-snippet:-1, max-image-preview:large, max-video-preview:-1\" \/>\n<link rel=\"canonical\" href=\"https:\/\/kapitalis.com\/tunisie\/2022\/10\/25\/tunis-incarcere-pour-vol-il-tente-de-couper-la-jambe-de-son-denonciateur\/\" \/>\n<meta property=\"og:locale\" content=\"fr_FR\" \/>\n<meta property=\"og:type\" content=\"article\" \/>\n<meta property=\"og:title\" content=\"Tunis\u00a0: incarc\u00e9r\u00e9 pour vol, il tente de couper la jambe de son d\u00e9nonciateur - Kapitalis\" \/>\n<meta property=\"og:description\" content=\"Condamn\u00e9 \u00e0 20 ans de prison pour avoir tent\u00e9 de couper la jambe de son ami avec un couteau et de l\u2019avoir agress\u00e9 dans d\u2019autres parties de son corps pour se venger d\u2019une d\u00e9nonciation.\" \/>\n<meta property=\"og:url\" content=\"https:\/\/kapitalis.com\/tunisie\/2022\/10\/25\/tunis-incarcere-pour-vol-il-tente-de-couper-la-jambe-de-son-denonciateur\/\" \/>\n<meta property=\"og:site_name\" content=\"Kapitalis\" \/>\n<meta property=\"article:publisher\" content=\"https:\/\/www.facebook.com\/KapitalisInfo\/\" \/>\n<meta property=\"article:published_time\" content=\"2022-10-25T10:05:27+00:00\" \/>\n<meta property=\"article:modified_time\" content=\"2022-10-25T10:05:28+00:00\" \/>\n<meta property=\"og:image\" content=\"https:\/\/kapitalis.com\/tunisie\/wp-content\/uploads\/2022\/10\/Arrestation.jpg\" \/>\n\t<meta property=\"og:image:width\" content=\"1200\" \/>\n\t<meta property=\"og:image:height\" content=\"630\" \/>\n\t<meta property=\"og:image:type\" content=\"image\/jpeg\" \/>\n<meta name=\"author\" content=\"webmaster kapitalis\" \/>\n<meta name=\"twitter:card\" content=\"summary_large_image\" \/>\n<meta name=\"twitter:creator\" content=\"@KapitalisInfo\" \/>\n<meta name=\"twitter:site\" content=\"@KapitalisInfo\" \/>\n<meta name=\"twitter:label1\" content=\"\u00c9crit par\" \/>\n\t<meta name=\"twitter:data1\" content=\"webmaster kapitalis\" \/>\n\t<meta name=\"twitter:label2\" content=\"Dur\u00e9e de lecture estim\u00e9e\" \/>\n\t<meta name=\"twitter:data2\" content=\"1 minute\" \/>\n<script type=\"application\/ld+json\" class=\"yoast-schema-graph\">{\"@context\":\"https:\/\/schema.org\",\"@graph\":[{\"@type\":\"Article\",\"@id\":\"https:\/\/kapitalis.com\/tunisie\/2022\/10\/25\/tunis-incarcere-pour-vol-il-tente-de-couper-la-jambe-de-son-denonciateur\/#article\",\"isPartOf\":{\"@id\":\"https:\/\/kapitalis.com\/tunisie\/2022\/10\/25\/tunis-incarcere-pour-vol-il-tente-de-couper-la-jambe-de-son-denonciateur\/\"},\"author\":{\"name\":\"webmaster kapitalis\",\"@id\":\"https:\/\/kapitalis.com\/tunisie\/#\/schema\/person\/d71f33a9ca44f7bad4698210b480c8e9\"},\"headline\":\"Tunis\u00a0: incarc\u00e9r\u00e9 pour vol, il tente de couper la jambe de son d\u00e9nonciateur\",\"datePublished\":\"2022-10-25T10:05:27+00:00\",\"dateModified\":\"2022-10-25T10:05:28+00:00\",\"mainEntityOfPage\":{\"@id\":\"https:\/\/kapitalis.com\/tunisie\/2022\/10\/25\/tunis-incarcere-pour-vol-il-tente-de-couper-la-jambe-de-son-denonciateur\/\"},\"wordCount\":231,\"commentCount\":1,\"publisher\":{\"@id\":\"https:\/\/kapitalis.com\/tunisie\/#organization\"},\"image\":{\"@id\":\"https:\/\/kapitalis.com\/tunisie\/2022\/10\/25\/tunis-incarcere-pour-vol-il-tente-de-couper-la-jambe-de-son-denonciateur\/#primaryimage\"},\"thumbnailUrl\":\"https:\/\/kapitalis.com\/tunisie\/wp-content\/uploads\/2022\/10\/Arrestation.jpg\",\"keywords\":[\"Tunis\",\"vol\"],\"articleSection\":[\"SOCIETE\",\"Tunisie\"],\"inLanguage\":\"fr-FR\",\"potentialAction\":[{\"@type\":\"CommentAction\",\"name\":\"Comment\",\"target\":[\"https:\/\/kapitalis.com\/tunisie\/2022\/10\/25\/tunis-incarcere-pour-vol-il-tente-de-couper-la-jambe-de-son-denonciateur\/#respond\"]}]},{\"@type\":\"WebPage\",\"@id\":\"https:\/\/kapitalis.com\/tunisie\/2022\/10\/25\/tunis-incarcere-pour-vol-il-tente-de-couper-la-jambe-de-son-denonciateur\/\",\"url\":\"https:\/\/kapitalis.com\/tunisie\/2022\/10\/25\/tunis-incarcere-pour-vol-il-tente-de-couper-la-jambe-de-son-denonciateur\/\",\"name\":\"Tunis\u00a0: incarc\u00e9r\u00e9 pour vol, il tente de couper la jambe de son d\u00e9nonciateur - Kapitalis\",\"isPartOf\":{\"@id\":\"https:\/\/kapitalis.com\/tunisie\/#website\"},\"primaryImageOfPage\":{\"@id\":\"https:\/\/kapitalis.com\/tunisie\/2022\/10\/25\/tunis-incarcere-pour-vol-il-tente-de-couper-la-jambe-de-son-denonciateur\/#primaryimage\"},\"image\":{\"@id\":\"https:\/\/kapitalis.com\/tunisie\/2022\/10\/25\/tunis-incarcere-pour-vol-il-tente-de-couper-la-jambe-de-son-denonciateur\/#primaryimage\"},\"thumbnailUrl\":\"https:\/\/kapitalis.com\/tunisie\/wp-content\/uploads\/2022\/10\/Arrestation.jpg\",\"datePublished\":\"2022-10-25T10:05:27+00:00\",\"dateModified\":\"2022-10-25T10:05:28+00:00\",\"breadcrumb\":{\"@id\":\"https:\/\/kapitalis.com\/tunisie\/2022\/10\/25\/tunis-incarcere-pour-vol-il-tente-de-couper-la-jambe-de-son-denonciateur\/#breadcrumb\"},\"inLanguage\":\"fr-FR\",\"potentialAction\":[{\"@type\":\"ReadAction\",\"target\":[\"https:\/\/kapitalis.com\/tunisie\/2022\/10\/25\/tunis-incarcere-pour-vol-il-tente-de-couper-la-jambe-de-son-denonciateur\/\"]}]},{\"@type\":\"ImageObject\",\"inLanguage\":\"fr-FR\",\"@id\":\"https:\/\/kapitalis.com\/tunisie\/2022\/10\/25\/tunis-incarcere-pour-vol-il-tente-de-couper-la-jambe-de-son-denonciateur\/#primaryimage\",\"url\":\"https:\/\/kapitalis.com\/tunisie\/wp-content\/uploads\/2022\/10\/Arrestation.jpg\",\"contentUrl\":\"https:\/\/kapitalis.com\/tunisie\/wp-content\/uploads\/2022\/10\/Arrestation.jpg\",\"width\":1200,\"height\":630},{\"@type\":\"BreadcrumbList\",\"@id\":\"https:\/\/kapitalis.com\/tunisie\/2022\/10\/25\/tunis-incarcere-pour-vol-il-tente-de-couper-la-jambe-de-son-denonciateur\/#breadcrumb\",\"itemListElement\":[{\"@type\":\"ListItem\",\"position\":1,\"name\":\"Accueil\",\"item\":\"https:\/\/kapitalis.com\/tunisie\/\"},{\"@type\":\"ListItem\",\"position\":2,\"name\":\"Tunis\u00a0: incarc\u00e9r\u00e9 pour vol, il tente de couper la jambe de son d\u00e9nonciateur\"}]},{\"@type\":\"WebSite\",\"@id\":\"https:\/\/kapitalis.com\/tunisie\/#website\",\"url\":\"https:\/\/kapitalis.com\/tunisie\/\",\"name\":\"Kapitalis\",\"description\":\"L&#039;actualit\u00e9 en Tunisie et dans le monde\",\"publisher\":{\"@id\":\"https:\/\/kapitalis.com\/tunisie\/#organization\"},\"potentialAction\":[{\"@type\":\"SearchAction\",\"target\":{\"@type\":\"EntryPoint\",\"urlTemplate\":\"https:\/\/kapitalis.com\/tunisie\/?s={search_term_string}\"},\"query-input\":{\"@type\":\"PropertyValueSpecification\",\"valueRequired\":true,\"valueName\":\"search_term_string\"}}],\"inLanguage\":\"fr-FR\"},{\"@type\":\"Organization\",\"@id\":\"https:\/\/kapitalis.com\/tunisie\/#organization\",\"name\":\"Kapitalis\",\"url\":\"https:\/\/kapitalis.com\/tunisie\/\",\"logo\":{\"@type\":\"ImageObject\",\"inLanguage\":\"fr-FR\",\"@id\":\"https:\/\/kapitalis.com\/tunisie\/#\/schema\/logo\/image\/\",\"url\":\"https:\/\/kapitalis.com\/tunisie\/wp-content\/uploads\/2022\/05\/Kapitalis-big-size.png\",\"contentUrl\":\"https:\/\/kapitalis.com\/tunisie\/wp-content\/uploads\/2022\/05\/Kapitalis-big-size.png\",\"width\":5000,\"height\":1500,\"caption\":\"Kapitalis\"},\"image\":{\"@id\":\"https:\/\/kapitalis.com\/tunisie\/#\/schema\/logo\/image\/\"},\"sameAs\":[\"https:\/\/www.facebook.com\/KapitalisInfo\/\",\"https:\/\/x.com\/KapitalisInfo\",\"https:\/\/www.youtube.com\/channel\/UC-yDYrHyfFBWWZaOw3FPg9Q\"]},{\"@type\":\"Person\",\"@id\":\"https:\/\/kapitalis.com\/tunisie\/#\/schema\/person\/d71f33a9ca44f7bad4698210b480c8e9\",\"name\":\"webmaster kapitalis\",\"url\":\"https:\/\/kapitalis.com\/tunisie\/author\/webmaster-kapitalis\/\"}]}<\/script>\n<!-- \/ Yoast SEO plugin. -->","yoast_head_json":{"title":"Tunis\u00a0: incarc\u00e9r\u00e9 pour vol, il tente de couper la jambe de son d\u00e9nonciateur - Kapitalis","robots":{"index":"index","follow":"follow","max-snippet":"max-snippet:-1","max-image-preview":"max-image-preview:large","max-video-preview":"max-video-preview:-1"},"canonical":"https:\/\/kapitalis.com\/tunisie\/2022\/10\/25\/tunis-incarcere-pour-vol-il-tente-de-couper-la-jambe-de-son-denonciateur\/","og_locale":"fr_FR","og_type":"article","og_title":"Tunis\u00a0: incarc\u00e9r\u00e9 pour vol, il tente de couper la jambe de son d\u00e9nonciateur - Kapitalis","og_description":"Condamn\u00e9 \u00e0 20 ans de prison pour avoir tent\u00e9 de couper la jambe de son ami avec un couteau et de l\u2019avoir agress\u00e9 dans d\u2019autres parties de son corps pour se venger d\u2019une d\u00e9nonciation.","og_url":"https:\/\/kapitalis.com\/tunisie\/2022\/10\/25\/tunis-incarcere-pour-vol-il-tente-de-couper-la-jambe-de-son-denonciateur\/","og_site_name":"Kapitalis","article_publisher":"https:\/\/www.facebook.com\/KapitalisInfo\/","article_published_time":"2022-10-25T10:05:27+00:00","article_modified_time":"2022-10-25T10:05:28+00:00","og_image":[{"width":1200,"height":630,"url":"https:\/\/kapitalis.com\/tunisie\/wp-content\/uploads\/2022\/10\/Arrestation.jpg","type":"image\/jpeg"}],"author":"webmaster kapitalis","twitter_card":"summary_large_image","twitter_creator":"@KapitalisInfo","twitter_site":"@KapitalisInfo","twitter_misc":{"\u00c9crit par":"webmaster kapitalis","Dur\u00e9e de lecture estim\u00e9e":"1 minute"},"schema":{"@context":"https:\/\/schema.org","@graph":[{"@type":"Article","@id":"https:\/\/kapitalis.com\/tunisie\/2022\/10\/25\/tunis-incarcere-pour-vol-il-tente-de-couper-la-jambe-de-son-denonciateur\/#article","isPartOf":{"@id":"https:\/\/kapitalis.com\/tunisie\/2022\/10\/25\/tunis-incarcere-pour-vol-il-tente-de-couper-la-jambe-de-son-denonciateur\/"},"author":{"name":"webmaster kapitalis","@id":"https:\/\/kapitalis.com\/tunisie\/#\/schema\/person\/d71f33a9ca44f7bad4698210b480c8e9"},"headline":"Tunis\u00a0: incarc\u00e9r\u00e9 pour vol, il tente de couper la jambe de son d\u00e9nonciateur","datePublished":"2022-10-25T10:05:27+00:00","dateModified":"2022-10-25T10:05:28+00:00","mainEntityOfPage":{"@id":"https:\/\/kapitalis.com\/tunisie\/2022\/10\/25\/tunis-incarcere-pour-vol-il-tente-de-couper-la-jambe-de-son-denonciateur\/"},"wordCount":231,"commentCount":1,"publisher":{"@id":"https:\/\/kapitalis.com\/tunisie\/#organization"},"image":{"@id":"https:\/\/kapitalis.com\/tunisie\/2022\/10\/25\/tunis-incarcere-pour-vol-il-tente-de-couper-la-jambe-de-son-denonciateur\/#primaryimage"},"thumbnailUrl":"https:\/\/kapitalis.com\/tunisie\/wp-content\/uploads\/2022\/10\/Arrestation.jpg","keywords":["Tunis","vol"],"articleSection":["SOCIETE","Tunisie"],"inLanguage":"fr-FR","potentialAction":[{"@type":"CommentAction","name":"Comment","target":["https:\/\/kapitalis.com\/tunisie\/2022\/10\/25\/tunis-incarcere-pour-vol-il-tente-de-couper-la-jambe-de-son-denonciateur\/#respond"]}]},{"@type":"WebPage","@id":"https:\/\/kapitalis.com\/tunisie\/2022\/10\/25\/tunis-incarcere-pour-vol-il-tente-de-couper-la-jambe-de-son-denonciateur\/","url":"https:\/\/kapitalis.com\/tunisie\/2022\/10\/25\/tunis-incarcere-pour-vol-il-tente-de-couper-la-jambe-de-son-denonciateur\/","name":"Tunis\u00a0: incarc\u00e9r\u00e9 pour vol, il tente de couper la jambe de son d\u00e9nonciateur - Kapitalis","isPartOf":{"@id":"https:\/\/kapitalis.com\/tunisie\/#website"},"primaryImageOfPage":{"@id":"https:\/\/kapitalis.com\/tunisie\/2022\/10\/25\/tunis-incarcere-pour-vol-il-tente-de-couper-la-jambe-de-son-denonciateur\/#primaryimage"},"image":{"@id":"https:\/\/kapitalis.com\/tunisie\/2022\/10\/25\/tunis-incarcere-pour-vol-il-tente-de-couper-la-jambe-de-son-denonciateur\/#primaryimage"},"thumbnailUrl":"https:\/\/kapitalis.com\/tunisie\/wp-content\/uploads\/2022\/10\/Arrestation.jpg","datePublished":"2022-10-25T10:05:27+00:00","dateModified":"2022-10-25T10:05:28+00:00","breadcrumb":{"@id":"https:\/\/kapitalis.com\/tunisie\/2022\/10\/25\/tunis-incarcere-pour-vol-il-tente-de-couper-la-jambe-de-son-denonciateur\/#breadcrumb"},"inLanguage":"fr-FR","potentialAction":[{"@type":"ReadAction","target":["https:\/\/kapitalis.com\/tunisie\/2022\/10\/25\/tunis-incarcere-pour-vol-il-tente-de-couper-la-jambe-de-son-denonciateur\/"]}]},{"@type":"ImageObject","inLanguage":"fr-FR","@id":"https:\/\/kapitalis.com\/tunisie\/2022\/10\/25\/tunis-incarcere-pour-vol-il-tente-de-couper-la-jambe-de-son-denonciateur\/#primaryimage","url":"https:\/\/kapitalis.com\/tunisie\/wp-content\/uploads\/2022\/10\/Arrestation.jpg","contentUrl":"https:\/\/kapitalis.com\/tunisie\/wp-content\/uploads\/2022\/10\/Arrestation.jpg","width":1200,"height":630},{"@type":"BreadcrumbList","@id":"https:\/\/kapitalis.com\/tunisie\/2022\/10\/25\/tunis-incarcere-pour-vol-il-tente-de-couper-la-jambe-de-son-denonciateur\/#breadcrumb","itemListElement":[{"@type":"ListItem","position":1,"name":"Accueil","item":"https:\/\/kapitalis.com\/tunisie\/"},{"@type":"ListItem","position":2,"name":"Tunis\u00a0: incarc\u00e9r\u00e9 pour vol, il tente de couper la jambe de son d\u00e9nonciateur"}]},{"@type":"WebSite","@id":"https:\/\/kapitalis.com\/tunisie\/#website","url":"https:\/\/kapitalis.com\/tunisie\/","name":"Kapitalis","description":"L&#039;actualit\u00e9 en Tunisie et dans le monde","publisher":{"@id":"https:\/\/kapitalis.com\/tunisie\/#organization"},"potentialAction":[{"@type":"SearchAction","target":{"@type":"EntryPoint","urlTemplate":"https:\/\/kapitalis.com\/tunisie\/?s={search_term_string}"},"query-input":{"@type":"PropertyValueSpecification","valueRequired":true,"valueName":"search_term_string"}}],"inLanguage":"fr-FR"},{"@type":"Organization","@id":"https:\/\/kapitalis.com\/tunisie\/#organization","name":"Kapitalis","url":"https:\/\/kapitalis.com\/tunisie\/","logo":{"@type":"ImageObject","inLanguage":"fr-FR","@id":"https:\/\/kapitalis.com\/tunisie\/#\/schema\/logo\/image\/","url":"https:\/\/kapitalis.com\/tunisie\/wp-content\/uploads\/2022\/05\/Kapitalis-big-size.png","contentUrl":"https:\/\/kapitalis.com\/tunisie\/wp-content\/uploads\/2022\/05\/Kapitalis-big-size.png","width":5000,"height":1500,"caption":"Kapitalis"},"image":{"@id":"https:\/\/kapitalis.com\/tunisie\/#\/schema\/logo\/image\/"},"sameAs":["https:\/\/www.facebook.com\/KapitalisInfo\/","https:\/\/x.com\/KapitalisInfo","https:\/\/www.youtube.com\/channel\/UC-yDYrHyfFBWWZaOw3FPg9Q"]},{"@type":"Person","@id":"https:\/\/kapitalis.com\/tunisie\/#\/schema\/person\/d71f33a9ca44f7bad4698210b480c8e9","name":"webmaster kapitalis","url":"https:\/\/kapitalis.com\/tunisie\/author\/webmaster-kapitalis\/"}]}},"_links":{"self":[{"href":"https:\/\/kapitalis.com\/tunisie\/wp-json\/wp\/v2\/posts\/4632551","targetHints":{"allow":["GET"]}}],"collection":[{"href":"https:\/\/kapitalis.com\/tunisie\/wp-json\/wp\/v2\/posts"}],"about":[{"href":"https:\/\/kapitalis.com\/tunisie\/wp-json\/wp\/v2\/types\/post"}],"author":[{"embeddable":true,"href":"https:\/\/kapitalis.com\/tunisie\/wp-json\/wp\/v2\/users\/8"}],"replies":[{"embeddable":true,"href":"https:\/\/kapitalis.com\/tunisie\/wp-json\/wp\/v2\/comments?post=4632551"}],"version-history":[{"count":0,"href":"https:\/\/kapitalis.com\/tunisie\/wp-json\/wp\/v2\/posts\/4632551\/revisions"}],"wp:featuredmedia":[{"embeddable":true,"href":"https:\/\/kapitalis.com\/tunisie\/wp-json\/wp\/v2\/media\/4632618"}],"wp:attachment":[{"href":"https:\/\/kapitalis.com\/tunisie\/wp-json\/wp\/v2\/media?parent=4632551"}],"wp:term":[{"taxonomy":"category","embeddable":true,"href":"https:\/\/kapitalis.com\/tunisie\/wp-json\/wp\/v2\/categories?post=4632551"},{"taxonomy":"post_tag","embeddable":true,"href":"https:\/\/kapitalis.com\/tunisie\/wp-json\/wp\/v2\/tags?post=4632551"}],"curies":[{"name":"wp","href":"https:\/\/api.w.org\/{rel}","templated":true}]}}