{"id":4659724,"date":"2022-10-27T10:32:03","date_gmt":"2022-10-27T09:32:03","guid":{"rendered":"https:\/\/kapitalis.com\/tunisie\/?p=4659724"},"modified":"2022-10-27T10:32:05","modified_gmt":"2022-10-27T09:32:05","slug":"tunisie-demarrage-poussif-de-la-saison-agricole","status":"publish","type":"post","link":"https:\/\/kapitalis.com\/tunisie\/2022\/10\/27\/tunisie-demarrage-poussif-de-la-saison-agricole\/","title":{"rendered":"Tunisie\u00a0: d\u00e9marrage poussif de la saison agricole"},"content":{"rendered":"\n<p><strong><em>Alors que la hausse des prix des c\u00e9r\u00e9ales sur le march\u00e9 mondial et les difficult\u00e9s d\u2019approvisionnement provoqu\u00e9es par la guerre russo-ukrainienne font peser une menace de crise alimentaire dans le monde, la Tunisie, qui importe pr\u00e8s de 40% de ses besoins en bl\u00e9 tendre et orge, d\u00e9marre plut\u00f4t mal sa saison des grandes r\u00e9coltes.<\/em><\/strong><\/p>\n\n\n\n<!--more-->\n\n\n\n<p>En effet, et \u00e0 l\u2019or\u00e9e de la saison des semences, alors que les grandes pluies d\u2019automne se font attendre et que l\u2019on commence \u00e0 craindre une ann\u00e9e marqu\u00e9e par la s\u00e9cheresse, les agriculteurs dans diff\u00e9rentes r\u00e9gions du pays se plaignent du manque d\u2019engrais, les quantit\u00e9s qui leur ont \u00e9t\u00e9 fournies jusque-l\u00e0 atteignent \u00e0 peine 22% des besoins dans plusieurs r\u00e9gions.<\/p>\n\n\n\n<p>Par ailleurs, les semences, et notamment les vari\u00e9t\u00e9s les plus pris\u00e9es par les agriculteurs pour leurs qualit\u00e9s intrins\u00e8ques, en termes de rentabilit\u00e9 et de r\u00e9sistances aux al\u00e9as climatiques, ne sont pas elles non plus disponibles en quantit\u00e9s suffisantes pour garantir un bon d\u00e9marrage de la saison des grandes cultures. Ce qui, on l\u2019imagine, fait peser une menace sur la r\u00e9colte \u00e0 venir.<\/p>\n\n\n\n<p>Pour ne rien arranger, selon l\u2019Union tunisienne de l\u2019agriculture et de la p\u00eache (Utap), le probl\u00e8me de la \u00a0raret\u00e9 des semences sur le march\u00e9 et de la hausse de leurs prix ne concerne pas seulement les c\u00e9r\u00e9ales mais aussi d\u2019autres importantes cultures dont d\u00e9pend l\u2019alimentation des Tunisiens, comme les pommes de terre. Et pour cause\u00a0: la suppos\u00e9e <em>\u00abguerre contre la sp\u00e9culation\u00bb<\/em> men\u00e9e tambour battant et de mani\u00e8re anarchique par l\u2019administration publique contre les suppos\u00e9s sp\u00e9culateurs a oblig\u00e9 certains op\u00e9rateurs du secteur \u00e0 se d\u00e9barrasser de leurs stocks et \u00e0 vider leurs d\u00e9p\u00f4ts pour ne pas avoir \u00e0 subir des poursuites judiciaires sur la base de la fameuse <em>\u00abCirculaire n\u00b02 du 11 mars 2022, portant sur la lutte contre les crimes de monopole, la sp\u00e9culation des produits subventionn\u00e9s et de base, l&rsquo;augmentation des prix, le chevauchement des canaux de distribution, les crimes douaniers, les crimes de contrebande et autres, et l&rsquo;\u00e9limination appropri\u00e9e des produits confisqu\u00e9s\u00bb<\/em>. <\/p>\n\n\n\n<p class=\"has-text-align-right\"><strong>I. B.<\/strong><\/p>\n","protected":false},"excerpt":{"rendered":"<p>La Tunisie, qui importe pr\u00e8s de 40% de ses besoins en bl\u00e9 tendre et orge, d\u00e9marre plut\u00f4t mal sa saison des grandes r\u00e9coltes.<\/p>\n","protected":false},"author":8,"featured_media":4659832,"comment_status":"open","ping_status":"open","sticky":false,"template":"","format":"standard","meta":{"footnotes":""},"categories":[995,2433],"tags":[1204,1949,1203,98795,100961,1205,9092,8498,62643,3614],"class_list":["post-4659724","post","type-post","status-publish","format-standard","has-post-thumbnail","hentry","category-economie","category-tunisie","tag-ble","tag-ble-tendre","tag-cereales","tag-crise-alimentaire","tag-engrais","tag-orge","tag-pommes-de-terre","tag-semences","tag-tunisie","tag-utap"],"yoast_head":"<!-- This site is optimized with the Yoast SEO plugin v26.6 - https:\/\/yoast.com\/wordpress\/plugins\/seo\/ -->\n<title>Tunisie\u00a0: d\u00e9marrage poussif de la saison agricole - Kapitalis<\/title>\n<meta name=\"robots\" content=\"index, follow, max-snippet:-1, max-image-preview:large, max-video-preview:-1\" \/>\n<link rel=\"canonical\" href=\"https:\/\/kapitalis.com\/tunisie\/2022\/10\/27\/tunisie-demarrage-poussif-de-la-saison-agricole\/\" \/>\n<meta property=\"og:locale\" content=\"fr_FR\" \/>\n<meta property=\"og:type\" content=\"article\" \/>\n<meta property=\"og:title\" content=\"Tunisie\u00a0: d\u00e9marrage poussif de la saison agricole - Kapitalis\" \/>\n<meta property=\"og:description\" content=\"La Tunisie, qui importe pr\u00e8s de 40% de ses besoins en bl\u00e9 tendre et orge, d\u00e9marre plut\u00f4t mal sa saison des grandes r\u00e9coltes.\" \/>\n<meta property=\"og:url\" content=\"https:\/\/kapitalis.com\/tunisie\/2022\/10\/27\/tunisie-demarrage-poussif-de-la-saison-agricole\/\" \/>\n<meta property=\"og:site_name\" content=\"Kapitalis\" \/>\n<meta property=\"article:publisher\" content=\"https:\/\/www.facebook.com\/KapitalisInfo\/\" \/>\n<meta property=\"article:published_time\" content=\"2022-10-27T09:32:03+00:00\" \/>\n<meta property=\"article:modified_time\" content=\"2022-10-27T09:32:05+00:00\" \/>\n<meta property=\"og:image\" content=\"https:\/\/kapitalis.com\/tunisie\/wp-content\/uploads\/2022\/10\/Semences-de-pomme-de-terre.jpg\" \/>\n\t<meta property=\"og:image:width\" content=\"1200\" \/>\n\t<meta property=\"og:image:height\" content=\"630\" \/>\n\t<meta property=\"og:image:type\" content=\"image\/jpeg\" \/>\n<meta name=\"author\" content=\"webmaster kapitalis\" \/>\n<meta name=\"twitter:card\" content=\"summary_large_image\" \/>\n<meta name=\"twitter:creator\" content=\"@KapitalisInfo\" \/>\n<meta name=\"twitter:site\" content=\"@KapitalisInfo\" \/>\n<meta name=\"twitter:label1\" content=\"\u00c9crit par\" \/>\n\t<meta name=\"twitter:data1\" content=\"webmaster kapitalis\" \/>\n\t<meta name=\"twitter:label2\" content=\"Dur\u00e9e de lecture estim\u00e9e\" \/>\n\t<meta name=\"twitter:data2\" content=\"2 minutes\" \/>\n<script type=\"application\/ld+json\" class=\"yoast-schema-graph\">{\"@context\":\"https:\/\/schema.org\",\"@graph\":[{\"@type\":\"Article\",\"@id\":\"https:\/\/kapitalis.com\/tunisie\/2022\/10\/27\/tunisie-demarrage-poussif-de-la-saison-agricole\/#article\",\"isPartOf\":{\"@id\":\"https:\/\/kapitalis.com\/tunisie\/2022\/10\/27\/tunisie-demarrage-poussif-de-la-saison-agricole\/\"},\"author\":{\"name\":\"webmaster kapitalis\",\"@id\":\"https:\/\/kapitalis.com\/tunisie\/#\/schema\/person\/d71f33a9ca44f7bad4698210b480c8e9\"},\"headline\":\"Tunisie\u00a0: d\u00e9marrage poussif de la saison agricole\",\"datePublished\":\"2022-10-27T09:32:03+00:00\",\"dateModified\":\"2022-10-27T09:32:05+00:00\",\"mainEntityOfPage\":{\"@id\":\"https:\/\/kapitalis.com\/tunisie\/2022\/10\/27\/tunisie-demarrage-poussif-de-la-saison-agricole\/\"},\"wordCount\":386,\"commentCount\":0,\"publisher\":{\"@id\":\"https:\/\/kapitalis.com\/tunisie\/#organization\"},\"image\":{\"@id\":\"https:\/\/kapitalis.com\/tunisie\/2022\/10\/27\/tunisie-demarrage-poussif-de-la-saison-agricole\/#primaryimage\"},\"thumbnailUrl\":\"https:\/\/kapitalis.com\/tunisie\/wp-content\/uploads\/2022\/10\/Semences-de-pomme-de-terre.jpg\",\"keywords\":[\"bl\u00e9\",\"bl\u00e9 tendre\",\"c\u00e9r\u00e9ales\",\"crise alimentaire\",\"engrais\",\"orge\",\"pommes de terre\",\"semences\",\"Tunisie\",\"Utap\"],\"articleSection\":[\"ECONOMIE\",\"Tunisie\"],\"inLanguage\":\"fr-FR\",\"potentialAction\":[{\"@type\":\"CommentAction\",\"name\":\"Comment\",\"target\":[\"https:\/\/kapitalis.com\/tunisie\/2022\/10\/27\/tunisie-demarrage-poussif-de-la-saison-agricole\/#respond\"]}]},{\"@type\":\"WebPage\",\"@id\":\"https:\/\/kapitalis.com\/tunisie\/2022\/10\/27\/tunisie-demarrage-poussif-de-la-saison-agricole\/\",\"url\":\"https:\/\/kapitalis.com\/tunisie\/2022\/10\/27\/tunisie-demarrage-poussif-de-la-saison-agricole\/\",\"name\":\"Tunisie\u00a0: d\u00e9marrage poussif de la saison agricole - Kapitalis\",\"isPartOf\":{\"@id\":\"https:\/\/kapitalis.com\/tunisie\/#website\"},\"primaryImageOfPage\":{\"@id\":\"https:\/\/kapitalis.com\/tunisie\/2022\/10\/27\/tunisie-demarrage-poussif-de-la-saison-agricole\/#primaryimage\"},\"image\":{\"@id\":\"https:\/\/kapitalis.com\/tunisie\/2022\/10\/27\/tunisie-demarrage-poussif-de-la-saison-agricole\/#primaryimage\"},\"thumbnailUrl\":\"https:\/\/kapitalis.com\/tunisie\/wp-content\/uploads\/2022\/10\/Semences-de-pomme-de-terre.jpg\",\"datePublished\":\"2022-10-27T09:32:03+00:00\",\"dateModified\":\"2022-10-27T09:32:05+00:00\",\"breadcrumb\":{\"@id\":\"https:\/\/kapitalis.com\/tunisie\/2022\/10\/27\/tunisie-demarrage-poussif-de-la-saison-agricole\/#breadcrumb\"},\"inLanguage\":\"fr-FR\",\"potentialAction\":[{\"@type\":\"ReadAction\",\"target\":[\"https:\/\/kapitalis.com\/tunisie\/2022\/10\/27\/tunisie-demarrage-poussif-de-la-saison-agricole\/\"]}]},{\"@type\":\"ImageObject\",\"inLanguage\":\"fr-FR\",\"@id\":\"https:\/\/kapitalis.com\/tunisie\/2022\/10\/27\/tunisie-demarrage-poussif-de-la-saison-agricole\/#primaryimage\",\"url\":\"https:\/\/kapitalis.com\/tunisie\/wp-content\/uploads\/2022\/10\/Semences-de-pomme-de-terre.jpg\",\"contentUrl\":\"https:\/\/kapitalis.com\/tunisie\/wp-content\/uploads\/2022\/10\/Semences-de-pomme-de-terre.jpg\",\"width\":1200,\"height\":630},{\"@type\":\"BreadcrumbList\",\"@id\":\"https:\/\/kapitalis.com\/tunisie\/2022\/10\/27\/tunisie-demarrage-poussif-de-la-saison-agricole\/#breadcrumb\",\"itemListElement\":[{\"@type\":\"ListItem\",\"position\":1,\"name\":\"Accueil\",\"item\":\"https:\/\/kapitalis.com\/tunisie\/\"},{\"@type\":\"ListItem\",\"position\":2,\"name\":\"Tunisie\u00a0: d\u00e9marrage poussif de la saison agricole\"}]},{\"@type\":\"WebSite\",\"@id\":\"https:\/\/kapitalis.com\/tunisie\/#website\",\"url\":\"https:\/\/kapitalis.com\/tunisie\/\",\"name\":\"Kapitalis\",\"description\":\"L&#039;actualit\u00e9 en Tunisie et dans le monde\",\"publisher\":{\"@id\":\"https:\/\/kapitalis.com\/tunisie\/#organization\"},\"potentialAction\":[{\"@type\":\"SearchAction\",\"target\":{\"@type\":\"EntryPoint\",\"urlTemplate\":\"https:\/\/kapitalis.com\/tunisie\/?s={search_term_string}\"},\"query-input\":{\"@type\":\"PropertyValueSpecification\",\"valueRequired\":true,\"valueName\":\"search_term_string\"}}],\"inLanguage\":\"fr-FR\"},{\"@type\":\"Organization\",\"@id\":\"https:\/\/kapitalis.com\/tunisie\/#organization\",\"name\":\"Kapitalis\",\"url\":\"https:\/\/kapitalis.com\/tunisie\/\",\"logo\":{\"@type\":\"ImageObject\",\"inLanguage\":\"fr-FR\",\"@id\":\"https:\/\/kapitalis.com\/tunisie\/#\/schema\/logo\/image\/\",\"url\":\"https:\/\/kapitalis.com\/tunisie\/wp-content\/uploads\/2022\/05\/Kapitalis-big-size.png\",\"contentUrl\":\"https:\/\/kapitalis.com\/tunisie\/wp-content\/uploads\/2022\/05\/Kapitalis-big-size.png\",\"width\":5000,\"height\":1500,\"caption\":\"Kapitalis\"},\"image\":{\"@id\":\"https:\/\/kapitalis.com\/tunisie\/#\/schema\/logo\/image\/\"},\"sameAs\":[\"https:\/\/www.facebook.com\/KapitalisInfo\/\",\"https:\/\/x.com\/KapitalisInfo\",\"https:\/\/www.youtube.com\/channel\/UC-yDYrHyfFBWWZaOw3FPg9Q\"]},{\"@type\":\"Person\",\"@id\":\"https:\/\/kapitalis.com\/tunisie\/#\/schema\/person\/d71f33a9ca44f7bad4698210b480c8e9\",\"name\":\"webmaster kapitalis\",\"url\":\"https:\/\/kapitalis.com\/tunisie\/author\/webmaster-kapitalis\/\"}]}<\/script>\n<!-- \/ Yoast SEO plugin. -->","yoast_head_json":{"title":"Tunisie\u00a0: d\u00e9marrage poussif de la saison agricole - Kapitalis","robots":{"index":"index","follow":"follow","max-snippet":"max-snippet:-1","max-image-preview":"max-image-preview:large","max-video-preview":"max-video-preview:-1"},"canonical":"https:\/\/kapitalis.com\/tunisie\/2022\/10\/27\/tunisie-demarrage-poussif-de-la-saison-agricole\/","og_locale":"fr_FR","og_type":"article","og_title":"Tunisie\u00a0: d\u00e9marrage poussif de la saison agricole - Kapitalis","og_description":"La Tunisie, qui importe pr\u00e8s de 40% de ses besoins en bl\u00e9 tendre et orge, d\u00e9marre plut\u00f4t mal sa saison des grandes r\u00e9coltes.","og_url":"https:\/\/kapitalis.com\/tunisie\/2022\/10\/27\/tunisie-demarrage-poussif-de-la-saison-agricole\/","og_site_name":"Kapitalis","article_publisher":"https:\/\/www.facebook.com\/KapitalisInfo\/","article_published_time":"2022-10-27T09:32:03+00:00","article_modified_time":"2022-10-27T09:32:05+00:00","og_image":[{"width":1200,"height":630,"url":"https:\/\/kapitalis.com\/tunisie\/wp-content\/uploads\/2022\/10\/Semences-de-pomme-de-terre.jpg","type":"image\/jpeg"}],"author":"webmaster kapitalis","twitter_card":"summary_large_image","twitter_creator":"@KapitalisInfo","twitter_site":"@KapitalisInfo","twitter_misc":{"\u00c9crit par":"webmaster kapitalis","Dur\u00e9e de lecture estim\u00e9e":"2 minutes"},"schema":{"@context":"https:\/\/schema.org","@graph":[{"@type":"Article","@id":"https:\/\/kapitalis.com\/tunisie\/2022\/10\/27\/tunisie-demarrage-poussif-de-la-saison-agricole\/#article","isPartOf":{"@id":"https:\/\/kapitalis.com\/tunisie\/2022\/10\/27\/tunisie-demarrage-poussif-de-la-saison-agricole\/"},"author":{"name":"webmaster kapitalis","@id":"https:\/\/kapitalis.com\/tunisie\/#\/schema\/person\/d71f33a9ca44f7bad4698210b480c8e9"},"headline":"Tunisie\u00a0: d\u00e9marrage poussif de la saison agricole","datePublished":"2022-10-27T09:32:03+00:00","dateModified":"2022-10-27T09:32:05+00:00","mainEntityOfPage":{"@id":"https:\/\/kapitalis.com\/tunisie\/2022\/10\/27\/tunisie-demarrage-poussif-de-la-saison-agricole\/"},"wordCount":386,"commentCount":0,"publisher":{"@id":"https:\/\/kapitalis.com\/tunisie\/#organization"},"image":{"@id":"https:\/\/kapitalis.com\/tunisie\/2022\/10\/27\/tunisie-demarrage-poussif-de-la-saison-agricole\/#primaryimage"},"thumbnailUrl":"https:\/\/kapitalis.com\/tunisie\/wp-content\/uploads\/2022\/10\/Semences-de-pomme-de-terre.jpg","keywords":["bl\u00e9","bl\u00e9 tendre","c\u00e9r\u00e9ales","crise alimentaire","engrais","orge","pommes de terre","semences","Tunisie","Utap"],"articleSection":["ECONOMIE","Tunisie"],"inLanguage":"fr-FR","potentialAction":[{"@type":"CommentAction","name":"Comment","target":["https:\/\/kapitalis.com\/tunisie\/2022\/10\/27\/tunisie-demarrage-poussif-de-la-saison-agricole\/#respond"]}]},{"@type":"WebPage","@id":"https:\/\/kapitalis.com\/tunisie\/2022\/10\/27\/tunisie-demarrage-poussif-de-la-saison-agricole\/","url":"https:\/\/kapitalis.com\/tunisie\/2022\/10\/27\/tunisie-demarrage-poussif-de-la-saison-agricole\/","name":"Tunisie\u00a0: d\u00e9marrage poussif de la saison agricole - Kapitalis","isPartOf":{"@id":"https:\/\/kapitalis.com\/tunisie\/#website"},"primaryImageOfPage":{"@id":"https:\/\/kapitalis.com\/tunisie\/2022\/10\/27\/tunisie-demarrage-poussif-de-la-saison-agricole\/#primaryimage"},"image":{"@id":"https:\/\/kapitalis.com\/tunisie\/2022\/10\/27\/tunisie-demarrage-poussif-de-la-saison-agricole\/#primaryimage"},"thumbnailUrl":"https:\/\/kapitalis.com\/tunisie\/wp-content\/uploads\/2022\/10\/Semences-de-pomme-de-terre.jpg","datePublished":"2022-10-27T09:32:03+00:00","dateModified":"2022-10-27T09:32:05+00:00","breadcrumb":{"@id":"https:\/\/kapitalis.com\/tunisie\/2022\/10\/27\/tunisie-demarrage-poussif-de-la-saison-agricole\/#breadcrumb"},"inLanguage":"fr-FR","potentialAction":[{"@type":"ReadAction","target":["https:\/\/kapitalis.com\/tunisie\/2022\/10\/27\/tunisie-demarrage-poussif-de-la-saison-agricole\/"]}]},{"@type":"ImageObject","inLanguage":"fr-FR","@id":"https:\/\/kapitalis.com\/tunisie\/2022\/10\/27\/tunisie-demarrage-poussif-de-la-saison-agricole\/#primaryimage","url":"https:\/\/kapitalis.com\/tunisie\/wp-content\/uploads\/2022\/10\/Semences-de-pomme-de-terre.jpg","contentUrl":"https:\/\/kapitalis.com\/tunisie\/wp-content\/uploads\/2022\/10\/Semences-de-pomme-de-terre.jpg","width":1200,"height":630},{"@type":"BreadcrumbList","@id":"https:\/\/kapitalis.com\/tunisie\/2022\/10\/27\/tunisie-demarrage-poussif-de-la-saison-agricole\/#breadcrumb","itemListElement":[{"@type":"ListItem","position":1,"name":"Accueil","item":"https:\/\/kapitalis.com\/tunisie\/"},{"@type":"ListItem","position":2,"name":"Tunisie\u00a0: d\u00e9marrage poussif de la saison agricole"}]},{"@type":"WebSite","@id":"https:\/\/kapitalis.com\/tunisie\/#website","url":"https:\/\/kapitalis.com\/tunisie\/","name":"Kapitalis","description":"L&#039;actualit\u00e9 en Tunisie et dans le monde","publisher":{"@id":"https:\/\/kapitalis.com\/tunisie\/#organization"},"potentialAction":[{"@type":"SearchAction","target":{"@type":"EntryPoint","urlTemplate":"https:\/\/kapitalis.com\/tunisie\/?s={search_term_string}"},"query-input":{"@type":"PropertyValueSpecification","valueRequired":true,"valueName":"search_term_string"}}],"inLanguage":"fr-FR"},{"@type":"Organization","@id":"https:\/\/kapitalis.com\/tunisie\/#organization","name":"Kapitalis","url":"https:\/\/kapitalis.com\/tunisie\/","logo":{"@type":"ImageObject","inLanguage":"fr-FR","@id":"https:\/\/kapitalis.com\/tunisie\/#\/schema\/logo\/image\/","url":"https:\/\/kapitalis.com\/tunisie\/wp-content\/uploads\/2022\/05\/Kapitalis-big-size.png","contentUrl":"https:\/\/kapitalis.com\/tunisie\/wp-content\/uploads\/2022\/05\/Kapitalis-big-size.png","width":5000,"height":1500,"caption":"Kapitalis"},"image":{"@id":"https:\/\/kapitalis.com\/tunisie\/#\/schema\/logo\/image\/"},"sameAs":["https:\/\/www.facebook.com\/KapitalisInfo\/","https:\/\/x.com\/KapitalisInfo","https:\/\/www.youtube.com\/channel\/UC-yDYrHyfFBWWZaOw3FPg9Q"]},{"@type":"Person","@id":"https:\/\/kapitalis.com\/tunisie\/#\/schema\/person\/d71f33a9ca44f7bad4698210b480c8e9","name":"webmaster kapitalis","url":"https:\/\/kapitalis.com\/tunisie\/author\/webmaster-kapitalis\/"}]}},"_links":{"self":[{"href":"https:\/\/kapitalis.com\/tunisie\/wp-json\/wp\/v2\/posts\/4659724","targetHints":{"allow":["GET"]}}],"collection":[{"href":"https:\/\/kapitalis.com\/tunisie\/wp-json\/wp\/v2\/posts"}],"about":[{"href":"https:\/\/kapitalis.com\/tunisie\/wp-json\/wp\/v2\/types\/post"}],"author":[{"embeddable":true,"href":"https:\/\/kapitalis.com\/tunisie\/wp-json\/wp\/v2\/users\/8"}],"replies":[{"embeddable":true,"href":"https:\/\/kapitalis.com\/tunisie\/wp-json\/wp\/v2\/comments?post=4659724"}],"version-history":[{"count":0,"href":"https:\/\/kapitalis.com\/tunisie\/wp-json\/wp\/v2\/posts\/4659724\/revisions"}],"wp:featuredmedia":[{"embeddable":true,"href":"https:\/\/kapitalis.com\/tunisie\/wp-json\/wp\/v2\/media\/4659832"}],"wp:attachment":[{"href":"https:\/\/kapitalis.com\/tunisie\/wp-json\/wp\/v2\/media?parent=4659724"}],"wp:term":[{"taxonomy":"category","embeddable":true,"href":"https:\/\/kapitalis.com\/tunisie\/wp-json\/wp\/v2\/categories?post=4659724"},{"taxonomy":"post_tag","embeddable":true,"href":"https:\/\/kapitalis.com\/tunisie\/wp-json\/wp\/v2\/tags?post=4659724"}],"curies":[{"name":"wp","href":"https:\/\/api.w.org\/{rel}","templated":true}]}}