{"id":46740,"date":"2016-04-13T13:02:55","date_gmt":"2016-04-13T12:02:55","guid":{"rendered":"http:\/\/kapitalis.com\/tunisie\/?p=46740"},"modified":"2016-04-13T13:13:48","modified_gmt":"2016-04-13T12:13:48","slug":"pour-le-retrait-de-laffaire-chokri-belaid-au-juge-du-bureau-13","status":"publish","type":"post","link":"https:\/\/kapitalis.com\/tunisie\/2016\/04\/13\/pour-le-retrait-de-laffaire-chokri-belaid-au-juge-du-bureau-13\/","title":{"rendered":"Pour le retrait de l\u2019affaire Chokri Bela\u00efd au juge du Bureau 13"},"content":{"rendered":"<p style=\"text-align: center;\"><img loading=\"lazy\" decoding=\"async\" class=\"alignnone size-full wp-image-28182\" src=\"http:\/\/kapitalis.com\/tunisie\/wp-content\/uploads\/2015\/12\/Chokri-Belaid.jpg\" alt=\"Chokri-Belaid\" width=\"626\" height=\"380\" \/><\/p>\n<p><em><strong>Le comit\u00e9 de d\u00e9fense de Chokri Bela\u00efd a demand\u00e9 une nouvelle fois\u00a0le transfert du dossier de l&rsquo;affaire\u00a0\u00e0 un autre juge d&rsquo;instruction aupr\u00e8s du tribunal de 1\u00e8re\u00a0instance de Tunis.<\/strong><\/em><\/p>\n<p><!--more--><\/p>\n<p>C\u2019est la 3<sup>e<\/sup>\u00a0fois que\u00a0le comit\u00e9 de d\u00e9fense\u00a0d\u00e9pose une demande\u00a0pour le transfert de l\u2019affaire, actuellement aux\u00a0mains de B\u00e9chir Akremi, juge d&rsquo;instruction de la 13e chambre aupr\u00e8s du tribunal de 1\u00e8re instance de Tunis, accus\u00e9 par la d\u00e9fense d\u2019accumuler les manquements dans le traitement du dossier de l\u2019assassinat du dirigeant\u00a0du Front populaire (coalition de la gauche radicale).<\/p>\n<p>Une premi\u00e8re demande avait \u00e9t\u00e9 d\u00e9pos\u00e9e aupr\u00e8s de ministre de la Justice, fin 2014, \u00e0 la suite de l\u2019avis \u00e9mis par la cour de cassation reconnaissant des failles dans l\u2019instruction men\u00e9e par ce juge. La\u00a0seconde a \u00e9t\u00e9 d\u00e9pos\u00e9e,\u00a0en f\u00e9vrier 2015, aupr\u00e8s de l\u2019Instance provisoire de l\u2019ordre de la magistrature, pour qu&rsquo;elle ordonne le changement de ce juge d&rsquo;instruction afin que la proc\u00e9dure puisse enfin avancer.<\/p>\n<p>Plus de 3 ans se sont \u00e9coul\u00e9s depuis l\u2019assassinat de Chokri Bela\u00efd par des extr\u00e9mistes religieux et le dossier fait toujours du surplace, alors que des personnes impliqu\u00e9es, \u00e0 divers niveaux, dans cette affaire, notamment des hauts responsables politiques, n&rsquo;ont pas encore \u00e9t\u00e9 auditionn\u00e9es. C&rsquo;est le cas, notamment, de l&rsquo;ancien ministre de l&rsquo;Int\u00e9rieur et ancien Premier ministre Ali Larayedh, secr\u00e9taire g\u00e9n\u00e9ral du parti islamiste Ennahdha, qui fait partie de l&rsquo;actuelle coalition gouvernementale. Ceci explique-t-il cela? Le comit\u00e9 de d\u00e9fense de Chokri Belaid a de bonnes raisons de le penser&#8230;<\/p>\n<p style=\"text-align: right;\"><strong>Y. N.<\/strong><\/p>\n","protected":false},"excerpt":{"rendered":"<p>Le comit\u00e9 de d\u00e9fense de Chokri Bela\u00efd a demand\u00e9 une nouvelle fois\u00a0le transfert du dossier de l&rsquo;affaire\u00a0\u00e0 un autre juge d&rsquo;instruction aupr\u00e8s du tribunal de 1\u00e8re\u00a0instance de Tunis.<\/p>\n","protected":false},"author":6,"featured_media":0,"comment_status":"open","ping_status":"open","sticky":false,"template":"","format":"standard","meta":{"footnotes":""},"categories":[997,2433],"tags":[92,204,6413,1499,3008,921],"class_list":["post-46740","post","type-post","status-publish","format-standard","hentry","category-politique","category-tunisie","tag-assassinat","tag-chokri-belaid","tag-comite-de-defense","tag-extremistes-religieux","tag-juge-dinstruction","tag-tribunal"],"yoast_head":"<!-- This site is optimized with the Yoast SEO plugin v26.6 - https:\/\/yoast.com\/wordpress\/plugins\/seo\/ -->\n<title>Pour le retrait de l\u2019affaire Chokri Bela\u00efd au juge du Bureau 13 - Kapitalis<\/title>\n<meta name=\"robots\" content=\"index, follow, max-snippet:-1, max-image-preview:large, max-video-preview:-1\" \/>\n<link rel=\"canonical\" href=\"https:\/\/kapitalis.com\/tunisie\/2016\/04\/13\/pour-le-retrait-de-laffaire-chokri-belaid-au-juge-du-bureau-13\/\" \/>\n<meta property=\"og:locale\" content=\"fr_FR\" \/>\n<meta property=\"og:type\" content=\"article\" \/>\n<meta property=\"og:title\" content=\"Pour le retrait de l\u2019affaire Chokri Bela\u00efd au juge du Bureau 13 - Kapitalis\" \/>\n<meta property=\"og:description\" content=\"Le comit\u00e9 de d\u00e9fense de Chokri Bela\u00efd a demand\u00e9 une nouvelle fois\u00a0le transfert du dossier de l&rsquo;affaire\u00a0\u00e0 un autre juge d&rsquo;instruction aupr\u00e8s du tribunal de 1\u00e8re\u00a0instance de Tunis.\" \/>\n<meta property=\"og:url\" content=\"https:\/\/kapitalis.com\/tunisie\/2016\/04\/13\/pour-le-retrait-de-laffaire-chokri-belaid-au-juge-du-bureau-13\/\" \/>\n<meta property=\"og:site_name\" content=\"Kapitalis\" \/>\n<meta property=\"article:publisher\" content=\"https:\/\/www.facebook.com\/KapitalisInfo\/\" \/>\n<meta property=\"article:published_time\" content=\"2016-04-13T12:02:55+00:00\" \/>\n<meta property=\"article:modified_time\" content=\"2016-04-13T12:13:48+00:00\" \/>\n<meta property=\"og:image\" content=\"http:\/\/kapitalis.com\/tunisie\/wp-content\/uploads\/2015\/12\/Chokri-Belaid.jpg\" \/>\n<meta name=\"author\" content=\"Yusra NY\" \/>\n<meta name=\"twitter:card\" content=\"summary_large_image\" \/>\n<meta name=\"twitter:creator\" content=\"@KapitalisInfo\" \/>\n<meta name=\"twitter:site\" content=\"@KapitalisInfo\" \/>\n<meta name=\"twitter:label1\" content=\"\u00c9crit par\" \/>\n\t<meta name=\"twitter:data1\" content=\"Yusra NY\" \/>\n\t<meta name=\"twitter:label2\" content=\"Dur\u00e9e de lecture estim\u00e9e\" \/>\n\t<meta name=\"twitter:data2\" content=\"1 minute\" \/>\n<script type=\"application\/ld+json\" class=\"yoast-schema-graph\">{\"@context\":\"https:\/\/schema.org\",\"@graph\":[{\"@type\":\"Article\",\"@id\":\"https:\/\/kapitalis.com\/tunisie\/2016\/04\/13\/pour-le-retrait-de-laffaire-chokri-belaid-au-juge-du-bureau-13\/#article\",\"isPartOf\":{\"@id\":\"https:\/\/kapitalis.com\/tunisie\/2016\/04\/13\/pour-le-retrait-de-laffaire-chokri-belaid-au-juge-du-bureau-13\/\"},\"author\":{\"name\":\"Yusra NY\",\"@id\":\"https:\/\/kapitalis.com\/tunisie\/#\/schema\/person\/74bbde0154d49d790a92aaeac5bc01d5\"},\"headline\":\"Pour le retrait de l\u2019affaire Chokri Bela\u00efd au juge du Bureau 13\",\"datePublished\":\"2016-04-13T12:02:55+00:00\",\"dateModified\":\"2016-04-13T12:13:48+00:00\",\"mainEntityOfPage\":{\"@id\":\"https:\/\/kapitalis.com\/tunisie\/2016\/04\/13\/pour-le-retrait-de-laffaire-chokri-belaid-au-juge-du-bureau-13\/\"},\"wordCount\":294,\"commentCount\":3,\"publisher\":{\"@id\":\"https:\/\/kapitalis.com\/tunisie\/#organization\"},\"image\":{\"@id\":\"https:\/\/kapitalis.com\/tunisie\/2016\/04\/13\/pour-le-retrait-de-laffaire-chokri-belaid-au-juge-du-bureau-13\/#primaryimage\"},\"thumbnailUrl\":\"http:\/\/kapitalis.com\/tunisie\/wp-content\/uploads\/2015\/12\/Chokri-Belaid.jpg\",\"keywords\":[\"assassinat\",\"Chokri Belaid\",\"comit\u00e9 de d\u00e9fense\",\"extr\u00e9mistes religieux\",\"juge d'instruction\",\"tribunal\"],\"articleSection\":[\"POLITIQUE\",\"Tunisie\"],\"inLanguage\":\"fr-FR\",\"potentialAction\":[{\"@type\":\"CommentAction\",\"name\":\"Comment\",\"target\":[\"https:\/\/kapitalis.com\/tunisie\/2016\/04\/13\/pour-le-retrait-de-laffaire-chokri-belaid-au-juge-du-bureau-13\/#respond\"]}]},{\"@type\":\"WebPage\",\"@id\":\"https:\/\/kapitalis.com\/tunisie\/2016\/04\/13\/pour-le-retrait-de-laffaire-chokri-belaid-au-juge-du-bureau-13\/\",\"url\":\"https:\/\/kapitalis.com\/tunisie\/2016\/04\/13\/pour-le-retrait-de-laffaire-chokri-belaid-au-juge-du-bureau-13\/\",\"name\":\"Pour le retrait de l\u2019affaire Chokri Bela\u00efd au juge du Bureau 13 - Kapitalis\",\"isPartOf\":{\"@id\":\"https:\/\/kapitalis.com\/tunisie\/#website\"},\"primaryImageOfPage\":{\"@id\":\"https:\/\/kapitalis.com\/tunisie\/2016\/04\/13\/pour-le-retrait-de-laffaire-chokri-belaid-au-juge-du-bureau-13\/#primaryimage\"},\"image\":{\"@id\":\"https:\/\/kapitalis.com\/tunisie\/2016\/04\/13\/pour-le-retrait-de-laffaire-chokri-belaid-au-juge-du-bureau-13\/#primaryimage\"},\"thumbnailUrl\":\"http:\/\/kapitalis.com\/tunisie\/wp-content\/uploads\/2015\/12\/Chokri-Belaid.jpg\",\"datePublished\":\"2016-04-13T12:02:55+00:00\",\"dateModified\":\"2016-04-13T12:13:48+00:00\",\"breadcrumb\":{\"@id\":\"https:\/\/kapitalis.com\/tunisie\/2016\/04\/13\/pour-le-retrait-de-laffaire-chokri-belaid-au-juge-du-bureau-13\/#breadcrumb\"},\"inLanguage\":\"fr-FR\",\"potentialAction\":[{\"@type\":\"ReadAction\",\"target\":[\"https:\/\/kapitalis.com\/tunisie\/2016\/04\/13\/pour-le-retrait-de-laffaire-chokri-belaid-au-juge-du-bureau-13\/\"]}]},{\"@type\":\"ImageObject\",\"inLanguage\":\"fr-FR\",\"@id\":\"https:\/\/kapitalis.com\/tunisie\/2016\/04\/13\/pour-le-retrait-de-laffaire-chokri-belaid-au-juge-du-bureau-13\/#primaryimage\",\"url\":\"http:\/\/kapitalis.com\/tunisie\/wp-content\/uploads\/2015\/12\/Chokri-Belaid.jpg\",\"contentUrl\":\"http:\/\/kapitalis.com\/tunisie\/wp-content\/uploads\/2015\/12\/Chokri-Belaid.jpg\"},{\"@type\":\"BreadcrumbList\",\"@id\":\"https:\/\/kapitalis.com\/tunisie\/2016\/04\/13\/pour-le-retrait-de-laffaire-chokri-belaid-au-juge-du-bureau-13\/#breadcrumb\",\"itemListElement\":[{\"@type\":\"ListItem\",\"position\":1,\"name\":\"Accueil\",\"item\":\"https:\/\/kapitalis.com\/tunisie\/\"},{\"@type\":\"ListItem\",\"position\":2,\"name\":\"Pour le retrait de l\u2019affaire Chokri Bela\u00efd au juge du Bureau 13\"}]},{\"@type\":\"WebSite\",\"@id\":\"https:\/\/kapitalis.com\/tunisie\/#website\",\"url\":\"https:\/\/kapitalis.com\/tunisie\/\",\"name\":\"Kapitalis\",\"description\":\"L&#039;actualit\u00e9 en Tunisie et dans le monde\",\"publisher\":{\"@id\":\"https:\/\/kapitalis.com\/tunisie\/#organization\"},\"potentialAction\":[{\"@type\":\"SearchAction\",\"target\":{\"@type\":\"EntryPoint\",\"urlTemplate\":\"https:\/\/kapitalis.com\/tunisie\/?s={search_term_string}\"},\"query-input\":{\"@type\":\"PropertyValueSpecification\",\"valueRequired\":true,\"valueName\":\"search_term_string\"}}],\"inLanguage\":\"fr-FR\"},{\"@type\":\"Organization\",\"@id\":\"https:\/\/kapitalis.com\/tunisie\/#organization\",\"name\":\"Kapitalis\",\"url\":\"https:\/\/kapitalis.com\/tunisie\/\",\"logo\":{\"@type\":\"ImageObject\",\"inLanguage\":\"fr-FR\",\"@id\":\"https:\/\/kapitalis.com\/tunisie\/#\/schema\/logo\/image\/\",\"url\":\"https:\/\/kapitalis.com\/tunisie\/wp-content\/uploads\/2022\/05\/Kapitalis-big-size.png\",\"contentUrl\":\"https:\/\/kapitalis.com\/tunisie\/wp-content\/uploads\/2022\/05\/Kapitalis-big-size.png\",\"width\":5000,\"height\":1500,\"caption\":\"Kapitalis\"},\"image\":{\"@id\":\"https:\/\/kapitalis.com\/tunisie\/#\/schema\/logo\/image\/\"},\"sameAs\":[\"https:\/\/www.facebook.com\/KapitalisInfo\/\",\"https:\/\/x.com\/KapitalisInfo\",\"https:\/\/www.youtube.com\/channel\/UC-yDYrHyfFBWWZaOw3FPg9Q\"]},{\"@type\":\"Person\",\"@id\":\"https:\/\/kapitalis.com\/tunisie\/#\/schema\/person\/74bbde0154d49d790a92aaeac5bc01d5\",\"name\":\"Yusra NY\",\"url\":\"https:\/\/kapitalis.com\/tunisie\/author\/yuza_adam\/\"}]}<\/script>\n<!-- \/ Yoast SEO plugin. -->","yoast_head_json":{"title":"Pour le retrait de l\u2019affaire Chokri Bela\u00efd au juge du Bureau 13 - Kapitalis","robots":{"index":"index","follow":"follow","max-snippet":"max-snippet:-1","max-image-preview":"max-image-preview:large","max-video-preview":"max-video-preview:-1"},"canonical":"https:\/\/kapitalis.com\/tunisie\/2016\/04\/13\/pour-le-retrait-de-laffaire-chokri-belaid-au-juge-du-bureau-13\/","og_locale":"fr_FR","og_type":"article","og_title":"Pour le retrait de l\u2019affaire Chokri Bela\u00efd au juge du Bureau 13 - Kapitalis","og_description":"Le comit\u00e9 de d\u00e9fense de Chokri Bela\u00efd a demand\u00e9 une nouvelle fois\u00a0le transfert du dossier de l&rsquo;affaire\u00a0\u00e0 un autre juge d&rsquo;instruction aupr\u00e8s du tribunal de 1\u00e8re\u00a0instance de Tunis.","og_url":"https:\/\/kapitalis.com\/tunisie\/2016\/04\/13\/pour-le-retrait-de-laffaire-chokri-belaid-au-juge-du-bureau-13\/","og_site_name":"Kapitalis","article_publisher":"https:\/\/www.facebook.com\/KapitalisInfo\/","article_published_time":"2016-04-13T12:02:55+00:00","article_modified_time":"2016-04-13T12:13:48+00:00","og_image":[{"url":"http:\/\/kapitalis.com\/tunisie\/wp-content\/uploads\/2015\/12\/Chokri-Belaid.jpg","type":"","width":"","height":""}],"author":"Yusra NY","twitter_card":"summary_large_image","twitter_creator":"@KapitalisInfo","twitter_site":"@KapitalisInfo","twitter_misc":{"\u00c9crit par":"Yusra NY","Dur\u00e9e de lecture estim\u00e9e":"1 minute"},"schema":{"@context":"https:\/\/schema.org","@graph":[{"@type":"Article","@id":"https:\/\/kapitalis.com\/tunisie\/2016\/04\/13\/pour-le-retrait-de-laffaire-chokri-belaid-au-juge-du-bureau-13\/#article","isPartOf":{"@id":"https:\/\/kapitalis.com\/tunisie\/2016\/04\/13\/pour-le-retrait-de-laffaire-chokri-belaid-au-juge-du-bureau-13\/"},"author":{"name":"Yusra NY","@id":"https:\/\/kapitalis.com\/tunisie\/#\/schema\/person\/74bbde0154d49d790a92aaeac5bc01d5"},"headline":"Pour le retrait de l\u2019affaire Chokri Bela\u00efd au juge du Bureau 13","datePublished":"2016-04-13T12:02:55+00:00","dateModified":"2016-04-13T12:13:48+00:00","mainEntityOfPage":{"@id":"https:\/\/kapitalis.com\/tunisie\/2016\/04\/13\/pour-le-retrait-de-laffaire-chokri-belaid-au-juge-du-bureau-13\/"},"wordCount":294,"commentCount":3,"publisher":{"@id":"https:\/\/kapitalis.com\/tunisie\/#organization"},"image":{"@id":"https:\/\/kapitalis.com\/tunisie\/2016\/04\/13\/pour-le-retrait-de-laffaire-chokri-belaid-au-juge-du-bureau-13\/#primaryimage"},"thumbnailUrl":"http:\/\/kapitalis.com\/tunisie\/wp-content\/uploads\/2015\/12\/Chokri-Belaid.jpg","keywords":["assassinat","Chokri Belaid","comit\u00e9 de d\u00e9fense","extr\u00e9mistes religieux","juge d'instruction","tribunal"],"articleSection":["POLITIQUE","Tunisie"],"inLanguage":"fr-FR","potentialAction":[{"@type":"CommentAction","name":"Comment","target":["https:\/\/kapitalis.com\/tunisie\/2016\/04\/13\/pour-le-retrait-de-laffaire-chokri-belaid-au-juge-du-bureau-13\/#respond"]}]},{"@type":"WebPage","@id":"https:\/\/kapitalis.com\/tunisie\/2016\/04\/13\/pour-le-retrait-de-laffaire-chokri-belaid-au-juge-du-bureau-13\/","url":"https:\/\/kapitalis.com\/tunisie\/2016\/04\/13\/pour-le-retrait-de-laffaire-chokri-belaid-au-juge-du-bureau-13\/","name":"Pour le retrait de l\u2019affaire Chokri Bela\u00efd au juge du Bureau 13 - Kapitalis","isPartOf":{"@id":"https:\/\/kapitalis.com\/tunisie\/#website"},"primaryImageOfPage":{"@id":"https:\/\/kapitalis.com\/tunisie\/2016\/04\/13\/pour-le-retrait-de-laffaire-chokri-belaid-au-juge-du-bureau-13\/#primaryimage"},"image":{"@id":"https:\/\/kapitalis.com\/tunisie\/2016\/04\/13\/pour-le-retrait-de-laffaire-chokri-belaid-au-juge-du-bureau-13\/#primaryimage"},"thumbnailUrl":"http:\/\/kapitalis.com\/tunisie\/wp-content\/uploads\/2015\/12\/Chokri-Belaid.jpg","datePublished":"2016-04-13T12:02:55+00:00","dateModified":"2016-04-13T12:13:48+00:00","breadcrumb":{"@id":"https:\/\/kapitalis.com\/tunisie\/2016\/04\/13\/pour-le-retrait-de-laffaire-chokri-belaid-au-juge-du-bureau-13\/#breadcrumb"},"inLanguage":"fr-FR","potentialAction":[{"@type":"ReadAction","target":["https:\/\/kapitalis.com\/tunisie\/2016\/04\/13\/pour-le-retrait-de-laffaire-chokri-belaid-au-juge-du-bureau-13\/"]}]},{"@type":"ImageObject","inLanguage":"fr-FR","@id":"https:\/\/kapitalis.com\/tunisie\/2016\/04\/13\/pour-le-retrait-de-laffaire-chokri-belaid-au-juge-du-bureau-13\/#primaryimage","url":"http:\/\/kapitalis.com\/tunisie\/wp-content\/uploads\/2015\/12\/Chokri-Belaid.jpg","contentUrl":"http:\/\/kapitalis.com\/tunisie\/wp-content\/uploads\/2015\/12\/Chokri-Belaid.jpg"},{"@type":"BreadcrumbList","@id":"https:\/\/kapitalis.com\/tunisie\/2016\/04\/13\/pour-le-retrait-de-laffaire-chokri-belaid-au-juge-du-bureau-13\/#breadcrumb","itemListElement":[{"@type":"ListItem","position":1,"name":"Accueil","item":"https:\/\/kapitalis.com\/tunisie\/"},{"@type":"ListItem","position":2,"name":"Pour le retrait de l\u2019affaire Chokri Bela\u00efd au juge du Bureau 13"}]},{"@type":"WebSite","@id":"https:\/\/kapitalis.com\/tunisie\/#website","url":"https:\/\/kapitalis.com\/tunisie\/","name":"Kapitalis","description":"L&#039;actualit\u00e9 en Tunisie et dans le monde","publisher":{"@id":"https:\/\/kapitalis.com\/tunisie\/#organization"},"potentialAction":[{"@type":"SearchAction","target":{"@type":"EntryPoint","urlTemplate":"https:\/\/kapitalis.com\/tunisie\/?s={search_term_string}"},"query-input":{"@type":"PropertyValueSpecification","valueRequired":true,"valueName":"search_term_string"}}],"inLanguage":"fr-FR"},{"@type":"Organization","@id":"https:\/\/kapitalis.com\/tunisie\/#organization","name":"Kapitalis","url":"https:\/\/kapitalis.com\/tunisie\/","logo":{"@type":"ImageObject","inLanguage":"fr-FR","@id":"https:\/\/kapitalis.com\/tunisie\/#\/schema\/logo\/image\/","url":"https:\/\/kapitalis.com\/tunisie\/wp-content\/uploads\/2022\/05\/Kapitalis-big-size.png","contentUrl":"https:\/\/kapitalis.com\/tunisie\/wp-content\/uploads\/2022\/05\/Kapitalis-big-size.png","width":5000,"height":1500,"caption":"Kapitalis"},"image":{"@id":"https:\/\/kapitalis.com\/tunisie\/#\/schema\/logo\/image\/"},"sameAs":["https:\/\/www.facebook.com\/KapitalisInfo\/","https:\/\/x.com\/KapitalisInfo","https:\/\/www.youtube.com\/channel\/UC-yDYrHyfFBWWZaOw3FPg9Q"]},{"@type":"Person","@id":"https:\/\/kapitalis.com\/tunisie\/#\/schema\/person\/74bbde0154d49d790a92aaeac5bc01d5","name":"Yusra NY","url":"https:\/\/kapitalis.com\/tunisie\/author\/yuza_adam\/"}]}},"_links":{"self":[{"href":"https:\/\/kapitalis.com\/tunisie\/wp-json\/wp\/v2\/posts\/46740","targetHints":{"allow":["GET"]}}],"collection":[{"href":"https:\/\/kapitalis.com\/tunisie\/wp-json\/wp\/v2\/posts"}],"about":[{"href":"https:\/\/kapitalis.com\/tunisie\/wp-json\/wp\/v2\/types\/post"}],"author":[{"embeddable":true,"href":"https:\/\/kapitalis.com\/tunisie\/wp-json\/wp\/v2\/users\/6"}],"replies":[{"embeddable":true,"href":"https:\/\/kapitalis.com\/tunisie\/wp-json\/wp\/v2\/comments?post=46740"}],"version-history":[{"count":0,"href":"https:\/\/kapitalis.com\/tunisie\/wp-json\/wp\/v2\/posts\/46740\/revisions"}],"wp:attachment":[{"href":"https:\/\/kapitalis.com\/tunisie\/wp-json\/wp\/v2\/media?parent=46740"}],"wp:term":[{"taxonomy":"category","embeddable":true,"href":"https:\/\/kapitalis.com\/tunisie\/wp-json\/wp\/v2\/categories?post=46740"},{"taxonomy":"post_tag","embeddable":true,"href":"https:\/\/kapitalis.com\/tunisie\/wp-json\/wp\/v2\/tags?post=46740"}],"curies":[{"name":"wp","href":"https:\/\/api.w.org\/{rel}","templated":true}]}}