{"id":46806,"date":"2016-04-13T18:35:12","date_gmt":"2016-04-13T17:35:12","guid":{"rendered":"http:\/\/kapitalis.com\/tunisie\/?p=46806"},"modified":"2016-04-13T18:35:12","modified_gmt":"2016-04-13T17:35:12","slug":"linterdiction-prochaine-des-sacs-en-plastique-inquiete-les-industriels","status":"publish","type":"post","link":"https:\/\/kapitalis.com\/tunisie\/2016\/04\/13\/linterdiction-prochaine-des-sacs-en-plastique-inquiete-les-industriels\/","title":{"rendered":"L\u2019interdiction prochaine des sacs en plastique inqui\u00e8te les industriels"},"content":{"rendered":"<p><img loading=\"lazy\" decoding=\"async\" class=\"alignnone size-full wp-image-46807 aligncenter\" src=\"http:\/\/kapitalis.com\/tunisie\/wp-content\/uploads\/2016\/04\/Sacs-en-plastique.jpg\" alt=\"Sacs-en-plastique\" width=\"626\" height=\"380\" \/><br \/>\n<em><strong>L\u2019annonce du lancement d\u2019une campagne pour l\u2019interdiction de l\u2019usage des sacs en plastique n\u2019a pas manqu\u00e9 de provoquer la col\u00e8re des industriels du secteur.<\/strong> <\/em><\/p>\n<p><!--more--><\/p>\n<p>Depuis que le minist\u00e8re de l\u2019Environnement a annonc\u00e9 le lancement de cette campagne visant \u00e0 aboutir, \u00e0 terme, \u00e0 l\u2019interdiction de l\u2019utilisation des sacs en plastique, qui sont tr\u00e8s nocifs pour l\u2019environnement et polluent d\u00e9sormais les villes et les campagnes, ainsi que les for\u00eats, les rivi\u00e8res, les barrages et les plages, les membres de la Chambre nationale des industriels et transformateurs du plastique, relevant de l\u2019Utica, la centrale patronale, sont mont\u00e9s au cr\u00e9neau et font entendre leurs voix.<\/p>\n<p>Ils ont ainsi d\u00e9cid\u00e9 d\u2019observer un sit-in de protestation, le 28 avril courant, devant le si\u00e8ge du minist\u00e8re de l\u2019Environnement, pour protester contre le lancement de cette campagne <em>\u00absans concertation avec les professionnels du secteur\u00bb<\/em> (sic !).<\/p>\n<p>Le pr\u00e9sident de la chambre, Noureddine Turki, a m\u00eame cru pouvoir accuser le minist\u00e8re de l\u2019Environnement d\u2019\u00eatre le premier responsable de la pollution, car il a tir\u00e9 d\u2019\u00e9normes sommes d\u2019argent des taxes impos\u00e9s aux entreprises op\u00e9rant dans les industries plastiques, mais il les a tr\u00e8s mal utilis\u00e9es.<\/p>\n<p>Anis Gharbi, le secr\u00e9taire g\u00e9n\u00e9ral de la f\u00e9d\u00e9ration nationale de la chimie, relevant \u00e9galement de l\u2019Utica, a surench\u00e9ri, en d\u00e9clarant que l\u2019interdiction des sacs en plastique va affecter les activit\u00e9s de 120 entreprises de ce secteur qui emploient 30.000 personnes, appelant le minist\u00e8re de l\u2019Environnement \u00e0 le r\u00e9organiser et \u00e0 limiter l\u2019impact du march\u00e9 parall\u00e8le qui assure, selon lui, 80% des sacs en plastique non conformes aux normes requises.<\/p>\n<p>Certes, la voix des industriels du plastique m\u00e9rite d\u2019\u00eatre entendue et leurs dol\u00e9ances prises en compte, mais ils doivent admettre, en tant que citoyens soucieux de l\u2019environnement de leur pays et des int\u00e9r\u00eats des g\u00e9n\u00e9rations \u00e0 venir, que le recours massif aux sacs en plastique est un fl\u00e9au face auquel on ne peut plus rester les bras crois\u00e9s et que la volont\u00e9 des autorit\u00e9s publiques de pr\u00e9parer et d\u2019organiser la fin du tout plastique est d\u00e9fendable et doit \u00eatre d\u00e9fendue\u00a0et non combattue.<\/p>\n<p>Les industriels du secteur devraient travailler pour changer leur industrie et am\u00e9liorer ses process en vue de fabriquer des produits plus respectueux de la nature et de l\u2019environnement.<\/p>\n<p style=\"text-align: right;\"><strong>I. B. <\/strong><\/p>\n","protected":false},"excerpt":{"rendered":"<p>L\u2019annonce du lancement d\u2019une campagne pour l\u2019interdiction de l\u2019usage des sacs en plastique n\u2019a pas manqu\u00e9 de provoquer la col\u00e8re des industriels du secteur.<\/p>\n","protected":false},"author":8,"featured_media":46807,"comment_status":"open","ping_status":"open","sticky":false,"template":"","format":"standard","meta":{"footnotes":""},"categories":[994,2433],"tags":[16774,335,16772,732],"class_list":["post-46806","post","type-post","status-publish","format-standard","has-post-thumbnail","hentry","category-culture","category-tunisie","tag-anis-gharbi","tag-environnement","tag-industriels","tag-pollution"],"yoast_head":"<!-- This site is optimized with the Yoast SEO plugin v26.6 - https:\/\/yoast.com\/wordpress\/plugins\/seo\/ -->\n<title>L\u2019interdiction prochaine des sacs en plastique inqui\u00e8te les industriels - Kapitalis<\/title>\n<meta name=\"robots\" content=\"index, follow, max-snippet:-1, max-image-preview:large, max-video-preview:-1\" \/>\n<link rel=\"canonical\" href=\"https:\/\/kapitalis.com\/tunisie\/2016\/04\/13\/linterdiction-prochaine-des-sacs-en-plastique-inquiete-les-industriels\/\" \/>\n<meta property=\"og:locale\" content=\"fr_FR\" \/>\n<meta property=\"og:type\" content=\"article\" \/>\n<meta property=\"og:title\" content=\"L\u2019interdiction prochaine des sacs en plastique inqui\u00e8te les industriels - Kapitalis\" \/>\n<meta property=\"og:description\" content=\"L\u2019annonce du lancement d\u2019une campagne pour l\u2019interdiction de l\u2019usage des sacs en plastique n\u2019a pas manqu\u00e9 de provoquer la col\u00e8re des industriels du secteur.\" \/>\n<meta property=\"og:url\" content=\"https:\/\/kapitalis.com\/tunisie\/2016\/04\/13\/linterdiction-prochaine-des-sacs-en-plastique-inquiete-les-industriels\/\" \/>\n<meta property=\"og:site_name\" content=\"Kapitalis\" \/>\n<meta property=\"article:publisher\" content=\"https:\/\/www.facebook.com\/KapitalisInfo\/\" \/>\n<meta property=\"article:published_time\" content=\"2016-04-13T17:35:12+00:00\" \/>\n<meta property=\"og:image\" content=\"https:\/\/kapitalis.com\/tunisie\/wp-content\/uploads\/2022\/05\/kapitalis-logo-fb.png\" \/>\n\t<meta property=\"og:image:width\" content=\"1200\" \/>\n\t<meta property=\"og:image:height\" content=\"630\" \/>\n\t<meta property=\"og:image:type\" content=\"image\/png\" \/>\n<meta name=\"author\" content=\"webmaster kapitalis\" \/>\n<meta name=\"twitter:card\" content=\"summary_large_image\" \/>\n<meta name=\"twitter:creator\" content=\"@KapitalisInfo\" \/>\n<meta name=\"twitter:site\" content=\"@KapitalisInfo\" \/>\n<meta name=\"twitter:label1\" content=\"\u00c9crit par\" \/>\n\t<meta name=\"twitter:data1\" content=\"webmaster kapitalis\" \/>\n\t<meta name=\"twitter:label2\" content=\"Dur\u00e9e de lecture estim\u00e9e\" \/>\n\t<meta name=\"twitter:data2\" content=\"2 minutes\" \/>\n<script type=\"application\/ld+json\" class=\"yoast-schema-graph\">{\"@context\":\"https:\/\/schema.org\",\"@graph\":[{\"@type\":\"Article\",\"@id\":\"https:\/\/kapitalis.com\/tunisie\/2016\/04\/13\/linterdiction-prochaine-des-sacs-en-plastique-inquiete-les-industriels\/#article\",\"isPartOf\":{\"@id\":\"https:\/\/kapitalis.com\/tunisie\/2016\/04\/13\/linterdiction-prochaine-des-sacs-en-plastique-inquiete-les-industriels\/\"},\"author\":{\"name\":\"webmaster kapitalis\",\"@id\":\"https:\/\/kapitalis.com\/tunisie\/#\/schema\/person\/d71f33a9ca44f7bad4698210b480c8e9\"},\"headline\":\"L\u2019interdiction prochaine des sacs en plastique inqui\u00e8te les industriels\",\"datePublished\":\"2016-04-13T17:35:12+00:00\",\"mainEntityOfPage\":{\"@id\":\"https:\/\/kapitalis.com\/tunisie\/2016\/04\/13\/linterdiction-prochaine-des-sacs-en-plastique-inquiete-les-industriels\/\"},\"wordCount\":434,\"commentCount\":7,\"publisher\":{\"@id\":\"https:\/\/kapitalis.com\/tunisie\/#organization\"},\"image\":{\"@id\":\"https:\/\/kapitalis.com\/tunisie\/2016\/04\/13\/linterdiction-prochaine-des-sacs-en-plastique-inquiete-les-industriels\/#primaryimage\"},\"thumbnailUrl\":\"\",\"keywords\":[\"Anis Gharbi\",\"environnement\",\"industriels\",\"pollution\"],\"articleSection\":[\"CULTURE\",\"Tunisie\"],\"inLanguage\":\"fr-FR\",\"potentialAction\":[{\"@type\":\"CommentAction\",\"name\":\"Comment\",\"target\":[\"https:\/\/kapitalis.com\/tunisie\/2016\/04\/13\/linterdiction-prochaine-des-sacs-en-plastique-inquiete-les-industriels\/#respond\"]}]},{\"@type\":\"WebPage\",\"@id\":\"https:\/\/kapitalis.com\/tunisie\/2016\/04\/13\/linterdiction-prochaine-des-sacs-en-plastique-inquiete-les-industriels\/\",\"url\":\"https:\/\/kapitalis.com\/tunisie\/2016\/04\/13\/linterdiction-prochaine-des-sacs-en-plastique-inquiete-les-industriels\/\",\"name\":\"L\u2019interdiction prochaine des sacs en plastique inqui\u00e8te les industriels - Kapitalis\",\"isPartOf\":{\"@id\":\"https:\/\/kapitalis.com\/tunisie\/#website\"},\"primaryImageOfPage\":{\"@id\":\"https:\/\/kapitalis.com\/tunisie\/2016\/04\/13\/linterdiction-prochaine-des-sacs-en-plastique-inquiete-les-industriels\/#primaryimage\"},\"image\":{\"@id\":\"https:\/\/kapitalis.com\/tunisie\/2016\/04\/13\/linterdiction-prochaine-des-sacs-en-plastique-inquiete-les-industriels\/#primaryimage\"},\"thumbnailUrl\":\"\",\"datePublished\":\"2016-04-13T17:35:12+00:00\",\"breadcrumb\":{\"@id\":\"https:\/\/kapitalis.com\/tunisie\/2016\/04\/13\/linterdiction-prochaine-des-sacs-en-plastique-inquiete-les-industriels\/#breadcrumb\"},\"inLanguage\":\"fr-FR\",\"potentialAction\":[{\"@type\":\"ReadAction\",\"target\":[\"https:\/\/kapitalis.com\/tunisie\/2016\/04\/13\/linterdiction-prochaine-des-sacs-en-plastique-inquiete-les-industriels\/\"]}]},{\"@type\":\"ImageObject\",\"inLanguage\":\"fr-FR\",\"@id\":\"https:\/\/kapitalis.com\/tunisie\/2016\/04\/13\/linterdiction-prochaine-des-sacs-en-plastique-inquiete-les-industriels\/#primaryimage\",\"url\":\"\",\"contentUrl\":\"\"},{\"@type\":\"BreadcrumbList\",\"@id\":\"https:\/\/kapitalis.com\/tunisie\/2016\/04\/13\/linterdiction-prochaine-des-sacs-en-plastique-inquiete-les-industriels\/#breadcrumb\",\"itemListElement\":[{\"@type\":\"ListItem\",\"position\":1,\"name\":\"Accueil\",\"item\":\"https:\/\/kapitalis.com\/tunisie\/\"},{\"@type\":\"ListItem\",\"position\":2,\"name\":\"L\u2019interdiction prochaine des sacs en plastique inqui\u00e8te les industriels\"}]},{\"@type\":\"WebSite\",\"@id\":\"https:\/\/kapitalis.com\/tunisie\/#website\",\"url\":\"https:\/\/kapitalis.com\/tunisie\/\",\"name\":\"Kapitalis\",\"description\":\"L&#039;actualit\u00e9 en Tunisie et dans le monde\",\"publisher\":{\"@id\":\"https:\/\/kapitalis.com\/tunisie\/#organization\"},\"potentialAction\":[{\"@type\":\"SearchAction\",\"target\":{\"@type\":\"EntryPoint\",\"urlTemplate\":\"https:\/\/kapitalis.com\/tunisie\/?s={search_term_string}\"},\"query-input\":{\"@type\":\"PropertyValueSpecification\",\"valueRequired\":true,\"valueName\":\"search_term_string\"}}],\"inLanguage\":\"fr-FR\"},{\"@type\":\"Organization\",\"@id\":\"https:\/\/kapitalis.com\/tunisie\/#organization\",\"name\":\"Kapitalis\",\"url\":\"https:\/\/kapitalis.com\/tunisie\/\",\"logo\":{\"@type\":\"ImageObject\",\"inLanguage\":\"fr-FR\",\"@id\":\"https:\/\/kapitalis.com\/tunisie\/#\/schema\/logo\/image\/\",\"url\":\"https:\/\/kapitalis.com\/tunisie\/wp-content\/uploads\/2022\/05\/Kapitalis-big-size.png\",\"contentUrl\":\"https:\/\/kapitalis.com\/tunisie\/wp-content\/uploads\/2022\/05\/Kapitalis-big-size.png\",\"width\":5000,\"height\":1500,\"caption\":\"Kapitalis\"},\"image\":{\"@id\":\"https:\/\/kapitalis.com\/tunisie\/#\/schema\/logo\/image\/\"},\"sameAs\":[\"https:\/\/www.facebook.com\/KapitalisInfo\/\",\"https:\/\/x.com\/KapitalisInfo\",\"https:\/\/www.youtube.com\/channel\/UC-yDYrHyfFBWWZaOw3FPg9Q\"]},{\"@type\":\"Person\",\"@id\":\"https:\/\/kapitalis.com\/tunisie\/#\/schema\/person\/d71f33a9ca44f7bad4698210b480c8e9\",\"name\":\"webmaster kapitalis\",\"url\":\"https:\/\/kapitalis.com\/tunisie\/author\/webmaster-kapitalis\/\"}]}<\/script>\n<!-- \/ Yoast SEO plugin. -->","yoast_head_json":{"title":"L\u2019interdiction prochaine des sacs en plastique inqui\u00e8te les industriels - Kapitalis","robots":{"index":"index","follow":"follow","max-snippet":"max-snippet:-1","max-image-preview":"max-image-preview:large","max-video-preview":"max-video-preview:-1"},"canonical":"https:\/\/kapitalis.com\/tunisie\/2016\/04\/13\/linterdiction-prochaine-des-sacs-en-plastique-inquiete-les-industriels\/","og_locale":"fr_FR","og_type":"article","og_title":"L\u2019interdiction prochaine des sacs en plastique inqui\u00e8te les industriels - Kapitalis","og_description":"L\u2019annonce du lancement d\u2019une campagne pour l\u2019interdiction de l\u2019usage des sacs en plastique n\u2019a pas manqu\u00e9 de provoquer la col\u00e8re des industriels du secteur.","og_url":"https:\/\/kapitalis.com\/tunisie\/2016\/04\/13\/linterdiction-prochaine-des-sacs-en-plastique-inquiete-les-industriels\/","og_site_name":"Kapitalis","article_publisher":"https:\/\/www.facebook.com\/KapitalisInfo\/","article_published_time":"2016-04-13T17:35:12+00:00","og_image":[{"width":1200,"height":630,"url":"https:\/\/kapitalis.com\/tunisie\/wp-content\/uploads\/2022\/05\/kapitalis-logo-fb.png","type":"image\/png"}],"author":"webmaster kapitalis","twitter_card":"summary_large_image","twitter_creator":"@KapitalisInfo","twitter_site":"@KapitalisInfo","twitter_misc":{"\u00c9crit par":"webmaster kapitalis","Dur\u00e9e de lecture estim\u00e9e":"2 minutes"},"schema":{"@context":"https:\/\/schema.org","@graph":[{"@type":"Article","@id":"https:\/\/kapitalis.com\/tunisie\/2016\/04\/13\/linterdiction-prochaine-des-sacs-en-plastique-inquiete-les-industriels\/#article","isPartOf":{"@id":"https:\/\/kapitalis.com\/tunisie\/2016\/04\/13\/linterdiction-prochaine-des-sacs-en-plastique-inquiete-les-industriels\/"},"author":{"name":"webmaster kapitalis","@id":"https:\/\/kapitalis.com\/tunisie\/#\/schema\/person\/d71f33a9ca44f7bad4698210b480c8e9"},"headline":"L\u2019interdiction prochaine des sacs en plastique inqui\u00e8te les industriels","datePublished":"2016-04-13T17:35:12+00:00","mainEntityOfPage":{"@id":"https:\/\/kapitalis.com\/tunisie\/2016\/04\/13\/linterdiction-prochaine-des-sacs-en-plastique-inquiete-les-industriels\/"},"wordCount":434,"commentCount":7,"publisher":{"@id":"https:\/\/kapitalis.com\/tunisie\/#organization"},"image":{"@id":"https:\/\/kapitalis.com\/tunisie\/2016\/04\/13\/linterdiction-prochaine-des-sacs-en-plastique-inquiete-les-industriels\/#primaryimage"},"thumbnailUrl":"","keywords":["Anis Gharbi","environnement","industriels","pollution"],"articleSection":["CULTURE","Tunisie"],"inLanguage":"fr-FR","potentialAction":[{"@type":"CommentAction","name":"Comment","target":["https:\/\/kapitalis.com\/tunisie\/2016\/04\/13\/linterdiction-prochaine-des-sacs-en-plastique-inquiete-les-industriels\/#respond"]}]},{"@type":"WebPage","@id":"https:\/\/kapitalis.com\/tunisie\/2016\/04\/13\/linterdiction-prochaine-des-sacs-en-plastique-inquiete-les-industriels\/","url":"https:\/\/kapitalis.com\/tunisie\/2016\/04\/13\/linterdiction-prochaine-des-sacs-en-plastique-inquiete-les-industriels\/","name":"L\u2019interdiction prochaine des sacs en plastique inqui\u00e8te les industriels - Kapitalis","isPartOf":{"@id":"https:\/\/kapitalis.com\/tunisie\/#website"},"primaryImageOfPage":{"@id":"https:\/\/kapitalis.com\/tunisie\/2016\/04\/13\/linterdiction-prochaine-des-sacs-en-plastique-inquiete-les-industriels\/#primaryimage"},"image":{"@id":"https:\/\/kapitalis.com\/tunisie\/2016\/04\/13\/linterdiction-prochaine-des-sacs-en-plastique-inquiete-les-industriels\/#primaryimage"},"thumbnailUrl":"","datePublished":"2016-04-13T17:35:12+00:00","breadcrumb":{"@id":"https:\/\/kapitalis.com\/tunisie\/2016\/04\/13\/linterdiction-prochaine-des-sacs-en-plastique-inquiete-les-industriels\/#breadcrumb"},"inLanguage":"fr-FR","potentialAction":[{"@type":"ReadAction","target":["https:\/\/kapitalis.com\/tunisie\/2016\/04\/13\/linterdiction-prochaine-des-sacs-en-plastique-inquiete-les-industriels\/"]}]},{"@type":"ImageObject","inLanguage":"fr-FR","@id":"https:\/\/kapitalis.com\/tunisie\/2016\/04\/13\/linterdiction-prochaine-des-sacs-en-plastique-inquiete-les-industriels\/#primaryimage","url":"","contentUrl":""},{"@type":"BreadcrumbList","@id":"https:\/\/kapitalis.com\/tunisie\/2016\/04\/13\/linterdiction-prochaine-des-sacs-en-plastique-inquiete-les-industriels\/#breadcrumb","itemListElement":[{"@type":"ListItem","position":1,"name":"Accueil","item":"https:\/\/kapitalis.com\/tunisie\/"},{"@type":"ListItem","position":2,"name":"L\u2019interdiction prochaine des sacs en plastique inqui\u00e8te les industriels"}]},{"@type":"WebSite","@id":"https:\/\/kapitalis.com\/tunisie\/#website","url":"https:\/\/kapitalis.com\/tunisie\/","name":"Kapitalis","description":"L&#039;actualit\u00e9 en Tunisie et dans le monde","publisher":{"@id":"https:\/\/kapitalis.com\/tunisie\/#organization"},"potentialAction":[{"@type":"SearchAction","target":{"@type":"EntryPoint","urlTemplate":"https:\/\/kapitalis.com\/tunisie\/?s={search_term_string}"},"query-input":{"@type":"PropertyValueSpecification","valueRequired":true,"valueName":"search_term_string"}}],"inLanguage":"fr-FR"},{"@type":"Organization","@id":"https:\/\/kapitalis.com\/tunisie\/#organization","name":"Kapitalis","url":"https:\/\/kapitalis.com\/tunisie\/","logo":{"@type":"ImageObject","inLanguage":"fr-FR","@id":"https:\/\/kapitalis.com\/tunisie\/#\/schema\/logo\/image\/","url":"https:\/\/kapitalis.com\/tunisie\/wp-content\/uploads\/2022\/05\/Kapitalis-big-size.png","contentUrl":"https:\/\/kapitalis.com\/tunisie\/wp-content\/uploads\/2022\/05\/Kapitalis-big-size.png","width":5000,"height":1500,"caption":"Kapitalis"},"image":{"@id":"https:\/\/kapitalis.com\/tunisie\/#\/schema\/logo\/image\/"},"sameAs":["https:\/\/www.facebook.com\/KapitalisInfo\/","https:\/\/x.com\/KapitalisInfo","https:\/\/www.youtube.com\/channel\/UC-yDYrHyfFBWWZaOw3FPg9Q"]},{"@type":"Person","@id":"https:\/\/kapitalis.com\/tunisie\/#\/schema\/person\/d71f33a9ca44f7bad4698210b480c8e9","name":"webmaster kapitalis","url":"https:\/\/kapitalis.com\/tunisie\/author\/webmaster-kapitalis\/"}]}},"_links":{"self":[{"href":"https:\/\/kapitalis.com\/tunisie\/wp-json\/wp\/v2\/posts\/46806","targetHints":{"allow":["GET"]}}],"collection":[{"href":"https:\/\/kapitalis.com\/tunisie\/wp-json\/wp\/v2\/posts"}],"about":[{"href":"https:\/\/kapitalis.com\/tunisie\/wp-json\/wp\/v2\/types\/post"}],"author":[{"embeddable":true,"href":"https:\/\/kapitalis.com\/tunisie\/wp-json\/wp\/v2\/users\/8"}],"replies":[{"embeddable":true,"href":"https:\/\/kapitalis.com\/tunisie\/wp-json\/wp\/v2\/comments?post=46806"}],"version-history":[{"count":0,"href":"https:\/\/kapitalis.com\/tunisie\/wp-json\/wp\/v2\/posts\/46806\/revisions"}],"wp:featuredmedia":[{"embeddable":true,"href":"https:\/\/kapitalis.com\/tunisie\/wp-json\/wp\/v2\/media\/46807"}],"wp:attachment":[{"href":"https:\/\/kapitalis.com\/tunisie\/wp-json\/wp\/v2\/media?parent=46806"}],"wp:term":[{"taxonomy":"category","embeddable":true,"href":"https:\/\/kapitalis.com\/tunisie\/wp-json\/wp\/v2\/categories?post=46806"},{"taxonomy":"post_tag","embeddable":true,"href":"https:\/\/kapitalis.com\/tunisie\/wp-json\/wp\/v2\/tags?post=46806"}],"curies":[{"name":"wp","href":"https:\/\/api.w.org\/{rel}","templated":true}]}}