{"id":46848,"date":"2016-04-14T10:27:25","date_gmt":"2016-04-14T09:27:25","guid":{"rendered":"http:\/\/kapitalis.com\/tunisie\/?p=46848"},"modified":"2016-04-14T12:22:32","modified_gmt":"2016-04-14T11:22:32","slug":"que-peut-on-attendre-de-la-visite-de-caid-essebsi-au-qatar","status":"publish","type":"post","link":"https:\/\/kapitalis.com\/tunisie\/2016\/04\/14\/que-peut-on-attendre-de-la-visite-de-caid-essebsi-au-qatar\/","title":{"rendered":"Que peut-on attendre de la visite de Ca\u00efd Essebsi au Qatar?"},"content":{"rendered":"<p><img loading=\"lazy\" decoding=\"async\" class=\"alignnone size-full wp-image-46849 aligncenter\" src=\"http:\/\/kapitalis.com\/tunisie\/wp-content\/uploads\/2016\/04\/Emir-du-Qatar-et-Beji-Caid-Essebsi.jpg\" alt=\"Emir-du-Qatar-et-Beji-Caid-Essebsi\" width=\"626\" height=\"380\" \/><\/p>\n<p><em><strong>Que peuvent partager, comme valeurs et int\u00e9r\u00eats communs, un Etat salafiste, source de terrorisme mondial, comme le Qatar, et un Etat se disant moderniste et d\u00e9mocratique comme la Tunisie ?<\/strong><\/em><\/p>\n<p>Par <strong>Yassine Essid<\/strong><\/p>\n<p><!--more--><\/p>\n<p>B\u00e9ji Ca\u00efd Essebsi entreprendra une visite au Qatar le mois de mai prochain. Un non-\u00e9v\u00e9nement en apparence, compte tenu de ses nombreuses et vaines p\u00e9r\u00e9grinations d\u00e9j\u00e0 accomplies \u00e0 l\u2019\u00e9tranger.<\/p>\n<p>Ce d\u00e9placement rev\u00eat cependant un int\u00e9r\u00eat particulier car il s\u2019agit cette fois du Qatar, cet \u00e9mirat dans la p\u00e9ninsule Arabique dirig\u00e9 par des potentats install\u00e9s dans les temps morts de l\u2019histoire et dont le potentiel de nuisance est d\u2019ores et d\u00e9j\u00e0 bien \u00e9tabli. Mais, comme nous vivons dans un pays financi\u00e8rement aux abois, qui continue de r\u00e9clamer de l\u2019aide et qui vit sous le diktat du travestissement et de la manipulation de la r\u00e9alit\u00e9, la visite du pr\u00e9sident de la r\u00e9publique, traduite en langage diplomatique, n\u2019aurait pour objet que de glorifier une fois de plus l\u2019amiti\u00e9 et la fraternit\u00e9 tuniso-qataries, bien qu\u2019elle ne soit en fait qu\u2019une \u00e9ni\u00e8me tentative d\u2019obtenir des faveurs avec l\u2019espoir que cette fois les princes du Qatar seront plus g\u00e9n\u00e9reux que ceux d\u2019Arabie.<\/p>\n<p>Au cas o\u00f9 le chef de l\u2019Etat se retrouverait \u00e0 court de sujets de conversation avec ses h\u00f4tes qataris, ses conseill\u00e8res et conseillers, aux jolies mines riantes et fut\u00e9es, pourraient toujours lui fournir, sous la forme d\u2019un aide-m\u00e9moire, les moyens d\u2019\u00e9laborer une approche diff\u00e9rente des choses. Ce guide pratique lui rappellera en pr\u00e9ambule que le monde a beaucoup chang\u00e9 et qu\u2019il devra agir sur lui-m\u00eame et sauver ainsi son image et ses propensions de vieux cacique de l\u2019ancien r\u00e9gime reconvertie \u00e0 la d\u00e9mocratie. Qu\u2019en tant que pr\u00e9sident d\u2019un Etat de droit, cens\u00e9 adh\u00e9rer aux principes de libert\u00e9 et de justice auxquels participent la plupart des pays modernes, il doit, quitte \u00e0 bousculer certains usages et protocoles, exprimer \u00e0 ses interlocuteurs enturbann\u00e9s, r\u00e9put\u00e9s pour leur susceptibilit\u00e9 \u00e9pouvantable, toute son indignation quant \u00e0 la maltraitance des travailleurs \u00e9trangers des chantiers de la Coupe du monde de football au Qatar pr\u00e9vue en 2022. Il les invitera \u00e0 mettre en place des r\u00e9formes du march\u00e9 du travail pour prot\u00e9ger les migrants comme ils l\u2019on d\u00e9j\u00e0 fait en 2015 en abolissant cette forme d\u2019esclavage moderne qu\u2019\u00e9tait le r\u00e9gime de la <em>kafala<\/em>.<\/p>\n<p><strong>Le premier sponsor du terrorisme international<\/strong><\/p>\n<p>Cela \u00e9tant, comme dirigeant d\u2019un pays qui n\u2019arr\u00eate pas de subir les attentats terroristes, le chef de l\u2019Etat ne doit pas \u00e9luder non plus la question des financements op\u00e9r\u00e9s par l\u2019\u00e9mirat dans ce domaine. En effet, dans la strat\u00e9gie d&rsquo;influence et le jeu subtil de sa diplomatie, consistant \u00e0 \u00eatre dans tous les camps en m\u00eame temps, la richissime monarchie absolue a fait preuve d&rsquo;un consid\u00e9rable z\u00e8le en devenant le premier sponsor du terrorisme international. C\u2019est qu\u2019il y a deux visages dans la g\u00e9n\u00e9rosit\u00e9 du Qatar. D\u2019abord celui d\u2019un pays qui consid\u00e8re l\u2019Occident comme un march\u00e9 pour ses exc\u00e9dents de tr\u00e9sorerie, acqu\u00e9rant \u00e0 tour de bras immeubles luxueux, grands magasins, h\u00f4tels prestigieux, clubs de football, droits de retransmission des marches et des parts dans les plus grandes et les plus prosp\u00e8res entreprises.<\/p>\n<p>Vient ensuite un autre type de g\u00e9n\u00e9rosit\u00e9 qui se r\u00e9sume en aide financi\u00e8re et en livraison d\u2019armements aux mouvements jihadistes que nous combattons. Rappelons \u00e0 ce propos le r\u00f4le jou\u00e9 par les forces sp\u00e9ciales du Qatar dans la chute du r\u00e9gime libyen, dans la guerre civile de Syrie pour dominer alors l\u2019opposition, le plein soutien \u00e0 la Turquie contre les rebelles kurdes du PKK dans le nord de l&rsquo;Irak et ses liens avec les nombreux mouvements jihadistes tels les insurg\u00e9s touareg du MNLA, les mouvements Ans\u00e2r D\u00een, l\u2019Aqmi, le Mujao (jihad en Afrique de l&rsquo;Ouest), l\u2019Etat islamique (Daech), financ\u00e9 \u00e0 hauteur de quatre milliards de dollars, en m\u00eame temps que le Front Al-Nosra pourtant inscrit sur la liste noire des terroristes de Washington, s\u00e9par\u00e9 aujourd\u2019hui de Daech. L\u2019implication du Qatar dans la prolif\u00e9ration de ces organisations n\u2019est pourtant un secret pour personne. Ces g\u00e9n\u00e9reux donateurs ne soutiennent pas uniquement le d\u00e9veloppement \u00e9conomique et social, mais leurs largesses sont aussi cyniquement destructrices et macabres.<\/p>\n<p style=\"text-align: center;\"><img loading=\"lazy\" decoding=\"async\" class=\"alignnone size-full wp-image-14220\" src=\"http:\/\/kapitalis.com\/tunisie\/wp-content\/uploads\/2015\/09\/Daech-Libye-2.jpg\" alt=\"Daech-Libye-2\" width=\"500\" height=\"350\" \/><\/p>\n<p style=\"text-align: center;\"><em>L&rsquo;appui du Qatar aux extr\u00e9mistes religieux et aux terroristes, m\u00eame en Tunisie,\u00a0\u00a0est de notori\u00e9t\u00e9 public.<\/em><\/p>\n<p><strong>Hypocrisie et mensonge de part et d\u2019autre <\/strong><\/p>\n<p>Evidemment, B\u00e9ji Ca\u00efd Essebsi n\u2019ignore rien de tout cela. Certes il y a bien eu les victimes du Bardo, de Sousse, la mort des dizaines de soldats et de policiers mais, dans la mesure o\u00f9 le Qatar pourrait assurer nos fins de mois, nous refuserons d\u2019y voir les preuves irr\u00e9futables de l\u2019engagement de la principaut\u00e9 p\u00e9troli\u00e8re dans ces \u00e9v\u00e9nements. L\u2019hypocrisie et le mensonge de part et d\u2019autre demeureront la r\u00e8gle diplomatique incontournable.<\/p>\n<p>La Tunisie a longtemps respect\u00e9 une certaine continuit\u00e9 dans sa politique \u00e9trang\u00e8re. Le pr\u00e9sident de la r\u00e9publique se r\u00e9servait une enti\u00e8re marge de d\u00e9cision et les Affaires \u00e9trang\u00e8res. Elles \u00e9taient soumises au syst\u00e8me de domination personnelle d\u00e9finissant les orientations diplomatiques, d\u00e9nu\u00e9es de toute sophistication et fond\u00e9es sur la bonne entente avec les pays voisins par l&rsquo;\u00e9limination de toute difficult\u00e9 autour de soi. Certes, on peut relever, ici ou l\u00e0, de rares flamb\u00e9es d&rsquo;excitation, mais la ligne restait g\u00e9n\u00e9ralement la m\u00eame: assurer d&rsquo;une mani\u00e8re ou d&rsquo;une autre la paix int\u00e9rieure et ext\u00e9rieure.<\/p>\n<p>Du moment que nous sommes dans l\u2019instrumentalisation de la m\u00e9moire, citons dans ce domaine la politique \u00e9trang\u00e8re de Bourguiba devenu subitement un personnage d\u00e9mocratiquement compatible qui permet \u00e0 tout le monde de se r\u00e9clamer de lui, y compris ses adversaires d\u2019hier les plus acharn\u00e9s.<\/p>\n<p>En politique \u00e9trang\u00e8re il faut savoir gr\u00e9 au <em>\u00abCombattant supr\u00eame\u00bb<\/em> de s\u2019\u00eatre distingu\u00e9 par sa puissante qu\u00eate d&rsquo;autonomie. Car Bourguiba a toujours \u00e9t\u00e9 convaincu de la duplicit\u00e9 de ces Etats arabes du Golfe et leurs alli\u00e9s du Proche-Orient. Il voyait en eux des adeptes du double langage, de l\u2019hypocrisie, ayant tiss\u00e9 un \u00e9cran de mensonges qui les a rendus aveugles \u00e0 la r\u00e9alit\u00e9 du monde qui les entourait.<\/p>\n<p>Tyranniques, intol\u00e9rants, pratiquant la s\u00e9gr\u00e9gation des sexes tout en dilapidant leurs richesses pour financer et assouvir leur soif de consommation. Leur id\u00e9ologie, aujourd\u2019hui soutenue violemment par Daech, les poussait \u00e0 consid\u00e9rer \u00e0 l\u2019\u00e9poque les Tunisiens comme un peuple dont la foi \u00e9tait incertaine, \u00e0 peine musulman. La la\u00efcit\u00e9, la libert\u00e9 de conscience l\u2019\u00e9galit\u00e9 hommes\/femmes, la th\u00e9orie darwiniste de l\u2019\u00e9volution, la tol\u00e9rance et l\u2019humanisme, la mixit\u00e9 et la pratique des arts ne pouvaient que les transformer en ennemis d\u2019Allah. Des d\u00e9cennies plus tard, tous les gouvernements, y compris les islamistes, qui croyaient poss\u00e9der les qualifications requises par mettre en avant leur statut d\u2019int\u00e9gristes afin de s\u00e9duire les monarchies du Golfe et b\u00e9n\u00e9ficier de leurs largesses, se sont vus oppos\u00e9s un niet cat\u00e9gorique.<\/p>\n<p><strong>Une ing\u00e9rence de plus en plus pesante <\/strong><\/p>\n<p>A ce propos, et dans le registre des rapports entre Etats, comment d\u00e9finir les liens franchement ambigus entre le Qatar et la Tunisie? Par la coop\u00e9ration ? Un terme fourre-tout qui encadre parfois les relations entre Etats mais dans un esprit d\u2019\u00e9galit\u00e9, de libert\u00e9 et d\u2019\u00e9quit\u00e9. Ce qui est loin d\u2019\u00eatre le cas.<\/p>\n<p>La solidarit\u00e9 peut-\u00eatre? Mais elle renvoie au souci de celui qui est log\u00e9 \u00e0 la m\u00eame enseigne que soi, li\u00e9 par un m\u00eame destin \u00e0 porter, un m\u00eame mal \u00e0 affronter, un m\u00eame risque \u00e0 prendre ensemble.<\/p>\n<p>L\u2019amiti\u00e9 ? Une notion trop vague, trop contraignante car elle implique obligatoirement l\u2019existence d\u2019affinit\u00e9s, le partage de valeurs morales et d&rsquo;int\u00e9r\u00eats communs entre un Etat salafiste, source de terrorisme mondial, et un Etat moderniste et d\u00e9mocratique.<\/p>\n<p>Alors pourquoi pas l\u2019entraide? Un concept \u00e9conomique de l&rsquo;\u00e9change r\u00e9ciproque et volontaire de ressources et de services au profit des deux pays.<br \/>\nOsons une proposition afin de rendre l\u2019ing\u00e9rence, de plus en plus pesante du Qatar dans nos affaires plus convenable. Puisque la souverainet\u00e9 n\u2019implique plus d\u00e9sormais l\u2019ind\u00e9pendance pourquoi ne pas formaliser cette intimit\u00e9 suspecte en acqu\u00e9rant, pendant qu\u2019il est encore temps, le statut d\u2019Etat f\u00e9d\u00e9r\u00e9 au Qatar? Nous mettrons alors en commun nos ressources, nos ressortissants seraient consid\u00e9r\u00e9s d\u00e8s lors comme dot\u00e9s d&rsquo;une double citoyennet\u00e9 et d&rsquo;une double loyaut\u00e9. Les Tunisiens resteront responsables de leur politique int\u00e9rieure et conseilleront le Qatar dans la conduite de ses affaires. Ainsi, la charit\u00e9 qui humilie et offense n\u2019aurait plus lieu d\u2019\u00eatre et Si El-B\u00e9ji recouvrira d\u00e8s lors l\u2019entier exercice de son autorit\u00e9 sur la politique \u00e9trang\u00e8re du pays.<\/p>\n","protected":false},"excerpt":{"rendered":"<p>Que peuvent partager, comme valeurs et int\u00e9r\u00eats communs, un Etat salafiste, source de terrorisme mondial, comme le Qatar, et un Etat se disant moderniste et d\u00e9mocratique comme la Tunisie ? Par Yassine Essid<\/p>\n","protected":false},"author":8,"featured_media":46849,"comment_status":"open","ping_status":"open","sticky":false,"template":"","format":"standard","meta":{"footnotes":""},"categories":[992,997,2433],"tags":[163,258,15060,756,1911,897,11253],"class_list":["post-46848","post","type-post","status-publish","format-standard","has-post-thumbnail","hentry","category-a-la-une","category-politique","category-tunisie","tag-bourguiba","tag-daech","tag-monarchies-du-golfe","tag-qatar","tag-salafistes","tag-terrorisme","tag-wahhabites"],"yoast_head":"<!-- This site is optimized with the Yoast SEO plugin v26.6 - https:\/\/yoast.com\/wordpress\/plugins\/seo\/ -->\n<title>Que peut-on attendre de la visite de Ca\u00efd Essebsi au Qatar? - Kapitalis<\/title>\n<meta name=\"robots\" content=\"index, follow, max-snippet:-1, max-image-preview:large, max-video-preview:-1\" \/>\n<link rel=\"canonical\" href=\"https:\/\/kapitalis.com\/tunisie\/2016\/04\/14\/que-peut-on-attendre-de-la-visite-de-caid-essebsi-au-qatar\/\" \/>\n<meta property=\"og:locale\" content=\"fr_FR\" \/>\n<meta property=\"og:type\" content=\"article\" \/>\n<meta property=\"og:title\" content=\"Que peut-on attendre de la visite de Ca\u00efd Essebsi au Qatar? - Kapitalis\" \/>\n<meta property=\"og:description\" content=\"Que peuvent partager, comme valeurs et int\u00e9r\u00eats communs, un Etat salafiste, source de terrorisme mondial, comme le Qatar, et un Etat se disant moderniste et d\u00e9mocratique comme la Tunisie ? Par Yassine Essid\" \/>\n<meta property=\"og:url\" content=\"https:\/\/kapitalis.com\/tunisie\/2016\/04\/14\/que-peut-on-attendre-de-la-visite-de-caid-essebsi-au-qatar\/\" \/>\n<meta property=\"og:site_name\" content=\"Kapitalis\" \/>\n<meta property=\"article:publisher\" content=\"https:\/\/www.facebook.com\/KapitalisInfo\/\" \/>\n<meta property=\"article:published_time\" content=\"2016-04-14T09:27:25+00:00\" \/>\n<meta property=\"article:modified_time\" content=\"2016-04-14T11:22:32+00:00\" \/>\n<meta property=\"og:image\" content=\"https:\/\/kapitalis.com\/tunisie\/wp-content\/uploads\/2022\/05\/kapitalis-logo-fb.png\" \/>\n\t<meta property=\"og:image:width\" content=\"1200\" \/>\n\t<meta property=\"og:image:height\" content=\"630\" \/>\n\t<meta property=\"og:image:type\" content=\"image\/png\" \/>\n<meta name=\"author\" content=\"webmaster kapitalis\" \/>\n<meta name=\"twitter:card\" content=\"summary_large_image\" \/>\n<meta name=\"twitter:creator\" content=\"@KapitalisInfo\" \/>\n<meta name=\"twitter:site\" content=\"@KapitalisInfo\" \/>\n<meta name=\"twitter:label1\" content=\"\u00c9crit par\" \/>\n\t<meta name=\"twitter:data1\" content=\"webmaster kapitalis\" \/>\n\t<meta name=\"twitter:label2\" content=\"Dur\u00e9e de lecture estim\u00e9e\" \/>\n\t<meta name=\"twitter:data2\" content=\"8 minutes\" \/>\n<script type=\"application\/ld+json\" class=\"yoast-schema-graph\">{\"@context\":\"https:\/\/schema.org\",\"@graph\":[{\"@type\":\"Article\",\"@id\":\"https:\/\/kapitalis.com\/tunisie\/2016\/04\/14\/que-peut-on-attendre-de-la-visite-de-caid-essebsi-au-qatar\/#article\",\"isPartOf\":{\"@id\":\"https:\/\/kapitalis.com\/tunisie\/2016\/04\/14\/que-peut-on-attendre-de-la-visite-de-caid-essebsi-au-qatar\/\"},\"author\":{\"name\":\"webmaster kapitalis\",\"@id\":\"https:\/\/kapitalis.com\/tunisie\/#\/schema\/person\/d71f33a9ca44f7bad4698210b480c8e9\"},\"headline\":\"Que peut-on attendre de la visite de Ca\u00efd Essebsi au Qatar?\",\"datePublished\":\"2016-04-14T09:27:25+00:00\",\"dateModified\":\"2016-04-14T11:22:32+00:00\",\"mainEntityOfPage\":{\"@id\":\"https:\/\/kapitalis.com\/tunisie\/2016\/04\/14\/que-peut-on-attendre-de-la-visite-de-caid-essebsi-au-qatar\/\"},\"wordCount\":1580,\"commentCount\":17,\"publisher\":{\"@id\":\"https:\/\/kapitalis.com\/tunisie\/#organization\"},\"image\":{\"@id\":\"https:\/\/kapitalis.com\/tunisie\/2016\/04\/14\/que-peut-on-attendre-de-la-visite-de-caid-essebsi-au-qatar\/#primaryimage\"},\"thumbnailUrl\":\"\",\"keywords\":[\"Bourguiba\",\"Daech\",\"monarchies du Golfe\",\"Qatar\",\"salafistes\",\"terrorisme\",\"wahhabites\"],\"articleSection\":[\"A LA UNE\",\"POLITIQUE\",\"Tunisie\"],\"inLanguage\":\"fr-FR\",\"potentialAction\":[{\"@type\":\"CommentAction\",\"name\":\"Comment\",\"target\":[\"https:\/\/kapitalis.com\/tunisie\/2016\/04\/14\/que-peut-on-attendre-de-la-visite-de-caid-essebsi-au-qatar\/#respond\"]}]},{\"@type\":\"WebPage\",\"@id\":\"https:\/\/kapitalis.com\/tunisie\/2016\/04\/14\/que-peut-on-attendre-de-la-visite-de-caid-essebsi-au-qatar\/\",\"url\":\"https:\/\/kapitalis.com\/tunisie\/2016\/04\/14\/que-peut-on-attendre-de-la-visite-de-caid-essebsi-au-qatar\/\",\"name\":\"Que peut-on attendre de la visite de Ca\u00efd Essebsi au Qatar? - Kapitalis\",\"isPartOf\":{\"@id\":\"https:\/\/kapitalis.com\/tunisie\/#website\"},\"primaryImageOfPage\":{\"@id\":\"https:\/\/kapitalis.com\/tunisie\/2016\/04\/14\/que-peut-on-attendre-de-la-visite-de-caid-essebsi-au-qatar\/#primaryimage\"},\"image\":{\"@id\":\"https:\/\/kapitalis.com\/tunisie\/2016\/04\/14\/que-peut-on-attendre-de-la-visite-de-caid-essebsi-au-qatar\/#primaryimage\"},\"thumbnailUrl\":\"\",\"datePublished\":\"2016-04-14T09:27:25+00:00\",\"dateModified\":\"2016-04-14T11:22:32+00:00\",\"breadcrumb\":{\"@id\":\"https:\/\/kapitalis.com\/tunisie\/2016\/04\/14\/que-peut-on-attendre-de-la-visite-de-caid-essebsi-au-qatar\/#breadcrumb\"},\"inLanguage\":\"fr-FR\",\"potentialAction\":[{\"@type\":\"ReadAction\",\"target\":[\"https:\/\/kapitalis.com\/tunisie\/2016\/04\/14\/que-peut-on-attendre-de-la-visite-de-caid-essebsi-au-qatar\/\"]}]},{\"@type\":\"ImageObject\",\"inLanguage\":\"fr-FR\",\"@id\":\"https:\/\/kapitalis.com\/tunisie\/2016\/04\/14\/que-peut-on-attendre-de-la-visite-de-caid-essebsi-au-qatar\/#primaryimage\",\"url\":\"\",\"contentUrl\":\"\"},{\"@type\":\"BreadcrumbList\",\"@id\":\"https:\/\/kapitalis.com\/tunisie\/2016\/04\/14\/que-peut-on-attendre-de-la-visite-de-caid-essebsi-au-qatar\/#breadcrumb\",\"itemListElement\":[{\"@type\":\"ListItem\",\"position\":1,\"name\":\"Accueil\",\"item\":\"https:\/\/kapitalis.com\/tunisie\/\"},{\"@type\":\"ListItem\",\"position\":2,\"name\":\"Que peut-on attendre de la visite de Ca\u00efd Essebsi au Qatar?\"}]},{\"@type\":\"WebSite\",\"@id\":\"https:\/\/kapitalis.com\/tunisie\/#website\",\"url\":\"https:\/\/kapitalis.com\/tunisie\/\",\"name\":\"Kapitalis\",\"description\":\"L&#039;actualit\u00e9 en Tunisie et dans le monde\",\"publisher\":{\"@id\":\"https:\/\/kapitalis.com\/tunisie\/#organization\"},\"potentialAction\":[{\"@type\":\"SearchAction\",\"target\":{\"@type\":\"EntryPoint\",\"urlTemplate\":\"https:\/\/kapitalis.com\/tunisie\/?s={search_term_string}\"},\"query-input\":{\"@type\":\"PropertyValueSpecification\",\"valueRequired\":true,\"valueName\":\"search_term_string\"}}],\"inLanguage\":\"fr-FR\"},{\"@type\":\"Organization\",\"@id\":\"https:\/\/kapitalis.com\/tunisie\/#organization\",\"name\":\"Kapitalis\",\"url\":\"https:\/\/kapitalis.com\/tunisie\/\",\"logo\":{\"@type\":\"ImageObject\",\"inLanguage\":\"fr-FR\",\"@id\":\"https:\/\/kapitalis.com\/tunisie\/#\/schema\/logo\/image\/\",\"url\":\"https:\/\/kapitalis.com\/tunisie\/wp-content\/uploads\/2022\/05\/Kapitalis-big-size.png\",\"contentUrl\":\"https:\/\/kapitalis.com\/tunisie\/wp-content\/uploads\/2022\/05\/Kapitalis-big-size.png\",\"width\":5000,\"height\":1500,\"caption\":\"Kapitalis\"},\"image\":{\"@id\":\"https:\/\/kapitalis.com\/tunisie\/#\/schema\/logo\/image\/\"},\"sameAs\":[\"https:\/\/www.facebook.com\/KapitalisInfo\/\",\"https:\/\/x.com\/KapitalisInfo\",\"https:\/\/www.youtube.com\/channel\/UC-yDYrHyfFBWWZaOw3FPg9Q\"]},{\"@type\":\"Person\",\"@id\":\"https:\/\/kapitalis.com\/tunisie\/#\/schema\/person\/d71f33a9ca44f7bad4698210b480c8e9\",\"name\":\"webmaster kapitalis\",\"url\":\"https:\/\/kapitalis.com\/tunisie\/author\/webmaster-kapitalis\/\"}]}<\/script>\n<!-- \/ Yoast SEO plugin. -->","yoast_head_json":{"title":"Que peut-on attendre de la visite de Ca\u00efd Essebsi au Qatar? - Kapitalis","robots":{"index":"index","follow":"follow","max-snippet":"max-snippet:-1","max-image-preview":"max-image-preview:large","max-video-preview":"max-video-preview:-1"},"canonical":"https:\/\/kapitalis.com\/tunisie\/2016\/04\/14\/que-peut-on-attendre-de-la-visite-de-caid-essebsi-au-qatar\/","og_locale":"fr_FR","og_type":"article","og_title":"Que peut-on attendre de la visite de Ca\u00efd Essebsi au Qatar? - Kapitalis","og_description":"Que peuvent partager, comme valeurs et int\u00e9r\u00eats communs, un Etat salafiste, source de terrorisme mondial, comme le Qatar, et un Etat se disant moderniste et d\u00e9mocratique comme la Tunisie ? Par Yassine Essid","og_url":"https:\/\/kapitalis.com\/tunisie\/2016\/04\/14\/que-peut-on-attendre-de-la-visite-de-caid-essebsi-au-qatar\/","og_site_name":"Kapitalis","article_publisher":"https:\/\/www.facebook.com\/KapitalisInfo\/","article_published_time":"2016-04-14T09:27:25+00:00","article_modified_time":"2016-04-14T11:22:32+00:00","og_image":[{"width":1200,"height":630,"url":"https:\/\/kapitalis.com\/tunisie\/wp-content\/uploads\/2022\/05\/kapitalis-logo-fb.png","type":"image\/png"}],"author":"webmaster kapitalis","twitter_card":"summary_large_image","twitter_creator":"@KapitalisInfo","twitter_site":"@KapitalisInfo","twitter_misc":{"\u00c9crit par":"webmaster kapitalis","Dur\u00e9e de lecture estim\u00e9e":"8 minutes"},"schema":{"@context":"https:\/\/schema.org","@graph":[{"@type":"Article","@id":"https:\/\/kapitalis.com\/tunisie\/2016\/04\/14\/que-peut-on-attendre-de-la-visite-de-caid-essebsi-au-qatar\/#article","isPartOf":{"@id":"https:\/\/kapitalis.com\/tunisie\/2016\/04\/14\/que-peut-on-attendre-de-la-visite-de-caid-essebsi-au-qatar\/"},"author":{"name":"webmaster kapitalis","@id":"https:\/\/kapitalis.com\/tunisie\/#\/schema\/person\/d71f33a9ca44f7bad4698210b480c8e9"},"headline":"Que peut-on attendre de la visite de Ca\u00efd Essebsi au Qatar?","datePublished":"2016-04-14T09:27:25+00:00","dateModified":"2016-04-14T11:22:32+00:00","mainEntityOfPage":{"@id":"https:\/\/kapitalis.com\/tunisie\/2016\/04\/14\/que-peut-on-attendre-de-la-visite-de-caid-essebsi-au-qatar\/"},"wordCount":1580,"commentCount":17,"publisher":{"@id":"https:\/\/kapitalis.com\/tunisie\/#organization"},"image":{"@id":"https:\/\/kapitalis.com\/tunisie\/2016\/04\/14\/que-peut-on-attendre-de-la-visite-de-caid-essebsi-au-qatar\/#primaryimage"},"thumbnailUrl":"","keywords":["Bourguiba","Daech","monarchies du Golfe","Qatar","salafistes","terrorisme","wahhabites"],"articleSection":["A LA UNE","POLITIQUE","Tunisie"],"inLanguage":"fr-FR","potentialAction":[{"@type":"CommentAction","name":"Comment","target":["https:\/\/kapitalis.com\/tunisie\/2016\/04\/14\/que-peut-on-attendre-de-la-visite-de-caid-essebsi-au-qatar\/#respond"]}]},{"@type":"WebPage","@id":"https:\/\/kapitalis.com\/tunisie\/2016\/04\/14\/que-peut-on-attendre-de-la-visite-de-caid-essebsi-au-qatar\/","url":"https:\/\/kapitalis.com\/tunisie\/2016\/04\/14\/que-peut-on-attendre-de-la-visite-de-caid-essebsi-au-qatar\/","name":"Que peut-on attendre de la visite de Ca\u00efd Essebsi au Qatar? - Kapitalis","isPartOf":{"@id":"https:\/\/kapitalis.com\/tunisie\/#website"},"primaryImageOfPage":{"@id":"https:\/\/kapitalis.com\/tunisie\/2016\/04\/14\/que-peut-on-attendre-de-la-visite-de-caid-essebsi-au-qatar\/#primaryimage"},"image":{"@id":"https:\/\/kapitalis.com\/tunisie\/2016\/04\/14\/que-peut-on-attendre-de-la-visite-de-caid-essebsi-au-qatar\/#primaryimage"},"thumbnailUrl":"","datePublished":"2016-04-14T09:27:25+00:00","dateModified":"2016-04-14T11:22:32+00:00","breadcrumb":{"@id":"https:\/\/kapitalis.com\/tunisie\/2016\/04\/14\/que-peut-on-attendre-de-la-visite-de-caid-essebsi-au-qatar\/#breadcrumb"},"inLanguage":"fr-FR","potentialAction":[{"@type":"ReadAction","target":["https:\/\/kapitalis.com\/tunisie\/2016\/04\/14\/que-peut-on-attendre-de-la-visite-de-caid-essebsi-au-qatar\/"]}]},{"@type":"ImageObject","inLanguage":"fr-FR","@id":"https:\/\/kapitalis.com\/tunisie\/2016\/04\/14\/que-peut-on-attendre-de-la-visite-de-caid-essebsi-au-qatar\/#primaryimage","url":"","contentUrl":""},{"@type":"BreadcrumbList","@id":"https:\/\/kapitalis.com\/tunisie\/2016\/04\/14\/que-peut-on-attendre-de-la-visite-de-caid-essebsi-au-qatar\/#breadcrumb","itemListElement":[{"@type":"ListItem","position":1,"name":"Accueil","item":"https:\/\/kapitalis.com\/tunisie\/"},{"@type":"ListItem","position":2,"name":"Que peut-on attendre de la visite de Ca\u00efd Essebsi au Qatar?"}]},{"@type":"WebSite","@id":"https:\/\/kapitalis.com\/tunisie\/#website","url":"https:\/\/kapitalis.com\/tunisie\/","name":"Kapitalis","description":"L&#039;actualit\u00e9 en Tunisie et dans le monde","publisher":{"@id":"https:\/\/kapitalis.com\/tunisie\/#organization"},"potentialAction":[{"@type":"SearchAction","target":{"@type":"EntryPoint","urlTemplate":"https:\/\/kapitalis.com\/tunisie\/?s={search_term_string}"},"query-input":{"@type":"PropertyValueSpecification","valueRequired":true,"valueName":"search_term_string"}}],"inLanguage":"fr-FR"},{"@type":"Organization","@id":"https:\/\/kapitalis.com\/tunisie\/#organization","name":"Kapitalis","url":"https:\/\/kapitalis.com\/tunisie\/","logo":{"@type":"ImageObject","inLanguage":"fr-FR","@id":"https:\/\/kapitalis.com\/tunisie\/#\/schema\/logo\/image\/","url":"https:\/\/kapitalis.com\/tunisie\/wp-content\/uploads\/2022\/05\/Kapitalis-big-size.png","contentUrl":"https:\/\/kapitalis.com\/tunisie\/wp-content\/uploads\/2022\/05\/Kapitalis-big-size.png","width":5000,"height":1500,"caption":"Kapitalis"},"image":{"@id":"https:\/\/kapitalis.com\/tunisie\/#\/schema\/logo\/image\/"},"sameAs":["https:\/\/www.facebook.com\/KapitalisInfo\/","https:\/\/x.com\/KapitalisInfo","https:\/\/www.youtube.com\/channel\/UC-yDYrHyfFBWWZaOw3FPg9Q"]},{"@type":"Person","@id":"https:\/\/kapitalis.com\/tunisie\/#\/schema\/person\/d71f33a9ca44f7bad4698210b480c8e9","name":"webmaster kapitalis","url":"https:\/\/kapitalis.com\/tunisie\/author\/webmaster-kapitalis\/"}]}},"_links":{"self":[{"href":"https:\/\/kapitalis.com\/tunisie\/wp-json\/wp\/v2\/posts\/46848","targetHints":{"allow":["GET"]}}],"collection":[{"href":"https:\/\/kapitalis.com\/tunisie\/wp-json\/wp\/v2\/posts"}],"about":[{"href":"https:\/\/kapitalis.com\/tunisie\/wp-json\/wp\/v2\/types\/post"}],"author":[{"embeddable":true,"href":"https:\/\/kapitalis.com\/tunisie\/wp-json\/wp\/v2\/users\/8"}],"replies":[{"embeddable":true,"href":"https:\/\/kapitalis.com\/tunisie\/wp-json\/wp\/v2\/comments?post=46848"}],"version-history":[{"count":0,"href":"https:\/\/kapitalis.com\/tunisie\/wp-json\/wp\/v2\/posts\/46848\/revisions"}],"wp:featuredmedia":[{"embeddable":true,"href":"https:\/\/kapitalis.com\/tunisie\/wp-json\/wp\/v2\/media\/46849"}],"wp:attachment":[{"href":"https:\/\/kapitalis.com\/tunisie\/wp-json\/wp\/v2\/media?parent=46848"}],"wp:term":[{"taxonomy":"category","embeddable":true,"href":"https:\/\/kapitalis.com\/tunisie\/wp-json\/wp\/v2\/categories?post=46848"},{"taxonomy":"post_tag","embeddable":true,"href":"https:\/\/kapitalis.com\/tunisie\/wp-json\/wp\/v2\/tags?post=46848"}],"curies":[{"name":"wp","href":"https:\/\/api.w.org\/{rel}","templated":true}]}}