{"id":4689841,"date":"2022-10-29T20:00:10","date_gmt":"2022-10-29T19:00:10","guid":{"rendered":"https:\/\/kapitalis.com\/tunisie\/?p=4689841"},"modified":"2022-10-29T20:14:21","modified_gmt":"2022-10-29T19:14:21","slug":"championnat-du-monde-de-karate-largent-pour-mayssa-ksontini-et-le-bronze-pour-rayan-ghazouani","status":"publish","type":"post","link":"https:\/\/kapitalis.com\/tunisie\/2022\/10\/29\/championnat-du-monde-de-karate-largent-pour-mayssa-ksontini-et-le-bronze-pour-rayan-ghazouani\/","title":{"rendered":"Championnat du monde de Karat\u00e9 : L&rsquo;argent pour Mayssa Ksontini et le bronze pour Rayan Ghazouani (Photos)"},"content":{"rendered":"\n<p><em><strong>Mayssa Ksontini et Rayan Ghazouani ont offert, ce samedi, \u00e0 la Tunisie deux m\u00e9dailles aux Championnats du monde de karat\u00e9 Cadets, Juniors et U21, qui se d\u00e9roule \u00e0 Konya, en Turquie du 26 au 30 octobre 2022.<\/strong><\/em><\/p>\n\n\n\n<!--more-->\n\n\n\n<p>Le Comit\u00e9 national olympique tunisien (Cnot) a f\u00e9licit\u00e9 Myassa Ksontini (-54 kg) qui a remport\u00e9 ce samedi 29 octobre la m\u00e9daille d\u2019argent et Rayan Ghazouani, qui a d\u00e9croch\u00e9 quant \u00e0 lui, le bronze (+70 kg), ainsi que Mohanned Rahmouni (-70 kg) qui s&rsquo;est class\u00e9 5e dans cette comp\u00e9tition mondiale.<\/p>\n\n\n\n<figure class=\"wp-block-gallery aligncenter has-nested-images columns-2 is-cropped wp-block-gallery-1 is-layout-flex wp-block-gallery-is-layout-flex\">\n<figure class=\"wp-block-image size-large\"><img loading=\"lazy\" decoding=\"async\" width=\"720\" height=\"960\" data-id=\"4689961\" src=\"https:\/\/kapitalis.com\/tunisie\/wp-content\/uploads\/2022\/10\/8.jpg\" alt=\"\" class=\"wp-image-4689961\" srcset=\"https:\/\/kapitalis.com\/tunisie\/wp-content\/uploads\/2022\/10\/8.jpg 720w, https:\/\/kapitalis.com\/tunisie\/wp-content\/uploads\/2022\/10\/8-225x300.jpg 225w, https:\/\/kapitalis.com\/tunisie\/wp-content\/uploads\/2022\/10\/8-580x773.jpg 580w\" sizes=\"auto, (max-width: 720px) 100vw, 720px\" \/><\/figure>\n\n\n\n<figure class=\"wp-block-image size-large\"><img loading=\"lazy\" decoding=\"async\" width=\"960\" height=\"720\" data-id=\"4689963\" src=\"https:\/\/kapitalis.com\/tunisie\/wp-content\/uploads\/2022\/10\/7.jpg\" alt=\"\" class=\"wp-image-4689963\" srcset=\"https:\/\/kapitalis.com\/tunisie\/wp-content\/uploads\/2022\/10\/7.jpg 960w, https:\/\/kapitalis.com\/tunisie\/wp-content\/uploads\/2022\/10\/7-300x225.jpg 300w, https:\/\/kapitalis.com\/tunisie\/wp-content\/uploads\/2022\/10\/7-768x576.jpg 768w, https:\/\/kapitalis.com\/tunisie\/wp-content\/uploads\/2022\/10\/7-580x435.jpg 580w, https:\/\/kapitalis.com\/tunisie\/wp-content\/uploads\/2022\/10\/7-860x645.jpg 860w\" sizes=\"auto, (max-width: 960px) 100vw, 960px\" \/><\/figure>\n\n\n\n<figure class=\"wp-block-image size-large\"><img loading=\"lazy\" decoding=\"async\" width=\"1024\" height=\"768\" data-id=\"4689964\" src=\"https:\/\/kapitalis.com\/tunisie\/wp-content\/uploads\/2022\/10\/6-1024x768.jpg\" alt=\"\" class=\"wp-image-4689964\" srcset=\"https:\/\/kapitalis.com\/tunisie\/wp-content\/uploads\/2022\/10\/6-1024x768.jpg 1024w, https:\/\/kapitalis.com\/tunisie\/wp-content\/uploads\/2022\/10\/6-300x225.jpg 300w, https:\/\/kapitalis.com\/tunisie\/wp-content\/uploads\/2022\/10\/6-768x576.jpg 768w, https:\/\/kapitalis.com\/tunisie\/wp-content\/uploads\/2022\/10\/6-580x435.jpg 580w, https:\/\/kapitalis.com\/tunisie\/wp-content\/uploads\/2022\/10\/6-860x645.jpg 860w, https:\/\/kapitalis.com\/tunisie\/wp-content\/uploads\/2022\/10\/6-1160x870.jpg 1160w, https:\/\/kapitalis.com\/tunisie\/wp-content\/uploads\/2022\/10\/6.jpg 1280w\" sizes=\"auto, (max-width: 1024px) 100vw, 1024px\" \/><\/figure>\n\n\n\n<figure class=\"wp-block-image size-large\"><img loading=\"lazy\" decoding=\"async\" width=\"1024\" height=\"768\" data-id=\"4689966\" src=\"https:\/\/kapitalis.com\/tunisie\/wp-content\/uploads\/2022\/10\/5-1024x768.jpg\" alt=\"\" class=\"wp-image-4689966\" srcset=\"https:\/\/kapitalis.com\/tunisie\/wp-content\/uploads\/2022\/10\/5-1024x768.jpg 1024w, https:\/\/kapitalis.com\/tunisie\/wp-content\/uploads\/2022\/10\/5-300x225.jpg 300w, https:\/\/kapitalis.com\/tunisie\/wp-content\/uploads\/2022\/10\/5-768x576.jpg 768w, https:\/\/kapitalis.com\/tunisie\/wp-content\/uploads\/2022\/10\/5-580x435.jpg 580w, https:\/\/kapitalis.com\/tunisie\/wp-content\/uploads\/2022\/10\/5-860x645.jpg 860w, https:\/\/kapitalis.com\/tunisie\/wp-content\/uploads\/2022\/10\/5-1160x870.jpg 1160w, https:\/\/kapitalis.com\/tunisie\/wp-content\/uploads\/2022\/10\/5.jpg 1280w\" sizes=\"auto, (max-width: 1024px) 100vw, 1024px\" \/><\/figure>\n\n\n\n<figure class=\"wp-block-image size-large\"><img loading=\"lazy\" decoding=\"async\" width=\"1024\" height=\"768\" data-id=\"4689962\" src=\"https:\/\/kapitalis.com\/tunisie\/wp-content\/uploads\/2022\/10\/4-1024x768.jpg\" alt=\"\" class=\"wp-image-4689962\" srcset=\"https:\/\/kapitalis.com\/tunisie\/wp-content\/uploads\/2022\/10\/4-1024x768.jpg 1024w, https:\/\/kapitalis.com\/tunisie\/wp-content\/uploads\/2022\/10\/4-300x225.jpg 300w, https:\/\/kapitalis.com\/tunisie\/wp-content\/uploads\/2022\/10\/4-768x576.jpg 768w, https:\/\/kapitalis.com\/tunisie\/wp-content\/uploads\/2022\/10\/4-580x435.jpg 580w, https:\/\/kapitalis.com\/tunisie\/wp-content\/uploads\/2022\/10\/4-860x645.jpg 860w, https:\/\/kapitalis.com\/tunisie\/wp-content\/uploads\/2022\/10\/4.jpg 1152w\" sizes=\"auto, (max-width: 1024px) 100vw, 1024px\" \/><\/figure>\n\n\n\n<figure class=\"wp-block-image size-large\"><img loading=\"lazy\" decoding=\"async\" width=\"1024\" height=\"768\" data-id=\"4689956\" src=\"https:\/\/kapitalis.com\/tunisie\/wp-content\/uploads\/2022\/10\/3-2-1024x768.jpg\" alt=\"\" class=\"wp-image-4689956\" srcset=\"https:\/\/kapitalis.com\/tunisie\/wp-content\/uploads\/2022\/10\/3-2-1024x768.jpg 1024w, https:\/\/kapitalis.com\/tunisie\/wp-content\/uploads\/2022\/10\/3-2-300x225.jpg 300w, https:\/\/kapitalis.com\/tunisie\/wp-content\/uploads\/2022\/10\/3-2-768x576.jpg 768w, https:\/\/kapitalis.com\/tunisie\/wp-content\/uploads\/2022\/10\/3-2-580x435.jpg 580w, https:\/\/kapitalis.com\/tunisie\/wp-content\/uploads\/2022\/10\/3-2-860x645.jpg 860w, https:\/\/kapitalis.com\/tunisie\/wp-content\/uploads\/2022\/10\/3-2.jpg 1152w\" sizes=\"auto, (max-width: 1024px) 100vw, 1024px\" \/><\/figure>\n\n\n\n<figure class=\"wp-block-image size-large\"><img loading=\"lazy\" decoding=\"async\" width=\"960\" height=\"720\" data-id=\"4689959\" src=\"https:\/\/kapitalis.com\/tunisie\/wp-content\/uploads\/2022\/10\/2-2.jpg\" alt=\"\" class=\"wp-image-4689959\" srcset=\"https:\/\/kapitalis.com\/tunisie\/wp-content\/uploads\/2022\/10\/2-2.jpg 960w, https:\/\/kapitalis.com\/tunisie\/wp-content\/uploads\/2022\/10\/2-2-300x225.jpg 300w, https:\/\/kapitalis.com\/tunisie\/wp-content\/uploads\/2022\/10\/2-2-768x576.jpg 768w, https:\/\/kapitalis.com\/tunisie\/wp-content\/uploads\/2022\/10\/2-2-580x435.jpg 580w, https:\/\/kapitalis.com\/tunisie\/wp-content\/uploads\/2022\/10\/2-2-860x645.jpg 860w\" sizes=\"auto, (max-width: 960px) 100vw, 960px\" \/><\/figure>\n\n\n\n<figure class=\"wp-block-image size-large\"><img loading=\"lazy\" decoding=\"async\" width=\"540\" height=\"960\" data-id=\"4689955\" src=\"https:\/\/kapitalis.com\/tunisie\/wp-content\/uploads\/2022\/10\/1.jpg\" alt=\"\" class=\"wp-image-4689955\" srcset=\"https:\/\/kapitalis.com\/tunisie\/wp-content\/uploads\/2022\/10\/1.jpg 540w, https:\/\/kapitalis.com\/tunisie\/wp-content\/uploads\/2022\/10\/1-169x300.jpg 169w\" sizes=\"auto, (max-width: 540px) 100vw, 540px\" \/><\/figure>\n<\/figure>\n\n\n\n<p>Le Cnot a f\u00e9licit\u00e9 tout le staff de l&rsquo;\u00e9quipe tunisienne encadr\u00e9e par Mohamed Amine Hasnaoui, Mohamed Joma\u00e2 et Abdelkader Bouzazi.<\/p>\n\n\n\n<p class=\"has-text-align-right\"><strong>Y. N.<\/strong><\/p>\n","protected":false},"excerpt":{"rendered":"<p>Tunisie-Championnat du monde de Karat\u00e9 : L&rsquo;argent pour Mayssa Ksontini et le bronze pour Rayan Ghazouani <\/p>\n","protected":false},"author":6,"featured_media":4689958,"comment_status":"open","ping_status":"open","sticky":false,"template":"","format":"standard","meta":{"footnotes":""},"categories":[999,2433],"tags":[90504,101289,104037,104038,62643],"class_list":["post-4689841","post","type-post","status-publish","format-standard","has-post-thumbnail","hentry","category-sport","category-tunisie","tag-championnat-monde","tag-karate","tag-mayssa-ksontini","tag-rayan-ghazouani","tag-tunisie"],"yoast_head":"<!-- This site is optimized with the Yoast SEO plugin v26.6 - https:\/\/yoast.com\/wordpress\/plugins\/seo\/ -->\n<title>Championnat du monde de Karat\u00e9 : L&#039;argent pour Mayssa Ksontini et le bronze pour Rayan Ghazouani (Photos) - Kapitalis<\/title>\n<meta name=\"description\" content=\"Mayssa Ksontini et Rayan Ghazouani ont offert \u00e0 la Tunisie deux m\u00e9dailles aux Championnats du monde de karat\u00e9 Cadets, Juniors et U21, qui se d\u00e9roule \u00e0 Konya, en Turquie du 26 au 30 octobre 2022.\" \/>\n<meta name=\"robots\" content=\"index, follow, max-snippet:-1, max-image-preview:large, max-video-preview:-1\" \/>\n<link rel=\"canonical\" href=\"https:\/\/kapitalis.com\/tunisie\/2022\/10\/29\/championnat-du-monde-de-karate-largent-pour-mayssa-ksontini-et-le-bronze-pour-rayan-ghazouani\/\" \/>\n<meta property=\"og:locale\" content=\"fr_FR\" \/>\n<meta property=\"og:type\" content=\"article\" \/>\n<meta property=\"og:title\" content=\"Championnat du monde de Karat\u00e9 : L&#039;argent pour Mayssa Ksontini et le bronze pour Rayan Ghazouani (Photos) - Kapitalis\" \/>\n<meta property=\"og:description\" content=\"Mayssa Ksontini et Rayan Ghazouani ont offert \u00e0 la Tunisie deux m\u00e9dailles aux Championnats du monde de karat\u00e9 Cadets, Juniors et U21, qui se d\u00e9roule \u00e0 Konya, en Turquie du 26 au 30 octobre 2022.\" \/>\n<meta property=\"og:url\" content=\"https:\/\/kapitalis.com\/tunisie\/2022\/10\/29\/championnat-du-monde-de-karate-largent-pour-mayssa-ksontini-et-le-bronze-pour-rayan-ghazouani\/\" \/>\n<meta property=\"og:site_name\" content=\"Kapitalis\" \/>\n<meta property=\"article:publisher\" content=\"https:\/\/www.facebook.com\/KapitalisInfo\/\" \/>\n<meta property=\"article:published_time\" content=\"2022-10-29T19:00:10+00:00\" \/>\n<meta property=\"article:modified_time\" content=\"2022-10-29T19:14:21+00:00\" \/>\n<meta property=\"og:image\" content=\"https:\/\/kapitalis.com\/tunisie\/wp-content\/uploads\/2022\/10\/Karate-Tunisie-medailles.jpg\" \/>\n\t<meta property=\"og:image:width\" content=\"1200\" \/>\n\t<meta property=\"og:image:height\" content=\"630\" \/>\n\t<meta property=\"og:image:type\" content=\"image\/jpeg\" \/>\n<meta name=\"author\" content=\"Yusra NY\" \/>\n<meta name=\"twitter:card\" content=\"summary_large_image\" \/>\n<meta name=\"twitter:creator\" content=\"@KapitalisInfo\" \/>\n<meta name=\"twitter:site\" content=\"@KapitalisInfo\" \/>\n<meta name=\"twitter:label1\" content=\"\u00c9crit par\" \/>\n\t<meta name=\"twitter:data1\" content=\"Yusra NY\" \/>\n\t<meta name=\"twitter:label2\" content=\"Dur\u00e9e de lecture estim\u00e9e\" \/>\n\t<meta name=\"twitter:data2\" content=\"3 minutes\" \/>\n<script type=\"application\/ld+json\" class=\"yoast-schema-graph\">{\"@context\":\"https:\/\/schema.org\",\"@graph\":[{\"@type\":\"Article\",\"@id\":\"https:\/\/kapitalis.com\/tunisie\/2022\/10\/29\/championnat-du-monde-de-karate-largent-pour-mayssa-ksontini-et-le-bronze-pour-rayan-ghazouani\/#article\",\"isPartOf\":{\"@id\":\"https:\/\/kapitalis.com\/tunisie\/2022\/10\/29\/championnat-du-monde-de-karate-largent-pour-mayssa-ksontini-et-le-bronze-pour-rayan-ghazouani\/\"},\"author\":{\"name\":\"Yusra NY\",\"@id\":\"https:\/\/kapitalis.com\/tunisie\/#\/schema\/person\/74bbde0154d49d790a92aaeac5bc01d5\"},\"headline\":\"Championnat du monde de Karat\u00e9 : L&rsquo;argent pour Mayssa Ksontini et le bronze pour Rayan Ghazouani (Photos)\",\"datePublished\":\"2022-10-29T19:00:10+00:00\",\"dateModified\":\"2022-10-29T19:14:21+00:00\",\"mainEntityOfPage\":{\"@id\":\"https:\/\/kapitalis.com\/tunisie\/2022\/10\/29\/championnat-du-monde-de-karate-largent-pour-mayssa-ksontini-et-le-bronze-pour-rayan-ghazouani\/\"},\"wordCount\":126,\"commentCount\":0,\"publisher\":{\"@id\":\"https:\/\/kapitalis.com\/tunisie\/#organization\"},\"image\":{\"@id\":\"https:\/\/kapitalis.com\/tunisie\/2022\/10\/29\/championnat-du-monde-de-karate-largent-pour-mayssa-ksontini-et-le-bronze-pour-rayan-ghazouani\/#primaryimage\"},\"thumbnailUrl\":\"https:\/\/kapitalis.com\/tunisie\/wp-content\/uploads\/2022\/10\/Karate-Tunisie-medailles.jpg\",\"keywords\":[\"Championnat monde\",\"Karat\u00e9\",\"Mayssa Ksontini\",\"Rayan Ghazouani\",\"Tunisie\"],\"articleSection\":[\"SPORT\",\"Tunisie\"],\"inLanguage\":\"fr-FR\",\"potentialAction\":[{\"@type\":\"CommentAction\",\"name\":\"Comment\",\"target\":[\"https:\/\/kapitalis.com\/tunisie\/2022\/10\/29\/championnat-du-monde-de-karate-largent-pour-mayssa-ksontini-et-le-bronze-pour-rayan-ghazouani\/#respond\"]}]},{\"@type\":\"WebPage\",\"@id\":\"https:\/\/kapitalis.com\/tunisie\/2022\/10\/29\/championnat-du-monde-de-karate-largent-pour-mayssa-ksontini-et-le-bronze-pour-rayan-ghazouani\/\",\"url\":\"https:\/\/kapitalis.com\/tunisie\/2022\/10\/29\/championnat-du-monde-de-karate-largent-pour-mayssa-ksontini-et-le-bronze-pour-rayan-ghazouani\/\",\"name\":\"Championnat du monde de Karat\u00e9 : L'argent pour Mayssa Ksontini et le bronze pour Rayan Ghazouani (Photos) - Kapitalis\",\"isPartOf\":{\"@id\":\"https:\/\/kapitalis.com\/tunisie\/#website\"},\"primaryImageOfPage\":{\"@id\":\"https:\/\/kapitalis.com\/tunisie\/2022\/10\/29\/championnat-du-monde-de-karate-largent-pour-mayssa-ksontini-et-le-bronze-pour-rayan-ghazouani\/#primaryimage\"},\"image\":{\"@id\":\"https:\/\/kapitalis.com\/tunisie\/2022\/10\/29\/championnat-du-monde-de-karate-largent-pour-mayssa-ksontini-et-le-bronze-pour-rayan-ghazouani\/#primaryimage\"},\"thumbnailUrl\":\"https:\/\/kapitalis.com\/tunisie\/wp-content\/uploads\/2022\/10\/Karate-Tunisie-medailles.jpg\",\"datePublished\":\"2022-10-29T19:00:10+00:00\",\"dateModified\":\"2022-10-29T19:14:21+00:00\",\"description\":\"Mayssa Ksontini et Rayan Ghazouani ont offert \u00e0 la Tunisie deux m\u00e9dailles aux Championnats du monde de karat\u00e9 Cadets, Juniors et U21, qui se d\u00e9roule \u00e0 Konya, en Turquie du 26 au 30 octobre 2022.\",\"breadcrumb\":{\"@id\":\"https:\/\/kapitalis.com\/tunisie\/2022\/10\/29\/championnat-du-monde-de-karate-largent-pour-mayssa-ksontini-et-le-bronze-pour-rayan-ghazouani\/#breadcrumb\"},\"inLanguage\":\"fr-FR\",\"potentialAction\":[{\"@type\":\"ReadAction\",\"target\":[\"https:\/\/kapitalis.com\/tunisie\/2022\/10\/29\/championnat-du-monde-de-karate-largent-pour-mayssa-ksontini-et-le-bronze-pour-rayan-ghazouani\/\"]}]},{\"@type\":\"ImageObject\",\"inLanguage\":\"fr-FR\",\"@id\":\"https:\/\/kapitalis.com\/tunisie\/2022\/10\/29\/championnat-du-monde-de-karate-largent-pour-mayssa-ksontini-et-le-bronze-pour-rayan-ghazouani\/#primaryimage\",\"url\":\"https:\/\/kapitalis.com\/tunisie\/wp-content\/uploads\/2022\/10\/Karate-Tunisie-medailles.jpg\",\"contentUrl\":\"https:\/\/kapitalis.com\/tunisie\/wp-content\/uploads\/2022\/10\/Karate-Tunisie-medailles.jpg\",\"width\":1200,\"height\":630},{\"@type\":\"BreadcrumbList\",\"@id\":\"https:\/\/kapitalis.com\/tunisie\/2022\/10\/29\/championnat-du-monde-de-karate-largent-pour-mayssa-ksontini-et-le-bronze-pour-rayan-ghazouani\/#breadcrumb\",\"itemListElement\":[{\"@type\":\"ListItem\",\"position\":1,\"name\":\"Accueil\",\"item\":\"https:\/\/kapitalis.com\/tunisie\/\"},{\"@type\":\"ListItem\",\"position\":2,\"name\":\"Championnat du monde de Karat\u00e9 : L&rsquo;argent pour Mayssa Ksontini et le bronze pour Rayan Ghazouani (Photos)\"}]},{\"@type\":\"WebSite\",\"@id\":\"https:\/\/kapitalis.com\/tunisie\/#website\",\"url\":\"https:\/\/kapitalis.com\/tunisie\/\",\"name\":\"Kapitalis\",\"description\":\"L&#039;actualit\u00e9 en Tunisie et dans le monde\",\"publisher\":{\"@id\":\"https:\/\/kapitalis.com\/tunisie\/#organization\"},\"potentialAction\":[{\"@type\":\"SearchAction\",\"target\":{\"@type\":\"EntryPoint\",\"urlTemplate\":\"https:\/\/kapitalis.com\/tunisie\/?s={search_term_string}\"},\"query-input\":{\"@type\":\"PropertyValueSpecification\",\"valueRequired\":true,\"valueName\":\"search_term_string\"}}],\"inLanguage\":\"fr-FR\"},{\"@type\":\"Organization\",\"@id\":\"https:\/\/kapitalis.com\/tunisie\/#organization\",\"name\":\"Kapitalis\",\"url\":\"https:\/\/kapitalis.com\/tunisie\/\",\"logo\":{\"@type\":\"ImageObject\",\"inLanguage\":\"fr-FR\",\"@id\":\"https:\/\/kapitalis.com\/tunisie\/#\/schema\/logo\/image\/\",\"url\":\"https:\/\/kapitalis.com\/tunisie\/wp-content\/uploads\/2022\/05\/Kapitalis-big-size.png\",\"contentUrl\":\"https:\/\/kapitalis.com\/tunisie\/wp-content\/uploads\/2022\/05\/Kapitalis-big-size.png\",\"width\":5000,\"height\":1500,\"caption\":\"Kapitalis\"},\"image\":{\"@id\":\"https:\/\/kapitalis.com\/tunisie\/#\/schema\/logo\/image\/\"},\"sameAs\":[\"https:\/\/www.facebook.com\/KapitalisInfo\/\",\"https:\/\/x.com\/KapitalisInfo\",\"https:\/\/www.youtube.com\/channel\/UC-yDYrHyfFBWWZaOw3FPg9Q\"]},{\"@type\":\"Person\",\"@id\":\"https:\/\/kapitalis.com\/tunisie\/#\/schema\/person\/74bbde0154d49d790a92aaeac5bc01d5\",\"name\":\"Yusra NY\",\"url\":\"https:\/\/kapitalis.com\/tunisie\/author\/yuza_adam\/\"}]}<\/script>\n<!-- \/ Yoast SEO plugin. -->","yoast_head_json":{"title":"Championnat du monde de Karat\u00e9 : L'argent pour Mayssa Ksontini et le bronze pour Rayan Ghazouani (Photos) - Kapitalis","description":"Mayssa Ksontini et Rayan Ghazouani ont offert \u00e0 la Tunisie deux m\u00e9dailles aux Championnats du monde de karat\u00e9 Cadets, Juniors et U21, qui se d\u00e9roule \u00e0 Konya, en Turquie du 26 au 30 octobre 2022.","robots":{"index":"index","follow":"follow","max-snippet":"max-snippet:-1","max-image-preview":"max-image-preview:large","max-video-preview":"max-video-preview:-1"},"canonical":"https:\/\/kapitalis.com\/tunisie\/2022\/10\/29\/championnat-du-monde-de-karate-largent-pour-mayssa-ksontini-et-le-bronze-pour-rayan-ghazouani\/","og_locale":"fr_FR","og_type":"article","og_title":"Championnat du monde de Karat\u00e9 : L'argent pour Mayssa Ksontini et le bronze pour Rayan Ghazouani (Photos) - Kapitalis","og_description":"Mayssa Ksontini et Rayan Ghazouani ont offert \u00e0 la Tunisie deux m\u00e9dailles aux Championnats du monde de karat\u00e9 Cadets, Juniors et U21, qui se d\u00e9roule \u00e0 Konya, en Turquie du 26 au 30 octobre 2022.","og_url":"https:\/\/kapitalis.com\/tunisie\/2022\/10\/29\/championnat-du-monde-de-karate-largent-pour-mayssa-ksontini-et-le-bronze-pour-rayan-ghazouani\/","og_site_name":"Kapitalis","article_publisher":"https:\/\/www.facebook.com\/KapitalisInfo\/","article_published_time":"2022-10-29T19:00:10+00:00","article_modified_time":"2022-10-29T19:14:21+00:00","og_image":[{"width":1200,"height":630,"url":"https:\/\/kapitalis.com\/tunisie\/wp-content\/uploads\/2022\/10\/Karate-Tunisie-medailles.jpg","type":"image\/jpeg"}],"author":"Yusra NY","twitter_card":"summary_large_image","twitter_creator":"@KapitalisInfo","twitter_site":"@KapitalisInfo","twitter_misc":{"\u00c9crit par":"Yusra NY","Dur\u00e9e de lecture estim\u00e9e":"3 minutes"},"schema":{"@context":"https:\/\/schema.org","@graph":[{"@type":"Article","@id":"https:\/\/kapitalis.com\/tunisie\/2022\/10\/29\/championnat-du-monde-de-karate-largent-pour-mayssa-ksontini-et-le-bronze-pour-rayan-ghazouani\/#article","isPartOf":{"@id":"https:\/\/kapitalis.com\/tunisie\/2022\/10\/29\/championnat-du-monde-de-karate-largent-pour-mayssa-ksontini-et-le-bronze-pour-rayan-ghazouani\/"},"author":{"name":"Yusra NY","@id":"https:\/\/kapitalis.com\/tunisie\/#\/schema\/person\/74bbde0154d49d790a92aaeac5bc01d5"},"headline":"Championnat du monde de Karat\u00e9 : L&rsquo;argent pour Mayssa Ksontini et le bronze pour Rayan Ghazouani (Photos)","datePublished":"2022-10-29T19:00:10+00:00","dateModified":"2022-10-29T19:14:21+00:00","mainEntityOfPage":{"@id":"https:\/\/kapitalis.com\/tunisie\/2022\/10\/29\/championnat-du-monde-de-karate-largent-pour-mayssa-ksontini-et-le-bronze-pour-rayan-ghazouani\/"},"wordCount":126,"commentCount":0,"publisher":{"@id":"https:\/\/kapitalis.com\/tunisie\/#organization"},"image":{"@id":"https:\/\/kapitalis.com\/tunisie\/2022\/10\/29\/championnat-du-monde-de-karate-largent-pour-mayssa-ksontini-et-le-bronze-pour-rayan-ghazouani\/#primaryimage"},"thumbnailUrl":"https:\/\/kapitalis.com\/tunisie\/wp-content\/uploads\/2022\/10\/Karate-Tunisie-medailles.jpg","keywords":["Championnat monde","Karat\u00e9","Mayssa Ksontini","Rayan Ghazouani","Tunisie"],"articleSection":["SPORT","Tunisie"],"inLanguage":"fr-FR","potentialAction":[{"@type":"CommentAction","name":"Comment","target":["https:\/\/kapitalis.com\/tunisie\/2022\/10\/29\/championnat-du-monde-de-karate-largent-pour-mayssa-ksontini-et-le-bronze-pour-rayan-ghazouani\/#respond"]}]},{"@type":"WebPage","@id":"https:\/\/kapitalis.com\/tunisie\/2022\/10\/29\/championnat-du-monde-de-karate-largent-pour-mayssa-ksontini-et-le-bronze-pour-rayan-ghazouani\/","url":"https:\/\/kapitalis.com\/tunisie\/2022\/10\/29\/championnat-du-monde-de-karate-largent-pour-mayssa-ksontini-et-le-bronze-pour-rayan-ghazouani\/","name":"Championnat du monde de Karat\u00e9 : L'argent pour Mayssa Ksontini et le bronze pour Rayan Ghazouani (Photos) - Kapitalis","isPartOf":{"@id":"https:\/\/kapitalis.com\/tunisie\/#website"},"primaryImageOfPage":{"@id":"https:\/\/kapitalis.com\/tunisie\/2022\/10\/29\/championnat-du-monde-de-karate-largent-pour-mayssa-ksontini-et-le-bronze-pour-rayan-ghazouani\/#primaryimage"},"image":{"@id":"https:\/\/kapitalis.com\/tunisie\/2022\/10\/29\/championnat-du-monde-de-karate-largent-pour-mayssa-ksontini-et-le-bronze-pour-rayan-ghazouani\/#primaryimage"},"thumbnailUrl":"https:\/\/kapitalis.com\/tunisie\/wp-content\/uploads\/2022\/10\/Karate-Tunisie-medailles.jpg","datePublished":"2022-10-29T19:00:10+00:00","dateModified":"2022-10-29T19:14:21+00:00","description":"Mayssa Ksontini et Rayan Ghazouani ont offert \u00e0 la Tunisie deux m\u00e9dailles aux Championnats du monde de karat\u00e9 Cadets, Juniors et U21, qui se d\u00e9roule \u00e0 Konya, en Turquie du 26 au 30 octobre 2022.","breadcrumb":{"@id":"https:\/\/kapitalis.com\/tunisie\/2022\/10\/29\/championnat-du-monde-de-karate-largent-pour-mayssa-ksontini-et-le-bronze-pour-rayan-ghazouani\/#breadcrumb"},"inLanguage":"fr-FR","potentialAction":[{"@type":"ReadAction","target":["https:\/\/kapitalis.com\/tunisie\/2022\/10\/29\/championnat-du-monde-de-karate-largent-pour-mayssa-ksontini-et-le-bronze-pour-rayan-ghazouani\/"]}]},{"@type":"ImageObject","inLanguage":"fr-FR","@id":"https:\/\/kapitalis.com\/tunisie\/2022\/10\/29\/championnat-du-monde-de-karate-largent-pour-mayssa-ksontini-et-le-bronze-pour-rayan-ghazouani\/#primaryimage","url":"https:\/\/kapitalis.com\/tunisie\/wp-content\/uploads\/2022\/10\/Karate-Tunisie-medailles.jpg","contentUrl":"https:\/\/kapitalis.com\/tunisie\/wp-content\/uploads\/2022\/10\/Karate-Tunisie-medailles.jpg","width":1200,"height":630},{"@type":"BreadcrumbList","@id":"https:\/\/kapitalis.com\/tunisie\/2022\/10\/29\/championnat-du-monde-de-karate-largent-pour-mayssa-ksontini-et-le-bronze-pour-rayan-ghazouani\/#breadcrumb","itemListElement":[{"@type":"ListItem","position":1,"name":"Accueil","item":"https:\/\/kapitalis.com\/tunisie\/"},{"@type":"ListItem","position":2,"name":"Championnat du monde de Karat\u00e9 : L&rsquo;argent pour Mayssa Ksontini et le bronze pour Rayan Ghazouani (Photos)"}]},{"@type":"WebSite","@id":"https:\/\/kapitalis.com\/tunisie\/#website","url":"https:\/\/kapitalis.com\/tunisie\/","name":"Kapitalis","description":"L&#039;actualit\u00e9 en Tunisie et dans le monde","publisher":{"@id":"https:\/\/kapitalis.com\/tunisie\/#organization"},"potentialAction":[{"@type":"SearchAction","target":{"@type":"EntryPoint","urlTemplate":"https:\/\/kapitalis.com\/tunisie\/?s={search_term_string}"},"query-input":{"@type":"PropertyValueSpecification","valueRequired":true,"valueName":"search_term_string"}}],"inLanguage":"fr-FR"},{"@type":"Organization","@id":"https:\/\/kapitalis.com\/tunisie\/#organization","name":"Kapitalis","url":"https:\/\/kapitalis.com\/tunisie\/","logo":{"@type":"ImageObject","inLanguage":"fr-FR","@id":"https:\/\/kapitalis.com\/tunisie\/#\/schema\/logo\/image\/","url":"https:\/\/kapitalis.com\/tunisie\/wp-content\/uploads\/2022\/05\/Kapitalis-big-size.png","contentUrl":"https:\/\/kapitalis.com\/tunisie\/wp-content\/uploads\/2022\/05\/Kapitalis-big-size.png","width":5000,"height":1500,"caption":"Kapitalis"},"image":{"@id":"https:\/\/kapitalis.com\/tunisie\/#\/schema\/logo\/image\/"},"sameAs":["https:\/\/www.facebook.com\/KapitalisInfo\/","https:\/\/x.com\/KapitalisInfo","https:\/\/www.youtube.com\/channel\/UC-yDYrHyfFBWWZaOw3FPg9Q"]},{"@type":"Person","@id":"https:\/\/kapitalis.com\/tunisie\/#\/schema\/person\/74bbde0154d49d790a92aaeac5bc01d5","name":"Yusra NY","url":"https:\/\/kapitalis.com\/tunisie\/author\/yuza_adam\/"}]}},"_links":{"self":[{"href":"https:\/\/kapitalis.com\/tunisie\/wp-json\/wp\/v2\/posts\/4689841","targetHints":{"allow":["GET"]}}],"collection":[{"href":"https:\/\/kapitalis.com\/tunisie\/wp-json\/wp\/v2\/posts"}],"about":[{"href":"https:\/\/kapitalis.com\/tunisie\/wp-json\/wp\/v2\/types\/post"}],"author":[{"embeddable":true,"href":"https:\/\/kapitalis.com\/tunisie\/wp-json\/wp\/v2\/users\/6"}],"replies":[{"embeddable":true,"href":"https:\/\/kapitalis.com\/tunisie\/wp-json\/wp\/v2\/comments?post=4689841"}],"version-history":[{"count":0,"href":"https:\/\/kapitalis.com\/tunisie\/wp-json\/wp\/v2\/posts\/4689841\/revisions"}],"wp:featuredmedia":[{"embeddable":true,"href":"https:\/\/kapitalis.com\/tunisie\/wp-json\/wp\/v2\/media\/4689958"}],"wp:attachment":[{"href":"https:\/\/kapitalis.com\/tunisie\/wp-json\/wp\/v2\/media?parent=4689841"}],"wp:term":[{"taxonomy":"category","embeddable":true,"href":"https:\/\/kapitalis.com\/tunisie\/wp-json\/wp\/v2\/categories?post=4689841"},{"taxonomy":"post_tag","embeddable":true,"href":"https:\/\/kapitalis.com\/tunisie\/wp-json\/wp\/v2\/tags?post=4689841"}],"curies":[{"name":"wp","href":"https:\/\/api.w.org\/{rel}","templated":true}]}}