{"id":4707595,"date":"2022-10-31T12:05:54","date_gmt":"2022-10-31T11:05:54","guid":{"rendered":"https:\/\/kapitalis.com\/tunisie\/?p=4707595"},"modified":"2022-10-31T12:06:58","modified_gmt":"2022-10-31T11:06:58","slug":"sommet-arabe-dalger-kais-saied-reitererait-il-sa-condamnation-de-la-normalisation-avec-israel","status":"publish","type":"post","link":"https:\/\/kapitalis.com\/tunisie\/2022\/10\/31\/sommet-arabe-dalger-kais-saied-reitererait-il-sa-condamnation-de-la-normalisation-avec-israel\/","title":{"rendered":"Sommet arabe d\u2019Alger\u00a0: Ka\u00efs Sa\u00efed r\u00e9it\u00e9rerait-il sa condamnation de la normalisation avec Isra\u00ebl\u00a0?"},"content":{"rendered":"\n<p><strong><em>Cette question a \u00e9t\u00e9 pos\u00e9e, non sans quelque ironie, par le diplomate Elyes Kasri, ancien ambassadeur de Tunisie au Japon et en Allemagne, dans le post Facebook reproduit ci-dessous, en faisant allusion aux d\u00e9clarations du pr\u00e9sident Ka\u00efs Sa\u00efed \u00e0 ce sujet lors de sa campagne \u00e9lectorale en 2019. <\/em><\/strong>\u00a0\u00a0<\/p>\n\n\n\n<!--more-->\n\n\n\n<p>On verra si le pr\u00e9sident Ka\u00efs Sa\u00efed, lors de son discours au Sommet arabe d\u2019Alger, osera r\u00e9it\u00e9rer sa condamnation et sa criminalisation de la normalisation avec <em>\u00abl\u2019entit\u00e9 sioniste usurpatrice\u00bb<\/em>, en r\u00e9f\u00e9rence \u00e0 l\u2019\u00c9tat d\u2019Isra\u00ebl devenu membre des Nations Unies le 11 mai 1949, avant la Tunisie, qui est devenue membre de l\u2019Onu le 26 juillet 1956.<\/p>\n\n\n\n<p>Le fait est qu\u2019aujourd\u2019hui, la majorit\u00e9 des membres de la Ligue arabe se sont engag\u00e9s dans une normalisation avec Isra\u00ebl et ont conclu avec lui de nombreux accords, y compris de nature s\u00e9curitaire et militaire.<\/p>\n\n\n\n<p>Cela s\u2019ajoute \u00e0 sa condamnation r\u00e9p\u00e9t\u00e9e des dirigeants corrompus et de la n\u00e9cessit\u00e9 pour les peuples de r\u00e9cup\u00e9rer leurs richesses pill\u00e9es d\u00e9pos\u00e9es \u00e0 l\u2019\u00e9tranger.<\/p>\n\n\n\n<p>Toutes les r\u00e9actions au plaidoyer du pr\u00e9sident Ka\u00efs Sa\u00efed pour le r\u00e9gime de la <em>\u00abconstruction de base\u00bb<\/em> qu\u2019il ambitionne d\u2019\u00e9tablir en Tunisie m\u00e9riteront aussi d\u2019\u00eatre suivies, ce qui pourrait rappeler aux dirigeants arabes ce qu\u2019ils ont subi des envol\u00e9es de feu le dirigeant Mouammar Kadhafi, ainsi que les menaces auxquelles ils font face depuis des ann\u00e9es de la part du r\u00e9gime en place en Iran et de la mar\u00e9e chiite.<\/p>\n\n\n\n<p class=\"has-text-align-right\"><strong>I. B. <\/strong><\/p>\n","protected":false},"excerpt":{"rendered":"<p>On verra si le pr\u00e9sident Ka\u00efs Sa\u00efed, lors de son discours au Sommet arabe d\u2019Alger, osera r\u00e9it\u00e9rer sa condamnation et sa criminalisation de la normalisation avec \u00abl\u2019entit\u00e9 sioniste usurpatrice\u00bb. <\/p>\n","protected":false},"author":8,"featured_media":4418409,"comment_status":"open","ping_status":"open","sticky":false,"template":"","format":"standard","meta":{"footnotes":""},"categories":[997,2433],"tags":[63,82931,2478,76012,4988,104069,62643],"class_list":["post-4707595","post","type-post","status-publish","format-standard","has-post-thumbnail","hentry","category-politique","category-tunisie","tag-alger","tag-elyes-kasri-2","tag-israel","tag-kais-saied-2","tag-ligue-arabe","tag-sommet-arabe","tag-tunisie"],"yoast_head":"<!-- This site is optimized with the Yoast SEO plugin v26.6 - https:\/\/yoast.com\/wordpress\/plugins\/seo\/ -->\n<title>Sommet arabe d\u2019Alger\u00a0: Ka\u00efs Sa\u00efed r\u00e9it\u00e9rerait-il sa condamnation de la normalisation avec Isra\u00ebl\u00a0? - Kapitalis<\/title>\n<meta name=\"robots\" content=\"index, follow, max-snippet:-1, max-image-preview:large, max-video-preview:-1\" \/>\n<link rel=\"canonical\" href=\"https:\/\/kapitalis.com\/tunisie\/2022\/10\/31\/sommet-arabe-dalger-kais-saied-reitererait-il-sa-condamnation-de-la-normalisation-avec-israel\/\" \/>\n<meta property=\"og:locale\" content=\"fr_FR\" \/>\n<meta property=\"og:type\" content=\"article\" \/>\n<meta property=\"og:title\" content=\"Sommet arabe d\u2019Alger\u00a0: Ka\u00efs Sa\u00efed r\u00e9it\u00e9rerait-il sa condamnation de la normalisation avec Isra\u00ebl\u00a0? - Kapitalis\" \/>\n<meta property=\"og:description\" content=\"On verra si le pr\u00e9sident Ka\u00efs Sa\u00efed, lors de son discours au Sommet arabe d\u2019Alger, osera r\u00e9it\u00e9rer sa condamnation et sa criminalisation de la normalisation avec \u00abl\u2019entit\u00e9 sioniste usurpatrice\u00bb.\" \/>\n<meta property=\"og:url\" content=\"https:\/\/kapitalis.com\/tunisie\/2022\/10\/31\/sommet-arabe-dalger-kais-saied-reitererait-il-sa-condamnation-de-la-normalisation-avec-israel\/\" \/>\n<meta property=\"og:site_name\" content=\"Kapitalis\" \/>\n<meta property=\"article:publisher\" content=\"https:\/\/www.facebook.com\/KapitalisInfo\/\" \/>\n<meta property=\"article:published_time\" content=\"2022-10-31T11:05:54+00:00\" \/>\n<meta property=\"article:modified_time\" content=\"2022-10-31T11:06:58+00:00\" \/>\n<meta property=\"og:image\" content=\"https:\/\/kapitalis.com\/tunisie\/wp-content\/uploads\/2022\/10\/Kais-Saied.jpg\" \/>\n\t<meta property=\"og:image:width\" content=\"1200\" \/>\n\t<meta property=\"og:image:height\" content=\"630\" \/>\n\t<meta property=\"og:image:type\" content=\"image\/jpeg\" \/>\n<meta name=\"author\" content=\"webmaster kapitalis\" \/>\n<meta name=\"twitter:card\" content=\"summary_large_image\" \/>\n<meta name=\"twitter:creator\" content=\"@KapitalisInfo\" \/>\n<meta name=\"twitter:site\" content=\"@KapitalisInfo\" \/>\n<meta name=\"twitter:label1\" content=\"\u00c9crit par\" \/>\n\t<meta name=\"twitter:data1\" content=\"webmaster kapitalis\" \/>\n\t<meta name=\"twitter:label2\" content=\"Dur\u00e9e de lecture estim\u00e9e\" \/>\n\t<meta name=\"twitter:data2\" content=\"2 minutes\" \/>\n<script type=\"application\/ld+json\" class=\"yoast-schema-graph\">{\"@context\":\"https:\/\/schema.org\",\"@graph\":[{\"@type\":\"Article\",\"@id\":\"https:\/\/kapitalis.com\/tunisie\/2022\/10\/31\/sommet-arabe-dalger-kais-saied-reitererait-il-sa-condamnation-de-la-normalisation-avec-israel\/#article\",\"isPartOf\":{\"@id\":\"https:\/\/kapitalis.com\/tunisie\/2022\/10\/31\/sommet-arabe-dalger-kais-saied-reitererait-il-sa-condamnation-de-la-normalisation-avec-israel\/\"},\"author\":{\"name\":\"webmaster kapitalis\",\"@id\":\"https:\/\/kapitalis.com\/tunisie\/#\/schema\/person\/d71f33a9ca44f7bad4698210b480c8e9\"},\"headline\":\"Sommet arabe d\u2019Alger\u00a0: Ka\u00efs Sa\u00efed r\u00e9it\u00e9rerait-il sa condamnation de la normalisation avec Isra\u00ebl\u00a0?\",\"datePublished\":\"2022-10-31T11:05:54+00:00\",\"dateModified\":\"2022-10-31T11:06:58+00:00\",\"mainEntityOfPage\":{\"@id\":\"https:\/\/kapitalis.com\/tunisie\/2022\/10\/31\/sommet-arabe-dalger-kais-saied-reitererait-il-sa-condamnation-de-la-normalisation-avec-israel\/\"},\"wordCount\":293,\"commentCount\":6,\"publisher\":{\"@id\":\"https:\/\/kapitalis.com\/tunisie\/#organization\"},\"image\":{\"@id\":\"https:\/\/kapitalis.com\/tunisie\/2022\/10\/31\/sommet-arabe-dalger-kais-saied-reitererait-il-sa-condamnation-de-la-normalisation-avec-israel\/#primaryimage\"},\"thumbnailUrl\":\"https:\/\/kapitalis.com\/tunisie\/wp-content\/uploads\/2022\/10\/Kais-Saied.jpg\",\"keywords\":[\"Alger\",\"Elyes Kasri\",\"Isra\u00ebl\",\"Ka\u00efs Sa\u00efed\",\"ligue arabe\",\"sommet arabe\",\"Tunisie\"],\"articleSection\":[\"POLITIQUE\",\"Tunisie\"],\"inLanguage\":\"fr-FR\",\"potentialAction\":[{\"@type\":\"CommentAction\",\"name\":\"Comment\",\"target\":[\"https:\/\/kapitalis.com\/tunisie\/2022\/10\/31\/sommet-arabe-dalger-kais-saied-reitererait-il-sa-condamnation-de-la-normalisation-avec-israel\/#respond\"]}]},{\"@type\":\"WebPage\",\"@id\":\"https:\/\/kapitalis.com\/tunisie\/2022\/10\/31\/sommet-arabe-dalger-kais-saied-reitererait-il-sa-condamnation-de-la-normalisation-avec-israel\/\",\"url\":\"https:\/\/kapitalis.com\/tunisie\/2022\/10\/31\/sommet-arabe-dalger-kais-saied-reitererait-il-sa-condamnation-de-la-normalisation-avec-israel\/\",\"name\":\"Sommet arabe d\u2019Alger\u00a0: Ka\u00efs Sa\u00efed r\u00e9it\u00e9rerait-il sa condamnation de la normalisation avec Isra\u00ebl\u00a0? - Kapitalis\",\"isPartOf\":{\"@id\":\"https:\/\/kapitalis.com\/tunisie\/#website\"},\"primaryImageOfPage\":{\"@id\":\"https:\/\/kapitalis.com\/tunisie\/2022\/10\/31\/sommet-arabe-dalger-kais-saied-reitererait-il-sa-condamnation-de-la-normalisation-avec-israel\/#primaryimage\"},\"image\":{\"@id\":\"https:\/\/kapitalis.com\/tunisie\/2022\/10\/31\/sommet-arabe-dalger-kais-saied-reitererait-il-sa-condamnation-de-la-normalisation-avec-israel\/#primaryimage\"},\"thumbnailUrl\":\"https:\/\/kapitalis.com\/tunisie\/wp-content\/uploads\/2022\/10\/Kais-Saied.jpg\",\"datePublished\":\"2022-10-31T11:05:54+00:00\",\"dateModified\":\"2022-10-31T11:06:58+00:00\",\"breadcrumb\":{\"@id\":\"https:\/\/kapitalis.com\/tunisie\/2022\/10\/31\/sommet-arabe-dalger-kais-saied-reitererait-il-sa-condamnation-de-la-normalisation-avec-israel\/#breadcrumb\"},\"inLanguage\":\"fr-FR\",\"potentialAction\":[{\"@type\":\"ReadAction\",\"target\":[\"https:\/\/kapitalis.com\/tunisie\/2022\/10\/31\/sommet-arabe-dalger-kais-saied-reitererait-il-sa-condamnation-de-la-normalisation-avec-israel\/\"]}]},{\"@type\":\"ImageObject\",\"inLanguage\":\"fr-FR\",\"@id\":\"https:\/\/kapitalis.com\/tunisie\/2022\/10\/31\/sommet-arabe-dalger-kais-saied-reitererait-il-sa-condamnation-de-la-normalisation-avec-israel\/#primaryimage\",\"url\":\"https:\/\/kapitalis.com\/tunisie\/wp-content\/uploads\/2022\/10\/Kais-Saied.jpg\",\"contentUrl\":\"https:\/\/kapitalis.com\/tunisie\/wp-content\/uploads\/2022\/10\/Kais-Saied.jpg\",\"width\":1200,\"height\":630},{\"@type\":\"BreadcrumbList\",\"@id\":\"https:\/\/kapitalis.com\/tunisie\/2022\/10\/31\/sommet-arabe-dalger-kais-saied-reitererait-il-sa-condamnation-de-la-normalisation-avec-israel\/#breadcrumb\",\"itemListElement\":[{\"@type\":\"ListItem\",\"position\":1,\"name\":\"Accueil\",\"item\":\"https:\/\/kapitalis.com\/tunisie\/\"},{\"@type\":\"ListItem\",\"position\":2,\"name\":\"Sommet arabe d\u2019Alger\u00a0: Ka\u00efs Sa\u00efed r\u00e9it\u00e9rerait-il sa condamnation de la normalisation avec Isra\u00ebl\u00a0?\"}]},{\"@type\":\"WebSite\",\"@id\":\"https:\/\/kapitalis.com\/tunisie\/#website\",\"url\":\"https:\/\/kapitalis.com\/tunisie\/\",\"name\":\"Kapitalis\",\"description\":\"L&#039;actualit\u00e9 en Tunisie et dans le monde\",\"publisher\":{\"@id\":\"https:\/\/kapitalis.com\/tunisie\/#organization\"},\"potentialAction\":[{\"@type\":\"SearchAction\",\"target\":{\"@type\":\"EntryPoint\",\"urlTemplate\":\"https:\/\/kapitalis.com\/tunisie\/?s={search_term_string}\"},\"query-input\":{\"@type\":\"PropertyValueSpecification\",\"valueRequired\":true,\"valueName\":\"search_term_string\"}}],\"inLanguage\":\"fr-FR\"},{\"@type\":\"Organization\",\"@id\":\"https:\/\/kapitalis.com\/tunisie\/#organization\",\"name\":\"Kapitalis\",\"url\":\"https:\/\/kapitalis.com\/tunisie\/\",\"logo\":{\"@type\":\"ImageObject\",\"inLanguage\":\"fr-FR\",\"@id\":\"https:\/\/kapitalis.com\/tunisie\/#\/schema\/logo\/image\/\",\"url\":\"https:\/\/kapitalis.com\/tunisie\/wp-content\/uploads\/2022\/05\/Kapitalis-big-size.png\",\"contentUrl\":\"https:\/\/kapitalis.com\/tunisie\/wp-content\/uploads\/2022\/05\/Kapitalis-big-size.png\",\"width\":5000,\"height\":1500,\"caption\":\"Kapitalis\"},\"image\":{\"@id\":\"https:\/\/kapitalis.com\/tunisie\/#\/schema\/logo\/image\/\"},\"sameAs\":[\"https:\/\/www.facebook.com\/KapitalisInfo\/\",\"https:\/\/x.com\/KapitalisInfo\",\"https:\/\/www.youtube.com\/channel\/UC-yDYrHyfFBWWZaOw3FPg9Q\"]},{\"@type\":\"Person\",\"@id\":\"https:\/\/kapitalis.com\/tunisie\/#\/schema\/person\/d71f33a9ca44f7bad4698210b480c8e9\",\"name\":\"webmaster kapitalis\",\"url\":\"https:\/\/kapitalis.com\/tunisie\/author\/webmaster-kapitalis\/\"}]}<\/script>\n<!-- \/ Yoast SEO plugin. -->","yoast_head_json":{"title":"Sommet arabe d\u2019Alger\u00a0: Ka\u00efs Sa\u00efed r\u00e9it\u00e9rerait-il sa condamnation de la normalisation avec Isra\u00ebl\u00a0? - Kapitalis","robots":{"index":"index","follow":"follow","max-snippet":"max-snippet:-1","max-image-preview":"max-image-preview:large","max-video-preview":"max-video-preview:-1"},"canonical":"https:\/\/kapitalis.com\/tunisie\/2022\/10\/31\/sommet-arabe-dalger-kais-saied-reitererait-il-sa-condamnation-de-la-normalisation-avec-israel\/","og_locale":"fr_FR","og_type":"article","og_title":"Sommet arabe d\u2019Alger\u00a0: Ka\u00efs Sa\u00efed r\u00e9it\u00e9rerait-il sa condamnation de la normalisation avec Isra\u00ebl\u00a0? - Kapitalis","og_description":"On verra si le pr\u00e9sident Ka\u00efs Sa\u00efed, lors de son discours au Sommet arabe d\u2019Alger, osera r\u00e9it\u00e9rer sa condamnation et sa criminalisation de la normalisation avec \u00abl\u2019entit\u00e9 sioniste usurpatrice\u00bb.","og_url":"https:\/\/kapitalis.com\/tunisie\/2022\/10\/31\/sommet-arabe-dalger-kais-saied-reitererait-il-sa-condamnation-de-la-normalisation-avec-israel\/","og_site_name":"Kapitalis","article_publisher":"https:\/\/www.facebook.com\/KapitalisInfo\/","article_published_time":"2022-10-31T11:05:54+00:00","article_modified_time":"2022-10-31T11:06:58+00:00","og_image":[{"width":1200,"height":630,"url":"https:\/\/kapitalis.com\/tunisie\/wp-content\/uploads\/2022\/10\/Kais-Saied.jpg","type":"image\/jpeg"}],"author":"webmaster kapitalis","twitter_card":"summary_large_image","twitter_creator":"@KapitalisInfo","twitter_site":"@KapitalisInfo","twitter_misc":{"\u00c9crit par":"webmaster kapitalis","Dur\u00e9e de lecture estim\u00e9e":"2 minutes"},"schema":{"@context":"https:\/\/schema.org","@graph":[{"@type":"Article","@id":"https:\/\/kapitalis.com\/tunisie\/2022\/10\/31\/sommet-arabe-dalger-kais-saied-reitererait-il-sa-condamnation-de-la-normalisation-avec-israel\/#article","isPartOf":{"@id":"https:\/\/kapitalis.com\/tunisie\/2022\/10\/31\/sommet-arabe-dalger-kais-saied-reitererait-il-sa-condamnation-de-la-normalisation-avec-israel\/"},"author":{"name":"webmaster kapitalis","@id":"https:\/\/kapitalis.com\/tunisie\/#\/schema\/person\/d71f33a9ca44f7bad4698210b480c8e9"},"headline":"Sommet arabe d\u2019Alger\u00a0: Ka\u00efs Sa\u00efed r\u00e9it\u00e9rerait-il sa condamnation de la normalisation avec Isra\u00ebl\u00a0?","datePublished":"2022-10-31T11:05:54+00:00","dateModified":"2022-10-31T11:06:58+00:00","mainEntityOfPage":{"@id":"https:\/\/kapitalis.com\/tunisie\/2022\/10\/31\/sommet-arabe-dalger-kais-saied-reitererait-il-sa-condamnation-de-la-normalisation-avec-israel\/"},"wordCount":293,"commentCount":6,"publisher":{"@id":"https:\/\/kapitalis.com\/tunisie\/#organization"},"image":{"@id":"https:\/\/kapitalis.com\/tunisie\/2022\/10\/31\/sommet-arabe-dalger-kais-saied-reitererait-il-sa-condamnation-de-la-normalisation-avec-israel\/#primaryimage"},"thumbnailUrl":"https:\/\/kapitalis.com\/tunisie\/wp-content\/uploads\/2022\/10\/Kais-Saied.jpg","keywords":["Alger","Elyes Kasri","Isra\u00ebl","Ka\u00efs Sa\u00efed","ligue arabe","sommet arabe","Tunisie"],"articleSection":["POLITIQUE","Tunisie"],"inLanguage":"fr-FR","potentialAction":[{"@type":"CommentAction","name":"Comment","target":["https:\/\/kapitalis.com\/tunisie\/2022\/10\/31\/sommet-arabe-dalger-kais-saied-reitererait-il-sa-condamnation-de-la-normalisation-avec-israel\/#respond"]}]},{"@type":"WebPage","@id":"https:\/\/kapitalis.com\/tunisie\/2022\/10\/31\/sommet-arabe-dalger-kais-saied-reitererait-il-sa-condamnation-de-la-normalisation-avec-israel\/","url":"https:\/\/kapitalis.com\/tunisie\/2022\/10\/31\/sommet-arabe-dalger-kais-saied-reitererait-il-sa-condamnation-de-la-normalisation-avec-israel\/","name":"Sommet arabe d\u2019Alger\u00a0: Ka\u00efs Sa\u00efed r\u00e9it\u00e9rerait-il sa condamnation de la normalisation avec Isra\u00ebl\u00a0? - Kapitalis","isPartOf":{"@id":"https:\/\/kapitalis.com\/tunisie\/#website"},"primaryImageOfPage":{"@id":"https:\/\/kapitalis.com\/tunisie\/2022\/10\/31\/sommet-arabe-dalger-kais-saied-reitererait-il-sa-condamnation-de-la-normalisation-avec-israel\/#primaryimage"},"image":{"@id":"https:\/\/kapitalis.com\/tunisie\/2022\/10\/31\/sommet-arabe-dalger-kais-saied-reitererait-il-sa-condamnation-de-la-normalisation-avec-israel\/#primaryimage"},"thumbnailUrl":"https:\/\/kapitalis.com\/tunisie\/wp-content\/uploads\/2022\/10\/Kais-Saied.jpg","datePublished":"2022-10-31T11:05:54+00:00","dateModified":"2022-10-31T11:06:58+00:00","breadcrumb":{"@id":"https:\/\/kapitalis.com\/tunisie\/2022\/10\/31\/sommet-arabe-dalger-kais-saied-reitererait-il-sa-condamnation-de-la-normalisation-avec-israel\/#breadcrumb"},"inLanguage":"fr-FR","potentialAction":[{"@type":"ReadAction","target":["https:\/\/kapitalis.com\/tunisie\/2022\/10\/31\/sommet-arabe-dalger-kais-saied-reitererait-il-sa-condamnation-de-la-normalisation-avec-israel\/"]}]},{"@type":"ImageObject","inLanguage":"fr-FR","@id":"https:\/\/kapitalis.com\/tunisie\/2022\/10\/31\/sommet-arabe-dalger-kais-saied-reitererait-il-sa-condamnation-de-la-normalisation-avec-israel\/#primaryimage","url":"https:\/\/kapitalis.com\/tunisie\/wp-content\/uploads\/2022\/10\/Kais-Saied.jpg","contentUrl":"https:\/\/kapitalis.com\/tunisie\/wp-content\/uploads\/2022\/10\/Kais-Saied.jpg","width":1200,"height":630},{"@type":"BreadcrumbList","@id":"https:\/\/kapitalis.com\/tunisie\/2022\/10\/31\/sommet-arabe-dalger-kais-saied-reitererait-il-sa-condamnation-de-la-normalisation-avec-israel\/#breadcrumb","itemListElement":[{"@type":"ListItem","position":1,"name":"Accueil","item":"https:\/\/kapitalis.com\/tunisie\/"},{"@type":"ListItem","position":2,"name":"Sommet arabe d\u2019Alger\u00a0: Ka\u00efs Sa\u00efed r\u00e9it\u00e9rerait-il sa condamnation de la normalisation avec Isra\u00ebl\u00a0?"}]},{"@type":"WebSite","@id":"https:\/\/kapitalis.com\/tunisie\/#website","url":"https:\/\/kapitalis.com\/tunisie\/","name":"Kapitalis","description":"L&#039;actualit\u00e9 en Tunisie et dans le monde","publisher":{"@id":"https:\/\/kapitalis.com\/tunisie\/#organization"},"potentialAction":[{"@type":"SearchAction","target":{"@type":"EntryPoint","urlTemplate":"https:\/\/kapitalis.com\/tunisie\/?s={search_term_string}"},"query-input":{"@type":"PropertyValueSpecification","valueRequired":true,"valueName":"search_term_string"}}],"inLanguage":"fr-FR"},{"@type":"Organization","@id":"https:\/\/kapitalis.com\/tunisie\/#organization","name":"Kapitalis","url":"https:\/\/kapitalis.com\/tunisie\/","logo":{"@type":"ImageObject","inLanguage":"fr-FR","@id":"https:\/\/kapitalis.com\/tunisie\/#\/schema\/logo\/image\/","url":"https:\/\/kapitalis.com\/tunisie\/wp-content\/uploads\/2022\/05\/Kapitalis-big-size.png","contentUrl":"https:\/\/kapitalis.com\/tunisie\/wp-content\/uploads\/2022\/05\/Kapitalis-big-size.png","width":5000,"height":1500,"caption":"Kapitalis"},"image":{"@id":"https:\/\/kapitalis.com\/tunisie\/#\/schema\/logo\/image\/"},"sameAs":["https:\/\/www.facebook.com\/KapitalisInfo\/","https:\/\/x.com\/KapitalisInfo","https:\/\/www.youtube.com\/channel\/UC-yDYrHyfFBWWZaOw3FPg9Q"]},{"@type":"Person","@id":"https:\/\/kapitalis.com\/tunisie\/#\/schema\/person\/d71f33a9ca44f7bad4698210b480c8e9","name":"webmaster kapitalis","url":"https:\/\/kapitalis.com\/tunisie\/author\/webmaster-kapitalis\/"}]}},"_links":{"self":[{"href":"https:\/\/kapitalis.com\/tunisie\/wp-json\/wp\/v2\/posts\/4707595","targetHints":{"allow":["GET"]}}],"collection":[{"href":"https:\/\/kapitalis.com\/tunisie\/wp-json\/wp\/v2\/posts"}],"about":[{"href":"https:\/\/kapitalis.com\/tunisie\/wp-json\/wp\/v2\/types\/post"}],"author":[{"embeddable":true,"href":"https:\/\/kapitalis.com\/tunisie\/wp-json\/wp\/v2\/users\/8"}],"replies":[{"embeddable":true,"href":"https:\/\/kapitalis.com\/tunisie\/wp-json\/wp\/v2\/comments?post=4707595"}],"version-history":[{"count":0,"href":"https:\/\/kapitalis.com\/tunisie\/wp-json\/wp\/v2\/posts\/4707595\/revisions"}],"wp:featuredmedia":[{"embeddable":true,"href":"https:\/\/kapitalis.com\/tunisie\/wp-json\/wp\/v2\/media\/4418409"}],"wp:attachment":[{"href":"https:\/\/kapitalis.com\/tunisie\/wp-json\/wp\/v2\/media?parent=4707595"}],"wp:term":[{"taxonomy":"category","embeddable":true,"href":"https:\/\/kapitalis.com\/tunisie\/wp-json\/wp\/v2\/categories?post=4707595"},{"taxonomy":"post_tag","embeddable":true,"href":"https:\/\/kapitalis.com\/tunisie\/wp-json\/wp\/v2\/tags?post=4707595"}],"curies":[{"name":"wp","href":"https:\/\/api.w.org\/{rel}","templated":true}]}}