{"id":47560,"date":"2016-04-20T16:47:46","date_gmt":"2016-04-20T15:47:46","guid":{"rendered":"http:\/\/kapitalis.com\/tunisie\/?p=47560"},"modified":"2016-04-20T16:47:46","modified_gmt":"2016-04-20T15:47:46","slug":"ivd-hatem-eleuchi-prete-main-forte-a-sihem-bensedrine","status":"publish","type":"post","link":"https:\/\/kapitalis.com\/tunisie\/2016\/04\/20\/ivd-hatem-eleuchi-prete-main-forte-a-sihem-bensedrine\/","title":{"rendered":"IVD : Hatem Eleuchi pr\u00eate main forte \u00e0 Sihem Bensedrine"},"content":{"rendered":"<p><img loading=\"lazy\" decoding=\"async\" class=\"size-full wp-image-47561 aligncenter\" src=\"http:\/\/kapitalis.com\/tunisie\/wp-content\/uploads\/2016\/04\/Hatem-Eleuchi-et-Sihem-Bensedrine.jpg\" alt=\"Hatem-Eleuchi-et-Sihem-Bensedrine\" width=\"626\" height=\"380\" \/><\/p>\n<p><em><strong>Le ministre des Domaines de l\u2019Etat veut aider \u00e0 aplanir les difficult\u00e9s rencontr\u00e9es par l\u2019Instance V\u00e9rit\u00e9 et Dignit\u00e9 (IVD) avec l\u2019administration tunisienne.<\/strong> <\/em><\/p>\n<p><!--more--><\/p>\n<p>Le ministre des Domaines de l\u2019Etat et des Affaires fonci\u00e8res, Hatem Eleuchi, a d\u00e9cid\u00e9 la tenue d&rsquo;une r\u00e9union de travail entre le chef du contentieux de l\u2019Etat et l\u2019Instance V\u00e9rit\u00e9 et Dignit\u00e9 (IVD) pour d\u00e9bloquer les points en suspens.<\/p>\n<p>Le ministre a soulign\u00e9, lors d\u2019une visite de travail effectu\u00e9e aujourd\u2019hui au si\u00e8ge de l\u2019IVD, la disposition totale de son d\u00e9partement \u00e0 lever tous les obstacles qui entravent le travail de l\u2019instance, notamment en ce qui concerne les dossiers en rapport avec le contentieux de l\u2019Etat, tout en pr\u00e9cisant que l\u2019Etat n\u2019a, par principe, aucune r\u00e9serve au sujet de la r\u00e9conciliation.<\/p>\n<p>Au cours d\u2019une r\u00e9union de travail tenue avec les membres de cette instance, en pr\u00e9sence de leur pr\u00e9sidente Sihem Bensedrine , M. Eleuchi a pris la d\u00e9cision de convoquer le chef du contentieux de l\u2019Etat \u00e0 se r\u00e9unir la fin du mois avec la pr\u00e9sidente de l\u2019IVD pour trouver les solutions ad\u00e9quates \u00e0 certaines probl\u00e9matiques d\u2019ordre juridique et d\u2019ex\u00e9cution concernant les demandes de r\u00e9conciliation parvenus \u00e0 l\u2019instance.<\/p>\n<p>Il a \u00e9t\u00e9, \u00e9galement, d\u00e9cid\u00e9 la tenue d\u2019une r\u00e9union de travail, d\u00e9but mai, entre les membres de l\u2019IVD et le chef du contentieux de l\u2019Etat en pr\u00e9sence des conseillers rapporteurs afin d\u2019aplanir les difficult\u00e9s et de d\u00e9finir un plan de travail commun pour la p\u00e9riode \u00e0 venir.<\/p>\n<p>De son c\u00f4t\u00e9 , Mme Bensedrine a fait savoir que l\u2019Etat peut b\u00e9n\u00e9ficier, selon la loi, du m\u00e9canisme de l\u2019arbitrage et de la r\u00e9conciliation en d\u00e9posant des demandes \u00e0 l\u2019instance et qu\u2019il existe environ 1000 dossiers relatifs \u00e0 des soup\u00e7ons de corruption impliquant des personnes physiques ou des entreprises, dont l\u2019Etat est victime.<\/p>\n<p>A la fin de la r\u00e9union, le ministre a visit\u00e9 les diff\u00e9rents d\u00e9partements de l\u2019instance o\u00f9 il a pris connaissance des m\u00e9thodes de travail surtout au niveau de l\u2019archive, des bureaux charg\u00e9s de l\u2019\u00e9coute des victimes ainsi que de l\u2019unit\u00e9 d\u2019assistance m\u00e9dicale et psychologique.<\/p>\n<p>Rappelons que l&rsquo;IVD s&rsquo;est plainte r\u00e9cemment du manque de collaboration de plusieurs services de l&rsquo;Etats, notamment le minist\u00e8re de l&rsquo;Int\u00e9rieur, v\u00e9ritable bo\u00eete noire de l&rsquo;ancien r\u00e9gime.<\/p>\n<p style=\"text-align: right;\"><strong>I. B.<\/strong> (avec communiqu\u00e9).<\/p>\n","protected":false},"excerpt":{"rendered":"<p>Le ministre des Domaines de l\u2019Etat veut aider \u00e0 aplanir les difficult\u00e9s rencontr\u00e9es par l\u2019Instance V\u00e9rit\u00e9 et Dignit\u00e9 (IVD) avec l\u2019administration tunisienne.<\/p>\n","protected":false},"author":8,"featured_media":47561,"comment_status":"open","ping_status":"open","sticky":false,"template":"","format":"standard","meta":{"footnotes":""},"categories":[997,2433],"tags":[29,1794,5228,2038],"class_list":["post-47560","post","type-post","status-publish","format-standard","has-post-thumbnail","hentry","category-politique","category-tunisie","tag-administration","tag-instance-verite-et-dignite","tag-ivd","tag-reconciliation"],"yoast_head":"<!-- This site is optimized with the Yoast SEO plugin v26.6 - https:\/\/yoast.com\/wordpress\/plugins\/seo\/ -->\n<title>IVD : Hatem Eleuchi pr\u00eate main forte \u00e0 Sihem Bensedrine - Kapitalis<\/title>\n<meta name=\"robots\" content=\"index, follow, max-snippet:-1, max-image-preview:large, max-video-preview:-1\" \/>\n<link rel=\"canonical\" href=\"https:\/\/kapitalis.com\/tunisie\/2016\/04\/20\/ivd-hatem-eleuchi-prete-main-forte-a-sihem-bensedrine\/\" \/>\n<meta property=\"og:locale\" content=\"fr_FR\" \/>\n<meta property=\"og:type\" content=\"article\" \/>\n<meta property=\"og:title\" content=\"IVD : Hatem Eleuchi pr\u00eate main forte \u00e0 Sihem Bensedrine - Kapitalis\" \/>\n<meta property=\"og:description\" content=\"Le ministre des Domaines de l\u2019Etat veut aider \u00e0 aplanir les difficult\u00e9s rencontr\u00e9es par l\u2019Instance V\u00e9rit\u00e9 et Dignit\u00e9 (IVD) avec l\u2019administration tunisienne.\" \/>\n<meta property=\"og:url\" content=\"https:\/\/kapitalis.com\/tunisie\/2016\/04\/20\/ivd-hatem-eleuchi-prete-main-forte-a-sihem-bensedrine\/\" \/>\n<meta property=\"og:site_name\" content=\"Kapitalis\" \/>\n<meta property=\"article:publisher\" content=\"https:\/\/www.facebook.com\/KapitalisInfo\/\" \/>\n<meta property=\"article:published_time\" content=\"2016-04-20T15:47:46+00:00\" \/>\n<meta property=\"og:image\" content=\"https:\/\/kapitalis.com\/tunisie\/wp-content\/uploads\/2022\/05\/kapitalis-logo-fb.png\" \/>\n\t<meta property=\"og:image:width\" content=\"1200\" \/>\n\t<meta property=\"og:image:height\" content=\"630\" \/>\n\t<meta property=\"og:image:type\" content=\"image\/png\" \/>\n<meta name=\"author\" content=\"webmaster kapitalis\" \/>\n<meta name=\"twitter:card\" content=\"summary_large_image\" \/>\n<meta name=\"twitter:creator\" content=\"@KapitalisInfo\" \/>\n<meta name=\"twitter:site\" content=\"@KapitalisInfo\" \/>\n<meta name=\"twitter:label1\" content=\"\u00c9crit par\" \/>\n\t<meta name=\"twitter:data1\" content=\"webmaster kapitalis\" \/>\n\t<meta name=\"twitter:label2\" content=\"Dur\u00e9e de lecture estim\u00e9e\" \/>\n\t<meta name=\"twitter:data2\" content=\"2 minutes\" \/>\n<script type=\"application\/ld+json\" class=\"yoast-schema-graph\">{\"@context\":\"https:\/\/schema.org\",\"@graph\":[{\"@type\":\"Article\",\"@id\":\"https:\/\/kapitalis.com\/tunisie\/2016\/04\/20\/ivd-hatem-eleuchi-prete-main-forte-a-sihem-bensedrine\/#article\",\"isPartOf\":{\"@id\":\"https:\/\/kapitalis.com\/tunisie\/2016\/04\/20\/ivd-hatem-eleuchi-prete-main-forte-a-sihem-bensedrine\/\"},\"author\":{\"name\":\"webmaster kapitalis\",\"@id\":\"https:\/\/kapitalis.com\/tunisie\/#\/schema\/person\/d71f33a9ca44f7bad4698210b480c8e9\"},\"headline\":\"IVD : Hatem Eleuchi pr\u00eate main forte \u00e0 Sihem Bensedrine\",\"datePublished\":\"2016-04-20T15:47:46+00:00\",\"mainEntityOfPage\":{\"@id\":\"https:\/\/kapitalis.com\/tunisie\/2016\/04\/20\/ivd-hatem-eleuchi-prete-main-forte-a-sihem-bensedrine\/\"},\"wordCount\":444,\"commentCount\":1,\"publisher\":{\"@id\":\"https:\/\/kapitalis.com\/tunisie\/#organization\"},\"image\":{\"@id\":\"https:\/\/kapitalis.com\/tunisie\/2016\/04\/20\/ivd-hatem-eleuchi-prete-main-forte-a-sihem-bensedrine\/#primaryimage\"},\"thumbnailUrl\":\"\",\"keywords\":[\"administration\",\"Instance V\u00e9rit\u00e9 et Dignit\u00e9\",\"IVD\",\"r\u00e9conciliation\"],\"articleSection\":[\"POLITIQUE\",\"Tunisie\"],\"inLanguage\":\"fr-FR\",\"potentialAction\":[{\"@type\":\"CommentAction\",\"name\":\"Comment\",\"target\":[\"https:\/\/kapitalis.com\/tunisie\/2016\/04\/20\/ivd-hatem-eleuchi-prete-main-forte-a-sihem-bensedrine\/#respond\"]}]},{\"@type\":\"WebPage\",\"@id\":\"https:\/\/kapitalis.com\/tunisie\/2016\/04\/20\/ivd-hatem-eleuchi-prete-main-forte-a-sihem-bensedrine\/\",\"url\":\"https:\/\/kapitalis.com\/tunisie\/2016\/04\/20\/ivd-hatem-eleuchi-prete-main-forte-a-sihem-bensedrine\/\",\"name\":\"IVD : Hatem Eleuchi pr\u00eate main forte \u00e0 Sihem Bensedrine - Kapitalis\",\"isPartOf\":{\"@id\":\"https:\/\/kapitalis.com\/tunisie\/#website\"},\"primaryImageOfPage\":{\"@id\":\"https:\/\/kapitalis.com\/tunisie\/2016\/04\/20\/ivd-hatem-eleuchi-prete-main-forte-a-sihem-bensedrine\/#primaryimage\"},\"image\":{\"@id\":\"https:\/\/kapitalis.com\/tunisie\/2016\/04\/20\/ivd-hatem-eleuchi-prete-main-forte-a-sihem-bensedrine\/#primaryimage\"},\"thumbnailUrl\":\"\",\"datePublished\":\"2016-04-20T15:47:46+00:00\",\"breadcrumb\":{\"@id\":\"https:\/\/kapitalis.com\/tunisie\/2016\/04\/20\/ivd-hatem-eleuchi-prete-main-forte-a-sihem-bensedrine\/#breadcrumb\"},\"inLanguage\":\"fr-FR\",\"potentialAction\":[{\"@type\":\"ReadAction\",\"target\":[\"https:\/\/kapitalis.com\/tunisie\/2016\/04\/20\/ivd-hatem-eleuchi-prete-main-forte-a-sihem-bensedrine\/\"]}]},{\"@type\":\"ImageObject\",\"inLanguage\":\"fr-FR\",\"@id\":\"https:\/\/kapitalis.com\/tunisie\/2016\/04\/20\/ivd-hatem-eleuchi-prete-main-forte-a-sihem-bensedrine\/#primaryimage\",\"url\":\"\",\"contentUrl\":\"\"},{\"@type\":\"BreadcrumbList\",\"@id\":\"https:\/\/kapitalis.com\/tunisie\/2016\/04\/20\/ivd-hatem-eleuchi-prete-main-forte-a-sihem-bensedrine\/#breadcrumb\",\"itemListElement\":[{\"@type\":\"ListItem\",\"position\":1,\"name\":\"Accueil\",\"item\":\"https:\/\/kapitalis.com\/tunisie\/\"},{\"@type\":\"ListItem\",\"position\":2,\"name\":\"IVD : Hatem Eleuchi pr\u00eate main forte \u00e0 Sihem Bensedrine\"}]},{\"@type\":\"WebSite\",\"@id\":\"https:\/\/kapitalis.com\/tunisie\/#website\",\"url\":\"https:\/\/kapitalis.com\/tunisie\/\",\"name\":\"Kapitalis\",\"description\":\"L&#039;actualit\u00e9 en Tunisie et dans le monde\",\"publisher\":{\"@id\":\"https:\/\/kapitalis.com\/tunisie\/#organization\"},\"potentialAction\":[{\"@type\":\"SearchAction\",\"target\":{\"@type\":\"EntryPoint\",\"urlTemplate\":\"https:\/\/kapitalis.com\/tunisie\/?s={search_term_string}\"},\"query-input\":{\"@type\":\"PropertyValueSpecification\",\"valueRequired\":true,\"valueName\":\"search_term_string\"}}],\"inLanguage\":\"fr-FR\"},{\"@type\":\"Organization\",\"@id\":\"https:\/\/kapitalis.com\/tunisie\/#organization\",\"name\":\"Kapitalis\",\"url\":\"https:\/\/kapitalis.com\/tunisie\/\",\"logo\":{\"@type\":\"ImageObject\",\"inLanguage\":\"fr-FR\",\"@id\":\"https:\/\/kapitalis.com\/tunisie\/#\/schema\/logo\/image\/\",\"url\":\"https:\/\/kapitalis.com\/tunisie\/wp-content\/uploads\/2022\/05\/Kapitalis-big-size.png\",\"contentUrl\":\"https:\/\/kapitalis.com\/tunisie\/wp-content\/uploads\/2022\/05\/Kapitalis-big-size.png\",\"width\":5000,\"height\":1500,\"caption\":\"Kapitalis\"},\"image\":{\"@id\":\"https:\/\/kapitalis.com\/tunisie\/#\/schema\/logo\/image\/\"},\"sameAs\":[\"https:\/\/www.facebook.com\/KapitalisInfo\/\",\"https:\/\/x.com\/KapitalisInfo\",\"https:\/\/www.youtube.com\/channel\/UC-yDYrHyfFBWWZaOw3FPg9Q\"]},{\"@type\":\"Person\",\"@id\":\"https:\/\/kapitalis.com\/tunisie\/#\/schema\/person\/d71f33a9ca44f7bad4698210b480c8e9\",\"name\":\"webmaster kapitalis\",\"url\":\"https:\/\/kapitalis.com\/tunisie\/author\/webmaster-kapitalis\/\"}]}<\/script>\n<!-- \/ Yoast SEO plugin. -->","yoast_head_json":{"title":"IVD : Hatem Eleuchi pr\u00eate main forte \u00e0 Sihem Bensedrine - Kapitalis","robots":{"index":"index","follow":"follow","max-snippet":"max-snippet:-1","max-image-preview":"max-image-preview:large","max-video-preview":"max-video-preview:-1"},"canonical":"https:\/\/kapitalis.com\/tunisie\/2016\/04\/20\/ivd-hatem-eleuchi-prete-main-forte-a-sihem-bensedrine\/","og_locale":"fr_FR","og_type":"article","og_title":"IVD : Hatem Eleuchi pr\u00eate main forte \u00e0 Sihem Bensedrine - Kapitalis","og_description":"Le ministre des Domaines de l\u2019Etat veut aider \u00e0 aplanir les difficult\u00e9s rencontr\u00e9es par l\u2019Instance V\u00e9rit\u00e9 et Dignit\u00e9 (IVD) avec l\u2019administration tunisienne.","og_url":"https:\/\/kapitalis.com\/tunisie\/2016\/04\/20\/ivd-hatem-eleuchi-prete-main-forte-a-sihem-bensedrine\/","og_site_name":"Kapitalis","article_publisher":"https:\/\/www.facebook.com\/KapitalisInfo\/","article_published_time":"2016-04-20T15:47:46+00:00","og_image":[{"width":1200,"height":630,"url":"https:\/\/kapitalis.com\/tunisie\/wp-content\/uploads\/2022\/05\/kapitalis-logo-fb.png","type":"image\/png"}],"author":"webmaster kapitalis","twitter_card":"summary_large_image","twitter_creator":"@KapitalisInfo","twitter_site":"@KapitalisInfo","twitter_misc":{"\u00c9crit par":"webmaster kapitalis","Dur\u00e9e de lecture estim\u00e9e":"2 minutes"},"schema":{"@context":"https:\/\/schema.org","@graph":[{"@type":"Article","@id":"https:\/\/kapitalis.com\/tunisie\/2016\/04\/20\/ivd-hatem-eleuchi-prete-main-forte-a-sihem-bensedrine\/#article","isPartOf":{"@id":"https:\/\/kapitalis.com\/tunisie\/2016\/04\/20\/ivd-hatem-eleuchi-prete-main-forte-a-sihem-bensedrine\/"},"author":{"name":"webmaster kapitalis","@id":"https:\/\/kapitalis.com\/tunisie\/#\/schema\/person\/d71f33a9ca44f7bad4698210b480c8e9"},"headline":"IVD : Hatem Eleuchi pr\u00eate main forte \u00e0 Sihem Bensedrine","datePublished":"2016-04-20T15:47:46+00:00","mainEntityOfPage":{"@id":"https:\/\/kapitalis.com\/tunisie\/2016\/04\/20\/ivd-hatem-eleuchi-prete-main-forte-a-sihem-bensedrine\/"},"wordCount":444,"commentCount":1,"publisher":{"@id":"https:\/\/kapitalis.com\/tunisie\/#organization"},"image":{"@id":"https:\/\/kapitalis.com\/tunisie\/2016\/04\/20\/ivd-hatem-eleuchi-prete-main-forte-a-sihem-bensedrine\/#primaryimage"},"thumbnailUrl":"","keywords":["administration","Instance V\u00e9rit\u00e9 et Dignit\u00e9","IVD","r\u00e9conciliation"],"articleSection":["POLITIQUE","Tunisie"],"inLanguage":"fr-FR","potentialAction":[{"@type":"CommentAction","name":"Comment","target":["https:\/\/kapitalis.com\/tunisie\/2016\/04\/20\/ivd-hatem-eleuchi-prete-main-forte-a-sihem-bensedrine\/#respond"]}]},{"@type":"WebPage","@id":"https:\/\/kapitalis.com\/tunisie\/2016\/04\/20\/ivd-hatem-eleuchi-prete-main-forte-a-sihem-bensedrine\/","url":"https:\/\/kapitalis.com\/tunisie\/2016\/04\/20\/ivd-hatem-eleuchi-prete-main-forte-a-sihem-bensedrine\/","name":"IVD : Hatem Eleuchi pr\u00eate main forte \u00e0 Sihem Bensedrine - Kapitalis","isPartOf":{"@id":"https:\/\/kapitalis.com\/tunisie\/#website"},"primaryImageOfPage":{"@id":"https:\/\/kapitalis.com\/tunisie\/2016\/04\/20\/ivd-hatem-eleuchi-prete-main-forte-a-sihem-bensedrine\/#primaryimage"},"image":{"@id":"https:\/\/kapitalis.com\/tunisie\/2016\/04\/20\/ivd-hatem-eleuchi-prete-main-forte-a-sihem-bensedrine\/#primaryimage"},"thumbnailUrl":"","datePublished":"2016-04-20T15:47:46+00:00","breadcrumb":{"@id":"https:\/\/kapitalis.com\/tunisie\/2016\/04\/20\/ivd-hatem-eleuchi-prete-main-forte-a-sihem-bensedrine\/#breadcrumb"},"inLanguage":"fr-FR","potentialAction":[{"@type":"ReadAction","target":["https:\/\/kapitalis.com\/tunisie\/2016\/04\/20\/ivd-hatem-eleuchi-prete-main-forte-a-sihem-bensedrine\/"]}]},{"@type":"ImageObject","inLanguage":"fr-FR","@id":"https:\/\/kapitalis.com\/tunisie\/2016\/04\/20\/ivd-hatem-eleuchi-prete-main-forte-a-sihem-bensedrine\/#primaryimage","url":"","contentUrl":""},{"@type":"BreadcrumbList","@id":"https:\/\/kapitalis.com\/tunisie\/2016\/04\/20\/ivd-hatem-eleuchi-prete-main-forte-a-sihem-bensedrine\/#breadcrumb","itemListElement":[{"@type":"ListItem","position":1,"name":"Accueil","item":"https:\/\/kapitalis.com\/tunisie\/"},{"@type":"ListItem","position":2,"name":"IVD : Hatem Eleuchi pr\u00eate main forte \u00e0 Sihem Bensedrine"}]},{"@type":"WebSite","@id":"https:\/\/kapitalis.com\/tunisie\/#website","url":"https:\/\/kapitalis.com\/tunisie\/","name":"Kapitalis","description":"L&#039;actualit\u00e9 en Tunisie et dans le monde","publisher":{"@id":"https:\/\/kapitalis.com\/tunisie\/#organization"},"potentialAction":[{"@type":"SearchAction","target":{"@type":"EntryPoint","urlTemplate":"https:\/\/kapitalis.com\/tunisie\/?s={search_term_string}"},"query-input":{"@type":"PropertyValueSpecification","valueRequired":true,"valueName":"search_term_string"}}],"inLanguage":"fr-FR"},{"@type":"Organization","@id":"https:\/\/kapitalis.com\/tunisie\/#organization","name":"Kapitalis","url":"https:\/\/kapitalis.com\/tunisie\/","logo":{"@type":"ImageObject","inLanguage":"fr-FR","@id":"https:\/\/kapitalis.com\/tunisie\/#\/schema\/logo\/image\/","url":"https:\/\/kapitalis.com\/tunisie\/wp-content\/uploads\/2022\/05\/Kapitalis-big-size.png","contentUrl":"https:\/\/kapitalis.com\/tunisie\/wp-content\/uploads\/2022\/05\/Kapitalis-big-size.png","width":5000,"height":1500,"caption":"Kapitalis"},"image":{"@id":"https:\/\/kapitalis.com\/tunisie\/#\/schema\/logo\/image\/"},"sameAs":["https:\/\/www.facebook.com\/KapitalisInfo\/","https:\/\/x.com\/KapitalisInfo","https:\/\/www.youtube.com\/channel\/UC-yDYrHyfFBWWZaOw3FPg9Q"]},{"@type":"Person","@id":"https:\/\/kapitalis.com\/tunisie\/#\/schema\/person\/d71f33a9ca44f7bad4698210b480c8e9","name":"webmaster kapitalis","url":"https:\/\/kapitalis.com\/tunisie\/author\/webmaster-kapitalis\/"}]}},"_links":{"self":[{"href":"https:\/\/kapitalis.com\/tunisie\/wp-json\/wp\/v2\/posts\/47560","targetHints":{"allow":["GET"]}}],"collection":[{"href":"https:\/\/kapitalis.com\/tunisie\/wp-json\/wp\/v2\/posts"}],"about":[{"href":"https:\/\/kapitalis.com\/tunisie\/wp-json\/wp\/v2\/types\/post"}],"author":[{"embeddable":true,"href":"https:\/\/kapitalis.com\/tunisie\/wp-json\/wp\/v2\/users\/8"}],"replies":[{"embeddable":true,"href":"https:\/\/kapitalis.com\/tunisie\/wp-json\/wp\/v2\/comments?post=47560"}],"version-history":[{"count":0,"href":"https:\/\/kapitalis.com\/tunisie\/wp-json\/wp\/v2\/posts\/47560\/revisions"}],"wp:featuredmedia":[{"embeddable":true,"href":"https:\/\/kapitalis.com\/tunisie\/wp-json\/wp\/v2\/media\/47561"}],"wp:attachment":[{"href":"https:\/\/kapitalis.com\/tunisie\/wp-json\/wp\/v2\/media?parent=47560"}],"wp:term":[{"taxonomy":"category","embeddable":true,"href":"https:\/\/kapitalis.com\/tunisie\/wp-json\/wp\/v2\/categories?post=47560"},{"taxonomy":"post_tag","embeddable":true,"href":"https:\/\/kapitalis.com\/tunisie\/wp-json\/wp\/v2\/tags?post=47560"}],"curies":[{"name":"wp","href":"https:\/\/api.w.org\/{rel}","templated":true}]}}