{"id":47562,"date":"2016-04-20T17:35:48","date_gmt":"2016-04-20T16:35:48","guid":{"rendered":"http:\/\/kapitalis.com\/tunisie\/?p=47562"},"modified":"2016-04-20T17:35:48","modified_gmt":"2016-04-20T16:35:48","slug":"manifestation-contre-la-cloture-du-dossier-de-laffaire-chokri-belaid","status":"publish","type":"post","link":"https:\/\/kapitalis.com\/tunisie\/2016\/04\/20\/manifestation-contre-la-cloture-du-dossier-de-laffaire-chokri-belaid\/","title":{"rendered":"Manifestation contre la cl\u00f4ture du dossier de l&rsquo;affaire Chokri Bela\u00efd"},"content":{"rendered":"<p style=\"text-align: center;\"><img loading=\"lazy\" decoding=\"async\" class=\"alignnone size-full wp-image-47565\" src=\"http:\/\/kapitalis.com\/tunisie\/wp-content\/uploads\/2016\/04\/Chokri-Bela\u00efd-manif-devant-min-justice.jpg\" alt=\"Chokri Bela\u00efd- manif devant min justice\" width=\"626\" height=\"380\" \/><\/p>\n<p><em><strong>Une manifestation d\u00e9non\u00e7ant la cl\u00f4ture de l\u2019instruction de l&rsquo;affaire\u00a0de l\u2019assassinat de Chokri Bela\u00efd a \u00e9t\u00e9 organis\u00e9e, aujourd\u2019hui, devant le si\u00e8ge du minist\u00e8re de la Justice.<\/strong><\/em><\/p>\n<p><!--more--><\/p>\n<p>Le Parti des Patriotes d\u00e9mocrates r\u00e9unifi\u00e9 (Watad),\u00a0dont Chokri Bela\u00efd \u00e9tait le secr\u00e9taire g\u00e9n\u00e9ral\u00a0lorsqu&rsquo;il a \u00e9t\u00e9\u00a0assassin\u00e9 par des extr\u00e9mistes religieux, le 6 f\u00e9vrier 2013, le Front populaire et le comit\u00e9 de d\u00e9fense de Chokri Bela\u00efd, ont appel\u00e9 \u00e0 une manifestation, aujourd\u2019hui, pour d\u00e9noncer les man\u0153uvres visant \u00e0 \u00e9touffer la v\u00e9rit\u00e9 sur l&rsquo;assassinat du leader de gauche.<\/p>\n<p>Des militants et des d\u00e9put\u00e9s du Front populaire, son porte-parole Hamma Hammmai, Me Basma Khalfaoui, veuve de Chokri Bela\u00efd, et des activistes de la soci\u00e9t\u00e9 civile se sont rassembl\u00e9s, aujourd&rsquo;hui, devant le minist\u00e8re de la Justice.<\/p>\n<p style=\"text-align: center;\"><img loading=\"lazy\" decoding=\"async\" class=\"alignnone size-full wp-image-47566\" src=\"http:\/\/kapitalis.com\/tunisie\/wp-content\/uploads\/2016\/04\/Bela\u00efd-manif-devant-min-justice.jpg\" alt=\"Bela\u00efd- manif devant min justice\" width=\"500\" height=\"300\" \/><\/p>\n<p>\u00ab<em>La d\u00e9cision de cl\u00f4turer le\u00a0dossier de l&rsquo;instruction a \u00e9t\u00e9 prise par le juge du bureau 13 du tribunal de 1\u00e8re instance de Tunis est le r\u00e9sultat de pressions exerc\u00e9es par l&rsquo;alliance gouvernementale, qui cherche \u00e0 cl\u00f4turer les dossiers des assassinats politiques sans que la v\u00e9rit\u00e9 ne soit r\u00e9v\u00e9l\u00e9e<\/em>\u00bb, ont d\u00e9nonc\u00e9 les protestataires.<\/p>\n<p>Les camarades de Chokri Bela\u00efd ont, par ailleurs, indiqu\u00e9 qu\u2019ils se r\u00e9servent le droit de saisir des juridictions internationales pour aider \u00e0 faire d\u00e9bloquer le dossier et afin que la v\u00e9rit\u00e9 ne puisse pas \u00eatre \u00e9touff\u00e9e.<\/p>\n<p>Le Front populaire accuse le parti islamiste Ennahdha, qui domine aujourd&rsquo;hui\u00a0la coalition gouvernementale, de chercher \u00e0 emp\u00eacher la r\u00e9v\u00e9lation de la v\u00e9rit\u00e9, d&rsquo;autant que sa responsabilit\u00e9 politique dans les assassinats politiques est av\u00e9r\u00e9e.<\/p>\n<p>En effet, le parti islamiste a fait preuve de laxisme quand il conduisait le gouvernement, entre janvier 2012 et janvier 2014, p\u00e9riode durant laquelle deux dirigeants de gauche ont \u00e9t\u00e9 assassin\u00e9s, Chokri Belaid et Mohamed Brahmi (le 25 juillet 2013), par des extr\u00e9mistes religieux dont les liens avec Ennahdha ne demanderaient qu&rsquo;\u00e0 \u00eatre prouv\u00e9s.<\/p>\n<p style=\"text-align: right;\"><strong>Y. N.<\/strong><\/p>\n","protected":false},"excerpt":{"rendered":"<p>Une manifestation d\u00e9non\u00e7ant la cl\u00f4ture de l\u2019instruction de l&rsquo;affaire\u00a0de l\u2019assassinat de Chokri Bela\u00efd a \u00e9t\u00e9 organis\u00e9e, aujourd\u2019hui, devant le si\u00e8ge du minist\u00e8re de la Justice.<\/p>\n","protected":false},"author":6,"featured_media":47565,"comment_status":"open","ping_status":"open","sticky":false,"template":"","format":"standard","meta":{"footnotes":""},"categories":[997,2433],"tags":[],"class_list":["post-47562","post","type-post","status-publish","format-standard","has-post-thumbnail","hentry","category-politique","category-tunisie"],"yoast_head":"<!-- This site is optimized with the Yoast SEO plugin v26.6 - https:\/\/yoast.com\/wordpress\/plugins\/seo\/ -->\n<title>Manifestation contre la cl\u00f4ture du dossier de l&#039;affaire Chokri Bela\u00efd - Kapitalis<\/title>\n<meta name=\"robots\" content=\"index, follow, max-snippet:-1, max-image-preview:large, max-video-preview:-1\" \/>\n<link rel=\"canonical\" href=\"https:\/\/kapitalis.com\/tunisie\/2016\/04\/20\/manifestation-contre-la-cloture-du-dossier-de-laffaire-chokri-belaid\/\" \/>\n<meta property=\"og:locale\" content=\"fr_FR\" \/>\n<meta property=\"og:type\" content=\"article\" \/>\n<meta property=\"og:title\" content=\"Manifestation contre la cl\u00f4ture du dossier de l&#039;affaire Chokri Bela\u00efd - Kapitalis\" \/>\n<meta property=\"og:description\" content=\"Une manifestation d\u00e9non\u00e7ant la cl\u00f4ture de l\u2019instruction de l&rsquo;affaire\u00a0de l\u2019assassinat de Chokri Bela\u00efd a \u00e9t\u00e9 organis\u00e9e, aujourd\u2019hui, devant le si\u00e8ge du minist\u00e8re de la Justice.\" \/>\n<meta property=\"og:url\" content=\"https:\/\/kapitalis.com\/tunisie\/2016\/04\/20\/manifestation-contre-la-cloture-du-dossier-de-laffaire-chokri-belaid\/\" \/>\n<meta property=\"og:site_name\" content=\"Kapitalis\" \/>\n<meta property=\"article:publisher\" content=\"https:\/\/www.facebook.com\/KapitalisInfo\/\" \/>\n<meta property=\"article:published_time\" content=\"2016-04-20T16:35:48+00:00\" \/>\n<meta property=\"og:image\" content=\"https:\/\/kapitalis.com\/tunisie\/wp-content\/uploads\/2022\/05\/kapitalis-logo-fb.png\" \/>\n\t<meta property=\"og:image:width\" content=\"1200\" \/>\n\t<meta property=\"og:image:height\" content=\"630\" \/>\n\t<meta property=\"og:image:type\" content=\"image\/png\" \/>\n<meta name=\"author\" content=\"Yusra NY\" \/>\n<meta name=\"twitter:card\" content=\"summary_large_image\" \/>\n<meta name=\"twitter:creator\" content=\"@KapitalisInfo\" \/>\n<meta name=\"twitter:site\" content=\"@KapitalisInfo\" \/>\n<meta name=\"twitter:label1\" content=\"\u00c9crit par\" \/>\n\t<meta name=\"twitter:data1\" content=\"Yusra NY\" \/>\n\t<meta name=\"twitter:label2\" content=\"Dur\u00e9e de lecture estim\u00e9e\" \/>\n\t<meta name=\"twitter:data2\" content=\"2 minutes\" \/>\n<script type=\"application\/ld+json\" class=\"yoast-schema-graph\">{\"@context\":\"https:\/\/schema.org\",\"@graph\":[{\"@type\":\"Article\",\"@id\":\"https:\/\/kapitalis.com\/tunisie\/2016\/04\/20\/manifestation-contre-la-cloture-du-dossier-de-laffaire-chokri-belaid\/#article\",\"isPartOf\":{\"@id\":\"https:\/\/kapitalis.com\/tunisie\/2016\/04\/20\/manifestation-contre-la-cloture-du-dossier-de-laffaire-chokri-belaid\/\"},\"author\":{\"name\":\"Yusra NY\",\"@id\":\"https:\/\/kapitalis.com\/tunisie\/#\/schema\/person\/74bbde0154d49d790a92aaeac5bc01d5\"},\"headline\":\"Manifestation contre la cl\u00f4ture du dossier de l&rsquo;affaire Chokri Bela\u00efd\",\"datePublished\":\"2016-04-20T16:35:48+00:00\",\"mainEntityOfPage\":{\"@id\":\"https:\/\/kapitalis.com\/tunisie\/2016\/04\/20\/manifestation-contre-la-cloture-du-dossier-de-laffaire-chokri-belaid\/\"},\"wordCount\":355,\"commentCount\":4,\"publisher\":{\"@id\":\"https:\/\/kapitalis.com\/tunisie\/#organization\"},\"image\":{\"@id\":\"https:\/\/kapitalis.com\/tunisie\/2016\/04\/20\/manifestation-contre-la-cloture-du-dossier-de-laffaire-chokri-belaid\/#primaryimage\"},\"thumbnailUrl\":\"\",\"articleSection\":[\"POLITIQUE\",\"Tunisie\"],\"inLanguage\":\"fr-FR\",\"potentialAction\":[{\"@type\":\"CommentAction\",\"name\":\"Comment\",\"target\":[\"https:\/\/kapitalis.com\/tunisie\/2016\/04\/20\/manifestation-contre-la-cloture-du-dossier-de-laffaire-chokri-belaid\/#respond\"]}]},{\"@type\":\"WebPage\",\"@id\":\"https:\/\/kapitalis.com\/tunisie\/2016\/04\/20\/manifestation-contre-la-cloture-du-dossier-de-laffaire-chokri-belaid\/\",\"url\":\"https:\/\/kapitalis.com\/tunisie\/2016\/04\/20\/manifestation-contre-la-cloture-du-dossier-de-laffaire-chokri-belaid\/\",\"name\":\"Manifestation contre la cl\u00f4ture du dossier de l'affaire Chokri Bela\u00efd - Kapitalis\",\"isPartOf\":{\"@id\":\"https:\/\/kapitalis.com\/tunisie\/#website\"},\"primaryImageOfPage\":{\"@id\":\"https:\/\/kapitalis.com\/tunisie\/2016\/04\/20\/manifestation-contre-la-cloture-du-dossier-de-laffaire-chokri-belaid\/#primaryimage\"},\"image\":{\"@id\":\"https:\/\/kapitalis.com\/tunisie\/2016\/04\/20\/manifestation-contre-la-cloture-du-dossier-de-laffaire-chokri-belaid\/#primaryimage\"},\"thumbnailUrl\":\"\",\"datePublished\":\"2016-04-20T16:35:48+00:00\",\"breadcrumb\":{\"@id\":\"https:\/\/kapitalis.com\/tunisie\/2016\/04\/20\/manifestation-contre-la-cloture-du-dossier-de-laffaire-chokri-belaid\/#breadcrumb\"},\"inLanguage\":\"fr-FR\",\"potentialAction\":[{\"@type\":\"ReadAction\",\"target\":[\"https:\/\/kapitalis.com\/tunisie\/2016\/04\/20\/manifestation-contre-la-cloture-du-dossier-de-laffaire-chokri-belaid\/\"]}]},{\"@type\":\"ImageObject\",\"inLanguage\":\"fr-FR\",\"@id\":\"https:\/\/kapitalis.com\/tunisie\/2016\/04\/20\/manifestation-contre-la-cloture-du-dossier-de-laffaire-chokri-belaid\/#primaryimage\",\"url\":\"\",\"contentUrl\":\"\"},{\"@type\":\"BreadcrumbList\",\"@id\":\"https:\/\/kapitalis.com\/tunisie\/2016\/04\/20\/manifestation-contre-la-cloture-du-dossier-de-laffaire-chokri-belaid\/#breadcrumb\",\"itemListElement\":[{\"@type\":\"ListItem\",\"position\":1,\"name\":\"Accueil\",\"item\":\"https:\/\/kapitalis.com\/tunisie\/\"},{\"@type\":\"ListItem\",\"position\":2,\"name\":\"Manifestation contre la cl\u00f4ture du dossier de l&rsquo;affaire Chokri Bela\u00efd\"}]},{\"@type\":\"WebSite\",\"@id\":\"https:\/\/kapitalis.com\/tunisie\/#website\",\"url\":\"https:\/\/kapitalis.com\/tunisie\/\",\"name\":\"Kapitalis\",\"description\":\"L&#039;actualit\u00e9 en Tunisie et dans le monde\",\"publisher\":{\"@id\":\"https:\/\/kapitalis.com\/tunisie\/#organization\"},\"potentialAction\":[{\"@type\":\"SearchAction\",\"target\":{\"@type\":\"EntryPoint\",\"urlTemplate\":\"https:\/\/kapitalis.com\/tunisie\/?s={search_term_string}\"},\"query-input\":{\"@type\":\"PropertyValueSpecification\",\"valueRequired\":true,\"valueName\":\"search_term_string\"}}],\"inLanguage\":\"fr-FR\"},{\"@type\":\"Organization\",\"@id\":\"https:\/\/kapitalis.com\/tunisie\/#organization\",\"name\":\"Kapitalis\",\"url\":\"https:\/\/kapitalis.com\/tunisie\/\",\"logo\":{\"@type\":\"ImageObject\",\"inLanguage\":\"fr-FR\",\"@id\":\"https:\/\/kapitalis.com\/tunisie\/#\/schema\/logo\/image\/\",\"url\":\"https:\/\/kapitalis.com\/tunisie\/wp-content\/uploads\/2022\/05\/Kapitalis-big-size.png\",\"contentUrl\":\"https:\/\/kapitalis.com\/tunisie\/wp-content\/uploads\/2022\/05\/Kapitalis-big-size.png\",\"width\":5000,\"height\":1500,\"caption\":\"Kapitalis\"},\"image\":{\"@id\":\"https:\/\/kapitalis.com\/tunisie\/#\/schema\/logo\/image\/\"},\"sameAs\":[\"https:\/\/www.facebook.com\/KapitalisInfo\/\",\"https:\/\/x.com\/KapitalisInfo\",\"https:\/\/www.youtube.com\/channel\/UC-yDYrHyfFBWWZaOw3FPg9Q\"]},{\"@type\":\"Person\",\"@id\":\"https:\/\/kapitalis.com\/tunisie\/#\/schema\/person\/74bbde0154d49d790a92aaeac5bc01d5\",\"name\":\"Yusra NY\",\"url\":\"https:\/\/kapitalis.com\/tunisie\/author\/yuza_adam\/\"}]}<\/script>\n<!-- \/ Yoast SEO plugin. -->","yoast_head_json":{"title":"Manifestation contre la cl\u00f4ture du dossier de l'affaire Chokri Bela\u00efd - Kapitalis","robots":{"index":"index","follow":"follow","max-snippet":"max-snippet:-1","max-image-preview":"max-image-preview:large","max-video-preview":"max-video-preview:-1"},"canonical":"https:\/\/kapitalis.com\/tunisie\/2016\/04\/20\/manifestation-contre-la-cloture-du-dossier-de-laffaire-chokri-belaid\/","og_locale":"fr_FR","og_type":"article","og_title":"Manifestation contre la cl\u00f4ture du dossier de l'affaire Chokri Bela\u00efd - Kapitalis","og_description":"Une manifestation d\u00e9non\u00e7ant la cl\u00f4ture de l\u2019instruction de l&rsquo;affaire\u00a0de l\u2019assassinat de Chokri Bela\u00efd a \u00e9t\u00e9 organis\u00e9e, aujourd\u2019hui, devant le si\u00e8ge du minist\u00e8re de la Justice.","og_url":"https:\/\/kapitalis.com\/tunisie\/2016\/04\/20\/manifestation-contre-la-cloture-du-dossier-de-laffaire-chokri-belaid\/","og_site_name":"Kapitalis","article_publisher":"https:\/\/www.facebook.com\/KapitalisInfo\/","article_published_time":"2016-04-20T16:35:48+00:00","og_image":[{"width":1200,"height":630,"url":"https:\/\/kapitalis.com\/tunisie\/wp-content\/uploads\/2022\/05\/kapitalis-logo-fb.png","type":"image\/png"}],"author":"Yusra NY","twitter_card":"summary_large_image","twitter_creator":"@KapitalisInfo","twitter_site":"@KapitalisInfo","twitter_misc":{"\u00c9crit par":"Yusra NY","Dur\u00e9e de lecture estim\u00e9e":"2 minutes"},"schema":{"@context":"https:\/\/schema.org","@graph":[{"@type":"Article","@id":"https:\/\/kapitalis.com\/tunisie\/2016\/04\/20\/manifestation-contre-la-cloture-du-dossier-de-laffaire-chokri-belaid\/#article","isPartOf":{"@id":"https:\/\/kapitalis.com\/tunisie\/2016\/04\/20\/manifestation-contre-la-cloture-du-dossier-de-laffaire-chokri-belaid\/"},"author":{"name":"Yusra NY","@id":"https:\/\/kapitalis.com\/tunisie\/#\/schema\/person\/74bbde0154d49d790a92aaeac5bc01d5"},"headline":"Manifestation contre la cl\u00f4ture du dossier de l&rsquo;affaire Chokri Bela\u00efd","datePublished":"2016-04-20T16:35:48+00:00","mainEntityOfPage":{"@id":"https:\/\/kapitalis.com\/tunisie\/2016\/04\/20\/manifestation-contre-la-cloture-du-dossier-de-laffaire-chokri-belaid\/"},"wordCount":355,"commentCount":4,"publisher":{"@id":"https:\/\/kapitalis.com\/tunisie\/#organization"},"image":{"@id":"https:\/\/kapitalis.com\/tunisie\/2016\/04\/20\/manifestation-contre-la-cloture-du-dossier-de-laffaire-chokri-belaid\/#primaryimage"},"thumbnailUrl":"","articleSection":["POLITIQUE","Tunisie"],"inLanguage":"fr-FR","potentialAction":[{"@type":"CommentAction","name":"Comment","target":["https:\/\/kapitalis.com\/tunisie\/2016\/04\/20\/manifestation-contre-la-cloture-du-dossier-de-laffaire-chokri-belaid\/#respond"]}]},{"@type":"WebPage","@id":"https:\/\/kapitalis.com\/tunisie\/2016\/04\/20\/manifestation-contre-la-cloture-du-dossier-de-laffaire-chokri-belaid\/","url":"https:\/\/kapitalis.com\/tunisie\/2016\/04\/20\/manifestation-contre-la-cloture-du-dossier-de-laffaire-chokri-belaid\/","name":"Manifestation contre la cl\u00f4ture du dossier de l'affaire Chokri Bela\u00efd - Kapitalis","isPartOf":{"@id":"https:\/\/kapitalis.com\/tunisie\/#website"},"primaryImageOfPage":{"@id":"https:\/\/kapitalis.com\/tunisie\/2016\/04\/20\/manifestation-contre-la-cloture-du-dossier-de-laffaire-chokri-belaid\/#primaryimage"},"image":{"@id":"https:\/\/kapitalis.com\/tunisie\/2016\/04\/20\/manifestation-contre-la-cloture-du-dossier-de-laffaire-chokri-belaid\/#primaryimage"},"thumbnailUrl":"","datePublished":"2016-04-20T16:35:48+00:00","breadcrumb":{"@id":"https:\/\/kapitalis.com\/tunisie\/2016\/04\/20\/manifestation-contre-la-cloture-du-dossier-de-laffaire-chokri-belaid\/#breadcrumb"},"inLanguage":"fr-FR","potentialAction":[{"@type":"ReadAction","target":["https:\/\/kapitalis.com\/tunisie\/2016\/04\/20\/manifestation-contre-la-cloture-du-dossier-de-laffaire-chokri-belaid\/"]}]},{"@type":"ImageObject","inLanguage":"fr-FR","@id":"https:\/\/kapitalis.com\/tunisie\/2016\/04\/20\/manifestation-contre-la-cloture-du-dossier-de-laffaire-chokri-belaid\/#primaryimage","url":"","contentUrl":""},{"@type":"BreadcrumbList","@id":"https:\/\/kapitalis.com\/tunisie\/2016\/04\/20\/manifestation-contre-la-cloture-du-dossier-de-laffaire-chokri-belaid\/#breadcrumb","itemListElement":[{"@type":"ListItem","position":1,"name":"Accueil","item":"https:\/\/kapitalis.com\/tunisie\/"},{"@type":"ListItem","position":2,"name":"Manifestation contre la cl\u00f4ture du dossier de l&rsquo;affaire Chokri Bela\u00efd"}]},{"@type":"WebSite","@id":"https:\/\/kapitalis.com\/tunisie\/#website","url":"https:\/\/kapitalis.com\/tunisie\/","name":"Kapitalis","description":"L&#039;actualit\u00e9 en Tunisie et dans le monde","publisher":{"@id":"https:\/\/kapitalis.com\/tunisie\/#organization"},"potentialAction":[{"@type":"SearchAction","target":{"@type":"EntryPoint","urlTemplate":"https:\/\/kapitalis.com\/tunisie\/?s={search_term_string}"},"query-input":{"@type":"PropertyValueSpecification","valueRequired":true,"valueName":"search_term_string"}}],"inLanguage":"fr-FR"},{"@type":"Organization","@id":"https:\/\/kapitalis.com\/tunisie\/#organization","name":"Kapitalis","url":"https:\/\/kapitalis.com\/tunisie\/","logo":{"@type":"ImageObject","inLanguage":"fr-FR","@id":"https:\/\/kapitalis.com\/tunisie\/#\/schema\/logo\/image\/","url":"https:\/\/kapitalis.com\/tunisie\/wp-content\/uploads\/2022\/05\/Kapitalis-big-size.png","contentUrl":"https:\/\/kapitalis.com\/tunisie\/wp-content\/uploads\/2022\/05\/Kapitalis-big-size.png","width":5000,"height":1500,"caption":"Kapitalis"},"image":{"@id":"https:\/\/kapitalis.com\/tunisie\/#\/schema\/logo\/image\/"},"sameAs":["https:\/\/www.facebook.com\/KapitalisInfo\/","https:\/\/x.com\/KapitalisInfo","https:\/\/www.youtube.com\/channel\/UC-yDYrHyfFBWWZaOw3FPg9Q"]},{"@type":"Person","@id":"https:\/\/kapitalis.com\/tunisie\/#\/schema\/person\/74bbde0154d49d790a92aaeac5bc01d5","name":"Yusra NY","url":"https:\/\/kapitalis.com\/tunisie\/author\/yuza_adam\/"}]}},"_links":{"self":[{"href":"https:\/\/kapitalis.com\/tunisie\/wp-json\/wp\/v2\/posts\/47562","targetHints":{"allow":["GET"]}}],"collection":[{"href":"https:\/\/kapitalis.com\/tunisie\/wp-json\/wp\/v2\/posts"}],"about":[{"href":"https:\/\/kapitalis.com\/tunisie\/wp-json\/wp\/v2\/types\/post"}],"author":[{"embeddable":true,"href":"https:\/\/kapitalis.com\/tunisie\/wp-json\/wp\/v2\/users\/6"}],"replies":[{"embeddable":true,"href":"https:\/\/kapitalis.com\/tunisie\/wp-json\/wp\/v2\/comments?post=47562"}],"version-history":[{"count":0,"href":"https:\/\/kapitalis.com\/tunisie\/wp-json\/wp\/v2\/posts\/47562\/revisions"}],"wp:featuredmedia":[{"embeddable":true,"href":"https:\/\/kapitalis.com\/tunisie\/wp-json\/wp\/v2\/media\/47565"}],"wp:attachment":[{"href":"https:\/\/kapitalis.com\/tunisie\/wp-json\/wp\/v2\/media?parent=47562"}],"wp:term":[{"taxonomy":"category","embeddable":true,"href":"https:\/\/kapitalis.com\/tunisie\/wp-json\/wp\/v2\/categories?post=47562"},{"taxonomy":"post_tag","embeddable":true,"href":"https:\/\/kapitalis.com\/tunisie\/wp-json\/wp\/v2\/tags?post=47562"}],"curies":[{"name":"wp","href":"https:\/\/api.w.org\/{rel}","templated":true}]}}