{"id":47759,"date":"2016-04-22T11:21:21","date_gmt":"2016-04-22T10:21:21","guid":{"rendered":"http:\/\/kapitalis.com\/tunisie\/?p=47759"},"modified":"2016-04-22T11:26:40","modified_gmt":"2016-04-22T10:26:40","slug":"assassinat-de-brahmi-abdelkarim-laabidi-libere-en-catimini","status":"publish","type":"post","link":"https:\/\/kapitalis.com\/tunisie\/2016\/04\/22\/assassinat-de-brahmi-abdelkarim-laabidi-libere-en-catimini\/","title":{"rendered":"Assassinat de Brahmi : Abdelkarim Laabidi lib\u00e9r\u00e9 en catimini"},"content":{"rendered":"<p style=\"text-align: center;\"><img loading=\"lazy\" decoding=\"async\" class=\"alignnone size-full wp-image-47760\" src=\"http:\/\/kapitalis.com\/tunisie\/wp-content\/uploads\/2016\/04\/abdelkrim-Laabidi-Brahmi-Lib\u00e9r\u00e9.jpg\" alt=\"abdelkrim Laabidi- Brahmi Lib\u00e9r\u00e9\" width=\"628\" height=\"380\" \/><\/p>\n<p><em><strong>Abdelkarim Laabidi, poursuivi dans l\u2019affaire d\u2019assassinat de Mohamed Brahmi, a \u00e9t\u00e9 lib\u00e9r\u00e9, hier, vers minuit, en catimini.<\/strong><\/em><\/p>\n<p><!--more--><\/p>\n<p>Selon &lsquo;<em>&lsquo;Assabah News\u00a0\u00bb<\/em>, citant l\u2019ancien haut cadre s\u00e9curitaire, la cour d\u2019appel de Tunis a d\u00e9cid\u00e9, jeudi, de le lib\u00e9rer, car sa d\u00e9tention l\u00e9gale\u00a0est\u00a0arriv\u00e9e \u00e0 sa fin, sans qu\u2019il y ait des charges pouvant \u00eatre\u00a0retenues contre lui. Il reste, cependant, \u00e0 la disposition de la justice tunisienne pour la poursuite de l\u2019enqu\u00eate.<\/p>\n<p>Incarc\u00e9r\u00e9 depuis janvier 2015, Abdelkarim Laabidi, est un simple agent devenu rapidement, en 2012, le premier responsable de la s\u00e9curit\u00e9 de l&rsquo;a\u00e9roport de Tunis-Carthage, sous la tro\u00efka, la coalition\u00a0gouvernementale conduite\u00a0par\u00a0Ennahdha.<\/p>\n<p>L&rsquo;homme, qui doit sa nomination aux dirigeants du\u00a0parti islamiste dont il \u00e9tait proche, est accus\u00e9 d&rsquo;\u00eatre un pilier de\u00a0la police parall\u00e8le mise en place par Ennahdha au lendemain de son accession au pouvoir. Il est accus\u00e9 d&rsquo;avoir h\u00e9berg\u00e9 chez lui et assur\u00e9 la protection d&rsquo;\u00e9l\u00e9ments extr\u00e9mistes impliqu\u00e9s dans l&rsquo;assassinat\u00a0de feu Mohamed Brahmi, le d\u00e9put\u00e9 du Front populaire, tu\u00e9 le 25 juillet 2013.<\/p>\n<p>Sa lib\u00e9ration a choqu\u00e9 ceux qui attendent la v\u00e9rit\u00e9 sur ce crime politique, d\u2019autant qu&rsquo;elle\u00a0est intervenue\u00a0quelques jours apr\u00e8s la cl\u00f4ture de l\u2019instruction du dossier relatif \u00e0 l\u2019assassinat de <a href=\"http:\/\/_wp_link_placeholderhttp:\/\/kapitalis.com\/tunisie\/2016\/04\/15\/chokri-belaid-le-juge-du-bureau-13-presse-de-cloturer-linstruction\/\">Chokri Bela\u00efd<\/a>, l&rsquo;autre dirigeant du Front populaire,\u00a0assassin\u00e9, lui aussi, par des extr\u00e9mistes religieux,\u00a0le 6 f\u00e9vrier 2013.<\/p>\n<p>Elle fait craindre un accord\u00a0tacite entre\u00a0Nidaa Tounes et Ennahdha, les deux partis dominant l&rsquo;actuelle coalition au pouvoir, de fermer certains dossiers compromettants pour les islamistes en contrepartie\u00a0d&rsquo;une relance du processus de r\u00e9conciliation nationale au profit des rescap\u00e9s de l&rsquo;ancien r\u00e9gime.<\/p>\n<p style=\"text-align: right;\"><strong>Y. N.<\/strong><\/p>\n","protected":false},"excerpt":{"rendered":"<p>Abdelkarim Laabidi, poursuivi dans l\u2019affaire d\u2019assassinat de Mohamed Brahmi, a \u00e9t\u00e9 lib\u00e9r\u00e9, hier, vers minuit, en catimini.<\/p>\n","protected":false},"author":6,"featured_media":47760,"comment_status":"open","ping_status":"open","sticky":false,"template":"","format":"standard","meta":{"footnotes":""},"categories":[997,2433],"tags":[17175,92,204,399,625],"class_list":["post-47759","post","type-post","status-publish","format-standard","has-post-thumbnail","hentry","category-politique","category-tunisie","tag-abdelkarim-laabidi","tag-assassinat","tag-chokri-belaid","tag-front-populaire","tag-mohamed-brahmi"],"yoast_head":"<!-- This site is optimized with the Yoast SEO plugin v26.6 - https:\/\/yoast.com\/wordpress\/plugins\/seo\/ -->\n<title>Assassinat de Brahmi : Abdelkarim Laabidi lib\u00e9r\u00e9 en catimini - Kapitalis<\/title>\n<meta name=\"robots\" content=\"index, follow, max-snippet:-1, max-image-preview:large, max-video-preview:-1\" \/>\n<link rel=\"canonical\" href=\"https:\/\/kapitalis.com\/tunisie\/2016\/04\/22\/assassinat-de-brahmi-abdelkarim-laabidi-libere-en-catimini\/\" \/>\n<meta property=\"og:locale\" content=\"fr_FR\" \/>\n<meta property=\"og:type\" content=\"article\" \/>\n<meta property=\"og:title\" content=\"Assassinat de Brahmi : Abdelkarim Laabidi lib\u00e9r\u00e9 en catimini - Kapitalis\" \/>\n<meta property=\"og:description\" content=\"Abdelkarim Laabidi, poursuivi dans l\u2019affaire d\u2019assassinat de Mohamed Brahmi, a \u00e9t\u00e9 lib\u00e9r\u00e9, hier, vers minuit, en catimini.\" \/>\n<meta property=\"og:url\" content=\"https:\/\/kapitalis.com\/tunisie\/2016\/04\/22\/assassinat-de-brahmi-abdelkarim-laabidi-libere-en-catimini\/\" \/>\n<meta property=\"og:site_name\" content=\"Kapitalis\" \/>\n<meta property=\"article:publisher\" content=\"https:\/\/www.facebook.com\/KapitalisInfo\/\" \/>\n<meta property=\"article:published_time\" content=\"2016-04-22T10:21:21+00:00\" \/>\n<meta property=\"article:modified_time\" content=\"2016-04-22T10:26:40+00:00\" \/>\n<meta property=\"og:image\" content=\"https:\/\/kapitalis.com\/tunisie\/wp-content\/uploads\/2022\/05\/kapitalis-logo-fb.png\" \/>\n\t<meta property=\"og:image:width\" content=\"1200\" \/>\n\t<meta property=\"og:image:height\" content=\"630\" \/>\n\t<meta property=\"og:image:type\" content=\"image\/png\" \/>\n<meta name=\"author\" content=\"Yusra NY\" \/>\n<meta name=\"twitter:card\" content=\"summary_large_image\" \/>\n<meta name=\"twitter:creator\" content=\"@KapitalisInfo\" \/>\n<meta name=\"twitter:site\" content=\"@KapitalisInfo\" \/>\n<meta name=\"twitter:label1\" content=\"\u00c9crit par\" \/>\n\t<meta name=\"twitter:data1\" content=\"Yusra NY\" \/>\n\t<meta name=\"twitter:label2\" content=\"Dur\u00e9e de lecture estim\u00e9e\" \/>\n\t<meta name=\"twitter:data2\" content=\"1 minute\" \/>\n<script type=\"application\/ld+json\" class=\"yoast-schema-graph\">{\"@context\":\"https:\/\/schema.org\",\"@graph\":[{\"@type\":\"Article\",\"@id\":\"https:\/\/kapitalis.com\/tunisie\/2016\/04\/22\/assassinat-de-brahmi-abdelkarim-laabidi-libere-en-catimini\/#article\",\"isPartOf\":{\"@id\":\"https:\/\/kapitalis.com\/tunisie\/2016\/04\/22\/assassinat-de-brahmi-abdelkarim-laabidi-libere-en-catimini\/\"},\"author\":{\"name\":\"Yusra NY\",\"@id\":\"https:\/\/kapitalis.com\/tunisie\/#\/schema\/person\/74bbde0154d49d790a92aaeac5bc01d5\"},\"headline\":\"Assassinat de Brahmi : Abdelkarim Laabidi lib\u00e9r\u00e9 en catimini\",\"datePublished\":\"2016-04-22T10:21:21+00:00\",\"dateModified\":\"2016-04-22T10:26:40+00:00\",\"mainEntityOfPage\":{\"@id\":\"https:\/\/kapitalis.com\/tunisie\/2016\/04\/22\/assassinat-de-brahmi-abdelkarim-laabidi-libere-en-catimini\/\"},\"wordCount\":301,\"commentCount\":3,\"publisher\":{\"@id\":\"https:\/\/kapitalis.com\/tunisie\/#organization\"},\"image\":{\"@id\":\"https:\/\/kapitalis.com\/tunisie\/2016\/04\/22\/assassinat-de-brahmi-abdelkarim-laabidi-libere-en-catimini\/#primaryimage\"},\"thumbnailUrl\":\"\",\"keywords\":[\"Abdelkarim Laabidi\",\"assassinat\",\"Chokri Belaid\",\"Front populaire\",\"Mohamed Brahmi\"],\"articleSection\":[\"POLITIQUE\",\"Tunisie\"],\"inLanguage\":\"fr-FR\",\"potentialAction\":[{\"@type\":\"CommentAction\",\"name\":\"Comment\",\"target\":[\"https:\/\/kapitalis.com\/tunisie\/2016\/04\/22\/assassinat-de-brahmi-abdelkarim-laabidi-libere-en-catimini\/#respond\"]}]},{\"@type\":\"WebPage\",\"@id\":\"https:\/\/kapitalis.com\/tunisie\/2016\/04\/22\/assassinat-de-brahmi-abdelkarim-laabidi-libere-en-catimini\/\",\"url\":\"https:\/\/kapitalis.com\/tunisie\/2016\/04\/22\/assassinat-de-brahmi-abdelkarim-laabidi-libere-en-catimini\/\",\"name\":\"Assassinat de Brahmi : Abdelkarim Laabidi lib\u00e9r\u00e9 en catimini - Kapitalis\",\"isPartOf\":{\"@id\":\"https:\/\/kapitalis.com\/tunisie\/#website\"},\"primaryImageOfPage\":{\"@id\":\"https:\/\/kapitalis.com\/tunisie\/2016\/04\/22\/assassinat-de-brahmi-abdelkarim-laabidi-libere-en-catimini\/#primaryimage\"},\"image\":{\"@id\":\"https:\/\/kapitalis.com\/tunisie\/2016\/04\/22\/assassinat-de-brahmi-abdelkarim-laabidi-libere-en-catimini\/#primaryimage\"},\"thumbnailUrl\":\"\",\"datePublished\":\"2016-04-22T10:21:21+00:00\",\"dateModified\":\"2016-04-22T10:26:40+00:00\",\"breadcrumb\":{\"@id\":\"https:\/\/kapitalis.com\/tunisie\/2016\/04\/22\/assassinat-de-brahmi-abdelkarim-laabidi-libere-en-catimini\/#breadcrumb\"},\"inLanguage\":\"fr-FR\",\"potentialAction\":[{\"@type\":\"ReadAction\",\"target\":[\"https:\/\/kapitalis.com\/tunisie\/2016\/04\/22\/assassinat-de-brahmi-abdelkarim-laabidi-libere-en-catimini\/\"]}]},{\"@type\":\"ImageObject\",\"inLanguage\":\"fr-FR\",\"@id\":\"https:\/\/kapitalis.com\/tunisie\/2016\/04\/22\/assassinat-de-brahmi-abdelkarim-laabidi-libere-en-catimini\/#primaryimage\",\"url\":\"\",\"contentUrl\":\"\"},{\"@type\":\"BreadcrumbList\",\"@id\":\"https:\/\/kapitalis.com\/tunisie\/2016\/04\/22\/assassinat-de-brahmi-abdelkarim-laabidi-libere-en-catimini\/#breadcrumb\",\"itemListElement\":[{\"@type\":\"ListItem\",\"position\":1,\"name\":\"Accueil\",\"item\":\"https:\/\/kapitalis.com\/tunisie\/\"},{\"@type\":\"ListItem\",\"position\":2,\"name\":\"Assassinat de Brahmi : Abdelkarim Laabidi lib\u00e9r\u00e9 en catimini\"}]},{\"@type\":\"WebSite\",\"@id\":\"https:\/\/kapitalis.com\/tunisie\/#website\",\"url\":\"https:\/\/kapitalis.com\/tunisie\/\",\"name\":\"Kapitalis\",\"description\":\"L&#039;actualit\u00e9 en Tunisie et dans le monde\",\"publisher\":{\"@id\":\"https:\/\/kapitalis.com\/tunisie\/#organization\"},\"potentialAction\":[{\"@type\":\"SearchAction\",\"target\":{\"@type\":\"EntryPoint\",\"urlTemplate\":\"https:\/\/kapitalis.com\/tunisie\/?s={search_term_string}\"},\"query-input\":{\"@type\":\"PropertyValueSpecification\",\"valueRequired\":true,\"valueName\":\"search_term_string\"}}],\"inLanguage\":\"fr-FR\"},{\"@type\":\"Organization\",\"@id\":\"https:\/\/kapitalis.com\/tunisie\/#organization\",\"name\":\"Kapitalis\",\"url\":\"https:\/\/kapitalis.com\/tunisie\/\",\"logo\":{\"@type\":\"ImageObject\",\"inLanguage\":\"fr-FR\",\"@id\":\"https:\/\/kapitalis.com\/tunisie\/#\/schema\/logo\/image\/\",\"url\":\"https:\/\/kapitalis.com\/tunisie\/wp-content\/uploads\/2022\/05\/Kapitalis-big-size.png\",\"contentUrl\":\"https:\/\/kapitalis.com\/tunisie\/wp-content\/uploads\/2022\/05\/Kapitalis-big-size.png\",\"width\":5000,\"height\":1500,\"caption\":\"Kapitalis\"},\"image\":{\"@id\":\"https:\/\/kapitalis.com\/tunisie\/#\/schema\/logo\/image\/\"},\"sameAs\":[\"https:\/\/www.facebook.com\/KapitalisInfo\/\",\"https:\/\/x.com\/KapitalisInfo\",\"https:\/\/www.youtube.com\/channel\/UC-yDYrHyfFBWWZaOw3FPg9Q\"]},{\"@type\":\"Person\",\"@id\":\"https:\/\/kapitalis.com\/tunisie\/#\/schema\/person\/74bbde0154d49d790a92aaeac5bc01d5\",\"name\":\"Yusra NY\",\"url\":\"https:\/\/kapitalis.com\/tunisie\/author\/yuza_adam\/\"}]}<\/script>\n<!-- \/ Yoast SEO plugin. -->","yoast_head_json":{"title":"Assassinat de Brahmi : Abdelkarim Laabidi lib\u00e9r\u00e9 en catimini - Kapitalis","robots":{"index":"index","follow":"follow","max-snippet":"max-snippet:-1","max-image-preview":"max-image-preview:large","max-video-preview":"max-video-preview:-1"},"canonical":"https:\/\/kapitalis.com\/tunisie\/2016\/04\/22\/assassinat-de-brahmi-abdelkarim-laabidi-libere-en-catimini\/","og_locale":"fr_FR","og_type":"article","og_title":"Assassinat de Brahmi : Abdelkarim Laabidi lib\u00e9r\u00e9 en catimini - Kapitalis","og_description":"Abdelkarim Laabidi, poursuivi dans l\u2019affaire d\u2019assassinat de Mohamed Brahmi, a \u00e9t\u00e9 lib\u00e9r\u00e9, hier, vers minuit, en catimini.","og_url":"https:\/\/kapitalis.com\/tunisie\/2016\/04\/22\/assassinat-de-brahmi-abdelkarim-laabidi-libere-en-catimini\/","og_site_name":"Kapitalis","article_publisher":"https:\/\/www.facebook.com\/KapitalisInfo\/","article_published_time":"2016-04-22T10:21:21+00:00","article_modified_time":"2016-04-22T10:26:40+00:00","og_image":[{"width":1200,"height":630,"url":"https:\/\/kapitalis.com\/tunisie\/wp-content\/uploads\/2022\/05\/kapitalis-logo-fb.png","type":"image\/png"}],"author":"Yusra NY","twitter_card":"summary_large_image","twitter_creator":"@KapitalisInfo","twitter_site":"@KapitalisInfo","twitter_misc":{"\u00c9crit par":"Yusra NY","Dur\u00e9e de lecture estim\u00e9e":"1 minute"},"schema":{"@context":"https:\/\/schema.org","@graph":[{"@type":"Article","@id":"https:\/\/kapitalis.com\/tunisie\/2016\/04\/22\/assassinat-de-brahmi-abdelkarim-laabidi-libere-en-catimini\/#article","isPartOf":{"@id":"https:\/\/kapitalis.com\/tunisie\/2016\/04\/22\/assassinat-de-brahmi-abdelkarim-laabidi-libere-en-catimini\/"},"author":{"name":"Yusra NY","@id":"https:\/\/kapitalis.com\/tunisie\/#\/schema\/person\/74bbde0154d49d790a92aaeac5bc01d5"},"headline":"Assassinat de Brahmi : Abdelkarim Laabidi lib\u00e9r\u00e9 en catimini","datePublished":"2016-04-22T10:21:21+00:00","dateModified":"2016-04-22T10:26:40+00:00","mainEntityOfPage":{"@id":"https:\/\/kapitalis.com\/tunisie\/2016\/04\/22\/assassinat-de-brahmi-abdelkarim-laabidi-libere-en-catimini\/"},"wordCount":301,"commentCount":3,"publisher":{"@id":"https:\/\/kapitalis.com\/tunisie\/#organization"},"image":{"@id":"https:\/\/kapitalis.com\/tunisie\/2016\/04\/22\/assassinat-de-brahmi-abdelkarim-laabidi-libere-en-catimini\/#primaryimage"},"thumbnailUrl":"","keywords":["Abdelkarim Laabidi","assassinat","Chokri Belaid","Front populaire","Mohamed Brahmi"],"articleSection":["POLITIQUE","Tunisie"],"inLanguage":"fr-FR","potentialAction":[{"@type":"CommentAction","name":"Comment","target":["https:\/\/kapitalis.com\/tunisie\/2016\/04\/22\/assassinat-de-brahmi-abdelkarim-laabidi-libere-en-catimini\/#respond"]}]},{"@type":"WebPage","@id":"https:\/\/kapitalis.com\/tunisie\/2016\/04\/22\/assassinat-de-brahmi-abdelkarim-laabidi-libere-en-catimini\/","url":"https:\/\/kapitalis.com\/tunisie\/2016\/04\/22\/assassinat-de-brahmi-abdelkarim-laabidi-libere-en-catimini\/","name":"Assassinat de Brahmi : Abdelkarim Laabidi lib\u00e9r\u00e9 en catimini - Kapitalis","isPartOf":{"@id":"https:\/\/kapitalis.com\/tunisie\/#website"},"primaryImageOfPage":{"@id":"https:\/\/kapitalis.com\/tunisie\/2016\/04\/22\/assassinat-de-brahmi-abdelkarim-laabidi-libere-en-catimini\/#primaryimage"},"image":{"@id":"https:\/\/kapitalis.com\/tunisie\/2016\/04\/22\/assassinat-de-brahmi-abdelkarim-laabidi-libere-en-catimini\/#primaryimage"},"thumbnailUrl":"","datePublished":"2016-04-22T10:21:21+00:00","dateModified":"2016-04-22T10:26:40+00:00","breadcrumb":{"@id":"https:\/\/kapitalis.com\/tunisie\/2016\/04\/22\/assassinat-de-brahmi-abdelkarim-laabidi-libere-en-catimini\/#breadcrumb"},"inLanguage":"fr-FR","potentialAction":[{"@type":"ReadAction","target":["https:\/\/kapitalis.com\/tunisie\/2016\/04\/22\/assassinat-de-brahmi-abdelkarim-laabidi-libere-en-catimini\/"]}]},{"@type":"ImageObject","inLanguage":"fr-FR","@id":"https:\/\/kapitalis.com\/tunisie\/2016\/04\/22\/assassinat-de-brahmi-abdelkarim-laabidi-libere-en-catimini\/#primaryimage","url":"","contentUrl":""},{"@type":"BreadcrumbList","@id":"https:\/\/kapitalis.com\/tunisie\/2016\/04\/22\/assassinat-de-brahmi-abdelkarim-laabidi-libere-en-catimini\/#breadcrumb","itemListElement":[{"@type":"ListItem","position":1,"name":"Accueil","item":"https:\/\/kapitalis.com\/tunisie\/"},{"@type":"ListItem","position":2,"name":"Assassinat de Brahmi : Abdelkarim Laabidi lib\u00e9r\u00e9 en catimini"}]},{"@type":"WebSite","@id":"https:\/\/kapitalis.com\/tunisie\/#website","url":"https:\/\/kapitalis.com\/tunisie\/","name":"Kapitalis","description":"L&#039;actualit\u00e9 en Tunisie et dans le monde","publisher":{"@id":"https:\/\/kapitalis.com\/tunisie\/#organization"},"potentialAction":[{"@type":"SearchAction","target":{"@type":"EntryPoint","urlTemplate":"https:\/\/kapitalis.com\/tunisie\/?s={search_term_string}"},"query-input":{"@type":"PropertyValueSpecification","valueRequired":true,"valueName":"search_term_string"}}],"inLanguage":"fr-FR"},{"@type":"Organization","@id":"https:\/\/kapitalis.com\/tunisie\/#organization","name":"Kapitalis","url":"https:\/\/kapitalis.com\/tunisie\/","logo":{"@type":"ImageObject","inLanguage":"fr-FR","@id":"https:\/\/kapitalis.com\/tunisie\/#\/schema\/logo\/image\/","url":"https:\/\/kapitalis.com\/tunisie\/wp-content\/uploads\/2022\/05\/Kapitalis-big-size.png","contentUrl":"https:\/\/kapitalis.com\/tunisie\/wp-content\/uploads\/2022\/05\/Kapitalis-big-size.png","width":5000,"height":1500,"caption":"Kapitalis"},"image":{"@id":"https:\/\/kapitalis.com\/tunisie\/#\/schema\/logo\/image\/"},"sameAs":["https:\/\/www.facebook.com\/KapitalisInfo\/","https:\/\/x.com\/KapitalisInfo","https:\/\/www.youtube.com\/channel\/UC-yDYrHyfFBWWZaOw3FPg9Q"]},{"@type":"Person","@id":"https:\/\/kapitalis.com\/tunisie\/#\/schema\/person\/74bbde0154d49d790a92aaeac5bc01d5","name":"Yusra NY","url":"https:\/\/kapitalis.com\/tunisie\/author\/yuza_adam\/"}]}},"_links":{"self":[{"href":"https:\/\/kapitalis.com\/tunisie\/wp-json\/wp\/v2\/posts\/47759","targetHints":{"allow":["GET"]}}],"collection":[{"href":"https:\/\/kapitalis.com\/tunisie\/wp-json\/wp\/v2\/posts"}],"about":[{"href":"https:\/\/kapitalis.com\/tunisie\/wp-json\/wp\/v2\/types\/post"}],"author":[{"embeddable":true,"href":"https:\/\/kapitalis.com\/tunisie\/wp-json\/wp\/v2\/users\/6"}],"replies":[{"embeddable":true,"href":"https:\/\/kapitalis.com\/tunisie\/wp-json\/wp\/v2\/comments?post=47759"}],"version-history":[{"count":0,"href":"https:\/\/kapitalis.com\/tunisie\/wp-json\/wp\/v2\/posts\/47759\/revisions"}],"wp:featuredmedia":[{"embeddable":true,"href":"https:\/\/kapitalis.com\/tunisie\/wp-json\/wp\/v2\/media\/47760"}],"wp:attachment":[{"href":"https:\/\/kapitalis.com\/tunisie\/wp-json\/wp\/v2\/media?parent=47759"}],"wp:term":[{"taxonomy":"category","embeddable":true,"href":"https:\/\/kapitalis.com\/tunisie\/wp-json\/wp\/v2\/categories?post=47759"},{"taxonomy":"post_tag","embeddable":true,"href":"https:\/\/kapitalis.com\/tunisie\/wp-json\/wp\/v2\/tags?post=47759"}],"curies":[{"name":"wp","href":"https:\/\/api.w.org\/{rel}","templated":true}]}}