{"id":4777032,"date":"2022-11-03T11:06:42","date_gmt":"2022-11-03T10:06:42","guid":{"rendered":"https:\/\/kapitalis.com\/tunisie\/?p=4777032"},"modified":"2022-11-03T11:09:41","modified_gmt":"2022-11-03T10:09:41","slug":"leurope-a-un-pressant-besoin-de-travailleurs-immigres","status":"publish","type":"post","link":"https:\/\/kapitalis.com\/tunisie\/2022\/11\/03\/leurope-a-un-pressant-besoin-de-travailleurs-immigres\/","title":{"rendered":"L\u2019Europe a un pressant besoin de travailleurs immigr\u00e9s \u00a0"},"content":{"rendered":"\n<p><strong><em>Il ne faut pas se fier aux postures et m\u00eame aux d\u00e9clarations des politiciens, qui font souvent de la surench\u00e8re sur les questions li\u00e9es \u00e0 l\u2019immigration. En r\u00e9alit\u00e9, l\u2019Europe a grand besoin de main d\u2019\u0153uvre immigr\u00e9e m\u00eame si elle ne le dit pas clairement.<\/em><\/strong><\/p>\n\n\n\n<p>Par <strong>Imed Bahri<\/strong><\/p>\n\n\n\n<!--more-->\n\n\n\n<p>En France, par exemple, o\u00f9 l\u2019extr\u00eame droite est fortement repr\u00e9sent\u00e9e \u00e0 l\u2019Assembl\u00e9e, le gouvernement a r\u00e9cemment d\u00e9voil\u00e9 les grandes lignes de son projet de loi sur l\u2019immigration, qui sera examin\u00e9 d\u00e9but 2023.<\/p>\n\n\n\n<p>Parmi les mesures pr\u00e9vues par cette loi qui sera sur les devants de l\u2019actualit\u00e9 au cours des semaines prochaines, la r\u00e9gularisation de travailleurs sans-papiers pour lutter contre la p\u00e9nurie de main-d\u2019\u0153uvre, mesure qui existe d\u00e9j\u00e0 depuis une quinzaine d\u2019ann\u00e9es sous le nom d\u2019<em>\u00abadmission exceptionnelle au s\u00e9jour\u00bb<\/em>, rapportent les m\u00e9dias fran\u00e7ais.\u00a0<\/p>\n\n\n\n<h2 class=\"wp-block-heading\">La France manque de bras <\/h2>\n\n\n\n<p>Le titre de s\u00e9jour <em>\u00abm\u00e9tiers sous tension\u00bb<\/em> permettra de r\u00e9gulariser un travailleur sans-papiers, d\u00e9j\u00e0 pr\u00e9sent en France, qui \u00e9volue dans un secteur en manque de bras, rapportent les m\u00e9dias, ajoutant que le processus d\u2019admission exceptionnelle au s\u00e9jour, ou de r\u00e9gularisation exceptionnelle par le travail, b\u00e9n\u00e9ficiera \u00e0 toute personne en situation irr\u00e9guli\u00e8re qui fait la demande de titre de s\u00e9jour salari\u00e9 et qui prouve qu\u2019il va travailler dans un secteur en tension. La liste de ces secteurs devant \u00eatre actualis\u00e9e en fonction des r\u00e9gions.<\/p>\n\n\n\n<p>Le demandeur de titre de s\u00e9jour doit aussi se pr\u00e9valoir d\u2019un contrat de travail ou d\u2019une promesse d\u2019embauche, tout en justifiant d\u2019une anciennet\u00e9 de s\u00e9jour et de travail en France.<\/p>\n\n\n\n<p>M\u00eame si cette proc\u00e9dure de <em>\u00abr\u00e9gularisation par le travail\u00bb<\/em> reste assez risqu\u00e9e pour l\u2019immigr\u00e9 sans papiers, car elle met en lumi\u00e8re son irr\u00e9gularit\u00e9, alors que rien n\u2019est automatique, qu\u2019une longue liste de justificatifs doit \u00eatre fournie et que les r\u00e9ponses se feront au cas par cas, en cas de feu vert de la pr\u00e9fecture, un titre de s\u00e9jour sera effectivement remis \u00e0 la personne jusque-l\u00e0 en situation irr\u00e9guli\u00e8re qui en fera la demande, au risque de se voir rapatrier.<\/p>\n\n\n\n<p>En&nbsp;2019, un peu moins de 8&nbsp;000&nbsp;titres de s\u00e9jour ont \u00e9t\u00e9 d\u00e9livr\u00e9s dans le cadre de ces proc\u00e9dures exceptionnelles, lesquelles vont \u00eatre affin\u00e9es afin d\u2019\u00eatre plus efficaces et permettre un nombre plus importants de r\u00e9gularisations.<\/p>\n\n\n\n<p><em>\u00a0\u00abIl faut que le travail redevienne un facteur d\u2019int\u00e9gration et d\u2019\u00e9mancipation\u00bb, a d\u00e9clar\u00e9 le ministre fran\u00e7ais du Travail,<\/em> Olivier Dussopt,<em> dans un entretien avec le journal Le Monde<\/em>, le 2 novembre<em>.<\/em>\u00a0\u00ab<em>Les organisations professionnelles nous disent qu\u2019elles ont besoin qu\u2019on facilite le recrutement d\u2019\u00e9trangers. Nous leur proposons des solutions avec ce projet de loi\u00bb,<\/em>\u00a0a-t-il ajout\u00e9.<\/p>\n\n\n\n<h2 class=\"wp-block-heading\">De la poudre aux yeux<\/h2>\n\n\n\n<p>On comprend d\u00e8s lors que la Premi\u00e8re ministre fran\u00e7aise charg\u00e9e de la Planification \u00e9cologique et \u00e9nerg\u00e9tique, Elisabeth Borne, ancienne ministre du Travail, de l&rsquo;Emploi et de l&rsquo;Insertion, qui est donc tr\u00e8s familiaris\u00e9e avec cette probl\u00e9matique, ait d\u00e9cid\u00e9 de confier ce dossier prioritaire au ministre\u00a0 du Travail. Elle essaie ainsi de <em>\u00abrefroidir\u00bb<\/em> les ardeurs anti-immigration de son ministre de l\u2019Int\u00e9rieur, G\u00e9rald Darmanin, dont la politique de durcissement affich\u00e9e \u00e0 l\u2019\u00e9gard de l\u2019immigration ne serait que de la poudre aux yeux, car elle cache mal un besoin urgent de r\u00e9gularisation massive des\u00a0sans-papiers.<\/p>\n\n\n\n<p>Parmi les secteurs tr\u00e8s demandeurs de main d\u2019\u0153uvre en France, il y a, comme toujours, le b\u00e2timent, mais aussi l\u2019agriculture o\u00f9 les besoins sont chiffr\u00e9s \u00e0 70.000. Et cette situation n\u2019est pas sp\u00e9cifique \u00e0 la France. <\/p>\n\n\n\n<p>En Italie aussi, o\u00f9 l\u2019extr\u00eame-droite est d\u00e9j\u00e0 au pouvoir, et qui se caract\u00e9rise par une population vieillissante, certains secteurs sont en qu\u00eate de bras pour travailler. En fait, ce sont les organisations patronales europ\u00e9ennes qui pressent les gouvernements \u00e0 r\u00e9gulariser les sans-papiers. Mais c\u2019est aussi l\u2019Union europ\u00e9enne, car, pour Bruxelles, l\u2019Europe serait en 2050 une maison de retraite \u00e0 ciel ouvert et il faudrait une immigration\u00a0massive pour rem\u00e9dier \u00e0 cette situation.<\/p>\n","protected":false},"excerpt":{"rendered":"<p>L\u2019Europe a grand besoin de la main d\u2019\u0153uvre immigr\u00e9e m\u00eame si elle ne le dit pas clairement.<\/p>\n","protected":false},"author":8,"featured_media":4777400,"comment_status":"open","ping_status":"open","sticky":false,"template":"","format":"standard","meta":{"footnotes":""},"categories":[992,998,2433],"tags":[102419,395,84366,5726,505,104138,937],"class_list":["post-4777032","post","type-post","status-publish","format-standard","has-post-thumbnail","hentry","category-a-la-une","category-societe","category-tunisie","tag-elisabeth-borne","tag-france","tag-gerald-darmanin","tag-immigration","tag-italie","tag-olivier-dussopt","tag-union-europeenne"],"yoast_head":"<!-- This site is optimized with the Yoast SEO plugin v26.6 - https:\/\/yoast.com\/wordpress\/plugins\/seo\/ -->\n<title>L\u2019Europe a un pressant besoin de travailleurs immigr\u00e9s \u00a0 - Kapitalis<\/title>\n<meta name=\"robots\" content=\"index, follow, max-snippet:-1, max-image-preview:large, max-video-preview:-1\" \/>\n<link rel=\"canonical\" href=\"https:\/\/kapitalis.com\/tunisie\/2022\/11\/03\/leurope-a-un-pressant-besoin-de-travailleurs-immigres\/\" \/>\n<meta property=\"og:locale\" content=\"fr_FR\" \/>\n<meta property=\"og:type\" content=\"article\" \/>\n<meta property=\"og:title\" content=\"L\u2019Europe a un pressant besoin de travailleurs immigr\u00e9s \u00a0 - Kapitalis\" \/>\n<meta property=\"og:description\" content=\"L\u2019Europe a grand besoin de la main d\u2019\u0153uvre immigr\u00e9e m\u00eame si elle ne le dit pas clairement.\" \/>\n<meta property=\"og:url\" content=\"https:\/\/kapitalis.com\/tunisie\/2022\/11\/03\/leurope-a-un-pressant-besoin-de-travailleurs-immigres\/\" \/>\n<meta property=\"og:site_name\" content=\"Kapitalis\" \/>\n<meta property=\"article:publisher\" content=\"https:\/\/www.facebook.com\/KapitalisInfo\/\" \/>\n<meta property=\"article:published_time\" content=\"2022-11-03T10:06:42+00:00\" \/>\n<meta property=\"article:modified_time\" content=\"2022-11-03T10:09:41+00:00\" \/>\n<meta property=\"og:image\" content=\"https:\/\/kapitalis.com\/tunisie\/wp-content\/uploads\/2022\/11\/Titre-de-sejour.jpg\" \/>\n\t<meta property=\"og:image:width\" content=\"1200\" \/>\n\t<meta property=\"og:image:height\" content=\"630\" \/>\n\t<meta property=\"og:image:type\" content=\"image\/jpeg\" \/>\n<meta name=\"author\" content=\"webmaster kapitalis\" \/>\n<meta name=\"twitter:card\" content=\"summary_large_image\" \/>\n<meta name=\"twitter:creator\" content=\"@KapitalisInfo\" \/>\n<meta name=\"twitter:site\" content=\"@KapitalisInfo\" \/>\n<meta name=\"twitter:label1\" content=\"\u00c9crit par\" \/>\n\t<meta name=\"twitter:data1\" content=\"webmaster kapitalis\" \/>\n\t<meta name=\"twitter:label2\" content=\"Dur\u00e9e de lecture estim\u00e9e\" \/>\n\t<meta name=\"twitter:data2\" content=\"4 minutes\" \/>\n<script type=\"application\/ld+json\" class=\"yoast-schema-graph\">{\"@context\":\"https:\/\/schema.org\",\"@graph\":[{\"@type\":\"Article\",\"@id\":\"https:\/\/kapitalis.com\/tunisie\/2022\/11\/03\/leurope-a-un-pressant-besoin-de-travailleurs-immigres\/#article\",\"isPartOf\":{\"@id\":\"https:\/\/kapitalis.com\/tunisie\/2022\/11\/03\/leurope-a-un-pressant-besoin-de-travailleurs-immigres\/\"},\"author\":{\"name\":\"webmaster kapitalis\",\"@id\":\"https:\/\/kapitalis.com\/tunisie\/#\/schema\/person\/d71f33a9ca44f7bad4698210b480c8e9\"},\"headline\":\"L\u2019Europe a un pressant besoin de travailleurs immigr\u00e9s \u00a0\",\"datePublished\":\"2022-11-03T10:06:42+00:00\",\"dateModified\":\"2022-11-03T10:09:41+00:00\",\"mainEntityOfPage\":{\"@id\":\"https:\/\/kapitalis.com\/tunisie\/2022\/11\/03\/leurope-a-un-pressant-besoin-de-travailleurs-immigres\/\"},\"wordCount\":739,\"commentCount\":2,\"publisher\":{\"@id\":\"https:\/\/kapitalis.com\/tunisie\/#organization\"},\"image\":{\"@id\":\"https:\/\/kapitalis.com\/tunisie\/2022\/11\/03\/leurope-a-un-pressant-besoin-de-travailleurs-immigres\/#primaryimage\"},\"thumbnailUrl\":\"https:\/\/kapitalis.com\/tunisie\/wp-content\/uploads\/2022\/11\/Titre-de-sejour.jpg\",\"keywords\":[\"Elisabeth Borne\",\"France\",\"G\u00e9rald Darmanin\",\"immigration\",\"Italie\",\"Olivier Dussopt\",\"Union europ\u00e9enne\"],\"articleSection\":[\"A LA UNE\",\"SOCIETE\",\"Tunisie\"],\"inLanguage\":\"fr-FR\",\"potentialAction\":[{\"@type\":\"CommentAction\",\"name\":\"Comment\",\"target\":[\"https:\/\/kapitalis.com\/tunisie\/2022\/11\/03\/leurope-a-un-pressant-besoin-de-travailleurs-immigres\/#respond\"]}]},{\"@type\":\"WebPage\",\"@id\":\"https:\/\/kapitalis.com\/tunisie\/2022\/11\/03\/leurope-a-un-pressant-besoin-de-travailleurs-immigres\/\",\"url\":\"https:\/\/kapitalis.com\/tunisie\/2022\/11\/03\/leurope-a-un-pressant-besoin-de-travailleurs-immigres\/\",\"name\":\"L\u2019Europe a un pressant besoin de travailleurs immigr\u00e9s \u00a0 - Kapitalis\",\"isPartOf\":{\"@id\":\"https:\/\/kapitalis.com\/tunisie\/#website\"},\"primaryImageOfPage\":{\"@id\":\"https:\/\/kapitalis.com\/tunisie\/2022\/11\/03\/leurope-a-un-pressant-besoin-de-travailleurs-immigres\/#primaryimage\"},\"image\":{\"@id\":\"https:\/\/kapitalis.com\/tunisie\/2022\/11\/03\/leurope-a-un-pressant-besoin-de-travailleurs-immigres\/#primaryimage\"},\"thumbnailUrl\":\"https:\/\/kapitalis.com\/tunisie\/wp-content\/uploads\/2022\/11\/Titre-de-sejour.jpg\",\"datePublished\":\"2022-11-03T10:06:42+00:00\",\"dateModified\":\"2022-11-03T10:09:41+00:00\",\"breadcrumb\":{\"@id\":\"https:\/\/kapitalis.com\/tunisie\/2022\/11\/03\/leurope-a-un-pressant-besoin-de-travailleurs-immigres\/#breadcrumb\"},\"inLanguage\":\"fr-FR\",\"potentialAction\":[{\"@type\":\"ReadAction\",\"target\":[\"https:\/\/kapitalis.com\/tunisie\/2022\/11\/03\/leurope-a-un-pressant-besoin-de-travailleurs-immigres\/\"]}]},{\"@type\":\"ImageObject\",\"inLanguage\":\"fr-FR\",\"@id\":\"https:\/\/kapitalis.com\/tunisie\/2022\/11\/03\/leurope-a-un-pressant-besoin-de-travailleurs-immigres\/#primaryimage\",\"url\":\"https:\/\/kapitalis.com\/tunisie\/wp-content\/uploads\/2022\/11\/Titre-de-sejour.jpg\",\"contentUrl\":\"https:\/\/kapitalis.com\/tunisie\/wp-content\/uploads\/2022\/11\/Titre-de-sejour.jpg\",\"width\":1200,\"height\":630},{\"@type\":\"BreadcrumbList\",\"@id\":\"https:\/\/kapitalis.com\/tunisie\/2022\/11\/03\/leurope-a-un-pressant-besoin-de-travailleurs-immigres\/#breadcrumb\",\"itemListElement\":[{\"@type\":\"ListItem\",\"position\":1,\"name\":\"Accueil\",\"item\":\"https:\/\/kapitalis.com\/tunisie\/\"},{\"@type\":\"ListItem\",\"position\":2,\"name\":\"L\u2019Europe a un pressant besoin de travailleurs immigr\u00e9s \u00a0\"}]},{\"@type\":\"WebSite\",\"@id\":\"https:\/\/kapitalis.com\/tunisie\/#website\",\"url\":\"https:\/\/kapitalis.com\/tunisie\/\",\"name\":\"Kapitalis\",\"description\":\"L&#039;actualit\u00e9 en Tunisie et dans le monde\",\"publisher\":{\"@id\":\"https:\/\/kapitalis.com\/tunisie\/#organization\"},\"potentialAction\":[{\"@type\":\"SearchAction\",\"target\":{\"@type\":\"EntryPoint\",\"urlTemplate\":\"https:\/\/kapitalis.com\/tunisie\/?s={search_term_string}\"},\"query-input\":{\"@type\":\"PropertyValueSpecification\",\"valueRequired\":true,\"valueName\":\"search_term_string\"}}],\"inLanguage\":\"fr-FR\"},{\"@type\":\"Organization\",\"@id\":\"https:\/\/kapitalis.com\/tunisie\/#organization\",\"name\":\"Kapitalis\",\"url\":\"https:\/\/kapitalis.com\/tunisie\/\",\"logo\":{\"@type\":\"ImageObject\",\"inLanguage\":\"fr-FR\",\"@id\":\"https:\/\/kapitalis.com\/tunisie\/#\/schema\/logo\/image\/\",\"url\":\"https:\/\/kapitalis.com\/tunisie\/wp-content\/uploads\/2022\/05\/Kapitalis-big-size.png\",\"contentUrl\":\"https:\/\/kapitalis.com\/tunisie\/wp-content\/uploads\/2022\/05\/Kapitalis-big-size.png\",\"width\":5000,\"height\":1500,\"caption\":\"Kapitalis\"},\"image\":{\"@id\":\"https:\/\/kapitalis.com\/tunisie\/#\/schema\/logo\/image\/\"},\"sameAs\":[\"https:\/\/www.facebook.com\/KapitalisInfo\/\",\"https:\/\/x.com\/KapitalisInfo\",\"https:\/\/www.youtube.com\/channel\/UC-yDYrHyfFBWWZaOw3FPg9Q\"]},{\"@type\":\"Person\",\"@id\":\"https:\/\/kapitalis.com\/tunisie\/#\/schema\/person\/d71f33a9ca44f7bad4698210b480c8e9\",\"name\":\"webmaster kapitalis\",\"url\":\"https:\/\/kapitalis.com\/tunisie\/author\/webmaster-kapitalis\/\"}]}<\/script>\n<!-- \/ Yoast SEO plugin. -->","yoast_head_json":{"title":"L\u2019Europe a un pressant besoin de travailleurs immigr\u00e9s \u00a0 - Kapitalis","robots":{"index":"index","follow":"follow","max-snippet":"max-snippet:-1","max-image-preview":"max-image-preview:large","max-video-preview":"max-video-preview:-1"},"canonical":"https:\/\/kapitalis.com\/tunisie\/2022\/11\/03\/leurope-a-un-pressant-besoin-de-travailleurs-immigres\/","og_locale":"fr_FR","og_type":"article","og_title":"L\u2019Europe a un pressant besoin de travailleurs immigr\u00e9s \u00a0 - Kapitalis","og_description":"L\u2019Europe a grand besoin de la main d\u2019\u0153uvre immigr\u00e9e m\u00eame si elle ne le dit pas clairement.","og_url":"https:\/\/kapitalis.com\/tunisie\/2022\/11\/03\/leurope-a-un-pressant-besoin-de-travailleurs-immigres\/","og_site_name":"Kapitalis","article_publisher":"https:\/\/www.facebook.com\/KapitalisInfo\/","article_published_time":"2022-11-03T10:06:42+00:00","article_modified_time":"2022-11-03T10:09:41+00:00","og_image":[{"width":1200,"height":630,"url":"https:\/\/kapitalis.com\/tunisie\/wp-content\/uploads\/2022\/11\/Titre-de-sejour.jpg","type":"image\/jpeg"}],"author":"webmaster kapitalis","twitter_card":"summary_large_image","twitter_creator":"@KapitalisInfo","twitter_site":"@KapitalisInfo","twitter_misc":{"\u00c9crit par":"webmaster kapitalis","Dur\u00e9e de lecture estim\u00e9e":"4 minutes"},"schema":{"@context":"https:\/\/schema.org","@graph":[{"@type":"Article","@id":"https:\/\/kapitalis.com\/tunisie\/2022\/11\/03\/leurope-a-un-pressant-besoin-de-travailleurs-immigres\/#article","isPartOf":{"@id":"https:\/\/kapitalis.com\/tunisie\/2022\/11\/03\/leurope-a-un-pressant-besoin-de-travailleurs-immigres\/"},"author":{"name":"webmaster kapitalis","@id":"https:\/\/kapitalis.com\/tunisie\/#\/schema\/person\/d71f33a9ca44f7bad4698210b480c8e9"},"headline":"L\u2019Europe a un pressant besoin de travailleurs immigr\u00e9s \u00a0","datePublished":"2022-11-03T10:06:42+00:00","dateModified":"2022-11-03T10:09:41+00:00","mainEntityOfPage":{"@id":"https:\/\/kapitalis.com\/tunisie\/2022\/11\/03\/leurope-a-un-pressant-besoin-de-travailleurs-immigres\/"},"wordCount":739,"commentCount":2,"publisher":{"@id":"https:\/\/kapitalis.com\/tunisie\/#organization"},"image":{"@id":"https:\/\/kapitalis.com\/tunisie\/2022\/11\/03\/leurope-a-un-pressant-besoin-de-travailleurs-immigres\/#primaryimage"},"thumbnailUrl":"https:\/\/kapitalis.com\/tunisie\/wp-content\/uploads\/2022\/11\/Titre-de-sejour.jpg","keywords":["Elisabeth Borne","France","G\u00e9rald Darmanin","immigration","Italie","Olivier Dussopt","Union europ\u00e9enne"],"articleSection":["A LA UNE","SOCIETE","Tunisie"],"inLanguage":"fr-FR","potentialAction":[{"@type":"CommentAction","name":"Comment","target":["https:\/\/kapitalis.com\/tunisie\/2022\/11\/03\/leurope-a-un-pressant-besoin-de-travailleurs-immigres\/#respond"]}]},{"@type":"WebPage","@id":"https:\/\/kapitalis.com\/tunisie\/2022\/11\/03\/leurope-a-un-pressant-besoin-de-travailleurs-immigres\/","url":"https:\/\/kapitalis.com\/tunisie\/2022\/11\/03\/leurope-a-un-pressant-besoin-de-travailleurs-immigres\/","name":"L\u2019Europe a un pressant besoin de travailleurs immigr\u00e9s \u00a0 - Kapitalis","isPartOf":{"@id":"https:\/\/kapitalis.com\/tunisie\/#website"},"primaryImageOfPage":{"@id":"https:\/\/kapitalis.com\/tunisie\/2022\/11\/03\/leurope-a-un-pressant-besoin-de-travailleurs-immigres\/#primaryimage"},"image":{"@id":"https:\/\/kapitalis.com\/tunisie\/2022\/11\/03\/leurope-a-un-pressant-besoin-de-travailleurs-immigres\/#primaryimage"},"thumbnailUrl":"https:\/\/kapitalis.com\/tunisie\/wp-content\/uploads\/2022\/11\/Titre-de-sejour.jpg","datePublished":"2022-11-03T10:06:42+00:00","dateModified":"2022-11-03T10:09:41+00:00","breadcrumb":{"@id":"https:\/\/kapitalis.com\/tunisie\/2022\/11\/03\/leurope-a-un-pressant-besoin-de-travailleurs-immigres\/#breadcrumb"},"inLanguage":"fr-FR","potentialAction":[{"@type":"ReadAction","target":["https:\/\/kapitalis.com\/tunisie\/2022\/11\/03\/leurope-a-un-pressant-besoin-de-travailleurs-immigres\/"]}]},{"@type":"ImageObject","inLanguage":"fr-FR","@id":"https:\/\/kapitalis.com\/tunisie\/2022\/11\/03\/leurope-a-un-pressant-besoin-de-travailleurs-immigres\/#primaryimage","url":"https:\/\/kapitalis.com\/tunisie\/wp-content\/uploads\/2022\/11\/Titre-de-sejour.jpg","contentUrl":"https:\/\/kapitalis.com\/tunisie\/wp-content\/uploads\/2022\/11\/Titre-de-sejour.jpg","width":1200,"height":630},{"@type":"BreadcrumbList","@id":"https:\/\/kapitalis.com\/tunisie\/2022\/11\/03\/leurope-a-un-pressant-besoin-de-travailleurs-immigres\/#breadcrumb","itemListElement":[{"@type":"ListItem","position":1,"name":"Accueil","item":"https:\/\/kapitalis.com\/tunisie\/"},{"@type":"ListItem","position":2,"name":"L\u2019Europe a un pressant besoin de travailleurs immigr\u00e9s \u00a0"}]},{"@type":"WebSite","@id":"https:\/\/kapitalis.com\/tunisie\/#website","url":"https:\/\/kapitalis.com\/tunisie\/","name":"Kapitalis","description":"L&#039;actualit\u00e9 en Tunisie et dans le monde","publisher":{"@id":"https:\/\/kapitalis.com\/tunisie\/#organization"},"potentialAction":[{"@type":"SearchAction","target":{"@type":"EntryPoint","urlTemplate":"https:\/\/kapitalis.com\/tunisie\/?s={search_term_string}"},"query-input":{"@type":"PropertyValueSpecification","valueRequired":true,"valueName":"search_term_string"}}],"inLanguage":"fr-FR"},{"@type":"Organization","@id":"https:\/\/kapitalis.com\/tunisie\/#organization","name":"Kapitalis","url":"https:\/\/kapitalis.com\/tunisie\/","logo":{"@type":"ImageObject","inLanguage":"fr-FR","@id":"https:\/\/kapitalis.com\/tunisie\/#\/schema\/logo\/image\/","url":"https:\/\/kapitalis.com\/tunisie\/wp-content\/uploads\/2022\/05\/Kapitalis-big-size.png","contentUrl":"https:\/\/kapitalis.com\/tunisie\/wp-content\/uploads\/2022\/05\/Kapitalis-big-size.png","width":5000,"height":1500,"caption":"Kapitalis"},"image":{"@id":"https:\/\/kapitalis.com\/tunisie\/#\/schema\/logo\/image\/"},"sameAs":["https:\/\/www.facebook.com\/KapitalisInfo\/","https:\/\/x.com\/KapitalisInfo","https:\/\/www.youtube.com\/channel\/UC-yDYrHyfFBWWZaOw3FPg9Q"]},{"@type":"Person","@id":"https:\/\/kapitalis.com\/tunisie\/#\/schema\/person\/d71f33a9ca44f7bad4698210b480c8e9","name":"webmaster kapitalis","url":"https:\/\/kapitalis.com\/tunisie\/author\/webmaster-kapitalis\/"}]}},"_links":{"self":[{"href":"https:\/\/kapitalis.com\/tunisie\/wp-json\/wp\/v2\/posts\/4777032","targetHints":{"allow":["GET"]}}],"collection":[{"href":"https:\/\/kapitalis.com\/tunisie\/wp-json\/wp\/v2\/posts"}],"about":[{"href":"https:\/\/kapitalis.com\/tunisie\/wp-json\/wp\/v2\/types\/post"}],"author":[{"embeddable":true,"href":"https:\/\/kapitalis.com\/tunisie\/wp-json\/wp\/v2\/users\/8"}],"replies":[{"embeddable":true,"href":"https:\/\/kapitalis.com\/tunisie\/wp-json\/wp\/v2\/comments?post=4777032"}],"version-history":[{"count":0,"href":"https:\/\/kapitalis.com\/tunisie\/wp-json\/wp\/v2\/posts\/4777032\/revisions"}],"wp:featuredmedia":[{"embeddable":true,"href":"https:\/\/kapitalis.com\/tunisie\/wp-json\/wp\/v2\/media\/4777400"}],"wp:attachment":[{"href":"https:\/\/kapitalis.com\/tunisie\/wp-json\/wp\/v2\/media?parent=4777032"}],"wp:term":[{"taxonomy":"category","embeddable":true,"href":"https:\/\/kapitalis.com\/tunisie\/wp-json\/wp\/v2\/categories?post=4777032"},{"taxonomy":"post_tag","embeddable":true,"href":"https:\/\/kapitalis.com\/tunisie\/wp-json\/wp\/v2\/tags?post=4777032"}],"curies":[{"name":"wp","href":"https:\/\/api.w.org\/{rel}","templated":true}]}}