{"id":47862,"date":"2016-04-23T08:18:12","date_gmt":"2016-04-23T07:18:12","guid":{"rendered":"http:\/\/kapitalis.com\/tunisie\/?p=47862"},"modified":"2016-04-23T14:32:11","modified_gmt":"2016-04-23T13:32:11","slug":"caid-essebsi-inaugure-le-33e-salon-de-la-creation-artisanale","status":"publish","type":"post","link":"https:\/\/kapitalis.com\/tunisie\/2016\/04\/23\/caid-essebsi-inaugure-le-33e-salon-de-la-creation-artisanale\/","title":{"rendered":"Ca\u00efd Essebsi inaugure le 33e Salon de la cr\u00e9ation artisanale"},"content":{"rendered":"<p><img loading=\"lazy\" decoding=\"async\" class=\"alignnone size-full wp-image-47863 aligncenter\" src=\"http:\/\/kapitalis.com\/tunisie\/wp-content\/uploads\/2016\/04\/Beji-Caid-Essebsi-Salon-artisanat.jpg\" alt=\"Beji-Caid-Essebsi-Salon-artisanat\" width=\"626\" height=\"380\" \/><\/p>\n<p><em><strong>Le pr\u00e9sident de la r\u00e9publique B\u00e9ji Ca\u00efd Essebsi a inaugur\u00e9, hier, la 33e \u00e9dition du Salon de la cr\u00e9ation artisanale, qui se poursuivra jusqu\u2019au 1er mai prochain.<\/strong><\/em><\/p>\n<p><!--more--><\/p>\n<p>Les artisans venus de diverses r\u00e9gions ont r\u00e9serv\u00e9 un accueil chaleureux au chef de l\u2019Etat, qui a promis davantage de soutien de l\u2019Etat aux jeunes cr\u00e9ateurs en d\u00e9but de leur carri\u00e8re pour les aider \u00e0 d\u00e9velopper leurs activit\u00e9s et \u00e0 faire revivre le secteur de l\u2019artisanat qui fait vivre des dizaines de milliers de familles en Tunisie.<\/p>\n<p>Le pr\u00e9sident de la r\u00e9publique, qui \u00e9tait accompagn\u00e9 de la ministre du Tourisme et de l\u2019Artisanat, Salma Elloumi-Rekik, ainsi que du gouverneur de Tunis, a visit\u00e9 plusieurs stands, notamment celui de l\u2019Inde, invit\u00e9 d\u2019honneur de cette 33e \u00e9dition.<\/p>\n<p style=\"text-align: center;\"><img loading=\"lazy\" decoding=\"async\" class=\"alignnone size-full wp-image-47866\" src=\"http:\/\/kapitalis.com\/tunisie\/wp-content\/uploads\/2016\/04\/Beji-Caid-Essebsi-salon-artisanat-2.jpg\" alt=\"Beji-Caid-Essebsi-salon-artisanat-2\" width=\"500\" height=\"300\" \/><\/p>\n<p>Prennent part \u00e0 cette \u00e9dition, organis\u00e9e chaque ann\u00e9e, \u00e0 pareille p\u00e9riode, par l\u2019Office national de l\u2019artisanat (Ona), pr\u00e8s de 800 exposants de diverses activit\u00e9s dont la d\u00e9coration d\u2019int\u00e9rieur, l\u2019art de la table, le tapis, le tissage, la chechia, les meubles traditionnels\u2026<\/p>\n<p>Le salon de la cr\u00e9ation artisanale se tient\u00a0au Parc des expositions du Kram, au nord de Tunis.<\/p>\n<p style=\"text-align: right;\"><strong>Z. A.<\/strong><\/p>\n","protected":false},"excerpt":{"rendered":"<p>Le pr\u00e9sident de la r\u00e9publique B\u00e9ji Ca\u00efd Essebsi a inaugur\u00e9, hier, la 33e \u00e9dition du Salon de la cr\u00e9ation artisanale, qui se poursuivra jusqu\u2019au 1er mai prochain.<\/p>\n","protected":false},"author":8,"featured_media":47863,"comment_status":"open","ping_status":"open","sticky":false,"template":"","format":"standard","meta":{"footnotes":""},"categories":[997,2433],"tags":[89,17205,5138,804,819],"class_list":["post-47862","post","type-post","status-publish","format-standard","has-post-thumbnail","hentry","category-politique","category-tunisie","tag-artisanat","tag-chechia","tag-kram","tag-salon","tag-selma-elloumi-rekik"],"yoast_head":"<!-- This site is optimized with the Yoast SEO plugin v26.6 - https:\/\/yoast.com\/wordpress\/plugins\/seo\/ -->\n<title>Ca\u00efd Essebsi inaugure le 33e Salon de la cr\u00e9ation artisanale - Kapitalis<\/title>\n<meta name=\"robots\" content=\"index, follow, max-snippet:-1, max-image-preview:large, max-video-preview:-1\" \/>\n<link rel=\"canonical\" href=\"https:\/\/kapitalis.com\/tunisie\/2016\/04\/23\/caid-essebsi-inaugure-le-33e-salon-de-la-creation-artisanale\/\" \/>\n<meta property=\"og:locale\" content=\"fr_FR\" \/>\n<meta property=\"og:type\" content=\"article\" \/>\n<meta property=\"og:title\" content=\"Ca\u00efd Essebsi inaugure le 33e Salon de la cr\u00e9ation artisanale - Kapitalis\" \/>\n<meta property=\"og:description\" content=\"Le pr\u00e9sident de la r\u00e9publique B\u00e9ji Ca\u00efd Essebsi a inaugur\u00e9, hier, la 33e \u00e9dition du Salon de la cr\u00e9ation artisanale, qui se poursuivra jusqu\u2019au 1er mai prochain.\" \/>\n<meta property=\"og:url\" content=\"https:\/\/kapitalis.com\/tunisie\/2016\/04\/23\/caid-essebsi-inaugure-le-33e-salon-de-la-creation-artisanale\/\" \/>\n<meta property=\"og:site_name\" content=\"Kapitalis\" \/>\n<meta property=\"article:publisher\" content=\"https:\/\/www.facebook.com\/KapitalisInfo\/\" \/>\n<meta property=\"article:published_time\" content=\"2016-04-23T07:18:12+00:00\" \/>\n<meta property=\"article:modified_time\" content=\"2016-04-23T13:32:11+00:00\" \/>\n<meta property=\"og:image\" content=\"https:\/\/kapitalis.com\/tunisie\/wp-content\/uploads\/2022\/05\/kapitalis-logo-fb.png\" \/>\n\t<meta property=\"og:image:width\" content=\"1200\" \/>\n\t<meta property=\"og:image:height\" content=\"630\" \/>\n\t<meta property=\"og:image:type\" content=\"image\/png\" \/>\n<meta name=\"author\" content=\"webmaster kapitalis\" \/>\n<meta name=\"twitter:card\" content=\"summary_large_image\" \/>\n<meta name=\"twitter:creator\" content=\"@KapitalisInfo\" \/>\n<meta name=\"twitter:site\" content=\"@KapitalisInfo\" \/>\n<meta name=\"twitter:label1\" content=\"\u00c9crit par\" \/>\n\t<meta name=\"twitter:data1\" content=\"webmaster kapitalis\" \/>\n\t<meta name=\"twitter:label2\" content=\"Dur\u00e9e de lecture estim\u00e9e\" \/>\n\t<meta name=\"twitter:data2\" content=\"1 minute\" \/>\n<script type=\"application\/ld+json\" class=\"yoast-schema-graph\">{\"@context\":\"https:\/\/schema.org\",\"@graph\":[{\"@type\":\"Article\",\"@id\":\"https:\/\/kapitalis.com\/tunisie\/2016\/04\/23\/caid-essebsi-inaugure-le-33e-salon-de-la-creation-artisanale\/#article\",\"isPartOf\":{\"@id\":\"https:\/\/kapitalis.com\/tunisie\/2016\/04\/23\/caid-essebsi-inaugure-le-33e-salon-de-la-creation-artisanale\/\"},\"author\":{\"name\":\"webmaster kapitalis\",\"@id\":\"https:\/\/kapitalis.com\/tunisie\/#\/schema\/person\/d71f33a9ca44f7bad4698210b480c8e9\"},\"headline\":\"Ca\u00efd Essebsi inaugure le 33e Salon de la cr\u00e9ation artisanale\",\"datePublished\":\"2016-04-23T07:18:12+00:00\",\"dateModified\":\"2016-04-23T13:32:11+00:00\",\"mainEntityOfPage\":{\"@id\":\"https:\/\/kapitalis.com\/tunisie\/2016\/04\/23\/caid-essebsi-inaugure-le-33e-salon-de-la-creation-artisanale\/\"},\"wordCount\":223,\"commentCount\":0,\"publisher\":{\"@id\":\"https:\/\/kapitalis.com\/tunisie\/#organization\"},\"image\":{\"@id\":\"https:\/\/kapitalis.com\/tunisie\/2016\/04\/23\/caid-essebsi-inaugure-le-33e-salon-de-la-creation-artisanale\/#primaryimage\"},\"thumbnailUrl\":\"\",\"keywords\":[\"artisanat\",\"chechia\",\"Kram\",\"salon\",\"Selma Elloumi Rekik\"],\"articleSection\":[\"POLITIQUE\",\"Tunisie\"],\"inLanguage\":\"fr-FR\",\"potentialAction\":[{\"@type\":\"CommentAction\",\"name\":\"Comment\",\"target\":[\"https:\/\/kapitalis.com\/tunisie\/2016\/04\/23\/caid-essebsi-inaugure-le-33e-salon-de-la-creation-artisanale\/#respond\"]}]},{\"@type\":\"WebPage\",\"@id\":\"https:\/\/kapitalis.com\/tunisie\/2016\/04\/23\/caid-essebsi-inaugure-le-33e-salon-de-la-creation-artisanale\/\",\"url\":\"https:\/\/kapitalis.com\/tunisie\/2016\/04\/23\/caid-essebsi-inaugure-le-33e-salon-de-la-creation-artisanale\/\",\"name\":\"Ca\u00efd Essebsi inaugure le 33e Salon de la cr\u00e9ation artisanale - Kapitalis\",\"isPartOf\":{\"@id\":\"https:\/\/kapitalis.com\/tunisie\/#website\"},\"primaryImageOfPage\":{\"@id\":\"https:\/\/kapitalis.com\/tunisie\/2016\/04\/23\/caid-essebsi-inaugure-le-33e-salon-de-la-creation-artisanale\/#primaryimage\"},\"image\":{\"@id\":\"https:\/\/kapitalis.com\/tunisie\/2016\/04\/23\/caid-essebsi-inaugure-le-33e-salon-de-la-creation-artisanale\/#primaryimage\"},\"thumbnailUrl\":\"\",\"datePublished\":\"2016-04-23T07:18:12+00:00\",\"dateModified\":\"2016-04-23T13:32:11+00:00\",\"breadcrumb\":{\"@id\":\"https:\/\/kapitalis.com\/tunisie\/2016\/04\/23\/caid-essebsi-inaugure-le-33e-salon-de-la-creation-artisanale\/#breadcrumb\"},\"inLanguage\":\"fr-FR\",\"potentialAction\":[{\"@type\":\"ReadAction\",\"target\":[\"https:\/\/kapitalis.com\/tunisie\/2016\/04\/23\/caid-essebsi-inaugure-le-33e-salon-de-la-creation-artisanale\/\"]}]},{\"@type\":\"ImageObject\",\"inLanguage\":\"fr-FR\",\"@id\":\"https:\/\/kapitalis.com\/tunisie\/2016\/04\/23\/caid-essebsi-inaugure-le-33e-salon-de-la-creation-artisanale\/#primaryimage\",\"url\":\"\",\"contentUrl\":\"\"},{\"@type\":\"BreadcrumbList\",\"@id\":\"https:\/\/kapitalis.com\/tunisie\/2016\/04\/23\/caid-essebsi-inaugure-le-33e-salon-de-la-creation-artisanale\/#breadcrumb\",\"itemListElement\":[{\"@type\":\"ListItem\",\"position\":1,\"name\":\"Accueil\",\"item\":\"https:\/\/kapitalis.com\/tunisie\/\"},{\"@type\":\"ListItem\",\"position\":2,\"name\":\"Ca\u00efd Essebsi inaugure le 33e Salon de la cr\u00e9ation artisanale\"}]},{\"@type\":\"WebSite\",\"@id\":\"https:\/\/kapitalis.com\/tunisie\/#website\",\"url\":\"https:\/\/kapitalis.com\/tunisie\/\",\"name\":\"Kapitalis\",\"description\":\"L&#039;actualit\u00e9 en Tunisie et dans le monde\",\"publisher\":{\"@id\":\"https:\/\/kapitalis.com\/tunisie\/#organization\"},\"potentialAction\":[{\"@type\":\"SearchAction\",\"target\":{\"@type\":\"EntryPoint\",\"urlTemplate\":\"https:\/\/kapitalis.com\/tunisie\/?s={search_term_string}\"},\"query-input\":{\"@type\":\"PropertyValueSpecification\",\"valueRequired\":true,\"valueName\":\"search_term_string\"}}],\"inLanguage\":\"fr-FR\"},{\"@type\":\"Organization\",\"@id\":\"https:\/\/kapitalis.com\/tunisie\/#organization\",\"name\":\"Kapitalis\",\"url\":\"https:\/\/kapitalis.com\/tunisie\/\",\"logo\":{\"@type\":\"ImageObject\",\"inLanguage\":\"fr-FR\",\"@id\":\"https:\/\/kapitalis.com\/tunisie\/#\/schema\/logo\/image\/\",\"url\":\"https:\/\/kapitalis.com\/tunisie\/wp-content\/uploads\/2022\/05\/Kapitalis-big-size.png\",\"contentUrl\":\"https:\/\/kapitalis.com\/tunisie\/wp-content\/uploads\/2022\/05\/Kapitalis-big-size.png\",\"width\":5000,\"height\":1500,\"caption\":\"Kapitalis\"},\"image\":{\"@id\":\"https:\/\/kapitalis.com\/tunisie\/#\/schema\/logo\/image\/\"},\"sameAs\":[\"https:\/\/www.facebook.com\/KapitalisInfo\/\",\"https:\/\/x.com\/KapitalisInfo\",\"https:\/\/www.youtube.com\/channel\/UC-yDYrHyfFBWWZaOw3FPg9Q\"]},{\"@type\":\"Person\",\"@id\":\"https:\/\/kapitalis.com\/tunisie\/#\/schema\/person\/d71f33a9ca44f7bad4698210b480c8e9\",\"name\":\"webmaster kapitalis\",\"url\":\"https:\/\/kapitalis.com\/tunisie\/author\/webmaster-kapitalis\/\"}]}<\/script>\n<!-- \/ Yoast SEO plugin. -->","yoast_head_json":{"title":"Ca\u00efd Essebsi inaugure le 33e Salon de la cr\u00e9ation artisanale - Kapitalis","robots":{"index":"index","follow":"follow","max-snippet":"max-snippet:-1","max-image-preview":"max-image-preview:large","max-video-preview":"max-video-preview:-1"},"canonical":"https:\/\/kapitalis.com\/tunisie\/2016\/04\/23\/caid-essebsi-inaugure-le-33e-salon-de-la-creation-artisanale\/","og_locale":"fr_FR","og_type":"article","og_title":"Ca\u00efd Essebsi inaugure le 33e Salon de la cr\u00e9ation artisanale - Kapitalis","og_description":"Le pr\u00e9sident de la r\u00e9publique B\u00e9ji Ca\u00efd Essebsi a inaugur\u00e9, hier, la 33e \u00e9dition du Salon de la cr\u00e9ation artisanale, qui se poursuivra jusqu\u2019au 1er mai prochain.","og_url":"https:\/\/kapitalis.com\/tunisie\/2016\/04\/23\/caid-essebsi-inaugure-le-33e-salon-de-la-creation-artisanale\/","og_site_name":"Kapitalis","article_publisher":"https:\/\/www.facebook.com\/KapitalisInfo\/","article_published_time":"2016-04-23T07:18:12+00:00","article_modified_time":"2016-04-23T13:32:11+00:00","og_image":[{"width":1200,"height":630,"url":"https:\/\/kapitalis.com\/tunisie\/wp-content\/uploads\/2022\/05\/kapitalis-logo-fb.png","type":"image\/png"}],"author":"webmaster kapitalis","twitter_card":"summary_large_image","twitter_creator":"@KapitalisInfo","twitter_site":"@KapitalisInfo","twitter_misc":{"\u00c9crit par":"webmaster kapitalis","Dur\u00e9e de lecture estim\u00e9e":"1 minute"},"schema":{"@context":"https:\/\/schema.org","@graph":[{"@type":"Article","@id":"https:\/\/kapitalis.com\/tunisie\/2016\/04\/23\/caid-essebsi-inaugure-le-33e-salon-de-la-creation-artisanale\/#article","isPartOf":{"@id":"https:\/\/kapitalis.com\/tunisie\/2016\/04\/23\/caid-essebsi-inaugure-le-33e-salon-de-la-creation-artisanale\/"},"author":{"name":"webmaster kapitalis","@id":"https:\/\/kapitalis.com\/tunisie\/#\/schema\/person\/d71f33a9ca44f7bad4698210b480c8e9"},"headline":"Ca\u00efd Essebsi inaugure le 33e Salon de la cr\u00e9ation artisanale","datePublished":"2016-04-23T07:18:12+00:00","dateModified":"2016-04-23T13:32:11+00:00","mainEntityOfPage":{"@id":"https:\/\/kapitalis.com\/tunisie\/2016\/04\/23\/caid-essebsi-inaugure-le-33e-salon-de-la-creation-artisanale\/"},"wordCount":223,"commentCount":0,"publisher":{"@id":"https:\/\/kapitalis.com\/tunisie\/#organization"},"image":{"@id":"https:\/\/kapitalis.com\/tunisie\/2016\/04\/23\/caid-essebsi-inaugure-le-33e-salon-de-la-creation-artisanale\/#primaryimage"},"thumbnailUrl":"","keywords":["artisanat","chechia","Kram","salon","Selma Elloumi Rekik"],"articleSection":["POLITIQUE","Tunisie"],"inLanguage":"fr-FR","potentialAction":[{"@type":"CommentAction","name":"Comment","target":["https:\/\/kapitalis.com\/tunisie\/2016\/04\/23\/caid-essebsi-inaugure-le-33e-salon-de-la-creation-artisanale\/#respond"]}]},{"@type":"WebPage","@id":"https:\/\/kapitalis.com\/tunisie\/2016\/04\/23\/caid-essebsi-inaugure-le-33e-salon-de-la-creation-artisanale\/","url":"https:\/\/kapitalis.com\/tunisie\/2016\/04\/23\/caid-essebsi-inaugure-le-33e-salon-de-la-creation-artisanale\/","name":"Ca\u00efd Essebsi inaugure le 33e Salon de la cr\u00e9ation artisanale - Kapitalis","isPartOf":{"@id":"https:\/\/kapitalis.com\/tunisie\/#website"},"primaryImageOfPage":{"@id":"https:\/\/kapitalis.com\/tunisie\/2016\/04\/23\/caid-essebsi-inaugure-le-33e-salon-de-la-creation-artisanale\/#primaryimage"},"image":{"@id":"https:\/\/kapitalis.com\/tunisie\/2016\/04\/23\/caid-essebsi-inaugure-le-33e-salon-de-la-creation-artisanale\/#primaryimage"},"thumbnailUrl":"","datePublished":"2016-04-23T07:18:12+00:00","dateModified":"2016-04-23T13:32:11+00:00","breadcrumb":{"@id":"https:\/\/kapitalis.com\/tunisie\/2016\/04\/23\/caid-essebsi-inaugure-le-33e-salon-de-la-creation-artisanale\/#breadcrumb"},"inLanguage":"fr-FR","potentialAction":[{"@type":"ReadAction","target":["https:\/\/kapitalis.com\/tunisie\/2016\/04\/23\/caid-essebsi-inaugure-le-33e-salon-de-la-creation-artisanale\/"]}]},{"@type":"ImageObject","inLanguage":"fr-FR","@id":"https:\/\/kapitalis.com\/tunisie\/2016\/04\/23\/caid-essebsi-inaugure-le-33e-salon-de-la-creation-artisanale\/#primaryimage","url":"","contentUrl":""},{"@type":"BreadcrumbList","@id":"https:\/\/kapitalis.com\/tunisie\/2016\/04\/23\/caid-essebsi-inaugure-le-33e-salon-de-la-creation-artisanale\/#breadcrumb","itemListElement":[{"@type":"ListItem","position":1,"name":"Accueil","item":"https:\/\/kapitalis.com\/tunisie\/"},{"@type":"ListItem","position":2,"name":"Ca\u00efd Essebsi inaugure le 33e Salon de la cr\u00e9ation artisanale"}]},{"@type":"WebSite","@id":"https:\/\/kapitalis.com\/tunisie\/#website","url":"https:\/\/kapitalis.com\/tunisie\/","name":"Kapitalis","description":"L&#039;actualit\u00e9 en Tunisie et dans le monde","publisher":{"@id":"https:\/\/kapitalis.com\/tunisie\/#organization"},"potentialAction":[{"@type":"SearchAction","target":{"@type":"EntryPoint","urlTemplate":"https:\/\/kapitalis.com\/tunisie\/?s={search_term_string}"},"query-input":{"@type":"PropertyValueSpecification","valueRequired":true,"valueName":"search_term_string"}}],"inLanguage":"fr-FR"},{"@type":"Organization","@id":"https:\/\/kapitalis.com\/tunisie\/#organization","name":"Kapitalis","url":"https:\/\/kapitalis.com\/tunisie\/","logo":{"@type":"ImageObject","inLanguage":"fr-FR","@id":"https:\/\/kapitalis.com\/tunisie\/#\/schema\/logo\/image\/","url":"https:\/\/kapitalis.com\/tunisie\/wp-content\/uploads\/2022\/05\/Kapitalis-big-size.png","contentUrl":"https:\/\/kapitalis.com\/tunisie\/wp-content\/uploads\/2022\/05\/Kapitalis-big-size.png","width":5000,"height":1500,"caption":"Kapitalis"},"image":{"@id":"https:\/\/kapitalis.com\/tunisie\/#\/schema\/logo\/image\/"},"sameAs":["https:\/\/www.facebook.com\/KapitalisInfo\/","https:\/\/x.com\/KapitalisInfo","https:\/\/www.youtube.com\/channel\/UC-yDYrHyfFBWWZaOw3FPg9Q"]},{"@type":"Person","@id":"https:\/\/kapitalis.com\/tunisie\/#\/schema\/person\/d71f33a9ca44f7bad4698210b480c8e9","name":"webmaster kapitalis","url":"https:\/\/kapitalis.com\/tunisie\/author\/webmaster-kapitalis\/"}]}},"_links":{"self":[{"href":"https:\/\/kapitalis.com\/tunisie\/wp-json\/wp\/v2\/posts\/47862","targetHints":{"allow":["GET"]}}],"collection":[{"href":"https:\/\/kapitalis.com\/tunisie\/wp-json\/wp\/v2\/posts"}],"about":[{"href":"https:\/\/kapitalis.com\/tunisie\/wp-json\/wp\/v2\/types\/post"}],"author":[{"embeddable":true,"href":"https:\/\/kapitalis.com\/tunisie\/wp-json\/wp\/v2\/users\/8"}],"replies":[{"embeddable":true,"href":"https:\/\/kapitalis.com\/tunisie\/wp-json\/wp\/v2\/comments?post=47862"}],"version-history":[{"count":0,"href":"https:\/\/kapitalis.com\/tunisie\/wp-json\/wp\/v2\/posts\/47862\/revisions"}],"wp:featuredmedia":[{"embeddable":true,"href":"https:\/\/kapitalis.com\/tunisie\/wp-json\/wp\/v2\/media\/47863"}],"wp:attachment":[{"href":"https:\/\/kapitalis.com\/tunisie\/wp-json\/wp\/v2\/media?parent=47862"}],"wp:term":[{"taxonomy":"category","embeddable":true,"href":"https:\/\/kapitalis.com\/tunisie\/wp-json\/wp\/v2\/categories?post=47862"},{"taxonomy":"post_tag","embeddable":true,"href":"https:\/\/kapitalis.com\/tunisie\/wp-json\/wp\/v2\/tags?post=47862"}],"curies":[{"name":"wp","href":"https:\/\/api.w.org\/{rel}","templated":true}]}}