{"id":47902,"date":"2016-04-23T11:23:07","date_gmt":"2016-04-23T10:23:07","guid":{"rendered":"http:\/\/kapitalis.com\/tunisie\/?p=47902"},"modified":"2016-04-23T11:23:07","modified_gmt":"2016-04-23T10:23:07","slug":"ridha-belhaj-rejette-toute-coalition-contre-ennahdha","status":"publish","type":"post","link":"https:\/\/kapitalis.com\/tunisie\/2016\/04\/23\/ridha-belhaj-rejette-toute-coalition-contre-ennahdha\/","title":{"rendered":"Ridha Belhaj rejette toute coalition contre Ennahdha"},"content":{"rendered":"<p><img loading=\"lazy\" decoding=\"async\" class=\"alignnone size-full wp-image-45367 aligncenter\" src=\"http:\/\/kapitalis.com\/tunisie\/wp-content\/uploads\/2016\/04\/Ridha-Belhaj-Nidaa.jpg\" alt=\"Ridha-Belhaj-Nidaa\" width=\"626\" height=\"380\" \/><\/p>\n<p><em><strong>Le pr\u00e9sident de l\u2019instance politique de Nidaa Tounes, Ridha Belhaj, rejette toute tentative pour constituer une nouvelle majorit\u00e9 \u00e0 l\u2019Assembl\u00e9e des repr\u00e9sentants du peuple (ARP).<\/strong> <\/em><\/p>\n<p><!--more--><\/p>\n<p>Dans un entretien, vendredi, avec Mosa\u00efque FM, il a estim\u00e9 qu\u2019il n\u2019y a aucune n\u00e9cessit\u00e9 pour constituer une majorit\u00e9 en dehors de la coalition gouvernementale actuelle, qui est le fruit d\u2019une entente nationale nou\u00e9e entre Ennahdha, Nidaa Tounes, l\u2019Union patriotique libre (UPL) et Afek Tounes.<\/p>\n<p>Nidaa Tounes s\u2019oppose \u00e0 toute tentative pour constituer une autre majorit\u00e9 ou un p\u00f4le parlementaire oppos\u00e9 \u00e0 Ennahdha, a-t-il dit. Cette id\u00e9e n\u2019a plus lieu d\u2019\u00eatre d\u2019autant que la situation politique s\u2019est clarifi\u00e9e et les probl\u00e8mes rencontr\u00e9s derni\u00e8rement ont \u00e9t\u00e9 surmont\u00e9s apr\u00e8s la r\u00e9union, cette semaine, des composantes de la coalition gouvernementale.<\/p>\n<p>M. Belhaj fait ici allusion aux appels \u00e9manant de certaines parties politiques, notamment de Afek Tounes, pour constituer un large front des partis d\u00e9mocratiques et progressistes \u00e0 l\u2019Assembl\u00e9e des repr\u00e9sentants du peuple (ARP), reprenant ainsi une proposition de Mohsen Marzouk, ancien secr\u00e9taire g\u00e9n\u00e9ral de Nidaa Tounes et actuel coordinateur g\u00e9n\u00e9ral de Harakat Machrou Tounes (Mouvement du Projet Tunisie), qui a propos\u00e9 la constitution d\u2019un front r\u00e9publicain rassemblant les partis qui ont appel\u00e9 \u00e0 voter B\u00e9ji Ca\u00efd essebsi lors du second tour de la pr\u00e9sidentielle de 2014, afin de r\u00e9tablir l\u2019\u00e9quilibre dans la sc\u00e8ne politique apr\u00e8s la dislocation de Nidaa Tounes et la mont\u00e9e d\u2019Ennahdha comme force politique dominante au parlement et, indirectement aussi, au gouvernement.<\/p>\n<p style=\"text-align: right;\"><strong>I. B.<\/strong><\/p>\n","protected":false},"excerpt":{"rendered":"<p>Le pr\u00e9sident de l\u2019instance politique de Nidaa Tounes, Ridha Belhaj, rejette toute tentative pour constituer une nouvelle majorit\u00e9 \u00e0 l\u2019Assembl\u00e9e des repr\u00e9sentants du peuple (ARP).<\/p>\n","protected":false},"author":8,"featured_media":0,"comment_status":"open","ping_status":"open","sticky":false,"template":"","format":"standard","meta":{"footnotes":""},"categories":[997,2433],"tags":[3299,630,2007],"class_list":["post-47902","post","type-post","status-publish","format-standard","hentry","category-politique","category-tunisie","tag-afek","tag-mohsen-marzouk","tag-ridha-belhaj"],"yoast_head":"<!-- This site is optimized with the Yoast SEO plugin v26.6 - https:\/\/yoast.com\/wordpress\/plugins\/seo\/ -->\n<title>Ridha Belhaj rejette toute coalition contre Ennahdha - Kapitalis<\/title>\n<meta name=\"robots\" content=\"index, follow, max-snippet:-1, max-image-preview:large, max-video-preview:-1\" \/>\n<link rel=\"canonical\" href=\"https:\/\/kapitalis.com\/tunisie\/2016\/04\/23\/ridha-belhaj-rejette-toute-coalition-contre-ennahdha\/\" \/>\n<meta property=\"og:locale\" content=\"fr_FR\" \/>\n<meta property=\"og:type\" content=\"article\" \/>\n<meta property=\"og:title\" content=\"Ridha Belhaj rejette toute coalition contre Ennahdha - Kapitalis\" \/>\n<meta property=\"og:description\" content=\"Le pr\u00e9sident de l\u2019instance politique de Nidaa Tounes, Ridha Belhaj, rejette toute tentative pour constituer une nouvelle majorit\u00e9 \u00e0 l\u2019Assembl\u00e9e des repr\u00e9sentants du peuple (ARP).\" \/>\n<meta property=\"og:url\" content=\"https:\/\/kapitalis.com\/tunisie\/2016\/04\/23\/ridha-belhaj-rejette-toute-coalition-contre-ennahdha\/\" \/>\n<meta property=\"og:site_name\" content=\"Kapitalis\" \/>\n<meta property=\"article:publisher\" content=\"https:\/\/www.facebook.com\/KapitalisInfo\/\" \/>\n<meta property=\"article:published_time\" content=\"2016-04-23T10:23:07+00:00\" \/>\n<meta property=\"og:image\" content=\"http:\/\/kapitalis.com\/tunisie\/wp-content\/uploads\/2016\/04\/Ridha-Belhaj-Nidaa.jpg\" \/>\n<meta name=\"author\" content=\"webmaster kapitalis\" \/>\n<meta name=\"twitter:card\" content=\"summary_large_image\" \/>\n<meta name=\"twitter:creator\" content=\"@KapitalisInfo\" \/>\n<meta name=\"twitter:site\" content=\"@KapitalisInfo\" \/>\n<meta name=\"twitter:label1\" content=\"\u00c9crit par\" \/>\n\t<meta name=\"twitter:data1\" content=\"webmaster kapitalis\" \/>\n\t<meta name=\"twitter:label2\" content=\"Dur\u00e9e de lecture estim\u00e9e\" \/>\n\t<meta name=\"twitter:data2\" content=\"1 minute\" \/>\n<script type=\"application\/ld+json\" class=\"yoast-schema-graph\">{\"@context\":\"https:\/\/schema.org\",\"@graph\":[{\"@type\":\"Article\",\"@id\":\"https:\/\/kapitalis.com\/tunisie\/2016\/04\/23\/ridha-belhaj-rejette-toute-coalition-contre-ennahdha\/#article\",\"isPartOf\":{\"@id\":\"https:\/\/kapitalis.com\/tunisie\/2016\/04\/23\/ridha-belhaj-rejette-toute-coalition-contre-ennahdha\/\"},\"author\":{\"name\":\"webmaster kapitalis\",\"@id\":\"https:\/\/kapitalis.com\/tunisie\/#\/schema\/person\/d71f33a9ca44f7bad4698210b480c8e9\"},\"headline\":\"Ridha Belhaj rejette toute coalition contre Ennahdha\",\"datePublished\":\"2016-04-23T10:23:07+00:00\",\"mainEntityOfPage\":{\"@id\":\"https:\/\/kapitalis.com\/tunisie\/2016\/04\/23\/ridha-belhaj-rejette-toute-coalition-contre-ennahdha\/\"},\"wordCount\":286,\"commentCount\":5,\"publisher\":{\"@id\":\"https:\/\/kapitalis.com\/tunisie\/#organization\"},\"image\":{\"@id\":\"https:\/\/kapitalis.com\/tunisie\/2016\/04\/23\/ridha-belhaj-rejette-toute-coalition-contre-ennahdha\/#primaryimage\"},\"thumbnailUrl\":\"http:\/\/kapitalis.com\/tunisie\/wp-content\/uploads\/2016\/04\/Ridha-Belhaj-Nidaa.jpg\",\"keywords\":[\"Afek\",\"Mohsen Marzouk\",\"Ridha Belhaj\"],\"articleSection\":[\"POLITIQUE\",\"Tunisie\"],\"inLanguage\":\"fr-FR\",\"potentialAction\":[{\"@type\":\"CommentAction\",\"name\":\"Comment\",\"target\":[\"https:\/\/kapitalis.com\/tunisie\/2016\/04\/23\/ridha-belhaj-rejette-toute-coalition-contre-ennahdha\/#respond\"]}]},{\"@type\":\"WebPage\",\"@id\":\"https:\/\/kapitalis.com\/tunisie\/2016\/04\/23\/ridha-belhaj-rejette-toute-coalition-contre-ennahdha\/\",\"url\":\"https:\/\/kapitalis.com\/tunisie\/2016\/04\/23\/ridha-belhaj-rejette-toute-coalition-contre-ennahdha\/\",\"name\":\"Ridha Belhaj rejette toute coalition contre Ennahdha - Kapitalis\",\"isPartOf\":{\"@id\":\"https:\/\/kapitalis.com\/tunisie\/#website\"},\"primaryImageOfPage\":{\"@id\":\"https:\/\/kapitalis.com\/tunisie\/2016\/04\/23\/ridha-belhaj-rejette-toute-coalition-contre-ennahdha\/#primaryimage\"},\"image\":{\"@id\":\"https:\/\/kapitalis.com\/tunisie\/2016\/04\/23\/ridha-belhaj-rejette-toute-coalition-contre-ennahdha\/#primaryimage\"},\"thumbnailUrl\":\"http:\/\/kapitalis.com\/tunisie\/wp-content\/uploads\/2016\/04\/Ridha-Belhaj-Nidaa.jpg\",\"datePublished\":\"2016-04-23T10:23:07+00:00\",\"breadcrumb\":{\"@id\":\"https:\/\/kapitalis.com\/tunisie\/2016\/04\/23\/ridha-belhaj-rejette-toute-coalition-contre-ennahdha\/#breadcrumb\"},\"inLanguage\":\"fr-FR\",\"potentialAction\":[{\"@type\":\"ReadAction\",\"target\":[\"https:\/\/kapitalis.com\/tunisie\/2016\/04\/23\/ridha-belhaj-rejette-toute-coalition-contre-ennahdha\/\"]}]},{\"@type\":\"ImageObject\",\"inLanguage\":\"fr-FR\",\"@id\":\"https:\/\/kapitalis.com\/tunisie\/2016\/04\/23\/ridha-belhaj-rejette-toute-coalition-contre-ennahdha\/#primaryimage\",\"url\":\"http:\/\/kapitalis.com\/tunisie\/wp-content\/uploads\/2016\/04\/Ridha-Belhaj-Nidaa.jpg\",\"contentUrl\":\"http:\/\/kapitalis.com\/tunisie\/wp-content\/uploads\/2016\/04\/Ridha-Belhaj-Nidaa.jpg\"},{\"@type\":\"BreadcrumbList\",\"@id\":\"https:\/\/kapitalis.com\/tunisie\/2016\/04\/23\/ridha-belhaj-rejette-toute-coalition-contre-ennahdha\/#breadcrumb\",\"itemListElement\":[{\"@type\":\"ListItem\",\"position\":1,\"name\":\"Accueil\",\"item\":\"https:\/\/kapitalis.com\/tunisie\/\"},{\"@type\":\"ListItem\",\"position\":2,\"name\":\"Ridha Belhaj rejette toute coalition contre Ennahdha\"}]},{\"@type\":\"WebSite\",\"@id\":\"https:\/\/kapitalis.com\/tunisie\/#website\",\"url\":\"https:\/\/kapitalis.com\/tunisie\/\",\"name\":\"Kapitalis\",\"description\":\"L&#039;actualit\u00e9 en Tunisie et dans le monde\",\"publisher\":{\"@id\":\"https:\/\/kapitalis.com\/tunisie\/#organization\"},\"potentialAction\":[{\"@type\":\"SearchAction\",\"target\":{\"@type\":\"EntryPoint\",\"urlTemplate\":\"https:\/\/kapitalis.com\/tunisie\/?s={search_term_string}\"},\"query-input\":{\"@type\":\"PropertyValueSpecification\",\"valueRequired\":true,\"valueName\":\"search_term_string\"}}],\"inLanguage\":\"fr-FR\"},{\"@type\":\"Organization\",\"@id\":\"https:\/\/kapitalis.com\/tunisie\/#organization\",\"name\":\"Kapitalis\",\"url\":\"https:\/\/kapitalis.com\/tunisie\/\",\"logo\":{\"@type\":\"ImageObject\",\"inLanguage\":\"fr-FR\",\"@id\":\"https:\/\/kapitalis.com\/tunisie\/#\/schema\/logo\/image\/\",\"url\":\"https:\/\/kapitalis.com\/tunisie\/wp-content\/uploads\/2022\/05\/Kapitalis-big-size.png\",\"contentUrl\":\"https:\/\/kapitalis.com\/tunisie\/wp-content\/uploads\/2022\/05\/Kapitalis-big-size.png\",\"width\":5000,\"height\":1500,\"caption\":\"Kapitalis\"},\"image\":{\"@id\":\"https:\/\/kapitalis.com\/tunisie\/#\/schema\/logo\/image\/\"},\"sameAs\":[\"https:\/\/www.facebook.com\/KapitalisInfo\/\",\"https:\/\/x.com\/KapitalisInfo\",\"https:\/\/www.youtube.com\/channel\/UC-yDYrHyfFBWWZaOw3FPg9Q\"]},{\"@type\":\"Person\",\"@id\":\"https:\/\/kapitalis.com\/tunisie\/#\/schema\/person\/d71f33a9ca44f7bad4698210b480c8e9\",\"name\":\"webmaster kapitalis\",\"url\":\"https:\/\/kapitalis.com\/tunisie\/author\/webmaster-kapitalis\/\"}]}<\/script>\n<!-- \/ Yoast SEO plugin. -->","yoast_head_json":{"title":"Ridha Belhaj rejette toute coalition contre Ennahdha - Kapitalis","robots":{"index":"index","follow":"follow","max-snippet":"max-snippet:-1","max-image-preview":"max-image-preview:large","max-video-preview":"max-video-preview:-1"},"canonical":"https:\/\/kapitalis.com\/tunisie\/2016\/04\/23\/ridha-belhaj-rejette-toute-coalition-contre-ennahdha\/","og_locale":"fr_FR","og_type":"article","og_title":"Ridha Belhaj rejette toute coalition contre Ennahdha - Kapitalis","og_description":"Le pr\u00e9sident de l\u2019instance politique de Nidaa Tounes, Ridha Belhaj, rejette toute tentative pour constituer une nouvelle majorit\u00e9 \u00e0 l\u2019Assembl\u00e9e des repr\u00e9sentants du peuple (ARP).","og_url":"https:\/\/kapitalis.com\/tunisie\/2016\/04\/23\/ridha-belhaj-rejette-toute-coalition-contre-ennahdha\/","og_site_name":"Kapitalis","article_publisher":"https:\/\/www.facebook.com\/KapitalisInfo\/","article_published_time":"2016-04-23T10:23:07+00:00","og_image":[{"url":"http:\/\/kapitalis.com\/tunisie\/wp-content\/uploads\/2016\/04\/Ridha-Belhaj-Nidaa.jpg","type":"","width":"","height":""}],"author":"webmaster kapitalis","twitter_card":"summary_large_image","twitter_creator":"@KapitalisInfo","twitter_site":"@KapitalisInfo","twitter_misc":{"\u00c9crit par":"webmaster kapitalis","Dur\u00e9e de lecture estim\u00e9e":"1 minute"},"schema":{"@context":"https:\/\/schema.org","@graph":[{"@type":"Article","@id":"https:\/\/kapitalis.com\/tunisie\/2016\/04\/23\/ridha-belhaj-rejette-toute-coalition-contre-ennahdha\/#article","isPartOf":{"@id":"https:\/\/kapitalis.com\/tunisie\/2016\/04\/23\/ridha-belhaj-rejette-toute-coalition-contre-ennahdha\/"},"author":{"name":"webmaster kapitalis","@id":"https:\/\/kapitalis.com\/tunisie\/#\/schema\/person\/d71f33a9ca44f7bad4698210b480c8e9"},"headline":"Ridha Belhaj rejette toute coalition contre Ennahdha","datePublished":"2016-04-23T10:23:07+00:00","mainEntityOfPage":{"@id":"https:\/\/kapitalis.com\/tunisie\/2016\/04\/23\/ridha-belhaj-rejette-toute-coalition-contre-ennahdha\/"},"wordCount":286,"commentCount":5,"publisher":{"@id":"https:\/\/kapitalis.com\/tunisie\/#organization"},"image":{"@id":"https:\/\/kapitalis.com\/tunisie\/2016\/04\/23\/ridha-belhaj-rejette-toute-coalition-contre-ennahdha\/#primaryimage"},"thumbnailUrl":"http:\/\/kapitalis.com\/tunisie\/wp-content\/uploads\/2016\/04\/Ridha-Belhaj-Nidaa.jpg","keywords":["Afek","Mohsen Marzouk","Ridha Belhaj"],"articleSection":["POLITIQUE","Tunisie"],"inLanguage":"fr-FR","potentialAction":[{"@type":"CommentAction","name":"Comment","target":["https:\/\/kapitalis.com\/tunisie\/2016\/04\/23\/ridha-belhaj-rejette-toute-coalition-contre-ennahdha\/#respond"]}]},{"@type":"WebPage","@id":"https:\/\/kapitalis.com\/tunisie\/2016\/04\/23\/ridha-belhaj-rejette-toute-coalition-contre-ennahdha\/","url":"https:\/\/kapitalis.com\/tunisie\/2016\/04\/23\/ridha-belhaj-rejette-toute-coalition-contre-ennahdha\/","name":"Ridha Belhaj rejette toute coalition contre Ennahdha - Kapitalis","isPartOf":{"@id":"https:\/\/kapitalis.com\/tunisie\/#website"},"primaryImageOfPage":{"@id":"https:\/\/kapitalis.com\/tunisie\/2016\/04\/23\/ridha-belhaj-rejette-toute-coalition-contre-ennahdha\/#primaryimage"},"image":{"@id":"https:\/\/kapitalis.com\/tunisie\/2016\/04\/23\/ridha-belhaj-rejette-toute-coalition-contre-ennahdha\/#primaryimage"},"thumbnailUrl":"http:\/\/kapitalis.com\/tunisie\/wp-content\/uploads\/2016\/04\/Ridha-Belhaj-Nidaa.jpg","datePublished":"2016-04-23T10:23:07+00:00","breadcrumb":{"@id":"https:\/\/kapitalis.com\/tunisie\/2016\/04\/23\/ridha-belhaj-rejette-toute-coalition-contre-ennahdha\/#breadcrumb"},"inLanguage":"fr-FR","potentialAction":[{"@type":"ReadAction","target":["https:\/\/kapitalis.com\/tunisie\/2016\/04\/23\/ridha-belhaj-rejette-toute-coalition-contre-ennahdha\/"]}]},{"@type":"ImageObject","inLanguage":"fr-FR","@id":"https:\/\/kapitalis.com\/tunisie\/2016\/04\/23\/ridha-belhaj-rejette-toute-coalition-contre-ennahdha\/#primaryimage","url":"http:\/\/kapitalis.com\/tunisie\/wp-content\/uploads\/2016\/04\/Ridha-Belhaj-Nidaa.jpg","contentUrl":"http:\/\/kapitalis.com\/tunisie\/wp-content\/uploads\/2016\/04\/Ridha-Belhaj-Nidaa.jpg"},{"@type":"BreadcrumbList","@id":"https:\/\/kapitalis.com\/tunisie\/2016\/04\/23\/ridha-belhaj-rejette-toute-coalition-contre-ennahdha\/#breadcrumb","itemListElement":[{"@type":"ListItem","position":1,"name":"Accueil","item":"https:\/\/kapitalis.com\/tunisie\/"},{"@type":"ListItem","position":2,"name":"Ridha Belhaj rejette toute coalition contre Ennahdha"}]},{"@type":"WebSite","@id":"https:\/\/kapitalis.com\/tunisie\/#website","url":"https:\/\/kapitalis.com\/tunisie\/","name":"Kapitalis","description":"L&#039;actualit\u00e9 en Tunisie et dans le monde","publisher":{"@id":"https:\/\/kapitalis.com\/tunisie\/#organization"},"potentialAction":[{"@type":"SearchAction","target":{"@type":"EntryPoint","urlTemplate":"https:\/\/kapitalis.com\/tunisie\/?s={search_term_string}"},"query-input":{"@type":"PropertyValueSpecification","valueRequired":true,"valueName":"search_term_string"}}],"inLanguage":"fr-FR"},{"@type":"Organization","@id":"https:\/\/kapitalis.com\/tunisie\/#organization","name":"Kapitalis","url":"https:\/\/kapitalis.com\/tunisie\/","logo":{"@type":"ImageObject","inLanguage":"fr-FR","@id":"https:\/\/kapitalis.com\/tunisie\/#\/schema\/logo\/image\/","url":"https:\/\/kapitalis.com\/tunisie\/wp-content\/uploads\/2022\/05\/Kapitalis-big-size.png","contentUrl":"https:\/\/kapitalis.com\/tunisie\/wp-content\/uploads\/2022\/05\/Kapitalis-big-size.png","width":5000,"height":1500,"caption":"Kapitalis"},"image":{"@id":"https:\/\/kapitalis.com\/tunisie\/#\/schema\/logo\/image\/"},"sameAs":["https:\/\/www.facebook.com\/KapitalisInfo\/","https:\/\/x.com\/KapitalisInfo","https:\/\/www.youtube.com\/channel\/UC-yDYrHyfFBWWZaOw3FPg9Q"]},{"@type":"Person","@id":"https:\/\/kapitalis.com\/tunisie\/#\/schema\/person\/d71f33a9ca44f7bad4698210b480c8e9","name":"webmaster kapitalis","url":"https:\/\/kapitalis.com\/tunisie\/author\/webmaster-kapitalis\/"}]}},"_links":{"self":[{"href":"https:\/\/kapitalis.com\/tunisie\/wp-json\/wp\/v2\/posts\/47902","targetHints":{"allow":["GET"]}}],"collection":[{"href":"https:\/\/kapitalis.com\/tunisie\/wp-json\/wp\/v2\/posts"}],"about":[{"href":"https:\/\/kapitalis.com\/tunisie\/wp-json\/wp\/v2\/types\/post"}],"author":[{"embeddable":true,"href":"https:\/\/kapitalis.com\/tunisie\/wp-json\/wp\/v2\/users\/8"}],"replies":[{"embeddable":true,"href":"https:\/\/kapitalis.com\/tunisie\/wp-json\/wp\/v2\/comments?post=47902"}],"version-history":[{"count":0,"href":"https:\/\/kapitalis.com\/tunisie\/wp-json\/wp\/v2\/posts\/47902\/revisions"}],"wp:attachment":[{"href":"https:\/\/kapitalis.com\/tunisie\/wp-json\/wp\/v2\/media?parent=47902"}],"wp:term":[{"taxonomy":"category","embeddable":true,"href":"https:\/\/kapitalis.com\/tunisie\/wp-json\/wp\/v2\/categories?post=47902"},{"taxonomy":"post_tag","embeddable":true,"href":"https:\/\/kapitalis.com\/tunisie\/wp-json\/wp\/v2\/tags?post=47902"}],"curies":[{"name":"wp","href":"https:\/\/api.w.org\/{rel}","templated":true}]}}