{"id":4792796,"date":"2022-11-04T10:13:42","date_gmt":"2022-11-04T09:13:42","guid":{"rendered":"https:\/\/kapitalis.com\/tunisie\/?p=4792796"},"modified":"2022-11-04T10:25:53","modified_gmt":"2022-11-04T09:25:53","slug":"4792796","status":"publish","type":"post","link":"https:\/\/kapitalis.com\/tunisie\/2022\/11\/04\/4792796\/","title":{"rendered":"En marge des JCC\u00a0: Se\u00eff Hasnaoui, un talent assassin\u00e9"},"content":{"rendered":"\n<p><strong><em>C\u2019est l\u2019histoire d\u2019un jeune cin\u00e9aste prometteur, Se\u00eff Hasnaoui, dont le premier court m\u00e9trage \u00a0\u2018\u2018Half a Time\u2019\u2019 a fait sensation aupr\u00e8s de la critique avant d\u2019\u00eatre carr\u00e9ment censur\u00e9 par les gros pontes de la diffusion. Comme quoi la pudibonderie finit toujours par tuer le talent.<\/em><\/strong> <em>(Illustration : Seif Hasnaoui, et Sonda Siala dans \u2018\u2018Half a Time\u2019\u2019 ).<\/em><\/p>\n\n\n\n<p>Par <strong>Mohamed Sadok Lejri <\/strong>*<\/p>\n\n\n\n<!--more-->\n\n\n<div class=\"wp-block-image\">\n<figure class=\"alignleft size-full\"><img decoding=\"async\" src=\"http:\/\/kapitalis.com\/tunisie\/wp-content\/uploads\/2021\/08\/Mohamed-Sadok-Lejri-1.jpg\" alt=\"\" class=\"wp-image-358589\"\/><\/figure>\n<\/div>\n\n\n<p>L\u2019ann\u00e9e derni\u00e8re, le 1<sup>er<\/sup> novembre 2021, dans le cadre de la 32<sup>e<\/sup> \u00e9dition des Journ\u00e9es cin\u00e9matographiques de Carthage, le cin\u00e9ma Le Palace a projet\u00e9 une s\u00e9rie de courts-m\u00e9trages tunisiens. Ils \u00e9taient tous excellents, mais l\u2019un d\u2019entre eux a particuli\u00e8rement retenu mon attention :<em> \u2018\u2018Half a Time\u2019\u2019 <\/em>(Nosf Film). <\/p>\n\n\n\n<p>En r\u00e9alit\u00e9, l\u2019effet qu\u2019il m\u2019a fait va au-del\u00e0 de la captation d\u2019attention ou d\u2019une simple interpellation; il m\u2019avait litt\u00e9ralement enthousiasm\u00e9. En effet, ce court-m\u00e9trage est une grande bouff\u00e9e d\u2019air lib\u00e9rateur, c\u2019est un pied de nez \u00e0 une soci\u00e9t\u00e9 moralisatrice, liberticide et en perp\u00e9tuelle fr\u00e9n\u00e9sie de d\u00e9lires vertueux.<\/p>\n\n\n\n<p>De retour chez moi, j\u2019ai r\u00e9dig\u00e9 un papier sous l\u2019empire de l\u2019\u00e9motion et dans lequel j\u2019ai fait part de mes impressions aux lecteurs de <a href=\"https:\/\/kapitalis.com\/tunisie\/2021\/11\/02\/half-a-film-de-seif-hasnaoui-gros-plan-sur-la-jeunesse-tunisienne-paumee\/\" target=\"_blank\" rel=\"noreferrer noopener\">Kapitalis<\/a>. D\u2019ailleurs, j\u2019invite mes amis \u00e0 lire cet article sont le lien est disponible ci-dessous.<\/p>\n\n\n\n<p>Ce court-m\u00e9trage qui r\u00e9unit tous les charmes de la premi\u00e8re \u0153uvre aurait d\u00fb permettre \u00e0 Se\u00eff Hasnaoui d\u2019amorcer une belle carri\u00e8re de r\u00e9alisateur. Il en est de m\u00eame pour la protagoniste du film, interpr\u00e9t\u00e9e par Sonda Siala, qui, malgr\u00e9 une prestation excellente et pleine d\u2019audace, aurait d\u00fb d\u00e9couvrir les pr\u00e9mices d&rsquo;une carri\u00e8re prometteuse apr\u00e8s la projection de <em>\u2018\u2018Half a Time\u2019\u2019<\/em> \u00e0 Tunis. Au lieu de cela, plus personne n\u2019a entendu parler d\u2019eux depuis la 32<sup>e<\/sup> \u00e9dition des JCC. Il ne serait pas inint\u00e9ressant de rappeler que ce film a \u00e9t\u00e9 s\u00e9lectionn\u00e9 dans 16 festivals de cin\u00e9ma et rafl\u00e9 une dizaine de prix.<\/p>\n\n\n\n<h2 class=\"wp-block-heading\">Morale et pudibonderie<\/h2>\n\n\n\n<p>En novembre dernier, toute l\u2019\u00e9quipe du tournage attendait avec impatience la projection de <em>\u2018\u2018Half a Time\u2019\u2019<\/em> dans le cadre des JCC. Il faut savoir qu\u2019un an plus t\u00f4t, \u00e0 la fin de l\u2019ann\u00e9e 2020, dans la foul\u00e9e de l\u2019annulation de l\u2019\u00e9dition des JCC qui devait avoir lieu la m\u00eame ann\u00e9e, Se\u00eff Hasnaoui et son \u00e9quipe ont cru que leur film allait \u00eatre projet\u00e9 \u00e0 Panorama International Short Film Festival (PISFF), d\u00e9di\u00e9 aux courts-m\u00e9trages et qui promeut soi-disant les jeunes r\u00e9alisateurs et le cin\u00e9ma ind\u00e9pendant. <em>\u2018\u2018Half a Time\u2019\u2019<\/em> est parfaitement conforme \u00e0 la philosophie de PISFF : c\u2019est un court-m\u00e9trage r\u00e9alis\u00e9 par une \u00e9quipe de jeunes et enti\u00e8rement autofinanc\u00e9, donc plus ind\u00e9pendant\u2026 tu meurs ! Sauf que, dans ce pays, la morale et la pudibonderie surpassent toute autre consid\u00e9ration.<\/p>\n\n\n\n<figure class=\"wp-block-embed is-type-wp-embed is-provider-kapitalis wp-block-embed-kapitalis\"><div class=\"wp-block-embed__wrapper\">\n<blockquote class=\"wp-embedded-content\" data-secret=\"RwZd5vYpHh\"><a href=\"https:\/\/kapitalis.com\/tunisie\/2021\/11\/02\/half-a-film-de-seif-hasnaoui-gros-plan-sur-la-jeunesse-tunisienne-paumee\/\">Half a film de Se\u00eff Hasnaoui : gros plan sur la jeunesse tunisienne paum\u00e9e<\/a><\/blockquote><iframe loading=\"lazy\" class=\"wp-embedded-content\" sandbox=\"allow-scripts\" security=\"restricted\" style=\"position: absolute; clip: rect(1px, 1px, 1px, 1px);\" title=\"\u00ab\u00a0Half a film de Se\u00eff Hasnaoui : gros plan sur la jeunesse tunisienne paum\u00e9e\u00a0\u00bb &#8212; Kapitalis\" src=\"https:\/\/kapitalis.com\/tunisie\/2021\/11\/02\/half-a-film-de-seif-hasnaoui-gros-plan-sur-la-jeunesse-tunisienne-paumee\/embed\/#?secret=KUuTeBoiVM#?secret=RwZd5vYpHh\" data-secret=\"RwZd5vYpHh\" width=\"600\" height=\"338\" frameborder=\"0\" marginwidth=\"0\" marginheight=\"0\" scrolling=\"no\"><\/iframe>\n<\/div><\/figure>\n\n\n\n<p>Ainsi, mal leur a pris, <em>\u2018\u2018Half a Time\u2019\u2019<\/em> s\u2019est vu refuser par le festival en question, Panorama, alors que son directeur s\u2019\u00e9tait montr\u00e9 au d\u00e9but tr\u00e8s enthousiaste \u00e0 l\u2019id\u00e9e de le projeter. La volte-face de monsieur Kamel Aouij s\u2019explique par des raisons li\u00e9es \u00e0 la morale et aux bonnes m\u0153urs. Il y a eu des \u00e9changes entre le r\u00e9alisateur Se\u00eff Hasnaoui et le directeur du festival. Le directeur de PISFF y annonce au cin\u00e9aste sa r\u00e9tractation. En effet, il explique \u00e0 Se\u00eff Hasnaoui que, par respect pour le public du festival Panorama &#8211; PISFF, il ne peut se permettre de projeter un court-m\u00e9trage qui contient des <em>\u00abgros mots\u00bb<\/em> et des sc\u00e8nes os\u00e9es. L\u2019on est tent\u00e9 de croire qu\u2019il ne s\u2019agit pas d\u2019un directeur de festival de cin\u00e9ma, mais d\u2019un directeur de comit\u00e9 pour le commandement de la vertu et la r\u00e9pression du vice.<\/p>\n\n\n\n<h2 class=\"wp-block-heading\">Trois petits tours et puis s\u2019en vont<\/h2>\n\n\n\n<p>En outre, comme ce court-m\u00e9trage ne comprend aucune t\u00eate d\u2019affiche, pas de <em>\u00abvedette\u00bb<\/em> mise en avant, aucune <em>\u00abstarlette\u00bb<\/em> venant tout droit d\u2019Insta pour le faire conna\u00eetre au grand public, et comme il n\u2019a pas b\u00e9n\u00e9fici\u00e9 d\u2019une campagne de promotion, ou plut\u00f4t d\u2019une campagne de racolage \u00e0 travers les m\u00e9dias audiovisuels et les bo\u00eetes de com., seule une poign\u00e9e de Tunisiens est aujourd\u2019hui au courant de l\u2019existence de <em>\u2018\u2018Half a Time\u2019\u2019<\/em>.<\/p>\n\n\n\n<p>En effet, apr\u00e8s le refus essuy\u00e9 par Se\u00eff Hasnaoui, en 2020, dans le cadre du festival Panorama &#8211; PISFF, <em>\u2018\u2018Half a Time\u2019\u2019<\/em> n\u2019a \u00e9t\u00e9 projet\u00e9 en Tunisie qu\u2019\u00e0 trois reprises l\u2019ann\u00e9e d\u2019apr\u00e8s : au Palace, au Cin\u00e9MadArt et \u00e0 Cin\u00e9 Jamil. Et c\u2019\u00e9tait, il est bon de la rappeler encore, dans le cadre de la 32<sup>e<\/sup> \u00e9dition des JCC (2021). Depuis lors, ce court-m\u00e9trage n\u2019a \u00e9t\u00e9 projet\u00e9 nulle part en Tunisie. Pour r\u00e9capituler, il n\u2019a eu droit qu\u2019\u00e0 trois projections en Tunisie, pas une de plus. Trois petits tours et puis s\u2019en vont.<\/p>\n\n\n\n<p>Pourtant, ce film n\u2019avait pas besoin d\u2019une t\u00eate d\u2019affiche pour faire parler de lui. Ses deux acteurs principaux, en l\u2019occurrence deux amateurs, Sonda Siala et Salmane F\u2019touhi, ont crev\u00e9 l\u2019\u00e9cran. Mais, en Tunisie, pour passer dans un festival consacr\u00e9 au cin\u00e9ma ind\u00e9pendant et aux jeunes talents, notamment aux r\u00e9alisateurs et acteurs en herbe, il ne faut \u00eatre ni novice, ni ind\u00e9pendant. Et, surtout et avant toutes choses, le film ne doit pas comporter de sc\u00e8nes qui portent atteinte \u00e0 la moralit\u00e9 et aux bonnes m\u0153urs. <em>\u00abVoyons ! Nous ne sommes pas \u00e0 Cannes! \u00bb,<\/em> comme dirait monsieur Aouij.<\/p>\n\n\n\n<p>Aujourd\u2019hui, Se\u00eff Hasnaoui s\u2019est \u00e9loign\u00e9 du milieu du cin\u00e9ma et consacre tout son talent \u00e0 la publicit\u00e9 pour gagner sa vie. En somme, il se contente de r\u00e9aliser des spots publicitaires, au lieu de r\u00e9aliser des films. Qui mieux que la Tunisie pour transformer des talents prometteurs en des projets mort-n\u00e9s en brisant leur envol ? D\u00e9cid\u00e9ment, il n\u2019y a que la merde qui fleurit dans ce pays. Le plus important est de ne pas offenser les yeux chastes du public.<\/p>\n","protected":false},"excerpt":{"rendered":"<p>Jeune cin\u00e9aste tunisien prometteur, Se\u00eff Hasnaoui s\u2019est \u00e9loign\u00e9 du milieu du cin\u00e9ma et consacre tout son talent \u00e0 la publicit\u00e9 pour gagner sa vie. <\/p>\n","protected":false},"author":8,"featured_media":4792868,"comment_status":"open","ping_status":"open","sticky":false,"template":"","format":"standard","meta":{"footnotes":""},"categories":[992,994,1000,2433],"tags":[104163,9145,86322,83591,104164,104162,94616,62643],"class_list":["post-4792796","post","type-post","status-publish","format-standard","has-post-thumbnail","hentry","category-a-la-une","category-culture","category-tribune","category-tunisie","tag-half-a-time","tag-journees-cinematographiques-de-carthage","tag-kamel-aouij","tag-mohamed-sadok-lejri","tag-salmane-ftouhi","tag-seif-hasnaoui-2","tag-sonda-siala","tag-tunisie"],"yoast_head":"<!-- This site is optimized with the Yoast SEO plugin v26.6 - https:\/\/yoast.com\/wordpress\/plugins\/seo\/ -->\n<title>En marge des JCC\u00a0: Se\u00eff Hasnaoui, un talent assassin\u00e9 - Kapitalis<\/title>\n<meta name=\"robots\" content=\"index, follow, max-snippet:-1, max-image-preview:large, max-video-preview:-1\" \/>\n<link rel=\"canonical\" href=\"https:\/\/kapitalis.com\/tunisie\/2022\/11\/04\/4792796\/\" \/>\n<meta property=\"og:locale\" content=\"fr_FR\" \/>\n<meta property=\"og:type\" content=\"article\" \/>\n<meta property=\"og:title\" content=\"En marge des JCC\u00a0: Se\u00eff Hasnaoui, un talent assassin\u00e9 - Kapitalis\" \/>\n<meta property=\"og:description\" content=\"Jeune cin\u00e9aste tunisien prometteur, Se\u00eff Hasnaoui s\u2019est \u00e9loign\u00e9 du milieu du cin\u00e9ma et consacre tout son talent \u00e0 la publicit\u00e9 pour gagner sa vie.\" \/>\n<meta property=\"og:url\" content=\"https:\/\/kapitalis.com\/tunisie\/2022\/11\/04\/4792796\/\" \/>\n<meta property=\"og:site_name\" content=\"Kapitalis\" \/>\n<meta property=\"article:publisher\" content=\"https:\/\/www.facebook.com\/KapitalisInfo\/\" \/>\n<meta property=\"article:published_time\" content=\"2022-11-04T09:13:42+00:00\" \/>\n<meta property=\"article:modified_time\" content=\"2022-11-04T09:25:53+00:00\" \/>\n<meta property=\"og:image\" content=\"https:\/\/kapitalis.com\/tunisie\/wp-content\/uploads\/2022\/11\/Seif-Hasnaoui-et-Sonda-Siala-dans-Half-a-Time.jpg\" \/>\n\t<meta property=\"og:image:width\" content=\"1200\" \/>\n\t<meta property=\"og:image:height\" content=\"630\" \/>\n\t<meta property=\"og:image:type\" content=\"image\/jpeg\" \/>\n<meta name=\"author\" content=\"webmaster kapitalis\" \/>\n<meta name=\"twitter:card\" content=\"summary_large_image\" \/>\n<meta name=\"twitter:creator\" content=\"@KapitalisInfo\" \/>\n<meta name=\"twitter:site\" content=\"@KapitalisInfo\" \/>\n<meta name=\"twitter:label1\" content=\"\u00c9crit par\" \/>\n\t<meta name=\"twitter:data1\" content=\"webmaster kapitalis\" \/>\n\t<meta name=\"twitter:label2\" content=\"Dur\u00e9e de lecture estim\u00e9e\" \/>\n\t<meta name=\"twitter:data2\" content=\"5 minutes\" \/>\n<script type=\"application\/ld+json\" class=\"yoast-schema-graph\">{\"@context\":\"https:\/\/schema.org\",\"@graph\":[{\"@type\":\"Article\",\"@id\":\"https:\/\/kapitalis.com\/tunisie\/2022\/11\/04\/4792796\/#article\",\"isPartOf\":{\"@id\":\"https:\/\/kapitalis.com\/tunisie\/2022\/11\/04\/4792796\/\"},\"author\":{\"name\":\"webmaster kapitalis\",\"@id\":\"https:\/\/kapitalis.com\/tunisie\/#\/schema\/person\/d71f33a9ca44f7bad4698210b480c8e9\"},\"headline\":\"En marge des JCC\u00a0: Se\u00eff Hasnaoui, un talent assassin\u00e9\",\"datePublished\":\"2022-11-04T09:13:42+00:00\",\"dateModified\":\"2022-11-04T09:25:53+00:00\",\"mainEntityOfPage\":{\"@id\":\"https:\/\/kapitalis.com\/tunisie\/2022\/11\/04\/4792796\/\"},\"wordCount\":1070,\"commentCount\":3,\"publisher\":{\"@id\":\"https:\/\/kapitalis.com\/tunisie\/#organization\"},\"image\":{\"@id\":\"https:\/\/kapitalis.com\/tunisie\/2022\/11\/04\/4792796\/#primaryimage\"},\"thumbnailUrl\":\"https:\/\/kapitalis.com\/tunisie\/wp-content\/uploads\/2022\/11\/Seif-Hasnaoui-et-Sonda-Siala-dans-Half-a-Time.jpg\",\"keywords\":[\"Half a Time\u2019\",\"Journ\u00e9es cin\u00e9matographiques de Carthage\",\"Kamel Aouij\",\"Mohamed Sadok Lejri\",\"Salmane F\u2019touhi\",\"Seif Hasnaoui\",\"Sonda Siala\",\"Tunisie\"],\"articleSection\":[\"A LA UNE\",\"CULTURE\",\"TRIBUNE\",\"Tunisie\"],\"inLanguage\":\"fr-FR\",\"potentialAction\":[{\"@type\":\"CommentAction\",\"name\":\"Comment\",\"target\":[\"https:\/\/kapitalis.com\/tunisie\/2022\/11\/04\/4792796\/#respond\"]}]},{\"@type\":\"WebPage\",\"@id\":\"https:\/\/kapitalis.com\/tunisie\/2022\/11\/04\/4792796\/\",\"url\":\"https:\/\/kapitalis.com\/tunisie\/2022\/11\/04\/4792796\/\",\"name\":\"En marge des JCC\u00a0: Se\u00eff Hasnaoui, un talent assassin\u00e9 - Kapitalis\",\"isPartOf\":{\"@id\":\"https:\/\/kapitalis.com\/tunisie\/#website\"},\"primaryImageOfPage\":{\"@id\":\"https:\/\/kapitalis.com\/tunisie\/2022\/11\/04\/4792796\/#primaryimage\"},\"image\":{\"@id\":\"https:\/\/kapitalis.com\/tunisie\/2022\/11\/04\/4792796\/#primaryimage\"},\"thumbnailUrl\":\"https:\/\/kapitalis.com\/tunisie\/wp-content\/uploads\/2022\/11\/Seif-Hasnaoui-et-Sonda-Siala-dans-Half-a-Time.jpg\",\"datePublished\":\"2022-11-04T09:13:42+00:00\",\"dateModified\":\"2022-11-04T09:25:53+00:00\",\"breadcrumb\":{\"@id\":\"https:\/\/kapitalis.com\/tunisie\/2022\/11\/04\/4792796\/#breadcrumb\"},\"inLanguage\":\"fr-FR\",\"potentialAction\":[{\"@type\":\"ReadAction\",\"target\":[\"https:\/\/kapitalis.com\/tunisie\/2022\/11\/04\/4792796\/\"]}]},{\"@type\":\"ImageObject\",\"inLanguage\":\"fr-FR\",\"@id\":\"https:\/\/kapitalis.com\/tunisie\/2022\/11\/04\/4792796\/#primaryimage\",\"url\":\"https:\/\/kapitalis.com\/tunisie\/wp-content\/uploads\/2022\/11\/Seif-Hasnaoui-et-Sonda-Siala-dans-Half-a-Time.jpg\",\"contentUrl\":\"https:\/\/kapitalis.com\/tunisie\/wp-content\/uploads\/2022\/11\/Seif-Hasnaoui-et-Sonda-Siala-dans-Half-a-Time.jpg\",\"width\":1200,\"height\":630},{\"@type\":\"BreadcrumbList\",\"@id\":\"https:\/\/kapitalis.com\/tunisie\/2022\/11\/04\/4792796\/#breadcrumb\",\"itemListElement\":[{\"@type\":\"ListItem\",\"position\":1,\"name\":\"Accueil\",\"item\":\"https:\/\/kapitalis.com\/tunisie\/\"},{\"@type\":\"ListItem\",\"position\":2,\"name\":\"En marge des JCC\u00a0: Se\u00eff Hasnaoui, un talent assassin\u00e9\"}]},{\"@type\":\"WebSite\",\"@id\":\"https:\/\/kapitalis.com\/tunisie\/#website\",\"url\":\"https:\/\/kapitalis.com\/tunisie\/\",\"name\":\"Kapitalis\",\"description\":\"L&#039;actualit\u00e9 en Tunisie et dans le monde\",\"publisher\":{\"@id\":\"https:\/\/kapitalis.com\/tunisie\/#organization\"},\"potentialAction\":[{\"@type\":\"SearchAction\",\"target\":{\"@type\":\"EntryPoint\",\"urlTemplate\":\"https:\/\/kapitalis.com\/tunisie\/?s={search_term_string}\"},\"query-input\":{\"@type\":\"PropertyValueSpecification\",\"valueRequired\":true,\"valueName\":\"search_term_string\"}}],\"inLanguage\":\"fr-FR\"},{\"@type\":\"Organization\",\"@id\":\"https:\/\/kapitalis.com\/tunisie\/#organization\",\"name\":\"Kapitalis\",\"url\":\"https:\/\/kapitalis.com\/tunisie\/\",\"logo\":{\"@type\":\"ImageObject\",\"inLanguage\":\"fr-FR\",\"@id\":\"https:\/\/kapitalis.com\/tunisie\/#\/schema\/logo\/image\/\",\"url\":\"https:\/\/kapitalis.com\/tunisie\/wp-content\/uploads\/2022\/05\/Kapitalis-big-size.png\",\"contentUrl\":\"https:\/\/kapitalis.com\/tunisie\/wp-content\/uploads\/2022\/05\/Kapitalis-big-size.png\",\"width\":5000,\"height\":1500,\"caption\":\"Kapitalis\"},\"image\":{\"@id\":\"https:\/\/kapitalis.com\/tunisie\/#\/schema\/logo\/image\/\"},\"sameAs\":[\"https:\/\/www.facebook.com\/KapitalisInfo\/\",\"https:\/\/x.com\/KapitalisInfo\",\"https:\/\/www.youtube.com\/channel\/UC-yDYrHyfFBWWZaOw3FPg9Q\"]},{\"@type\":\"Person\",\"@id\":\"https:\/\/kapitalis.com\/tunisie\/#\/schema\/person\/d71f33a9ca44f7bad4698210b480c8e9\",\"name\":\"webmaster kapitalis\",\"url\":\"https:\/\/kapitalis.com\/tunisie\/author\/webmaster-kapitalis\/\"}]}<\/script>\n<!-- \/ Yoast SEO plugin. -->","yoast_head_json":{"title":"En marge des JCC\u00a0: Se\u00eff Hasnaoui, un talent assassin\u00e9 - Kapitalis","robots":{"index":"index","follow":"follow","max-snippet":"max-snippet:-1","max-image-preview":"max-image-preview:large","max-video-preview":"max-video-preview:-1"},"canonical":"https:\/\/kapitalis.com\/tunisie\/2022\/11\/04\/4792796\/","og_locale":"fr_FR","og_type":"article","og_title":"En marge des JCC\u00a0: Se\u00eff Hasnaoui, un talent assassin\u00e9 - Kapitalis","og_description":"Jeune cin\u00e9aste tunisien prometteur, Se\u00eff Hasnaoui s\u2019est \u00e9loign\u00e9 du milieu du cin\u00e9ma et consacre tout son talent \u00e0 la publicit\u00e9 pour gagner sa vie.","og_url":"https:\/\/kapitalis.com\/tunisie\/2022\/11\/04\/4792796\/","og_site_name":"Kapitalis","article_publisher":"https:\/\/www.facebook.com\/KapitalisInfo\/","article_published_time":"2022-11-04T09:13:42+00:00","article_modified_time":"2022-11-04T09:25:53+00:00","og_image":[{"width":1200,"height":630,"url":"https:\/\/kapitalis.com\/tunisie\/wp-content\/uploads\/2022\/11\/Seif-Hasnaoui-et-Sonda-Siala-dans-Half-a-Time.jpg","type":"image\/jpeg"}],"author":"webmaster kapitalis","twitter_card":"summary_large_image","twitter_creator":"@KapitalisInfo","twitter_site":"@KapitalisInfo","twitter_misc":{"\u00c9crit par":"webmaster kapitalis","Dur\u00e9e de lecture estim\u00e9e":"5 minutes"},"schema":{"@context":"https:\/\/schema.org","@graph":[{"@type":"Article","@id":"https:\/\/kapitalis.com\/tunisie\/2022\/11\/04\/4792796\/#article","isPartOf":{"@id":"https:\/\/kapitalis.com\/tunisie\/2022\/11\/04\/4792796\/"},"author":{"name":"webmaster kapitalis","@id":"https:\/\/kapitalis.com\/tunisie\/#\/schema\/person\/d71f33a9ca44f7bad4698210b480c8e9"},"headline":"En marge des JCC\u00a0: Se\u00eff Hasnaoui, un talent assassin\u00e9","datePublished":"2022-11-04T09:13:42+00:00","dateModified":"2022-11-04T09:25:53+00:00","mainEntityOfPage":{"@id":"https:\/\/kapitalis.com\/tunisie\/2022\/11\/04\/4792796\/"},"wordCount":1070,"commentCount":3,"publisher":{"@id":"https:\/\/kapitalis.com\/tunisie\/#organization"},"image":{"@id":"https:\/\/kapitalis.com\/tunisie\/2022\/11\/04\/4792796\/#primaryimage"},"thumbnailUrl":"https:\/\/kapitalis.com\/tunisie\/wp-content\/uploads\/2022\/11\/Seif-Hasnaoui-et-Sonda-Siala-dans-Half-a-Time.jpg","keywords":["Half a Time\u2019","Journ\u00e9es cin\u00e9matographiques de Carthage","Kamel Aouij","Mohamed Sadok Lejri","Salmane F\u2019touhi","Seif Hasnaoui","Sonda Siala","Tunisie"],"articleSection":["A LA UNE","CULTURE","TRIBUNE","Tunisie"],"inLanguage":"fr-FR","potentialAction":[{"@type":"CommentAction","name":"Comment","target":["https:\/\/kapitalis.com\/tunisie\/2022\/11\/04\/4792796\/#respond"]}]},{"@type":"WebPage","@id":"https:\/\/kapitalis.com\/tunisie\/2022\/11\/04\/4792796\/","url":"https:\/\/kapitalis.com\/tunisie\/2022\/11\/04\/4792796\/","name":"En marge des JCC\u00a0: Se\u00eff Hasnaoui, un talent assassin\u00e9 - Kapitalis","isPartOf":{"@id":"https:\/\/kapitalis.com\/tunisie\/#website"},"primaryImageOfPage":{"@id":"https:\/\/kapitalis.com\/tunisie\/2022\/11\/04\/4792796\/#primaryimage"},"image":{"@id":"https:\/\/kapitalis.com\/tunisie\/2022\/11\/04\/4792796\/#primaryimage"},"thumbnailUrl":"https:\/\/kapitalis.com\/tunisie\/wp-content\/uploads\/2022\/11\/Seif-Hasnaoui-et-Sonda-Siala-dans-Half-a-Time.jpg","datePublished":"2022-11-04T09:13:42+00:00","dateModified":"2022-11-04T09:25:53+00:00","breadcrumb":{"@id":"https:\/\/kapitalis.com\/tunisie\/2022\/11\/04\/4792796\/#breadcrumb"},"inLanguage":"fr-FR","potentialAction":[{"@type":"ReadAction","target":["https:\/\/kapitalis.com\/tunisie\/2022\/11\/04\/4792796\/"]}]},{"@type":"ImageObject","inLanguage":"fr-FR","@id":"https:\/\/kapitalis.com\/tunisie\/2022\/11\/04\/4792796\/#primaryimage","url":"https:\/\/kapitalis.com\/tunisie\/wp-content\/uploads\/2022\/11\/Seif-Hasnaoui-et-Sonda-Siala-dans-Half-a-Time.jpg","contentUrl":"https:\/\/kapitalis.com\/tunisie\/wp-content\/uploads\/2022\/11\/Seif-Hasnaoui-et-Sonda-Siala-dans-Half-a-Time.jpg","width":1200,"height":630},{"@type":"BreadcrumbList","@id":"https:\/\/kapitalis.com\/tunisie\/2022\/11\/04\/4792796\/#breadcrumb","itemListElement":[{"@type":"ListItem","position":1,"name":"Accueil","item":"https:\/\/kapitalis.com\/tunisie\/"},{"@type":"ListItem","position":2,"name":"En marge des JCC\u00a0: Se\u00eff Hasnaoui, un talent assassin\u00e9"}]},{"@type":"WebSite","@id":"https:\/\/kapitalis.com\/tunisie\/#website","url":"https:\/\/kapitalis.com\/tunisie\/","name":"Kapitalis","description":"L&#039;actualit\u00e9 en Tunisie et dans le monde","publisher":{"@id":"https:\/\/kapitalis.com\/tunisie\/#organization"},"potentialAction":[{"@type":"SearchAction","target":{"@type":"EntryPoint","urlTemplate":"https:\/\/kapitalis.com\/tunisie\/?s={search_term_string}"},"query-input":{"@type":"PropertyValueSpecification","valueRequired":true,"valueName":"search_term_string"}}],"inLanguage":"fr-FR"},{"@type":"Organization","@id":"https:\/\/kapitalis.com\/tunisie\/#organization","name":"Kapitalis","url":"https:\/\/kapitalis.com\/tunisie\/","logo":{"@type":"ImageObject","inLanguage":"fr-FR","@id":"https:\/\/kapitalis.com\/tunisie\/#\/schema\/logo\/image\/","url":"https:\/\/kapitalis.com\/tunisie\/wp-content\/uploads\/2022\/05\/Kapitalis-big-size.png","contentUrl":"https:\/\/kapitalis.com\/tunisie\/wp-content\/uploads\/2022\/05\/Kapitalis-big-size.png","width":5000,"height":1500,"caption":"Kapitalis"},"image":{"@id":"https:\/\/kapitalis.com\/tunisie\/#\/schema\/logo\/image\/"},"sameAs":["https:\/\/www.facebook.com\/KapitalisInfo\/","https:\/\/x.com\/KapitalisInfo","https:\/\/www.youtube.com\/channel\/UC-yDYrHyfFBWWZaOw3FPg9Q"]},{"@type":"Person","@id":"https:\/\/kapitalis.com\/tunisie\/#\/schema\/person\/d71f33a9ca44f7bad4698210b480c8e9","name":"webmaster kapitalis","url":"https:\/\/kapitalis.com\/tunisie\/author\/webmaster-kapitalis\/"}]}},"_links":{"self":[{"href":"https:\/\/kapitalis.com\/tunisie\/wp-json\/wp\/v2\/posts\/4792796","targetHints":{"allow":["GET"]}}],"collection":[{"href":"https:\/\/kapitalis.com\/tunisie\/wp-json\/wp\/v2\/posts"}],"about":[{"href":"https:\/\/kapitalis.com\/tunisie\/wp-json\/wp\/v2\/types\/post"}],"author":[{"embeddable":true,"href":"https:\/\/kapitalis.com\/tunisie\/wp-json\/wp\/v2\/users\/8"}],"replies":[{"embeddable":true,"href":"https:\/\/kapitalis.com\/tunisie\/wp-json\/wp\/v2\/comments?post=4792796"}],"version-history":[{"count":0,"href":"https:\/\/kapitalis.com\/tunisie\/wp-json\/wp\/v2\/posts\/4792796\/revisions"}],"wp:featuredmedia":[{"embeddable":true,"href":"https:\/\/kapitalis.com\/tunisie\/wp-json\/wp\/v2\/media\/4792868"}],"wp:attachment":[{"href":"https:\/\/kapitalis.com\/tunisie\/wp-json\/wp\/v2\/media?parent=4792796"}],"wp:term":[{"taxonomy":"category","embeddable":true,"href":"https:\/\/kapitalis.com\/tunisie\/wp-json\/wp\/v2\/categories?post=4792796"},{"taxonomy":"post_tag","embeddable":true,"href":"https:\/\/kapitalis.com\/tunisie\/wp-json\/wp\/v2\/tags?post=4792796"}],"curies":[{"name":"wp","href":"https:\/\/api.w.org\/{rel}","templated":true}]}}