{"id":48024,"date":"2016-04-25T11:56:43","date_gmt":"2016-04-25T10:56:43","guid":{"rendered":"http:\/\/kapitalis.com\/tunisie\/?p=48024"},"modified":"2016-04-25T12:01:01","modified_gmt":"2016-04-25T11:01:01","slug":"dans-la-republique-de-bensedrine-makhlouf-est-persona-non-grata","status":"publish","type":"post","link":"https:\/\/kapitalis.com\/tunisie\/2016\/04\/25\/dans-la-republique-de-bensedrine-makhlouf-est-persona-non-grata\/","title":{"rendered":"Dans la \u00abr\u00e9publique\u00bb de Bensedrine, Makhlouf est persona non grata"},"content":{"rendered":"<p style=\"text-align: center;\"><img loading=\"lazy\" decoding=\"async\" class=\"alignnone size-full wp-image-48026\" src=\"http:\/\/kapitalis.com\/tunisie\/wp-content\/uploads\/2016\/04\/Ben-Sedrine-Makhlouf-IDV.jpg\" alt=\"Ben Sedrine- Makhlouf- IDV\" width=\"626\" height=\"380\" \/><\/p>\n<p><em><strong>Zouheir Makhlouf, vice-pr\u00e9sident de l\u2019Instance V\u00e9rit\u00e9 et Dignit\u00e9 (IVD), a \u00e9t\u00e9 emp\u00each\u00e9, aujourd\u2019hui, d\u2019acc\u00e9der au si\u00e8ge de l\u2019Instance.<\/strong><\/em><\/p>\n<p><!--more--><\/p>\n<p>La justice a tranch\u00e9, lundi dernier, en faveur de Zouheir Makhlouf, et ordonn\u00e9 l\u2019annulation de sa suspension de l\u2019IDV, d\u00e9cr\u00e9t\u00e9e par d\u00e9cision unilat\u00e9rale, le 21 d\u00e9cembre 2015, par la\u00a0despotique pr\u00e9sidente de cette instance, Sihem Bensedrine.<\/p>\n<p>Le vice-pr\u00e9sident de l&rsquo;IVD, qui s\u2019est vu emp\u00each\u00e9, aujourd&rsquo;hui, d\u2019acc\u00e9der au local de l\u2019Instance, a indiqu\u00e9, sur sa page Facebook, que le gardien lui a pr\u00e9cis\u00e9 que c\u2019est Mme Bensedrine qui avait\u00a0donn\u00e9 cet \u00ab<em>ordre<\/em>\u00bb.<\/p>\n<p>\u00ab<em>J\u2019ai montr\u00e9 au gardien le jugement en ma faveur et lui ai rappel\u00e9 que je suis le vice-pr\u00e9sident de l&rsquo;IVD. Je suis entr\u00e9 et j\u2019ai \u00e9t\u00e9 surpris de constater que les serrures de mon bureau ont \u00e9t\u00e9 chang\u00e9es<\/em>\u00bb, a-t-il not\u00e9.<\/p>\n<p>Le vice-pr\u00e9sident de l&rsquo;IVD avait travaill\u00e9 normalement dans son bureau pendant 3 jours, du jeudi au samedi derniers, mais c&rsquo;\u00e9tait en l&rsquo;absence de Mme Bensedrine, en voyage en Autriche. A son retour, celle-ci a dict\u00e9 <em>\u00absa\u00bb<\/em> loi.<\/p>\n<p>Zouheir Makhlouf\u00a0accuse\u00a0Sihem Bensedrine d&rsquo;avoir utilis\u00e9 les moyens forts pour l\u2019emp\u00eacher de reprendre ses activit\u00e9s et la tient pour responsable de ce\u00a0refus d&rsquo;appliquer une d\u00e9cision de justice.<\/p>\n<p>Le crime de Zouheir Makhlouf, qui lui vaut le courroux et la vengeance de Mme Bensedrine, c&rsquo;est d&rsquo;avoir \u00a0\u00ab<em>os\u00e9<\/em>\u00bb critiquer, dans une lettre au pr\u00e9sident de l\u2019Assembl\u00e9e des repr\u00e9sentants du peuple (ARP), la gestion autoritaire et personnelle de Sihem Bensedrine, qui est, du reste, un secret de polichinelle.<\/p>\n<p>Le tribunal administratif a donn\u00e9 raison \u00e0 M. Makhlouf, mais le conseil de l\u2019IVD, tenu d&rsquo;une main de fer par Mme Bensedrine, n\u2019a pas voulu le r\u00e9int\u00e9grer et a d\u00e9cid\u00e9 de le renvoyer de nouveau devant le conseil de discipline.<\/p>\n<p style=\"text-align: right;\"><strong>Y. N.<\/strong><\/p>\n","protected":false},"excerpt":{"rendered":"<p>Zouheir Makhlouf, vice-pr\u00e9sident de l\u2019Instance V\u00e9rit\u00e9 et Dignit\u00e9 (IVD), a \u00e9t\u00e9 emp\u00each\u00e9, aujourd\u2019hui, d\u2019acc\u00e9der au si\u00e8ge de l\u2019Instance.<\/p>\n","protected":false},"author":6,"featured_media":48026,"comment_status":"open","ping_status":"open","sticky":false,"template":"","format":"standard","meta":{"footnotes":""},"categories":[997,2433],"tags":[],"class_list":["post-48024","post","type-post","status-publish","format-standard","has-post-thumbnail","hentry","category-politique","category-tunisie"],"yoast_head":"<!-- This site is optimized with the Yoast SEO plugin v26.6 - https:\/\/yoast.com\/wordpress\/plugins\/seo\/ -->\n<title>Dans la \u00abr\u00e9publique\u00bb de Bensedrine, Makhlouf est persona non grata - Kapitalis<\/title>\n<meta name=\"robots\" content=\"index, follow, max-snippet:-1, max-image-preview:large, max-video-preview:-1\" \/>\n<link rel=\"canonical\" href=\"https:\/\/kapitalis.com\/tunisie\/2016\/04\/25\/dans-la-republique-de-bensedrine-makhlouf-est-persona-non-grata\/\" \/>\n<meta property=\"og:locale\" content=\"fr_FR\" \/>\n<meta property=\"og:type\" content=\"article\" \/>\n<meta property=\"og:title\" content=\"Dans la \u00abr\u00e9publique\u00bb de Bensedrine, Makhlouf est persona non grata - Kapitalis\" \/>\n<meta property=\"og:description\" content=\"Zouheir Makhlouf, vice-pr\u00e9sident de l\u2019Instance V\u00e9rit\u00e9 et Dignit\u00e9 (IVD), a \u00e9t\u00e9 emp\u00each\u00e9, aujourd\u2019hui, d\u2019acc\u00e9der au si\u00e8ge de l\u2019Instance.\" \/>\n<meta property=\"og:url\" content=\"https:\/\/kapitalis.com\/tunisie\/2016\/04\/25\/dans-la-republique-de-bensedrine-makhlouf-est-persona-non-grata\/\" \/>\n<meta property=\"og:site_name\" content=\"Kapitalis\" \/>\n<meta property=\"article:publisher\" content=\"https:\/\/www.facebook.com\/KapitalisInfo\/\" \/>\n<meta property=\"article:published_time\" content=\"2016-04-25T10:56:43+00:00\" \/>\n<meta property=\"article:modified_time\" content=\"2016-04-25T11:01:01+00:00\" \/>\n<meta property=\"og:image\" content=\"https:\/\/kapitalis.com\/tunisie\/wp-content\/uploads\/2022\/05\/kapitalis-logo-fb.png\" \/>\n\t<meta property=\"og:image:width\" content=\"1200\" \/>\n\t<meta property=\"og:image:height\" content=\"630\" \/>\n\t<meta property=\"og:image:type\" content=\"image\/png\" \/>\n<meta name=\"author\" content=\"Yusra NY\" \/>\n<meta name=\"twitter:card\" content=\"summary_large_image\" \/>\n<meta name=\"twitter:creator\" content=\"@KapitalisInfo\" \/>\n<meta name=\"twitter:site\" content=\"@KapitalisInfo\" \/>\n<meta name=\"twitter:label1\" content=\"\u00c9crit par\" \/>\n\t<meta name=\"twitter:data1\" content=\"Yusra NY\" \/>\n\t<meta name=\"twitter:label2\" content=\"Dur\u00e9e de lecture estim\u00e9e\" \/>\n\t<meta name=\"twitter:data2\" content=\"2 minutes\" \/>\n<script type=\"application\/ld+json\" class=\"yoast-schema-graph\">{\"@context\":\"https:\/\/schema.org\",\"@graph\":[{\"@type\":\"Article\",\"@id\":\"https:\/\/kapitalis.com\/tunisie\/2016\/04\/25\/dans-la-republique-de-bensedrine-makhlouf-est-persona-non-grata\/#article\",\"isPartOf\":{\"@id\":\"https:\/\/kapitalis.com\/tunisie\/2016\/04\/25\/dans-la-republique-de-bensedrine-makhlouf-est-persona-non-grata\/\"},\"author\":{\"name\":\"Yusra NY\",\"@id\":\"https:\/\/kapitalis.com\/tunisie\/#\/schema\/person\/74bbde0154d49d790a92aaeac5bc01d5\"},\"headline\":\"Dans la \u00abr\u00e9publique\u00bb de Bensedrine, Makhlouf est persona non grata\",\"datePublished\":\"2016-04-25T10:56:43+00:00\",\"dateModified\":\"2016-04-25T11:01:01+00:00\",\"mainEntityOfPage\":{\"@id\":\"https:\/\/kapitalis.com\/tunisie\/2016\/04\/25\/dans-la-republique-de-bensedrine-makhlouf-est-persona-non-grata\/\"},\"wordCount\":337,\"commentCount\":5,\"publisher\":{\"@id\":\"https:\/\/kapitalis.com\/tunisie\/#organization\"},\"image\":{\"@id\":\"https:\/\/kapitalis.com\/tunisie\/2016\/04\/25\/dans-la-republique-de-bensedrine-makhlouf-est-persona-non-grata\/#primaryimage\"},\"thumbnailUrl\":\"\",\"articleSection\":[\"POLITIQUE\",\"Tunisie\"],\"inLanguage\":\"fr-FR\",\"potentialAction\":[{\"@type\":\"CommentAction\",\"name\":\"Comment\",\"target\":[\"https:\/\/kapitalis.com\/tunisie\/2016\/04\/25\/dans-la-republique-de-bensedrine-makhlouf-est-persona-non-grata\/#respond\"]}]},{\"@type\":\"WebPage\",\"@id\":\"https:\/\/kapitalis.com\/tunisie\/2016\/04\/25\/dans-la-republique-de-bensedrine-makhlouf-est-persona-non-grata\/\",\"url\":\"https:\/\/kapitalis.com\/tunisie\/2016\/04\/25\/dans-la-republique-de-bensedrine-makhlouf-est-persona-non-grata\/\",\"name\":\"Dans la \u00abr\u00e9publique\u00bb de Bensedrine, Makhlouf est persona non grata - Kapitalis\",\"isPartOf\":{\"@id\":\"https:\/\/kapitalis.com\/tunisie\/#website\"},\"primaryImageOfPage\":{\"@id\":\"https:\/\/kapitalis.com\/tunisie\/2016\/04\/25\/dans-la-republique-de-bensedrine-makhlouf-est-persona-non-grata\/#primaryimage\"},\"image\":{\"@id\":\"https:\/\/kapitalis.com\/tunisie\/2016\/04\/25\/dans-la-republique-de-bensedrine-makhlouf-est-persona-non-grata\/#primaryimage\"},\"thumbnailUrl\":\"\",\"datePublished\":\"2016-04-25T10:56:43+00:00\",\"dateModified\":\"2016-04-25T11:01:01+00:00\",\"breadcrumb\":{\"@id\":\"https:\/\/kapitalis.com\/tunisie\/2016\/04\/25\/dans-la-republique-de-bensedrine-makhlouf-est-persona-non-grata\/#breadcrumb\"},\"inLanguage\":\"fr-FR\",\"potentialAction\":[{\"@type\":\"ReadAction\",\"target\":[\"https:\/\/kapitalis.com\/tunisie\/2016\/04\/25\/dans-la-republique-de-bensedrine-makhlouf-est-persona-non-grata\/\"]}]},{\"@type\":\"ImageObject\",\"inLanguage\":\"fr-FR\",\"@id\":\"https:\/\/kapitalis.com\/tunisie\/2016\/04\/25\/dans-la-republique-de-bensedrine-makhlouf-est-persona-non-grata\/#primaryimage\",\"url\":\"\",\"contentUrl\":\"\"},{\"@type\":\"BreadcrumbList\",\"@id\":\"https:\/\/kapitalis.com\/tunisie\/2016\/04\/25\/dans-la-republique-de-bensedrine-makhlouf-est-persona-non-grata\/#breadcrumb\",\"itemListElement\":[{\"@type\":\"ListItem\",\"position\":1,\"name\":\"Accueil\",\"item\":\"https:\/\/kapitalis.com\/tunisie\/\"},{\"@type\":\"ListItem\",\"position\":2,\"name\":\"Dans la \u00abr\u00e9publique\u00bb de Bensedrine, Makhlouf est persona non grata\"}]},{\"@type\":\"WebSite\",\"@id\":\"https:\/\/kapitalis.com\/tunisie\/#website\",\"url\":\"https:\/\/kapitalis.com\/tunisie\/\",\"name\":\"Kapitalis\",\"description\":\"L&#039;actualit\u00e9 en Tunisie et dans le monde\",\"publisher\":{\"@id\":\"https:\/\/kapitalis.com\/tunisie\/#organization\"},\"potentialAction\":[{\"@type\":\"SearchAction\",\"target\":{\"@type\":\"EntryPoint\",\"urlTemplate\":\"https:\/\/kapitalis.com\/tunisie\/?s={search_term_string}\"},\"query-input\":{\"@type\":\"PropertyValueSpecification\",\"valueRequired\":true,\"valueName\":\"search_term_string\"}}],\"inLanguage\":\"fr-FR\"},{\"@type\":\"Organization\",\"@id\":\"https:\/\/kapitalis.com\/tunisie\/#organization\",\"name\":\"Kapitalis\",\"url\":\"https:\/\/kapitalis.com\/tunisie\/\",\"logo\":{\"@type\":\"ImageObject\",\"inLanguage\":\"fr-FR\",\"@id\":\"https:\/\/kapitalis.com\/tunisie\/#\/schema\/logo\/image\/\",\"url\":\"https:\/\/kapitalis.com\/tunisie\/wp-content\/uploads\/2022\/05\/Kapitalis-big-size.png\",\"contentUrl\":\"https:\/\/kapitalis.com\/tunisie\/wp-content\/uploads\/2022\/05\/Kapitalis-big-size.png\",\"width\":5000,\"height\":1500,\"caption\":\"Kapitalis\"},\"image\":{\"@id\":\"https:\/\/kapitalis.com\/tunisie\/#\/schema\/logo\/image\/\"},\"sameAs\":[\"https:\/\/www.facebook.com\/KapitalisInfo\/\",\"https:\/\/x.com\/KapitalisInfo\",\"https:\/\/www.youtube.com\/channel\/UC-yDYrHyfFBWWZaOw3FPg9Q\"]},{\"@type\":\"Person\",\"@id\":\"https:\/\/kapitalis.com\/tunisie\/#\/schema\/person\/74bbde0154d49d790a92aaeac5bc01d5\",\"name\":\"Yusra NY\",\"url\":\"https:\/\/kapitalis.com\/tunisie\/author\/yuza_adam\/\"}]}<\/script>\n<!-- \/ Yoast SEO plugin. -->","yoast_head_json":{"title":"Dans la \u00abr\u00e9publique\u00bb de Bensedrine, Makhlouf est persona non grata - Kapitalis","robots":{"index":"index","follow":"follow","max-snippet":"max-snippet:-1","max-image-preview":"max-image-preview:large","max-video-preview":"max-video-preview:-1"},"canonical":"https:\/\/kapitalis.com\/tunisie\/2016\/04\/25\/dans-la-republique-de-bensedrine-makhlouf-est-persona-non-grata\/","og_locale":"fr_FR","og_type":"article","og_title":"Dans la \u00abr\u00e9publique\u00bb de Bensedrine, Makhlouf est persona non grata - Kapitalis","og_description":"Zouheir Makhlouf, vice-pr\u00e9sident de l\u2019Instance V\u00e9rit\u00e9 et Dignit\u00e9 (IVD), a \u00e9t\u00e9 emp\u00each\u00e9, aujourd\u2019hui, d\u2019acc\u00e9der au si\u00e8ge de l\u2019Instance.","og_url":"https:\/\/kapitalis.com\/tunisie\/2016\/04\/25\/dans-la-republique-de-bensedrine-makhlouf-est-persona-non-grata\/","og_site_name":"Kapitalis","article_publisher":"https:\/\/www.facebook.com\/KapitalisInfo\/","article_published_time":"2016-04-25T10:56:43+00:00","article_modified_time":"2016-04-25T11:01:01+00:00","og_image":[{"width":1200,"height":630,"url":"https:\/\/kapitalis.com\/tunisie\/wp-content\/uploads\/2022\/05\/kapitalis-logo-fb.png","type":"image\/png"}],"author":"Yusra NY","twitter_card":"summary_large_image","twitter_creator":"@KapitalisInfo","twitter_site":"@KapitalisInfo","twitter_misc":{"\u00c9crit par":"Yusra NY","Dur\u00e9e de lecture estim\u00e9e":"2 minutes"},"schema":{"@context":"https:\/\/schema.org","@graph":[{"@type":"Article","@id":"https:\/\/kapitalis.com\/tunisie\/2016\/04\/25\/dans-la-republique-de-bensedrine-makhlouf-est-persona-non-grata\/#article","isPartOf":{"@id":"https:\/\/kapitalis.com\/tunisie\/2016\/04\/25\/dans-la-republique-de-bensedrine-makhlouf-est-persona-non-grata\/"},"author":{"name":"Yusra NY","@id":"https:\/\/kapitalis.com\/tunisie\/#\/schema\/person\/74bbde0154d49d790a92aaeac5bc01d5"},"headline":"Dans la \u00abr\u00e9publique\u00bb de Bensedrine, Makhlouf est persona non grata","datePublished":"2016-04-25T10:56:43+00:00","dateModified":"2016-04-25T11:01:01+00:00","mainEntityOfPage":{"@id":"https:\/\/kapitalis.com\/tunisie\/2016\/04\/25\/dans-la-republique-de-bensedrine-makhlouf-est-persona-non-grata\/"},"wordCount":337,"commentCount":5,"publisher":{"@id":"https:\/\/kapitalis.com\/tunisie\/#organization"},"image":{"@id":"https:\/\/kapitalis.com\/tunisie\/2016\/04\/25\/dans-la-republique-de-bensedrine-makhlouf-est-persona-non-grata\/#primaryimage"},"thumbnailUrl":"","articleSection":["POLITIQUE","Tunisie"],"inLanguage":"fr-FR","potentialAction":[{"@type":"CommentAction","name":"Comment","target":["https:\/\/kapitalis.com\/tunisie\/2016\/04\/25\/dans-la-republique-de-bensedrine-makhlouf-est-persona-non-grata\/#respond"]}]},{"@type":"WebPage","@id":"https:\/\/kapitalis.com\/tunisie\/2016\/04\/25\/dans-la-republique-de-bensedrine-makhlouf-est-persona-non-grata\/","url":"https:\/\/kapitalis.com\/tunisie\/2016\/04\/25\/dans-la-republique-de-bensedrine-makhlouf-est-persona-non-grata\/","name":"Dans la \u00abr\u00e9publique\u00bb de Bensedrine, Makhlouf est persona non grata - Kapitalis","isPartOf":{"@id":"https:\/\/kapitalis.com\/tunisie\/#website"},"primaryImageOfPage":{"@id":"https:\/\/kapitalis.com\/tunisie\/2016\/04\/25\/dans-la-republique-de-bensedrine-makhlouf-est-persona-non-grata\/#primaryimage"},"image":{"@id":"https:\/\/kapitalis.com\/tunisie\/2016\/04\/25\/dans-la-republique-de-bensedrine-makhlouf-est-persona-non-grata\/#primaryimage"},"thumbnailUrl":"","datePublished":"2016-04-25T10:56:43+00:00","dateModified":"2016-04-25T11:01:01+00:00","breadcrumb":{"@id":"https:\/\/kapitalis.com\/tunisie\/2016\/04\/25\/dans-la-republique-de-bensedrine-makhlouf-est-persona-non-grata\/#breadcrumb"},"inLanguage":"fr-FR","potentialAction":[{"@type":"ReadAction","target":["https:\/\/kapitalis.com\/tunisie\/2016\/04\/25\/dans-la-republique-de-bensedrine-makhlouf-est-persona-non-grata\/"]}]},{"@type":"ImageObject","inLanguage":"fr-FR","@id":"https:\/\/kapitalis.com\/tunisie\/2016\/04\/25\/dans-la-republique-de-bensedrine-makhlouf-est-persona-non-grata\/#primaryimage","url":"","contentUrl":""},{"@type":"BreadcrumbList","@id":"https:\/\/kapitalis.com\/tunisie\/2016\/04\/25\/dans-la-republique-de-bensedrine-makhlouf-est-persona-non-grata\/#breadcrumb","itemListElement":[{"@type":"ListItem","position":1,"name":"Accueil","item":"https:\/\/kapitalis.com\/tunisie\/"},{"@type":"ListItem","position":2,"name":"Dans la \u00abr\u00e9publique\u00bb de Bensedrine, Makhlouf est persona non grata"}]},{"@type":"WebSite","@id":"https:\/\/kapitalis.com\/tunisie\/#website","url":"https:\/\/kapitalis.com\/tunisie\/","name":"Kapitalis","description":"L&#039;actualit\u00e9 en Tunisie et dans le monde","publisher":{"@id":"https:\/\/kapitalis.com\/tunisie\/#organization"},"potentialAction":[{"@type":"SearchAction","target":{"@type":"EntryPoint","urlTemplate":"https:\/\/kapitalis.com\/tunisie\/?s={search_term_string}"},"query-input":{"@type":"PropertyValueSpecification","valueRequired":true,"valueName":"search_term_string"}}],"inLanguage":"fr-FR"},{"@type":"Organization","@id":"https:\/\/kapitalis.com\/tunisie\/#organization","name":"Kapitalis","url":"https:\/\/kapitalis.com\/tunisie\/","logo":{"@type":"ImageObject","inLanguage":"fr-FR","@id":"https:\/\/kapitalis.com\/tunisie\/#\/schema\/logo\/image\/","url":"https:\/\/kapitalis.com\/tunisie\/wp-content\/uploads\/2022\/05\/Kapitalis-big-size.png","contentUrl":"https:\/\/kapitalis.com\/tunisie\/wp-content\/uploads\/2022\/05\/Kapitalis-big-size.png","width":5000,"height":1500,"caption":"Kapitalis"},"image":{"@id":"https:\/\/kapitalis.com\/tunisie\/#\/schema\/logo\/image\/"},"sameAs":["https:\/\/www.facebook.com\/KapitalisInfo\/","https:\/\/x.com\/KapitalisInfo","https:\/\/www.youtube.com\/channel\/UC-yDYrHyfFBWWZaOw3FPg9Q"]},{"@type":"Person","@id":"https:\/\/kapitalis.com\/tunisie\/#\/schema\/person\/74bbde0154d49d790a92aaeac5bc01d5","name":"Yusra NY","url":"https:\/\/kapitalis.com\/tunisie\/author\/yuza_adam\/"}]}},"_links":{"self":[{"href":"https:\/\/kapitalis.com\/tunisie\/wp-json\/wp\/v2\/posts\/48024","targetHints":{"allow":["GET"]}}],"collection":[{"href":"https:\/\/kapitalis.com\/tunisie\/wp-json\/wp\/v2\/posts"}],"about":[{"href":"https:\/\/kapitalis.com\/tunisie\/wp-json\/wp\/v2\/types\/post"}],"author":[{"embeddable":true,"href":"https:\/\/kapitalis.com\/tunisie\/wp-json\/wp\/v2\/users\/6"}],"replies":[{"embeddable":true,"href":"https:\/\/kapitalis.com\/tunisie\/wp-json\/wp\/v2\/comments?post=48024"}],"version-history":[{"count":0,"href":"https:\/\/kapitalis.com\/tunisie\/wp-json\/wp\/v2\/posts\/48024\/revisions"}],"wp:featuredmedia":[{"embeddable":true,"href":"https:\/\/kapitalis.com\/tunisie\/wp-json\/wp\/v2\/media\/48026"}],"wp:attachment":[{"href":"https:\/\/kapitalis.com\/tunisie\/wp-json\/wp\/v2\/media?parent=48024"}],"wp:term":[{"taxonomy":"category","embeddable":true,"href":"https:\/\/kapitalis.com\/tunisie\/wp-json\/wp\/v2\/categories?post=48024"},{"taxonomy":"post_tag","embeddable":true,"href":"https:\/\/kapitalis.com\/tunisie\/wp-json\/wp\/v2\/tags?post=48024"}],"curies":[{"name":"wp","href":"https:\/\/api.w.org\/{rel}","templated":true}]}}