{"id":48110,"date":"2016-04-26T07:48:38","date_gmt":"2016-04-26T06:48:38","guid":{"rendered":"http:\/\/kapitalis.com\/tunisie\/?p=48110"},"modified":"2016-05-03T19:58:44","modified_gmt":"2016-05-03T18:58:44","slug":"lotfi-haj-kacem-parle-du-20e-anniversaire-du-comar-dor","status":"publish","type":"post","link":"https:\/\/kapitalis.com\/tunisie\/2016\/04\/26\/lotfi-haj-kacem-parle-du-20e-anniversaire-du-comar-dor\/","title":{"rendered":"Lotfi Haj Kacem parle du 20e anniversaire du Comar d\u2019Or"},"content":{"rendered":"<p><img loading=\"lazy\" decoding=\"async\" class=\"alignnone size-full wp-image-48111 aligncenter\" src=\"http:\/\/kapitalis.com\/tunisie\/wp-content\/uploads\/2016\/04\/Lotfi-Belhaj-Kacem.jpg\" alt=\"Lotfi-Belhaj-Kacem\" width=\"626\" height=\"380\" \/><\/p>\n<p><em><strong>Lotfi Haj Kacem, vice-pr\u00e9sident du Comar d&rsquo;Or, parle, ici, du programme de la c\u00e9l\u00e9bration du 20e anniversaire du prix Comar du roman tunisien.<\/strong> <\/em><\/p>\n<p><em>Propos recueillis par<\/em> <strong>Zohra Abid<\/strong><\/p>\n<p><!--more--><\/p>\n<p><em><strong>Kapitalis : Vingt ans, ce n\u2019est pas rien. Qu\u2019avez-vous pr\u00e9vu pour la c\u00e9r\u00e9monie de cette \u00e9dition?<\/strong><\/em><\/p>\n<p><strong>Lotfi Haj Kacem<\/strong> : Cet anniversaire doit en effet \u00eatre f\u00eat\u00e9 comme il se doit.<\/p>\n<p>D\u2019abord, la c\u00e9r\u00e9monie de remise des prix du Comar d\u2019Or ne va pas \u00eatre organis\u00e9e dans son lieu habituel, le Th\u00e9\u00e2tre municipal de Tunis, qui a \u00e9t\u00e9 ferm\u00e9 pour travaux. Elle aura donc lieu, non loin de l\u00e0, au Palais des Congr\u00e8s de la capitale, le samedi 30 avril 2016, \u00e0 partir de 19 heures.<\/p>\n<p>Ensuite, nous avons pr\u00e9vu, comme d\u2019habitude, apr\u00e8s la remise des prix, une soir\u00e9e musicale en compagnie de la troupe Boudinar et un programme de tarab tunisien. A l\u2019affiche Asma Ben Ahmed et le musicien, compositeur et chanteur Zied Gharsa. Les deux vedettes ont pr\u00e9vu un cocktail de chants bien de chez nous qui plaira, sans doute, au public de ce rendez-vous annuel tr\u00e8s attendu avec les laur\u00e9ats du prix du roman tunisien dans les 2 langues, l\u2019arabe et le fran\u00e7ais.<\/p>\n<p><strong><em>Peut-on en savoir davantage sur le Comar d\u2019Or 2016 ?<\/em><\/strong><\/p>\n<p>Nous avons augment\u00e9 le montant des prix. On est pass\u00e9 \u00e0 10.000\u00a0dinars pour le Comar d\u2019Or.\u00a0Un Prix de la D\u00e9cennie, qui est un prix sp\u00e9cial pour ce 20e rendez-vous, sera d\u00e9cern\u00e9 \u00e0 tous les \u00e9crivains qui ont brill\u00e9 par leur talent durant ces 2 d\u00e9cennies.<\/p>\n<p>Le jury de ce prix est compos\u00e9 de B\u00e9chir Garbouj et Kamel Gaha, qui se sont bas\u00e9s sur des r\u00e8gles tr\u00e8s strictes. Le prix consistera, probablement, en une prise en charge des frais de participation de l\u2019heureux gagnant ou l\u2019heureuse gagnante \u00e0 de grandes manifestations d\u00e9di\u00e9es au livre, \u00e0 Paris, Gen\u00e8ve ou Le Caire.<\/p>\n<p style=\"text-align: center;\"><img loading=\"lazy\" decoding=\"async\" class=\"alignnone size-full wp-image-48113\" src=\"http:\/\/kapitalis.com\/tunisie\/wp-content\/uploads\/2016\/04\/Asma-Ben-Ahmed-et-Zied-Gharsa.jpg\" alt=\"Asma-Ben-Ahmed-et-Zied-Gharsa\" width=\"500\" height=\"300\" \/><\/p>\n<p style=\"text-align: center;\"><em>Asma Ben Ahmed et Zied Gharsa pr\u00e9senteront un programme de tarab tunisien, accompagn\u00e9s de la troupe Boudinar.\u00a0<\/em><\/p>\n<p><em><strong>Quels sont vos partenaires dans l\u2019organisation de cette manifestation ?<\/strong><\/em><\/p>\n<p>La c\u00e9r\u00e9monie des Comar d\u2019Or aura lieu, comme d\u2019habitude, sous l\u2019\u00e9gide du minist\u00e8re de la Culture et de la Sauvegarde du patrimoine.<\/p>\n<p>Nous b\u00e9n\u00e9ficions aussi du soutien de notre partenaire, la librairie Al Kitab, qui vient d\u2019exposer tous les ouvrages prim\u00e9s par le Comar d\u2019Or lors de la Foire du livre au Kram (du 25 mars au 3 avril 2016). Tous les romans prim\u00e9s par le Comar d\u2019Or feront, par ailleurs, l\u2019objet d\u2019une exposition r\u00e9trospective au Palais des Congr\u00e8s. Ce ne sera pas un simple stand classique. Les romans seront expos\u00e9s dans le grand hall et occuperont un grand espace.<\/p>\n<p>Un recueil des \u2018\u201850 Mots\u2019\u2019 sera distribu\u00e9 aux invit\u00e9s. Il contient des extraits des romans prim\u00e9s au cours des 19 pr\u00e9c\u00e9dentes \u00e9ditions de ce prestigieux prix litt\u00e9raire fond\u00e9, comme on le sait, par Rachid Ben Jemia, qui en est le pr\u00e9sident, avec le journaliste Hatem Bouriel.<\/p>\n<p>Le recueil contiendra toutes les affiches et les photos des pr\u00e9c\u00e9dentes c\u00e9r\u00e9monies du Comar d\u2019or depuis son lancement.<\/p>\n<p>Je tiens \u00e0 rappeler, \u00e0 ce propos, et pour l\u2019histoire, que M. Ben Jemia, un cin\u00e9phile averti, voulait lancer un prix pour le cin\u00e9ma. Et c\u2019est Hatem Bourial qui lui a souffl\u00e9 l\u2019id\u00e9e d\u2019un prix pour le roman. Et c\u2019est ainsi que le Comar d\u2019Or a vu le jour.<\/p>\n<p>Il y aura aussi un stand r\u00e9serv\u00e9 au journal \u2018<em>\u2018La Presse\u2019<\/em>\u2019, \u00e0 l\u2019occasion de son 80e anniversaire, et une exposition r\u00e9trospective qui retracera les grands moments de ce journal qui a accompagn\u00e9 l\u2019histoire contemporaine de la Tunisie.<\/p>\n<p style=\"text-align: center;\"><img loading=\"lazy\" decoding=\"async\" class=\"alignnone size-full wp-image-48115\" src=\"http:\/\/kapitalis.com\/tunisie\/wp-content\/uploads\/2016\/04\/Rachid-Ben-Jemia-et-le-romancier-Faouzi-Mellah.jpg\" alt=\"Rachid-Ben-Jemia-et-le-romancier-Faouzi-Mellah\" width=\"500\" height=\"300\" \/><\/p>\n<p style=\"text-align: center;\"><em>Le romancier Faouzi Mellah et le fondateur et pr\u00e9sident du Comar d&rsquo;Or, Rachid Ben Jemia.<\/em><\/p>\n<p><em><strong>La moisson est-elle bonne cette ann\u00e9e ?<\/strong><\/em><\/p>\n<p>Jusqu\u2019au mois de f\u00e9vrier, il n\u2019y avait pas grand-chose et on avait craint un cru mi-figue mi-raisin, sans jeu de mots. Puis, au fil des semaines, on a commenc\u00e9 \u00e0 recevoir les nouveaux romans et nous avons \u00e9t\u00e9 soulag\u00e9s. Au total, 42 romans en arabe et 20 en fran\u00e7ais sont en lice.<\/p>\n<p>Le jury est compos\u00e9 d&rsquo;une pl\u00e9iade d&rsquo;universitaires, \u00e9crivains et journalistes. Pour la version arabe, le jury est compos\u00e9 de Adel Kheder, Hayet Essaieb, Olfa Youssef, Om Ezzine Ben Chikha et Ckokri Mabkout, laur\u00e9at du Comar d&rsquo;Or 2015 et du Booker 2015 (prix international du roman arabe) pour son roman<em> \u2018\u2018Ettaliani\u2019\u2019.<\/em> Le jury du roman en langue fran\u00e7aise est compos\u00e9, quant \u00e0 lui, de Mohamed Mahjoub, Ahlem Ghaiaza, Emna Louzir, Samir Marzouki et Anouar Attia, laur\u00e9at du Comar d&rsquo;Or 2015 pour son roman \u2018<em>\u2018Les Trois Gr\u00e2ces\u2019<\/em>\u2019.<\/p>\n<p>Les travaux des 2 jurys sont, comme lors des pr\u00e9c\u00e9dentes \u00e9ditions, coordonn\u00e9s par l&rsquo;universitaire Bechir Garbouj. Les romans prim\u00e9s seront choisis selon la qualit\u00e9 de leur \u00e9criture, l&rsquo;originalit\u00e9 de leur th\u00e8me et\/ou de leur dimension cr\u00e9ative.<\/p>\n<p>Nous allons r\u00e9server, \u00e9galement, un espace aux associations ayant gagn\u00e9 les 6e Lauriers Hayett pour l\u2019Enfant. Il s\u2019agit de l\u2019association \u00abL\u2019Art Vivant\u00bb, qui s\u2019est sp\u00e9cialis\u00e9e dans la conception de spectacles et de manifestations th\u00e9\u00e2trales pour les enfants, et l\u2019association \u00abAfreecan\u00bb, un projet socio-\u00e9ducatif, qui vise \u00e0 lib\u00e9rer l\u2019esprit d\u2019initiative citoyenne chez les jeunes.<\/p>\n","protected":false},"excerpt":{"rendered":"<p>Lotfi Haj Kacem, vice-pr\u00e9sident du Comar d&rsquo;Or, parle, ici, du programme de la c\u00e9l\u00e9bration du 20e anniversaire du prix Comar du roman tunisien. Propos recueillis par Zohra Abid<\/p>\n","protected":false},"author":8,"featured_media":48111,"comment_status":"open","ping_status":"open","sticky":false,"template":"","format":"standard","meta":{"footnotes":""},"categories":[992,994,2433],"tags":[17286,17282,17284,8646,2122,8643,17287],"class_list":["post-48110","post","type-post","status-publish","format-standard","has-post-thumbnail","hentry","category-a-la-une","category-culture","category-tunisie","tag-asma-ben-ahmed","tag-comar-dor","tag-hatem-bourial","tag-lotfi-haj-kacem","tag-olfa-youssef","tag-rachid-ben-jemia","tag-zied-gharsa"],"yoast_head":"<!-- This site is optimized with the Yoast SEO plugin v26.6 - https:\/\/yoast.com\/wordpress\/plugins\/seo\/ -->\n<title>Lotfi Haj Kacem parle du 20e anniversaire du Comar d\u2019Or - Kapitalis<\/title>\n<meta name=\"robots\" content=\"index, follow, max-snippet:-1, max-image-preview:large, max-video-preview:-1\" \/>\n<link rel=\"canonical\" href=\"https:\/\/kapitalis.com\/tunisie\/2016\/04\/26\/lotfi-haj-kacem-parle-du-20e-anniversaire-du-comar-dor\/\" \/>\n<meta property=\"og:locale\" content=\"fr_FR\" \/>\n<meta property=\"og:type\" content=\"article\" \/>\n<meta property=\"og:title\" content=\"Lotfi Haj Kacem parle du 20e anniversaire du Comar d\u2019Or - Kapitalis\" \/>\n<meta property=\"og:description\" content=\"Lotfi Haj Kacem, vice-pr\u00e9sident du Comar d&rsquo;Or, parle, ici, du programme de la c\u00e9l\u00e9bration du 20e anniversaire du prix Comar du roman tunisien. Propos recueillis par Zohra Abid\" \/>\n<meta property=\"og:url\" content=\"https:\/\/kapitalis.com\/tunisie\/2016\/04\/26\/lotfi-haj-kacem-parle-du-20e-anniversaire-du-comar-dor\/\" \/>\n<meta property=\"og:site_name\" content=\"Kapitalis\" \/>\n<meta property=\"article:publisher\" content=\"https:\/\/www.facebook.com\/KapitalisInfo\/\" \/>\n<meta property=\"article:published_time\" content=\"2016-04-26T06:48:38+00:00\" \/>\n<meta property=\"article:modified_time\" content=\"2016-05-03T18:58:44+00:00\" \/>\n<meta property=\"og:image\" content=\"https:\/\/kapitalis.com\/tunisie\/wp-content\/uploads\/2022\/05\/kapitalis-logo-fb.png\" \/>\n\t<meta property=\"og:image:width\" content=\"1200\" \/>\n\t<meta property=\"og:image:height\" content=\"630\" \/>\n\t<meta property=\"og:image:type\" content=\"image\/png\" \/>\n<meta name=\"author\" content=\"webmaster kapitalis\" \/>\n<meta name=\"twitter:card\" content=\"summary_large_image\" \/>\n<meta name=\"twitter:creator\" content=\"@KapitalisInfo\" \/>\n<meta name=\"twitter:site\" content=\"@KapitalisInfo\" \/>\n<meta name=\"twitter:label1\" content=\"\u00c9crit par\" \/>\n\t<meta name=\"twitter:data1\" content=\"webmaster kapitalis\" \/>\n\t<meta name=\"twitter:label2\" content=\"Dur\u00e9e de lecture estim\u00e9e\" \/>\n\t<meta name=\"twitter:data2\" content=\"5 minutes\" \/>\n<script type=\"application\/ld+json\" class=\"yoast-schema-graph\">{\"@context\":\"https:\/\/schema.org\",\"@graph\":[{\"@type\":\"Article\",\"@id\":\"https:\/\/kapitalis.com\/tunisie\/2016\/04\/26\/lotfi-haj-kacem-parle-du-20e-anniversaire-du-comar-dor\/#article\",\"isPartOf\":{\"@id\":\"https:\/\/kapitalis.com\/tunisie\/2016\/04\/26\/lotfi-haj-kacem-parle-du-20e-anniversaire-du-comar-dor\/\"},\"author\":{\"name\":\"webmaster kapitalis\",\"@id\":\"https:\/\/kapitalis.com\/tunisie\/#\/schema\/person\/d71f33a9ca44f7bad4698210b480c8e9\"},\"headline\":\"Lotfi Haj Kacem parle du 20e anniversaire du Comar d\u2019Or\",\"datePublished\":\"2016-04-26T06:48:38+00:00\",\"dateModified\":\"2016-05-03T18:58:44+00:00\",\"mainEntityOfPage\":{\"@id\":\"https:\/\/kapitalis.com\/tunisie\/2016\/04\/26\/lotfi-haj-kacem-parle-du-20e-anniversaire-du-comar-dor\/\"},\"wordCount\":926,\"commentCount\":0,\"publisher\":{\"@id\":\"https:\/\/kapitalis.com\/tunisie\/#organization\"},\"image\":{\"@id\":\"https:\/\/kapitalis.com\/tunisie\/2016\/04\/26\/lotfi-haj-kacem-parle-du-20e-anniversaire-du-comar-dor\/#primaryimage\"},\"thumbnailUrl\":\"\",\"keywords\":[\"Asma Ben Ahmed\",\"Comar d'Or\",\"Hatem Bourial\",\"Lotfi Haj Kacem\",\"Olfa Youssef\",\"Rachid Ben Jemia\",\"Zied Gharsa\"],\"articleSection\":[\"A LA UNE\",\"CULTURE\",\"Tunisie\"],\"inLanguage\":\"fr-FR\",\"potentialAction\":[{\"@type\":\"CommentAction\",\"name\":\"Comment\",\"target\":[\"https:\/\/kapitalis.com\/tunisie\/2016\/04\/26\/lotfi-haj-kacem-parle-du-20e-anniversaire-du-comar-dor\/#respond\"]}]},{\"@type\":\"WebPage\",\"@id\":\"https:\/\/kapitalis.com\/tunisie\/2016\/04\/26\/lotfi-haj-kacem-parle-du-20e-anniversaire-du-comar-dor\/\",\"url\":\"https:\/\/kapitalis.com\/tunisie\/2016\/04\/26\/lotfi-haj-kacem-parle-du-20e-anniversaire-du-comar-dor\/\",\"name\":\"Lotfi Haj Kacem parle du 20e anniversaire du Comar d\u2019Or - Kapitalis\",\"isPartOf\":{\"@id\":\"https:\/\/kapitalis.com\/tunisie\/#website\"},\"primaryImageOfPage\":{\"@id\":\"https:\/\/kapitalis.com\/tunisie\/2016\/04\/26\/lotfi-haj-kacem-parle-du-20e-anniversaire-du-comar-dor\/#primaryimage\"},\"image\":{\"@id\":\"https:\/\/kapitalis.com\/tunisie\/2016\/04\/26\/lotfi-haj-kacem-parle-du-20e-anniversaire-du-comar-dor\/#primaryimage\"},\"thumbnailUrl\":\"\",\"datePublished\":\"2016-04-26T06:48:38+00:00\",\"dateModified\":\"2016-05-03T18:58:44+00:00\",\"breadcrumb\":{\"@id\":\"https:\/\/kapitalis.com\/tunisie\/2016\/04\/26\/lotfi-haj-kacem-parle-du-20e-anniversaire-du-comar-dor\/#breadcrumb\"},\"inLanguage\":\"fr-FR\",\"potentialAction\":[{\"@type\":\"ReadAction\",\"target\":[\"https:\/\/kapitalis.com\/tunisie\/2016\/04\/26\/lotfi-haj-kacem-parle-du-20e-anniversaire-du-comar-dor\/\"]}]},{\"@type\":\"ImageObject\",\"inLanguage\":\"fr-FR\",\"@id\":\"https:\/\/kapitalis.com\/tunisie\/2016\/04\/26\/lotfi-haj-kacem-parle-du-20e-anniversaire-du-comar-dor\/#primaryimage\",\"url\":\"\",\"contentUrl\":\"\"},{\"@type\":\"BreadcrumbList\",\"@id\":\"https:\/\/kapitalis.com\/tunisie\/2016\/04\/26\/lotfi-haj-kacem-parle-du-20e-anniversaire-du-comar-dor\/#breadcrumb\",\"itemListElement\":[{\"@type\":\"ListItem\",\"position\":1,\"name\":\"Accueil\",\"item\":\"https:\/\/kapitalis.com\/tunisie\/\"},{\"@type\":\"ListItem\",\"position\":2,\"name\":\"Lotfi Haj Kacem parle du 20e anniversaire du Comar d\u2019Or\"}]},{\"@type\":\"WebSite\",\"@id\":\"https:\/\/kapitalis.com\/tunisie\/#website\",\"url\":\"https:\/\/kapitalis.com\/tunisie\/\",\"name\":\"Kapitalis\",\"description\":\"L&#039;actualit\u00e9 en Tunisie et dans le monde\",\"publisher\":{\"@id\":\"https:\/\/kapitalis.com\/tunisie\/#organization\"},\"potentialAction\":[{\"@type\":\"SearchAction\",\"target\":{\"@type\":\"EntryPoint\",\"urlTemplate\":\"https:\/\/kapitalis.com\/tunisie\/?s={search_term_string}\"},\"query-input\":{\"@type\":\"PropertyValueSpecification\",\"valueRequired\":true,\"valueName\":\"search_term_string\"}}],\"inLanguage\":\"fr-FR\"},{\"@type\":\"Organization\",\"@id\":\"https:\/\/kapitalis.com\/tunisie\/#organization\",\"name\":\"Kapitalis\",\"url\":\"https:\/\/kapitalis.com\/tunisie\/\",\"logo\":{\"@type\":\"ImageObject\",\"inLanguage\":\"fr-FR\",\"@id\":\"https:\/\/kapitalis.com\/tunisie\/#\/schema\/logo\/image\/\",\"url\":\"https:\/\/kapitalis.com\/tunisie\/wp-content\/uploads\/2022\/05\/Kapitalis-big-size.png\",\"contentUrl\":\"https:\/\/kapitalis.com\/tunisie\/wp-content\/uploads\/2022\/05\/Kapitalis-big-size.png\",\"width\":5000,\"height\":1500,\"caption\":\"Kapitalis\"},\"image\":{\"@id\":\"https:\/\/kapitalis.com\/tunisie\/#\/schema\/logo\/image\/\"},\"sameAs\":[\"https:\/\/www.facebook.com\/KapitalisInfo\/\",\"https:\/\/x.com\/KapitalisInfo\",\"https:\/\/www.youtube.com\/channel\/UC-yDYrHyfFBWWZaOw3FPg9Q\"]},{\"@type\":\"Person\",\"@id\":\"https:\/\/kapitalis.com\/tunisie\/#\/schema\/person\/d71f33a9ca44f7bad4698210b480c8e9\",\"name\":\"webmaster kapitalis\",\"url\":\"https:\/\/kapitalis.com\/tunisie\/author\/webmaster-kapitalis\/\"}]}<\/script>\n<!-- \/ Yoast SEO plugin. -->","yoast_head_json":{"title":"Lotfi Haj Kacem parle du 20e anniversaire du Comar d\u2019Or - Kapitalis","robots":{"index":"index","follow":"follow","max-snippet":"max-snippet:-1","max-image-preview":"max-image-preview:large","max-video-preview":"max-video-preview:-1"},"canonical":"https:\/\/kapitalis.com\/tunisie\/2016\/04\/26\/lotfi-haj-kacem-parle-du-20e-anniversaire-du-comar-dor\/","og_locale":"fr_FR","og_type":"article","og_title":"Lotfi Haj Kacem parle du 20e anniversaire du Comar d\u2019Or - Kapitalis","og_description":"Lotfi Haj Kacem, vice-pr\u00e9sident du Comar d&rsquo;Or, parle, ici, du programme de la c\u00e9l\u00e9bration du 20e anniversaire du prix Comar du roman tunisien. Propos recueillis par Zohra Abid","og_url":"https:\/\/kapitalis.com\/tunisie\/2016\/04\/26\/lotfi-haj-kacem-parle-du-20e-anniversaire-du-comar-dor\/","og_site_name":"Kapitalis","article_publisher":"https:\/\/www.facebook.com\/KapitalisInfo\/","article_published_time":"2016-04-26T06:48:38+00:00","article_modified_time":"2016-05-03T18:58:44+00:00","og_image":[{"width":1200,"height":630,"url":"https:\/\/kapitalis.com\/tunisie\/wp-content\/uploads\/2022\/05\/kapitalis-logo-fb.png","type":"image\/png"}],"author":"webmaster kapitalis","twitter_card":"summary_large_image","twitter_creator":"@KapitalisInfo","twitter_site":"@KapitalisInfo","twitter_misc":{"\u00c9crit par":"webmaster kapitalis","Dur\u00e9e de lecture estim\u00e9e":"5 minutes"},"schema":{"@context":"https:\/\/schema.org","@graph":[{"@type":"Article","@id":"https:\/\/kapitalis.com\/tunisie\/2016\/04\/26\/lotfi-haj-kacem-parle-du-20e-anniversaire-du-comar-dor\/#article","isPartOf":{"@id":"https:\/\/kapitalis.com\/tunisie\/2016\/04\/26\/lotfi-haj-kacem-parle-du-20e-anniversaire-du-comar-dor\/"},"author":{"name":"webmaster kapitalis","@id":"https:\/\/kapitalis.com\/tunisie\/#\/schema\/person\/d71f33a9ca44f7bad4698210b480c8e9"},"headline":"Lotfi Haj Kacem parle du 20e anniversaire du Comar d\u2019Or","datePublished":"2016-04-26T06:48:38+00:00","dateModified":"2016-05-03T18:58:44+00:00","mainEntityOfPage":{"@id":"https:\/\/kapitalis.com\/tunisie\/2016\/04\/26\/lotfi-haj-kacem-parle-du-20e-anniversaire-du-comar-dor\/"},"wordCount":926,"commentCount":0,"publisher":{"@id":"https:\/\/kapitalis.com\/tunisie\/#organization"},"image":{"@id":"https:\/\/kapitalis.com\/tunisie\/2016\/04\/26\/lotfi-haj-kacem-parle-du-20e-anniversaire-du-comar-dor\/#primaryimage"},"thumbnailUrl":"","keywords":["Asma Ben Ahmed","Comar d'Or","Hatem Bourial","Lotfi Haj Kacem","Olfa Youssef","Rachid Ben Jemia","Zied Gharsa"],"articleSection":["A LA UNE","CULTURE","Tunisie"],"inLanguage":"fr-FR","potentialAction":[{"@type":"CommentAction","name":"Comment","target":["https:\/\/kapitalis.com\/tunisie\/2016\/04\/26\/lotfi-haj-kacem-parle-du-20e-anniversaire-du-comar-dor\/#respond"]}]},{"@type":"WebPage","@id":"https:\/\/kapitalis.com\/tunisie\/2016\/04\/26\/lotfi-haj-kacem-parle-du-20e-anniversaire-du-comar-dor\/","url":"https:\/\/kapitalis.com\/tunisie\/2016\/04\/26\/lotfi-haj-kacem-parle-du-20e-anniversaire-du-comar-dor\/","name":"Lotfi Haj Kacem parle du 20e anniversaire du Comar d\u2019Or - Kapitalis","isPartOf":{"@id":"https:\/\/kapitalis.com\/tunisie\/#website"},"primaryImageOfPage":{"@id":"https:\/\/kapitalis.com\/tunisie\/2016\/04\/26\/lotfi-haj-kacem-parle-du-20e-anniversaire-du-comar-dor\/#primaryimage"},"image":{"@id":"https:\/\/kapitalis.com\/tunisie\/2016\/04\/26\/lotfi-haj-kacem-parle-du-20e-anniversaire-du-comar-dor\/#primaryimage"},"thumbnailUrl":"","datePublished":"2016-04-26T06:48:38+00:00","dateModified":"2016-05-03T18:58:44+00:00","breadcrumb":{"@id":"https:\/\/kapitalis.com\/tunisie\/2016\/04\/26\/lotfi-haj-kacem-parle-du-20e-anniversaire-du-comar-dor\/#breadcrumb"},"inLanguage":"fr-FR","potentialAction":[{"@type":"ReadAction","target":["https:\/\/kapitalis.com\/tunisie\/2016\/04\/26\/lotfi-haj-kacem-parle-du-20e-anniversaire-du-comar-dor\/"]}]},{"@type":"ImageObject","inLanguage":"fr-FR","@id":"https:\/\/kapitalis.com\/tunisie\/2016\/04\/26\/lotfi-haj-kacem-parle-du-20e-anniversaire-du-comar-dor\/#primaryimage","url":"","contentUrl":""},{"@type":"BreadcrumbList","@id":"https:\/\/kapitalis.com\/tunisie\/2016\/04\/26\/lotfi-haj-kacem-parle-du-20e-anniversaire-du-comar-dor\/#breadcrumb","itemListElement":[{"@type":"ListItem","position":1,"name":"Accueil","item":"https:\/\/kapitalis.com\/tunisie\/"},{"@type":"ListItem","position":2,"name":"Lotfi Haj Kacem parle du 20e anniversaire du Comar d\u2019Or"}]},{"@type":"WebSite","@id":"https:\/\/kapitalis.com\/tunisie\/#website","url":"https:\/\/kapitalis.com\/tunisie\/","name":"Kapitalis","description":"L&#039;actualit\u00e9 en Tunisie et dans le monde","publisher":{"@id":"https:\/\/kapitalis.com\/tunisie\/#organization"},"potentialAction":[{"@type":"SearchAction","target":{"@type":"EntryPoint","urlTemplate":"https:\/\/kapitalis.com\/tunisie\/?s={search_term_string}"},"query-input":{"@type":"PropertyValueSpecification","valueRequired":true,"valueName":"search_term_string"}}],"inLanguage":"fr-FR"},{"@type":"Organization","@id":"https:\/\/kapitalis.com\/tunisie\/#organization","name":"Kapitalis","url":"https:\/\/kapitalis.com\/tunisie\/","logo":{"@type":"ImageObject","inLanguage":"fr-FR","@id":"https:\/\/kapitalis.com\/tunisie\/#\/schema\/logo\/image\/","url":"https:\/\/kapitalis.com\/tunisie\/wp-content\/uploads\/2022\/05\/Kapitalis-big-size.png","contentUrl":"https:\/\/kapitalis.com\/tunisie\/wp-content\/uploads\/2022\/05\/Kapitalis-big-size.png","width":5000,"height":1500,"caption":"Kapitalis"},"image":{"@id":"https:\/\/kapitalis.com\/tunisie\/#\/schema\/logo\/image\/"},"sameAs":["https:\/\/www.facebook.com\/KapitalisInfo\/","https:\/\/x.com\/KapitalisInfo","https:\/\/www.youtube.com\/channel\/UC-yDYrHyfFBWWZaOw3FPg9Q"]},{"@type":"Person","@id":"https:\/\/kapitalis.com\/tunisie\/#\/schema\/person\/d71f33a9ca44f7bad4698210b480c8e9","name":"webmaster kapitalis","url":"https:\/\/kapitalis.com\/tunisie\/author\/webmaster-kapitalis\/"}]}},"_links":{"self":[{"href":"https:\/\/kapitalis.com\/tunisie\/wp-json\/wp\/v2\/posts\/48110","targetHints":{"allow":["GET"]}}],"collection":[{"href":"https:\/\/kapitalis.com\/tunisie\/wp-json\/wp\/v2\/posts"}],"about":[{"href":"https:\/\/kapitalis.com\/tunisie\/wp-json\/wp\/v2\/types\/post"}],"author":[{"embeddable":true,"href":"https:\/\/kapitalis.com\/tunisie\/wp-json\/wp\/v2\/users\/8"}],"replies":[{"embeddable":true,"href":"https:\/\/kapitalis.com\/tunisie\/wp-json\/wp\/v2\/comments?post=48110"}],"version-history":[{"count":0,"href":"https:\/\/kapitalis.com\/tunisie\/wp-json\/wp\/v2\/posts\/48110\/revisions"}],"wp:featuredmedia":[{"embeddable":true,"href":"https:\/\/kapitalis.com\/tunisie\/wp-json\/wp\/v2\/media\/48111"}],"wp:attachment":[{"href":"https:\/\/kapitalis.com\/tunisie\/wp-json\/wp\/v2\/media?parent=48110"}],"wp:term":[{"taxonomy":"category","embeddable":true,"href":"https:\/\/kapitalis.com\/tunisie\/wp-json\/wp\/v2\/categories?post=48110"},{"taxonomy":"post_tag","embeddable":true,"href":"https:\/\/kapitalis.com\/tunisie\/wp-json\/wp\/v2\/tags?post=48110"}],"curies":[{"name":"wp","href":"https:\/\/api.w.org\/{rel}","templated":true}]}}