{"id":4812378,"date":"2022-11-05T11:05:41","date_gmt":"2022-11-05T10:05:41","guid":{"rendered":"https:\/\/kapitalis.com\/tunisie\/?p=4812378"},"modified":"2022-11-05T11:05:44","modified_gmt":"2022-11-05T10:05:44","slug":"dorsaf-hamdani-annonce-la-date-et-les-nouveautes-des-journees-musicales-de-carthage-jmc","status":"publish","type":"post","link":"https:\/\/kapitalis.com\/tunisie\/2022\/11\/05\/dorsaf-hamdani-annonce-la-date-et-les-nouveautes-des-journees-musicales-de-carthage-jmc\/","title":{"rendered":"Dorsaf Hamdani annonce la date et les nouveaut\u00e9s des Journ\u00e9es musicales de Carthage (JMC)"},"content":{"rendered":"\n<p><strong><em>La 8<sup>e<\/sup> \u00e9dition des Journ\u00e9es musicales de Carthage (JMC) aura lieu du 21 au 28 janvier 2023 sous la direction de Dorsaf Hamdani.<\/em><\/strong><\/p>\n\n\n\n<!--more-->\n\n\n\n<p>Apr\u00e8s plus d\u2019un an d\u2019absence, les JMC seront de retour sous la nouvelle direction de la chanteuse et musicologue Dorsaf Hamdani qui succ\u00e8de \u00e0 Sami Ben Sa\u00efd qui a dirig\u00e9 la derni\u00e8re \u00e9dition du festival qui remonte au mois de d\u00e9cembre 2021.<\/p>\n\n\n\n<p>Le festival sera cette ann\u00e9e non comp\u00e9titif, mais misera sur la d\u00e9couverte de nouveaux genres musicaux et de nouveaux talents tunisiens, africains et arabes \u00e0 travers les showcase qui seront ouverts aux chanteurs et musiciens qui se produisent en solo, en duo ou en groupe.<\/p>\n\n\n\n<p>Un appel \u00e0 participation est d\u2019ores et d\u00e9j\u00e0 ouvert aux projets artistiques de tous les genres musicaux.<\/p>\n\n\n\n<p class=\"has-text-align-right\"><strong>F.B<\/strong><\/p>\n","protected":false},"excerpt":{"rendered":"<p>La 8e \u00e9dition des Journ\u00e9es musicales de Carthage (JMC) aura lieu du 21 au 28 janvier 2023 sous la direction de Dorsaf Hamdani.<\/p>\n","protected":false},"author":26,"featured_media":4813600,"comment_status":"open","ping_status":"open","sticky":false,"template":"","format":"standard","meta":{"footnotes":""},"categories":[994,2433],"tags":[19901,104186,10704,62643],"class_list":["post-4812378","post","type-post","status-publish","format-standard","has-post-thumbnail","hentry","category-culture","category-tunisie","tag-dorsaf-hamdani","tag-jmc-2023","tag-journees-musicales-de-carthage","tag-tunisie"],"yoast_head":"<!-- This site is optimized with the Yoast SEO plugin v26.6 - https:\/\/yoast.com\/wordpress\/plugins\/seo\/ -->\n<title>Dorsaf Hamdani annonce la date et les nouveaut\u00e9s des Journ\u00e9es musicales de Carthage (JMC) - Kapitalis<\/title>\n<meta name=\"robots\" content=\"index, follow, max-snippet:-1, max-image-preview:large, max-video-preview:-1\" \/>\n<link rel=\"canonical\" href=\"https:\/\/kapitalis.com\/tunisie\/2022\/11\/05\/dorsaf-hamdani-annonce-la-date-et-les-nouveautes-des-journees-musicales-de-carthage-jmc\/\" \/>\n<meta property=\"og:locale\" content=\"fr_FR\" \/>\n<meta property=\"og:type\" content=\"article\" \/>\n<meta property=\"og:title\" content=\"Dorsaf Hamdani annonce la date et les nouveaut\u00e9s des Journ\u00e9es musicales de Carthage (JMC) - Kapitalis\" \/>\n<meta property=\"og:description\" content=\"La 8e \u00e9dition des Journ\u00e9es musicales de Carthage (JMC) aura lieu du 21 au 28 janvier 2023 sous la direction de Dorsaf Hamdani.\" \/>\n<meta property=\"og:url\" content=\"https:\/\/kapitalis.com\/tunisie\/2022\/11\/05\/dorsaf-hamdani-annonce-la-date-et-les-nouveautes-des-journees-musicales-de-carthage-jmc\/\" \/>\n<meta property=\"og:site_name\" content=\"Kapitalis\" \/>\n<meta property=\"article:publisher\" content=\"https:\/\/www.facebook.com\/KapitalisInfo\/\" \/>\n<meta property=\"article:published_time\" content=\"2022-11-05T10:05:41+00:00\" \/>\n<meta property=\"article:modified_time\" content=\"2022-11-05T10:05:44+00:00\" \/>\n<meta property=\"og:image\" content=\"https:\/\/kapitalis.com\/tunisie\/wp-content\/uploads\/2022\/11\/Dorsaf-Hamdan-JMC.jpg\" \/>\n\t<meta property=\"og:image:width\" content=\"1200\" \/>\n\t<meta property=\"og:image:height\" content=\"630\" \/>\n\t<meta property=\"og:image:type\" content=\"image\/jpeg\" \/>\n<meta name=\"author\" content=\"Fawz BenAli\" \/>\n<meta name=\"twitter:card\" content=\"summary_large_image\" \/>\n<meta name=\"twitter:creator\" content=\"@KapitalisInfo\" \/>\n<meta name=\"twitter:site\" content=\"@KapitalisInfo\" \/>\n<meta name=\"twitter:label1\" content=\"\u00c9crit par\" \/>\n\t<meta name=\"twitter:data1\" content=\"Fawz BenAli\" \/>\n\t<meta name=\"twitter:label2\" content=\"Dur\u00e9e de lecture estim\u00e9e\" \/>\n\t<meta name=\"twitter:data2\" content=\"1 minute\" \/>\n<script type=\"application\/ld+json\" class=\"yoast-schema-graph\">{\"@context\":\"https:\/\/schema.org\",\"@graph\":[{\"@type\":\"Article\",\"@id\":\"https:\/\/kapitalis.com\/tunisie\/2022\/11\/05\/dorsaf-hamdani-annonce-la-date-et-les-nouveautes-des-journees-musicales-de-carthage-jmc\/#article\",\"isPartOf\":{\"@id\":\"https:\/\/kapitalis.com\/tunisie\/2022\/11\/05\/dorsaf-hamdani-annonce-la-date-et-les-nouveautes-des-journees-musicales-de-carthage-jmc\/\"},\"author\":{\"name\":\"Fawz BenAli\",\"@id\":\"https:\/\/kapitalis.com\/tunisie\/#\/schema\/person\/73a5ecc1f6ae540c6ed91342eadca948\"},\"headline\":\"Dorsaf Hamdani annonce la date et les nouveaut\u00e9s des Journ\u00e9es musicales de Carthage (JMC)\",\"datePublished\":\"2022-11-05T10:05:41+00:00\",\"dateModified\":\"2022-11-05T10:05:44+00:00\",\"mainEntityOfPage\":{\"@id\":\"https:\/\/kapitalis.com\/tunisie\/2022\/11\/05\/dorsaf-hamdani-annonce-la-date-et-les-nouveautes-des-journees-musicales-de-carthage-jmc\/\"},\"wordCount\":151,\"commentCount\":0,\"publisher\":{\"@id\":\"https:\/\/kapitalis.com\/tunisie\/#organization\"},\"image\":{\"@id\":\"https:\/\/kapitalis.com\/tunisie\/2022\/11\/05\/dorsaf-hamdani-annonce-la-date-et-les-nouveautes-des-journees-musicales-de-carthage-jmc\/#primaryimage\"},\"thumbnailUrl\":\"https:\/\/kapitalis.com\/tunisie\/wp-content\/uploads\/2022\/11\/Dorsaf-Hamdan-JMC.jpg\",\"keywords\":[\"Dorsaf Hamdani\",\"JMC 2023\",\"Journ\u00e9es musicales de Carthage\",\"Tunisie\"],\"articleSection\":[\"CULTURE\",\"Tunisie\"],\"inLanguage\":\"fr-FR\",\"potentialAction\":[{\"@type\":\"CommentAction\",\"name\":\"Comment\",\"target\":[\"https:\/\/kapitalis.com\/tunisie\/2022\/11\/05\/dorsaf-hamdani-annonce-la-date-et-les-nouveautes-des-journees-musicales-de-carthage-jmc\/#respond\"]}]},{\"@type\":\"WebPage\",\"@id\":\"https:\/\/kapitalis.com\/tunisie\/2022\/11\/05\/dorsaf-hamdani-annonce-la-date-et-les-nouveautes-des-journees-musicales-de-carthage-jmc\/\",\"url\":\"https:\/\/kapitalis.com\/tunisie\/2022\/11\/05\/dorsaf-hamdani-annonce-la-date-et-les-nouveautes-des-journees-musicales-de-carthage-jmc\/\",\"name\":\"Dorsaf Hamdani annonce la date et les nouveaut\u00e9s des Journ\u00e9es musicales de Carthage (JMC) - Kapitalis\",\"isPartOf\":{\"@id\":\"https:\/\/kapitalis.com\/tunisie\/#website\"},\"primaryImageOfPage\":{\"@id\":\"https:\/\/kapitalis.com\/tunisie\/2022\/11\/05\/dorsaf-hamdani-annonce-la-date-et-les-nouveautes-des-journees-musicales-de-carthage-jmc\/#primaryimage\"},\"image\":{\"@id\":\"https:\/\/kapitalis.com\/tunisie\/2022\/11\/05\/dorsaf-hamdani-annonce-la-date-et-les-nouveautes-des-journees-musicales-de-carthage-jmc\/#primaryimage\"},\"thumbnailUrl\":\"https:\/\/kapitalis.com\/tunisie\/wp-content\/uploads\/2022\/11\/Dorsaf-Hamdan-JMC.jpg\",\"datePublished\":\"2022-11-05T10:05:41+00:00\",\"dateModified\":\"2022-11-05T10:05:44+00:00\",\"breadcrumb\":{\"@id\":\"https:\/\/kapitalis.com\/tunisie\/2022\/11\/05\/dorsaf-hamdani-annonce-la-date-et-les-nouveautes-des-journees-musicales-de-carthage-jmc\/#breadcrumb\"},\"inLanguage\":\"fr-FR\",\"potentialAction\":[{\"@type\":\"ReadAction\",\"target\":[\"https:\/\/kapitalis.com\/tunisie\/2022\/11\/05\/dorsaf-hamdani-annonce-la-date-et-les-nouveautes-des-journees-musicales-de-carthage-jmc\/\"]}]},{\"@type\":\"ImageObject\",\"inLanguage\":\"fr-FR\",\"@id\":\"https:\/\/kapitalis.com\/tunisie\/2022\/11\/05\/dorsaf-hamdani-annonce-la-date-et-les-nouveautes-des-journees-musicales-de-carthage-jmc\/#primaryimage\",\"url\":\"https:\/\/kapitalis.com\/tunisie\/wp-content\/uploads\/2022\/11\/Dorsaf-Hamdan-JMC.jpg\",\"contentUrl\":\"https:\/\/kapitalis.com\/tunisie\/wp-content\/uploads\/2022\/11\/Dorsaf-Hamdan-JMC.jpg\",\"width\":1200,\"height\":630},{\"@type\":\"BreadcrumbList\",\"@id\":\"https:\/\/kapitalis.com\/tunisie\/2022\/11\/05\/dorsaf-hamdani-annonce-la-date-et-les-nouveautes-des-journees-musicales-de-carthage-jmc\/#breadcrumb\",\"itemListElement\":[{\"@type\":\"ListItem\",\"position\":1,\"name\":\"Accueil\",\"item\":\"https:\/\/kapitalis.com\/tunisie\/\"},{\"@type\":\"ListItem\",\"position\":2,\"name\":\"Dorsaf Hamdani annonce la date et les nouveaut\u00e9s des Journ\u00e9es musicales de Carthage (JMC)\"}]},{\"@type\":\"WebSite\",\"@id\":\"https:\/\/kapitalis.com\/tunisie\/#website\",\"url\":\"https:\/\/kapitalis.com\/tunisie\/\",\"name\":\"Kapitalis\",\"description\":\"L&#039;actualit\u00e9 en Tunisie et dans le monde\",\"publisher\":{\"@id\":\"https:\/\/kapitalis.com\/tunisie\/#organization\"},\"potentialAction\":[{\"@type\":\"SearchAction\",\"target\":{\"@type\":\"EntryPoint\",\"urlTemplate\":\"https:\/\/kapitalis.com\/tunisie\/?s={search_term_string}\"},\"query-input\":{\"@type\":\"PropertyValueSpecification\",\"valueRequired\":true,\"valueName\":\"search_term_string\"}}],\"inLanguage\":\"fr-FR\"},{\"@type\":\"Organization\",\"@id\":\"https:\/\/kapitalis.com\/tunisie\/#organization\",\"name\":\"Kapitalis\",\"url\":\"https:\/\/kapitalis.com\/tunisie\/\",\"logo\":{\"@type\":\"ImageObject\",\"inLanguage\":\"fr-FR\",\"@id\":\"https:\/\/kapitalis.com\/tunisie\/#\/schema\/logo\/image\/\",\"url\":\"https:\/\/kapitalis.com\/tunisie\/wp-content\/uploads\/2022\/05\/Kapitalis-big-size.png\",\"contentUrl\":\"https:\/\/kapitalis.com\/tunisie\/wp-content\/uploads\/2022\/05\/Kapitalis-big-size.png\",\"width\":5000,\"height\":1500,\"caption\":\"Kapitalis\"},\"image\":{\"@id\":\"https:\/\/kapitalis.com\/tunisie\/#\/schema\/logo\/image\/\"},\"sameAs\":[\"https:\/\/www.facebook.com\/KapitalisInfo\/\",\"https:\/\/x.com\/KapitalisInfo\",\"https:\/\/www.youtube.com\/channel\/UC-yDYrHyfFBWWZaOw3FPg9Q\"]},{\"@type\":\"Person\",\"@id\":\"https:\/\/kapitalis.com\/tunisie\/#\/schema\/person\/73a5ecc1f6ae540c6ed91342eadca948\",\"name\":\"Fawz BenAli\",\"url\":\"https:\/\/kapitalis.com\/tunisie\/author\/fawz\/\"}]}<\/script>\n<!-- \/ Yoast SEO plugin. -->","yoast_head_json":{"title":"Dorsaf Hamdani annonce la date et les nouveaut\u00e9s des Journ\u00e9es musicales de Carthage (JMC) - Kapitalis","robots":{"index":"index","follow":"follow","max-snippet":"max-snippet:-1","max-image-preview":"max-image-preview:large","max-video-preview":"max-video-preview:-1"},"canonical":"https:\/\/kapitalis.com\/tunisie\/2022\/11\/05\/dorsaf-hamdani-annonce-la-date-et-les-nouveautes-des-journees-musicales-de-carthage-jmc\/","og_locale":"fr_FR","og_type":"article","og_title":"Dorsaf Hamdani annonce la date et les nouveaut\u00e9s des Journ\u00e9es musicales de Carthage (JMC) - Kapitalis","og_description":"La 8e \u00e9dition des Journ\u00e9es musicales de Carthage (JMC) aura lieu du 21 au 28 janvier 2023 sous la direction de Dorsaf Hamdani.","og_url":"https:\/\/kapitalis.com\/tunisie\/2022\/11\/05\/dorsaf-hamdani-annonce-la-date-et-les-nouveautes-des-journees-musicales-de-carthage-jmc\/","og_site_name":"Kapitalis","article_publisher":"https:\/\/www.facebook.com\/KapitalisInfo\/","article_published_time":"2022-11-05T10:05:41+00:00","article_modified_time":"2022-11-05T10:05:44+00:00","og_image":[{"width":1200,"height":630,"url":"https:\/\/kapitalis.com\/tunisie\/wp-content\/uploads\/2022\/11\/Dorsaf-Hamdan-JMC.jpg","type":"image\/jpeg"}],"author":"Fawz BenAli","twitter_card":"summary_large_image","twitter_creator":"@KapitalisInfo","twitter_site":"@KapitalisInfo","twitter_misc":{"\u00c9crit par":"Fawz BenAli","Dur\u00e9e de lecture estim\u00e9e":"1 minute"},"schema":{"@context":"https:\/\/schema.org","@graph":[{"@type":"Article","@id":"https:\/\/kapitalis.com\/tunisie\/2022\/11\/05\/dorsaf-hamdani-annonce-la-date-et-les-nouveautes-des-journees-musicales-de-carthage-jmc\/#article","isPartOf":{"@id":"https:\/\/kapitalis.com\/tunisie\/2022\/11\/05\/dorsaf-hamdani-annonce-la-date-et-les-nouveautes-des-journees-musicales-de-carthage-jmc\/"},"author":{"name":"Fawz BenAli","@id":"https:\/\/kapitalis.com\/tunisie\/#\/schema\/person\/73a5ecc1f6ae540c6ed91342eadca948"},"headline":"Dorsaf Hamdani annonce la date et les nouveaut\u00e9s des Journ\u00e9es musicales de Carthage (JMC)","datePublished":"2022-11-05T10:05:41+00:00","dateModified":"2022-11-05T10:05:44+00:00","mainEntityOfPage":{"@id":"https:\/\/kapitalis.com\/tunisie\/2022\/11\/05\/dorsaf-hamdani-annonce-la-date-et-les-nouveautes-des-journees-musicales-de-carthage-jmc\/"},"wordCount":151,"commentCount":0,"publisher":{"@id":"https:\/\/kapitalis.com\/tunisie\/#organization"},"image":{"@id":"https:\/\/kapitalis.com\/tunisie\/2022\/11\/05\/dorsaf-hamdani-annonce-la-date-et-les-nouveautes-des-journees-musicales-de-carthage-jmc\/#primaryimage"},"thumbnailUrl":"https:\/\/kapitalis.com\/tunisie\/wp-content\/uploads\/2022\/11\/Dorsaf-Hamdan-JMC.jpg","keywords":["Dorsaf Hamdani","JMC 2023","Journ\u00e9es musicales de Carthage","Tunisie"],"articleSection":["CULTURE","Tunisie"],"inLanguage":"fr-FR","potentialAction":[{"@type":"CommentAction","name":"Comment","target":["https:\/\/kapitalis.com\/tunisie\/2022\/11\/05\/dorsaf-hamdani-annonce-la-date-et-les-nouveautes-des-journees-musicales-de-carthage-jmc\/#respond"]}]},{"@type":"WebPage","@id":"https:\/\/kapitalis.com\/tunisie\/2022\/11\/05\/dorsaf-hamdani-annonce-la-date-et-les-nouveautes-des-journees-musicales-de-carthage-jmc\/","url":"https:\/\/kapitalis.com\/tunisie\/2022\/11\/05\/dorsaf-hamdani-annonce-la-date-et-les-nouveautes-des-journees-musicales-de-carthage-jmc\/","name":"Dorsaf Hamdani annonce la date et les nouveaut\u00e9s des Journ\u00e9es musicales de Carthage (JMC) - Kapitalis","isPartOf":{"@id":"https:\/\/kapitalis.com\/tunisie\/#website"},"primaryImageOfPage":{"@id":"https:\/\/kapitalis.com\/tunisie\/2022\/11\/05\/dorsaf-hamdani-annonce-la-date-et-les-nouveautes-des-journees-musicales-de-carthage-jmc\/#primaryimage"},"image":{"@id":"https:\/\/kapitalis.com\/tunisie\/2022\/11\/05\/dorsaf-hamdani-annonce-la-date-et-les-nouveautes-des-journees-musicales-de-carthage-jmc\/#primaryimage"},"thumbnailUrl":"https:\/\/kapitalis.com\/tunisie\/wp-content\/uploads\/2022\/11\/Dorsaf-Hamdan-JMC.jpg","datePublished":"2022-11-05T10:05:41+00:00","dateModified":"2022-11-05T10:05:44+00:00","breadcrumb":{"@id":"https:\/\/kapitalis.com\/tunisie\/2022\/11\/05\/dorsaf-hamdani-annonce-la-date-et-les-nouveautes-des-journees-musicales-de-carthage-jmc\/#breadcrumb"},"inLanguage":"fr-FR","potentialAction":[{"@type":"ReadAction","target":["https:\/\/kapitalis.com\/tunisie\/2022\/11\/05\/dorsaf-hamdani-annonce-la-date-et-les-nouveautes-des-journees-musicales-de-carthage-jmc\/"]}]},{"@type":"ImageObject","inLanguage":"fr-FR","@id":"https:\/\/kapitalis.com\/tunisie\/2022\/11\/05\/dorsaf-hamdani-annonce-la-date-et-les-nouveautes-des-journees-musicales-de-carthage-jmc\/#primaryimage","url":"https:\/\/kapitalis.com\/tunisie\/wp-content\/uploads\/2022\/11\/Dorsaf-Hamdan-JMC.jpg","contentUrl":"https:\/\/kapitalis.com\/tunisie\/wp-content\/uploads\/2022\/11\/Dorsaf-Hamdan-JMC.jpg","width":1200,"height":630},{"@type":"BreadcrumbList","@id":"https:\/\/kapitalis.com\/tunisie\/2022\/11\/05\/dorsaf-hamdani-annonce-la-date-et-les-nouveautes-des-journees-musicales-de-carthage-jmc\/#breadcrumb","itemListElement":[{"@type":"ListItem","position":1,"name":"Accueil","item":"https:\/\/kapitalis.com\/tunisie\/"},{"@type":"ListItem","position":2,"name":"Dorsaf Hamdani annonce la date et les nouveaut\u00e9s des Journ\u00e9es musicales de Carthage (JMC)"}]},{"@type":"WebSite","@id":"https:\/\/kapitalis.com\/tunisie\/#website","url":"https:\/\/kapitalis.com\/tunisie\/","name":"Kapitalis","description":"L&#039;actualit\u00e9 en Tunisie et dans le monde","publisher":{"@id":"https:\/\/kapitalis.com\/tunisie\/#organization"},"potentialAction":[{"@type":"SearchAction","target":{"@type":"EntryPoint","urlTemplate":"https:\/\/kapitalis.com\/tunisie\/?s={search_term_string}"},"query-input":{"@type":"PropertyValueSpecification","valueRequired":true,"valueName":"search_term_string"}}],"inLanguage":"fr-FR"},{"@type":"Organization","@id":"https:\/\/kapitalis.com\/tunisie\/#organization","name":"Kapitalis","url":"https:\/\/kapitalis.com\/tunisie\/","logo":{"@type":"ImageObject","inLanguage":"fr-FR","@id":"https:\/\/kapitalis.com\/tunisie\/#\/schema\/logo\/image\/","url":"https:\/\/kapitalis.com\/tunisie\/wp-content\/uploads\/2022\/05\/Kapitalis-big-size.png","contentUrl":"https:\/\/kapitalis.com\/tunisie\/wp-content\/uploads\/2022\/05\/Kapitalis-big-size.png","width":5000,"height":1500,"caption":"Kapitalis"},"image":{"@id":"https:\/\/kapitalis.com\/tunisie\/#\/schema\/logo\/image\/"},"sameAs":["https:\/\/www.facebook.com\/KapitalisInfo\/","https:\/\/x.com\/KapitalisInfo","https:\/\/www.youtube.com\/channel\/UC-yDYrHyfFBWWZaOw3FPg9Q"]},{"@type":"Person","@id":"https:\/\/kapitalis.com\/tunisie\/#\/schema\/person\/73a5ecc1f6ae540c6ed91342eadca948","name":"Fawz BenAli","url":"https:\/\/kapitalis.com\/tunisie\/author\/fawz\/"}]}},"_links":{"self":[{"href":"https:\/\/kapitalis.com\/tunisie\/wp-json\/wp\/v2\/posts\/4812378","targetHints":{"allow":["GET"]}}],"collection":[{"href":"https:\/\/kapitalis.com\/tunisie\/wp-json\/wp\/v2\/posts"}],"about":[{"href":"https:\/\/kapitalis.com\/tunisie\/wp-json\/wp\/v2\/types\/post"}],"author":[{"embeddable":true,"href":"https:\/\/kapitalis.com\/tunisie\/wp-json\/wp\/v2\/users\/26"}],"replies":[{"embeddable":true,"href":"https:\/\/kapitalis.com\/tunisie\/wp-json\/wp\/v2\/comments?post=4812378"}],"version-history":[{"count":0,"href":"https:\/\/kapitalis.com\/tunisie\/wp-json\/wp\/v2\/posts\/4812378\/revisions"}],"wp:featuredmedia":[{"embeddable":true,"href":"https:\/\/kapitalis.com\/tunisie\/wp-json\/wp\/v2\/media\/4813600"}],"wp:attachment":[{"href":"https:\/\/kapitalis.com\/tunisie\/wp-json\/wp\/v2\/media?parent=4812378"}],"wp:term":[{"taxonomy":"category","embeddable":true,"href":"https:\/\/kapitalis.com\/tunisie\/wp-json\/wp\/v2\/categories?post=4812378"},{"taxonomy":"post_tag","embeddable":true,"href":"https:\/\/kapitalis.com\/tunisie\/wp-json\/wp\/v2\/tags?post=4812378"}],"curies":[{"name":"wp","href":"https:\/\/api.w.org\/{rel}","templated":true}]}}