{"id":4818268,"date":"2022-11-05T18:38:43","date_gmt":"2022-11-05T17:38:43","guid":{"rendered":"https:\/\/kapitalis.com\/tunisie\/?p=4818268"},"modified":"2022-11-05T18:42:58","modified_gmt":"2022-11-05T17:42:58","slug":"partenaire-officiel-de-la-ftf-tunisair-se-met-aux-couleurs-du-mondial-qatar-2022-photos","status":"publish","type":"post","link":"https:\/\/kapitalis.com\/tunisie\/2022\/11\/05\/partenaire-officiel-de-la-ftf-tunisair-se-met-aux-couleurs-du-mondial-qatar-2022-photos\/","title":{"rendered":"Partenaire officiel de la FTF, Tunisair se met aux couleurs du Mondial Qatar 2022 (Photos)"},"content":{"rendered":"\n<p><strong><em>Partenaire officiel de la F\u00e9d\u00e9ration Tunisienne de Football (FTF), Tunisair d\u00e9voile aujourd\u2019hui un Airbus A320Neo peint aux couleurs du Mondial 2022 avec les portraits des joueurs tunisiens.<\/em><\/strong><\/p>\n\n\n\n<!--more-->\n\n\n\n<p>Cet avion va transporter demain l&rsquo;Equipe Nationale \ud83c\uddf9\ud83c\uddf3 pendant la Coupe du Monde au Qatar \u2708\ufe0f<\/p>\n\n\n\n<p><\/p>\n\n\n\n<figure class=\"wp-block-gallery aligncenter has-nested-images columns-2 is-cropped wp-block-gallery-1 is-layout-flex wp-block-gallery-is-layout-flex\">\n<figure class=\"wp-block-image size-large\"><img loading=\"lazy\" decoding=\"async\" width=\"1024\" height=\"768\" data-id=\"4818308\" src=\"https:\/\/kapitalis.com\/tunisie\/wp-content\/uploads\/2022\/11\/a6-1024x768.jpg\" alt=\"\" class=\"wp-image-4818308\" srcset=\"https:\/\/kapitalis.com\/tunisie\/wp-content\/uploads\/2022\/11\/a6-1024x768.jpg 1024w, https:\/\/kapitalis.com\/tunisie\/wp-content\/uploads\/2022\/11\/a6-300x225.jpg 300w, https:\/\/kapitalis.com\/tunisie\/wp-content\/uploads\/2022\/11\/a6-768x576.jpg 768w, https:\/\/kapitalis.com\/tunisie\/wp-content\/uploads\/2022\/11\/a6-580x435.jpg 580w, https:\/\/kapitalis.com\/tunisie\/wp-content\/uploads\/2022\/11\/a6-860x645.jpg 860w, https:\/\/kapitalis.com\/tunisie\/wp-content\/uploads\/2022\/11\/a6-1160x870.jpg 1160w, https:\/\/kapitalis.com\/tunisie\/wp-content\/uploads\/2022\/11\/a6.jpg 1440w\" sizes=\"auto, (max-width: 1024px) 100vw, 1024px\" \/><\/figure>\n\n\n\n<figure class=\"wp-block-image size-large\"><img loading=\"lazy\" decoding=\"async\" width=\"1024\" height=\"768\" data-id=\"4818303\" src=\"https:\/\/kapitalis.com\/tunisie\/wp-content\/uploads\/2022\/11\/a5-1024x768.jpg\" alt=\"\" class=\"wp-image-4818303\" srcset=\"https:\/\/kapitalis.com\/tunisie\/wp-content\/uploads\/2022\/11\/a5-1024x768.jpg 1024w, https:\/\/kapitalis.com\/tunisie\/wp-content\/uploads\/2022\/11\/a5-300x225.jpg 300w, https:\/\/kapitalis.com\/tunisie\/wp-content\/uploads\/2022\/11\/a5-768x576.jpg 768w, https:\/\/kapitalis.com\/tunisie\/wp-content\/uploads\/2022\/11\/a5-580x435.jpg 580w, https:\/\/kapitalis.com\/tunisie\/wp-content\/uploads\/2022\/11\/a5-860x645.jpg 860w, https:\/\/kapitalis.com\/tunisie\/wp-content\/uploads\/2022\/11\/a5-1160x870.jpg 1160w, https:\/\/kapitalis.com\/tunisie\/wp-content\/uploads\/2022\/11\/a5.jpg 1440w\" sizes=\"auto, (max-width: 1024px) 100vw, 1024px\" \/><\/figure>\n\n\n\n<figure class=\"wp-block-image size-large\"><img loading=\"lazy\" decoding=\"async\" width=\"1024\" height=\"768\" data-id=\"4818305\" src=\"https:\/\/kapitalis.com\/tunisie\/wp-content\/uploads\/2022\/11\/a4-1024x768.jpg\" alt=\"\" class=\"wp-image-4818305\" srcset=\"https:\/\/kapitalis.com\/tunisie\/wp-content\/uploads\/2022\/11\/a4-1024x768.jpg 1024w, https:\/\/kapitalis.com\/tunisie\/wp-content\/uploads\/2022\/11\/a4-300x225.jpg 300w, https:\/\/kapitalis.com\/tunisie\/wp-content\/uploads\/2022\/11\/a4-768x576.jpg 768w, https:\/\/kapitalis.com\/tunisie\/wp-content\/uploads\/2022\/11\/a4-580x435.jpg 580w, https:\/\/kapitalis.com\/tunisie\/wp-content\/uploads\/2022\/11\/a4-860x645.jpg 860w, https:\/\/kapitalis.com\/tunisie\/wp-content\/uploads\/2022\/11\/a4-1160x870.jpg 1160w, https:\/\/kapitalis.com\/tunisie\/wp-content\/uploads\/2022\/11\/a4.jpg 1440w\" sizes=\"auto, (max-width: 1024px) 100vw, 1024px\" \/><\/figure>\n\n\n\n<figure class=\"wp-block-image size-large\"><img loading=\"lazy\" decoding=\"async\" width=\"1024\" height=\"768\" data-id=\"4818302\" src=\"https:\/\/kapitalis.com\/tunisie\/wp-content\/uploads\/2022\/11\/a3-1024x768.jpg\" alt=\"\" class=\"wp-image-4818302\" srcset=\"https:\/\/kapitalis.com\/tunisie\/wp-content\/uploads\/2022\/11\/a3-1024x768.jpg 1024w, https:\/\/kapitalis.com\/tunisie\/wp-content\/uploads\/2022\/11\/a3-300x225.jpg 300w, https:\/\/kapitalis.com\/tunisie\/wp-content\/uploads\/2022\/11\/a3-768x576.jpg 768w, https:\/\/kapitalis.com\/tunisie\/wp-content\/uploads\/2022\/11\/a3-580x435.jpg 580w, https:\/\/kapitalis.com\/tunisie\/wp-content\/uploads\/2022\/11\/a3-860x645.jpg 860w, https:\/\/kapitalis.com\/tunisie\/wp-content\/uploads\/2022\/11\/a3-1160x870.jpg 1160w, https:\/\/kapitalis.com\/tunisie\/wp-content\/uploads\/2022\/11\/a3.jpg 1440w\" sizes=\"auto, (max-width: 1024px) 100vw, 1024px\" \/><\/figure>\n\n\n\n<figure class=\"wp-block-image size-large\"><img loading=\"lazy\" decoding=\"async\" width=\"768\" height=\"1024\" data-id=\"4818306\" src=\"https:\/\/kapitalis.com\/tunisie\/wp-content\/uploads\/2022\/11\/a-768x1024.jpg\" alt=\"\" class=\"wp-image-4818306\" srcset=\"https:\/\/kapitalis.com\/tunisie\/wp-content\/uploads\/2022\/11\/a-768x1024.jpg 768w, https:\/\/kapitalis.com\/tunisie\/wp-content\/uploads\/2022\/11\/a-225x300.jpg 225w, https:\/\/kapitalis.com\/tunisie\/wp-content\/uploads\/2022\/11\/a-1152x1536.jpg 1152w, https:\/\/kapitalis.com\/tunisie\/wp-content\/uploads\/2022\/11\/a-580x773.jpg 580w, https:\/\/kapitalis.com\/tunisie\/wp-content\/uploads\/2022\/11\/a-860x1147.jpg 860w, https:\/\/kapitalis.com\/tunisie\/wp-content\/uploads\/2022\/11\/a-1160x1547.jpg 1160w, https:\/\/kapitalis.com\/tunisie\/wp-content\/uploads\/2022\/11\/a.jpg 1536w\" sizes=\"auto, (max-width: 768px) 100vw, 768px\" \/><\/figure>\n<\/figure>\n\n\n\n<p><br>Bon courage &amp; Victoire pour nos Aigles \ud83d\udeeb \u26bd\ufe0f<\/p>\n\n\n\n<p class=\"has-text-align-right\"><strong>Communiqu\u00e9<\/strong><\/p>\n","protected":false},"excerpt":{"rendered":"<p>Partenaire officiel de la FTF, Tunisair se met aux couleurs du Mondial Qatar 2022 (Photos)<\/p>\n","protected":false},"author":6,"featured_media":4818343,"comment_status":"open","ping_status":"open","sticky":false,"template":"","format":"standard","meta":{"footnotes":""},"categories":[998,2433],"tags":[10867,5208,1667,93191,1501,62643],"class_list":["post-4818268","post","type-post","status-publish","format-standard","has-post-thumbnail","hentry","category-societe","category-tunisie","tag-foot","tag-ftf","tag-mondial","tag-qatar-2022","tag-tunisair","tag-tunisie"],"yoast_head":"<!-- This site is optimized with the Yoast SEO plugin v26.6 - https:\/\/yoast.com\/wordpress\/plugins\/seo\/ -->\n<title>Partenaire officiel de la FTF, Tunisair se met aux couleurs du Mondial Qatar 2022 (Photos) - Kapitalis<\/title>\n<meta name=\"description\" content=\"Partenaire officiel de la F\u00e9d\u00e9ration Tunisienne de Football (FTF), Tunisair d\u00e9voile aujourd\u2019hui un Airbus A320Neo peint aux couleurs du Mondial 2022 avec les portraits des joueurs tunisiens.\" \/>\n<meta name=\"robots\" content=\"index, follow, max-snippet:-1, max-image-preview:large, max-video-preview:-1\" \/>\n<link rel=\"canonical\" href=\"https:\/\/kapitalis.com\/tunisie\/2022\/11\/05\/partenaire-officiel-de-la-ftf-tunisair-se-met-aux-couleurs-du-mondial-qatar-2022-photos\/\" \/>\n<meta property=\"og:locale\" content=\"fr_FR\" \/>\n<meta property=\"og:type\" content=\"article\" \/>\n<meta property=\"og:title\" content=\"Partenaire officiel de la FTF, Tunisair se met aux couleurs du Mondial Qatar 2022 (Photos) - Kapitalis\" \/>\n<meta property=\"og:description\" content=\"Partenaire officiel de la F\u00e9d\u00e9ration Tunisienne de Football (FTF), Tunisair d\u00e9voile aujourd\u2019hui un Airbus A320Neo peint aux couleurs du Mondial 2022 avec les portraits des joueurs tunisiens.\" \/>\n<meta property=\"og:url\" content=\"https:\/\/kapitalis.com\/tunisie\/2022\/11\/05\/partenaire-officiel-de-la-ftf-tunisair-se-met-aux-couleurs-du-mondial-qatar-2022-photos\/\" \/>\n<meta property=\"og:site_name\" content=\"Kapitalis\" \/>\n<meta property=\"article:publisher\" content=\"https:\/\/www.facebook.com\/KapitalisInfo\/\" \/>\n<meta property=\"article:published_time\" content=\"2022-11-05T17:38:43+00:00\" \/>\n<meta property=\"article:modified_time\" content=\"2022-11-05T17:42:58+00:00\" \/>\n<meta property=\"og:image\" content=\"https:\/\/kapitalis.com\/tunisie\/wp-content\/uploads\/2022\/11\/avion-tunisair-EN-FTF.jpg\" \/>\n\t<meta property=\"og:image:width\" content=\"1200\" \/>\n\t<meta property=\"og:image:height\" content=\"630\" \/>\n\t<meta property=\"og:image:type\" content=\"image\/jpeg\" \/>\n<meta name=\"author\" content=\"Yusra NY\" \/>\n<meta name=\"twitter:card\" content=\"summary_large_image\" \/>\n<meta name=\"twitter:creator\" content=\"@KapitalisInfo\" \/>\n<meta name=\"twitter:site\" content=\"@KapitalisInfo\" \/>\n<meta name=\"twitter:label1\" content=\"\u00c9crit par\" \/>\n\t<meta name=\"twitter:data1\" content=\"Yusra NY\" \/>\n\t<meta name=\"twitter:label2\" content=\"Dur\u00e9e de lecture estim\u00e9e\" \/>\n\t<meta name=\"twitter:data2\" content=\"2 minutes\" \/>\n<script type=\"application\/ld+json\" class=\"yoast-schema-graph\">{\"@context\":\"https:\/\/schema.org\",\"@graph\":[{\"@type\":\"Article\",\"@id\":\"https:\/\/kapitalis.com\/tunisie\/2022\/11\/05\/partenaire-officiel-de-la-ftf-tunisair-se-met-aux-couleurs-du-mondial-qatar-2022-photos\/#article\",\"isPartOf\":{\"@id\":\"https:\/\/kapitalis.com\/tunisie\/2022\/11\/05\/partenaire-officiel-de-la-ftf-tunisair-se-met-aux-couleurs-du-mondial-qatar-2022-photos\/\"},\"author\":{\"name\":\"Yusra NY\",\"@id\":\"https:\/\/kapitalis.com\/tunisie\/#\/schema\/person\/74bbde0154d49d790a92aaeac5bc01d5\"},\"headline\":\"Partenaire officiel de la FTF, Tunisair se met aux couleurs du Mondial Qatar 2022 (Photos)\",\"datePublished\":\"2022-11-05T17:38:43+00:00\",\"dateModified\":\"2022-11-05T17:42:58+00:00\",\"mainEntityOfPage\":{\"@id\":\"https:\/\/kapitalis.com\/tunisie\/2022\/11\/05\/partenaire-officiel-de-la-ftf-tunisair-se-met-aux-couleurs-du-mondial-qatar-2022-photos\/\"},\"wordCount\":67,\"commentCount\":3,\"publisher\":{\"@id\":\"https:\/\/kapitalis.com\/tunisie\/#organization\"},\"image\":{\"@id\":\"https:\/\/kapitalis.com\/tunisie\/2022\/11\/05\/partenaire-officiel-de-la-ftf-tunisair-se-met-aux-couleurs-du-mondial-qatar-2022-photos\/#primaryimage\"},\"thumbnailUrl\":\"https:\/\/kapitalis.com\/tunisie\/wp-content\/uploads\/2022\/11\/avion-tunisair-EN-FTF.jpg\",\"keywords\":[\"foot\",\"FTF\",\"mondial\",\"Qatar 2022\",\"Tunisair\",\"Tunisie\"],\"articleSection\":[\"SOCIETE\",\"Tunisie\"],\"inLanguage\":\"fr-FR\",\"potentialAction\":[{\"@type\":\"CommentAction\",\"name\":\"Comment\",\"target\":[\"https:\/\/kapitalis.com\/tunisie\/2022\/11\/05\/partenaire-officiel-de-la-ftf-tunisair-se-met-aux-couleurs-du-mondial-qatar-2022-photos\/#respond\"]}]},{\"@type\":\"WebPage\",\"@id\":\"https:\/\/kapitalis.com\/tunisie\/2022\/11\/05\/partenaire-officiel-de-la-ftf-tunisair-se-met-aux-couleurs-du-mondial-qatar-2022-photos\/\",\"url\":\"https:\/\/kapitalis.com\/tunisie\/2022\/11\/05\/partenaire-officiel-de-la-ftf-tunisair-se-met-aux-couleurs-du-mondial-qatar-2022-photos\/\",\"name\":\"Partenaire officiel de la FTF, Tunisair se met aux couleurs du Mondial Qatar 2022 (Photos) - Kapitalis\",\"isPartOf\":{\"@id\":\"https:\/\/kapitalis.com\/tunisie\/#website\"},\"primaryImageOfPage\":{\"@id\":\"https:\/\/kapitalis.com\/tunisie\/2022\/11\/05\/partenaire-officiel-de-la-ftf-tunisair-se-met-aux-couleurs-du-mondial-qatar-2022-photos\/#primaryimage\"},\"image\":{\"@id\":\"https:\/\/kapitalis.com\/tunisie\/2022\/11\/05\/partenaire-officiel-de-la-ftf-tunisair-se-met-aux-couleurs-du-mondial-qatar-2022-photos\/#primaryimage\"},\"thumbnailUrl\":\"https:\/\/kapitalis.com\/tunisie\/wp-content\/uploads\/2022\/11\/avion-tunisair-EN-FTF.jpg\",\"datePublished\":\"2022-11-05T17:38:43+00:00\",\"dateModified\":\"2022-11-05T17:42:58+00:00\",\"description\":\"Partenaire officiel de la F\u00e9d\u00e9ration Tunisienne de Football (FTF), Tunisair d\u00e9voile aujourd\u2019hui un Airbus A320Neo peint aux couleurs du Mondial 2022 avec les portraits des joueurs tunisiens.\",\"breadcrumb\":{\"@id\":\"https:\/\/kapitalis.com\/tunisie\/2022\/11\/05\/partenaire-officiel-de-la-ftf-tunisair-se-met-aux-couleurs-du-mondial-qatar-2022-photos\/#breadcrumb\"},\"inLanguage\":\"fr-FR\",\"potentialAction\":[{\"@type\":\"ReadAction\",\"target\":[\"https:\/\/kapitalis.com\/tunisie\/2022\/11\/05\/partenaire-officiel-de-la-ftf-tunisair-se-met-aux-couleurs-du-mondial-qatar-2022-photos\/\"]}]},{\"@type\":\"ImageObject\",\"inLanguage\":\"fr-FR\",\"@id\":\"https:\/\/kapitalis.com\/tunisie\/2022\/11\/05\/partenaire-officiel-de-la-ftf-tunisair-se-met-aux-couleurs-du-mondial-qatar-2022-photos\/#primaryimage\",\"url\":\"https:\/\/kapitalis.com\/tunisie\/wp-content\/uploads\/2022\/11\/avion-tunisair-EN-FTF.jpg\",\"contentUrl\":\"https:\/\/kapitalis.com\/tunisie\/wp-content\/uploads\/2022\/11\/avion-tunisair-EN-FTF.jpg\",\"width\":1200,\"height\":630},{\"@type\":\"BreadcrumbList\",\"@id\":\"https:\/\/kapitalis.com\/tunisie\/2022\/11\/05\/partenaire-officiel-de-la-ftf-tunisair-se-met-aux-couleurs-du-mondial-qatar-2022-photos\/#breadcrumb\",\"itemListElement\":[{\"@type\":\"ListItem\",\"position\":1,\"name\":\"Accueil\",\"item\":\"https:\/\/kapitalis.com\/tunisie\/\"},{\"@type\":\"ListItem\",\"position\":2,\"name\":\"Partenaire officiel de la FTF, Tunisair se met aux couleurs du Mondial Qatar 2022 (Photos)\"}]},{\"@type\":\"WebSite\",\"@id\":\"https:\/\/kapitalis.com\/tunisie\/#website\",\"url\":\"https:\/\/kapitalis.com\/tunisie\/\",\"name\":\"Kapitalis\",\"description\":\"L&#039;actualit\u00e9 en Tunisie et dans le monde\",\"publisher\":{\"@id\":\"https:\/\/kapitalis.com\/tunisie\/#organization\"},\"potentialAction\":[{\"@type\":\"SearchAction\",\"target\":{\"@type\":\"EntryPoint\",\"urlTemplate\":\"https:\/\/kapitalis.com\/tunisie\/?s={search_term_string}\"},\"query-input\":{\"@type\":\"PropertyValueSpecification\",\"valueRequired\":true,\"valueName\":\"search_term_string\"}}],\"inLanguage\":\"fr-FR\"},{\"@type\":\"Organization\",\"@id\":\"https:\/\/kapitalis.com\/tunisie\/#organization\",\"name\":\"Kapitalis\",\"url\":\"https:\/\/kapitalis.com\/tunisie\/\",\"logo\":{\"@type\":\"ImageObject\",\"inLanguage\":\"fr-FR\",\"@id\":\"https:\/\/kapitalis.com\/tunisie\/#\/schema\/logo\/image\/\",\"url\":\"https:\/\/kapitalis.com\/tunisie\/wp-content\/uploads\/2022\/05\/Kapitalis-big-size.png\",\"contentUrl\":\"https:\/\/kapitalis.com\/tunisie\/wp-content\/uploads\/2022\/05\/Kapitalis-big-size.png\",\"width\":5000,\"height\":1500,\"caption\":\"Kapitalis\"},\"image\":{\"@id\":\"https:\/\/kapitalis.com\/tunisie\/#\/schema\/logo\/image\/\"},\"sameAs\":[\"https:\/\/www.facebook.com\/KapitalisInfo\/\",\"https:\/\/x.com\/KapitalisInfo\",\"https:\/\/www.youtube.com\/channel\/UC-yDYrHyfFBWWZaOw3FPg9Q\"]},{\"@type\":\"Person\",\"@id\":\"https:\/\/kapitalis.com\/tunisie\/#\/schema\/person\/74bbde0154d49d790a92aaeac5bc01d5\",\"name\":\"Yusra NY\",\"url\":\"https:\/\/kapitalis.com\/tunisie\/author\/yuza_adam\/\"}]}<\/script>\n<!-- \/ Yoast SEO plugin. -->","yoast_head_json":{"title":"Partenaire officiel de la FTF, Tunisair se met aux couleurs du Mondial Qatar 2022 (Photos) - Kapitalis","description":"Partenaire officiel de la F\u00e9d\u00e9ration Tunisienne de Football (FTF), Tunisair d\u00e9voile aujourd\u2019hui un Airbus A320Neo peint aux couleurs du Mondial 2022 avec les portraits des joueurs tunisiens.","robots":{"index":"index","follow":"follow","max-snippet":"max-snippet:-1","max-image-preview":"max-image-preview:large","max-video-preview":"max-video-preview:-1"},"canonical":"https:\/\/kapitalis.com\/tunisie\/2022\/11\/05\/partenaire-officiel-de-la-ftf-tunisair-se-met-aux-couleurs-du-mondial-qatar-2022-photos\/","og_locale":"fr_FR","og_type":"article","og_title":"Partenaire officiel de la FTF, Tunisair se met aux couleurs du Mondial Qatar 2022 (Photos) - Kapitalis","og_description":"Partenaire officiel de la F\u00e9d\u00e9ration Tunisienne de Football (FTF), Tunisair d\u00e9voile aujourd\u2019hui un Airbus A320Neo peint aux couleurs du Mondial 2022 avec les portraits des joueurs tunisiens.","og_url":"https:\/\/kapitalis.com\/tunisie\/2022\/11\/05\/partenaire-officiel-de-la-ftf-tunisair-se-met-aux-couleurs-du-mondial-qatar-2022-photos\/","og_site_name":"Kapitalis","article_publisher":"https:\/\/www.facebook.com\/KapitalisInfo\/","article_published_time":"2022-11-05T17:38:43+00:00","article_modified_time":"2022-11-05T17:42:58+00:00","og_image":[{"width":1200,"height":630,"url":"https:\/\/kapitalis.com\/tunisie\/wp-content\/uploads\/2022\/11\/avion-tunisair-EN-FTF.jpg","type":"image\/jpeg"}],"author":"Yusra NY","twitter_card":"summary_large_image","twitter_creator":"@KapitalisInfo","twitter_site":"@KapitalisInfo","twitter_misc":{"\u00c9crit par":"Yusra NY","Dur\u00e9e de lecture estim\u00e9e":"2 minutes"},"schema":{"@context":"https:\/\/schema.org","@graph":[{"@type":"Article","@id":"https:\/\/kapitalis.com\/tunisie\/2022\/11\/05\/partenaire-officiel-de-la-ftf-tunisair-se-met-aux-couleurs-du-mondial-qatar-2022-photos\/#article","isPartOf":{"@id":"https:\/\/kapitalis.com\/tunisie\/2022\/11\/05\/partenaire-officiel-de-la-ftf-tunisair-se-met-aux-couleurs-du-mondial-qatar-2022-photos\/"},"author":{"name":"Yusra NY","@id":"https:\/\/kapitalis.com\/tunisie\/#\/schema\/person\/74bbde0154d49d790a92aaeac5bc01d5"},"headline":"Partenaire officiel de la FTF, Tunisair se met aux couleurs du Mondial Qatar 2022 (Photos)","datePublished":"2022-11-05T17:38:43+00:00","dateModified":"2022-11-05T17:42:58+00:00","mainEntityOfPage":{"@id":"https:\/\/kapitalis.com\/tunisie\/2022\/11\/05\/partenaire-officiel-de-la-ftf-tunisair-se-met-aux-couleurs-du-mondial-qatar-2022-photos\/"},"wordCount":67,"commentCount":3,"publisher":{"@id":"https:\/\/kapitalis.com\/tunisie\/#organization"},"image":{"@id":"https:\/\/kapitalis.com\/tunisie\/2022\/11\/05\/partenaire-officiel-de-la-ftf-tunisair-se-met-aux-couleurs-du-mondial-qatar-2022-photos\/#primaryimage"},"thumbnailUrl":"https:\/\/kapitalis.com\/tunisie\/wp-content\/uploads\/2022\/11\/avion-tunisair-EN-FTF.jpg","keywords":["foot","FTF","mondial","Qatar 2022","Tunisair","Tunisie"],"articleSection":["SOCIETE","Tunisie"],"inLanguage":"fr-FR","potentialAction":[{"@type":"CommentAction","name":"Comment","target":["https:\/\/kapitalis.com\/tunisie\/2022\/11\/05\/partenaire-officiel-de-la-ftf-tunisair-se-met-aux-couleurs-du-mondial-qatar-2022-photos\/#respond"]}]},{"@type":"WebPage","@id":"https:\/\/kapitalis.com\/tunisie\/2022\/11\/05\/partenaire-officiel-de-la-ftf-tunisair-se-met-aux-couleurs-du-mondial-qatar-2022-photos\/","url":"https:\/\/kapitalis.com\/tunisie\/2022\/11\/05\/partenaire-officiel-de-la-ftf-tunisair-se-met-aux-couleurs-du-mondial-qatar-2022-photos\/","name":"Partenaire officiel de la FTF, Tunisair se met aux couleurs du Mondial Qatar 2022 (Photos) - Kapitalis","isPartOf":{"@id":"https:\/\/kapitalis.com\/tunisie\/#website"},"primaryImageOfPage":{"@id":"https:\/\/kapitalis.com\/tunisie\/2022\/11\/05\/partenaire-officiel-de-la-ftf-tunisair-se-met-aux-couleurs-du-mondial-qatar-2022-photos\/#primaryimage"},"image":{"@id":"https:\/\/kapitalis.com\/tunisie\/2022\/11\/05\/partenaire-officiel-de-la-ftf-tunisair-se-met-aux-couleurs-du-mondial-qatar-2022-photos\/#primaryimage"},"thumbnailUrl":"https:\/\/kapitalis.com\/tunisie\/wp-content\/uploads\/2022\/11\/avion-tunisair-EN-FTF.jpg","datePublished":"2022-11-05T17:38:43+00:00","dateModified":"2022-11-05T17:42:58+00:00","description":"Partenaire officiel de la F\u00e9d\u00e9ration Tunisienne de Football (FTF), Tunisair d\u00e9voile aujourd\u2019hui un Airbus A320Neo peint aux couleurs du Mondial 2022 avec les portraits des joueurs tunisiens.","breadcrumb":{"@id":"https:\/\/kapitalis.com\/tunisie\/2022\/11\/05\/partenaire-officiel-de-la-ftf-tunisair-se-met-aux-couleurs-du-mondial-qatar-2022-photos\/#breadcrumb"},"inLanguage":"fr-FR","potentialAction":[{"@type":"ReadAction","target":["https:\/\/kapitalis.com\/tunisie\/2022\/11\/05\/partenaire-officiel-de-la-ftf-tunisair-se-met-aux-couleurs-du-mondial-qatar-2022-photos\/"]}]},{"@type":"ImageObject","inLanguage":"fr-FR","@id":"https:\/\/kapitalis.com\/tunisie\/2022\/11\/05\/partenaire-officiel-de-la-ftf-tunisair-se-met-aux-couleurs-du-mondial-qatar-2022-photos\/#primaryimage","url":"https:\/\/kapitalis.com\/tunisie\/wp-content\/uploads\/2022\/11\/avion-tunisair-EN-FTF.jpg","contentUrl":"https:\/\/kapitalis.com\/tunisie\/wp-content\/uploads\/2022\/11\/avion-tunisair-EN-FTF.jpg","width":1200,"height":630},{"@type":"BreadcrumbList","@id":"https:\/\/kapitalis.com\/tunisie\/2022\/11\/05\/partenaire-officiel-de-la-ftf-tunisair-se-met-aux-couleurs-du-mondial-qatar-2022-photos\/#breadcrumb","itemListElement":[{"@type":"ListItem","position":1,"name":"Accueil","item":"https:\/\/kapitalis.com\/tunisie\/"},{"@type":"ListItem","position":2,"name":"Partenaire officiel de la FTF, Tunisair se met aux couleurs du Mondial Qatar 2022 (Photos)"}]},{"@type":"WebSite","@id":"https:\/\/kapitalis.com\/tunisie\/#website","url":"https:\/\/kapitalis.com\/tunisie\/","name":"Kapitalis","description":"L&#039;actualit\u00e9 en Tunisie et dans le monde","publisher":{"@id":"https:\/\/kapitalis.com\/tunisie\/#organization"},"potentialAction":[{"@type":"SearchAction","target":{"@type":"EntryPoint","urlTemplate":"https:\/\/kapitalis.com\/tunisie\/?s={search_term_string}"},"query-input":{"@type":"PropertyValueSpecification","valueRequired":true,"valueName":"search_term_string"}}],"inLanguage":"fr-FR"},{"@type":"Organization","@id":"https:\/\/kapitalis.com\/tunisie\/#organization","name":"Kapitalis","url":"https:\/\/kapitalis.com\/tunisie\/","logo":{"@type":"ImageObject","inLanguage":"fr-FR","@id":"https:\/\/kapitalis.com\/tunisie\/#\/schema\/logo\/image\/","url":"https:\/\/kapitalis.com\/tunisie\/wp-content\/uploads\/2022\/05\/Kapitalis-big-size.png","contentUrl":"https:\/\/kapitalis.com\/tunisie\/wp-content\/uploads\/2022\/05\/Kapitalis-big-size.png","width":5000,"height":1500,"caption":"Kapitalis"},"image":{"@id":"https:\/\/kapitalis.com\/tunisie\/#\/schema\/logo\/image\/"},"sameAs":["https:\/\/www.facebook.com\/KapitalisInfo\/","https:\/\/x.com\/KapitalisInfo","https:\/\/www.youtube.com\/channel\/UC-yDYrHyfFBWWZaOw3FPg9Q"]},{"@type":"Person","@id":"https:\/\/kapitalis.com\/tunisie\/#\/schema\/person\/74bbde0154d49d790a92aaeac5bc01d5","name":"Yusra NY","url":"https:\/\/kapitalis.com\/tunisie\/author\/yuza_adam\/"}]}},"_links":{"self":[{"href":"https:\/\/kapitalis.com\/tunisie\/wp-json\/wp\/v2\/posts\/4818268","targetHints":{"allow":["GET"]}}],"collection":[{"href":"https:\/\/kapitalis.com\/tunisie\/wp-json\/wp\/v2\/posts"}],"about":[{"href":"https:\/\/kapitalis.com\/tunisie\/wp-json\/wp\/v2\/types\/post"}],"author":[{"embeddable":true,"href":"https:\/\/kapitalis.com\/tunisie\/wp-json\/wp\/v2\/users\/6"}],"replies":[{"embeddable":true,"href":"https:\/\/kapitalis.com\/tunisie\/wp-json\/wp\/v2\/comments?post=4818268"}],"version-history":[{"count":0,"href":"https:\/\/kapitalis.com\/tunisie\/wp-json\/wp\/v2\/posts\/4818268\/revisions"}],"wp:featuredmedia":[{"embeddable":true,"href":"https:\/\/kapitalis.com\/tunisie\/wp-json\/wp\/v2\/media\/4818343"}],"wp:attachment":[{"href":"https:\/\/kapitalis.com\/tunisie\/wp-json\/wp\/v2\/media?parent=4818268"}],"wp:term":[{"taxonomy":"category","embeddable":true,"href":"https:\/\/kapitalis.com\/tunisie\/wp-json\/wp\/v2\/categories?post=4818268"},{"taxonomy":"post_tag","embeddable":true,"href":"https:\/\/kapitalis.com\/tunisie\/wp-json\/wp\/v2\/tags?post=4818268"}],"curies":[{"name":"wp","href":"https:\/\/api.w.org\/{rel}","templated":true}]}}