{"id":48323,"date":"2016-04-27T12:18:37","date_gmt":"2016-04-27T11:18:37","guid":{"rendered":"http:\/\/kapitalis.com\/tunisie\/?p=48323"},"modified":"2016-04-27T12:18:37","modified_gmt":"2016-04-27T11:18:37","slug":"mohamed-ayachi-ajroudi-une-television-amie-de-lenvironnement","status":"publish","type":"post","link":"https:\/\/kapitalis.com\/tunisie\/2016\/04\/27\/mohamed-ayachi-ajroudi-une-television-amie-de-lenvironnement\/","title":{"rendered":"Mohamed Ayachi Ajroudi : Une t\u00e9l\u00e9vision \u00abamie\u00bb de l\u2019environnement"},"content":{"rendered":"<p><img loading=\"lazy\" decoding=\"async\" class=\"alignnone size-full wp-image-48324 aligncenter\" src=\"http:\/\/kapitalis.com\/tunisie\/wp-content\/uploads\/2016\/04\/Mohamed-Ayachi-Ajroudi.jpg\" alt=\"Mohamed-Ayachi-Ajroudi\" width=\"626\" height=\"380\" \/><\/p>\n<p><em><strong>Le propri\u00e9taire d\u2019Al-Janoubia TV, rachet\u00e9e en ao\u00fbt 2013, Mohamed Ayachi Ajroudi, est de plus en plus attir\u00e9 par l\u2019audiovisuel.<\/strong> <\/em><\/p>\n<p><!--more--><\/p>\n<p>L\u2019homme d\u2019affaires tunisien qui avait fait fortune en France et en Arabie saoudite envisage, en effet, de lancer une nouvelle cha\u00eene sp\u00e9cialis\u00e9e dans les questions environnementales. On n\u2019en sait pas plus pour le moment, mais cet homme originaire du sud tunisien, qui avait cr\u00e9\u00e9, en\u00a02013,\u00a0le\u00a0Mouvement du Tunisien pour la libert\u00e9 et la dignit\u00e9, avant de\u00a0rejoindre Al-Moubadara de Kamel Morjane,\u00a0et envisag\u00e9 de se pr\u00e9senter \u00e0 la pr\u00e9sidentielle de 2014, semble d\u00e9cid\u00e9 \u00e0 se replacer sur la sc\u00e8ne tunisienne apr\u00e8s un long exil volontaire dans les pays du Golfe.<\/p>\n<p>Originaire de Gab\u00e8s, orphelin et parti de rien \u00e0 l\u2019\u00e2ge de 14 ans vers la France, Mohamed Ayachi Ajroudi\u00a0est aujourd\u2019hui \u00e0 la t\u00eate de plusieurs entreprises op\u00e9rant dans les secteurs de l\u2019immobilier, de l\u2019h\u00f4tellerie, du dessalement des eaux\u00a0et\u00a0du traitement et recyclage des d\u00e9chets m\u00e9nagers&#8230;<\/p>\n<p style=\"text-align: right;\"><strong>Nabil Ben Ameur<\/strong><\/p>\n<p>&nbsp;<\/p>\n<p>&nbsp;<\/p>\n","protected":false},"excerpt":{"rendered":"<p>Le propri\u00e9taire d\u2019Al-Janoubia TV, rachet\u00e9e en ao\u00fbt 2013, Mohamed Ayachi Ajroudi, est de plus en plus attir\u00e9 par l\u2019audiovisuel.<\/p>\n","protected":false},"author":8,"featured_media":48324,"comment_status":"open","ping_status":"open","sticky":false,"template":"","format":"standard","meta":{"footnotes":""},"categories":[996,2433],"tags":[5388,335,395,406],"class_list":["post-48323","post","type-post","status-publish","format-standard","has-post-thumbnail","hentry","category-media","category-tunisie","tag-al-moubadara","tag-environnement","tag-france","tag-gabes"],"yoast_head":"<!-- This site is optimized with the Yoast SEO plugin v26.6 - https:\/\/yoast.com\/wordpress\/plugins\/seo\/ -->\n<title>Mohamed Ayachi Ajroudi : Une t\u00e9l\u00e9vision \u00abamie\u00bb de l\u2019environnement - Kapitalis<\/title>\n<meta name=\"robots\" content=\"index, follow, max-snippet:-1, max-image-preview:large, max-video-preview:-1\" \/>\n<link rel=\"canonical\" href=\"https:\/\/kapitalis.com\/tunisie\/2016\/04\/27\/mohamed-ayachi-ajroudi-une-television-amie-de-lenvironnement\/\" \/>\n<meta property=\"og:locale\" content=\"fr_FR\" \/>\n<meta property=\"og:type\" content=\"article\" \/>\n<meta property=\"og:title\" content=\"Mohamed Ayachi Ajroudi : Une t\u00e9l\u00e9vision \u00abamie\u00bb de l\u2019environnement - Kapitalis\" \/>\n<meta property=\"og:description\" content=\"Le propri\u00e9taire d\u2019Al-Janoubia TV, rachet\u00e9e en ao\u00fbt 2013, Mohamed Ayachi Ajroudi, est de plus en plus attir\u00e9 par l\u2019audiovisuel.\" \/>\n<meta property=\"og:url\" content=\"https:\/\/kapitalis.com\/tunisie\/2016\/04\/27\/mohamed-ayachi-ajroudi-une-television-amie-de-lenvironnement\/\" \/>\n<meta property=\"og:site_name\" content=\"Kapitalis\" \/>\n<meta property=\"article:publisher\" content=\"https:\/\/www.facebook.com\/KapitalisInfo\/\" \/>\n<meta property=\"article:published_time\" content=\"2016-04-27T11:18:37+00:00\" \/>\n<meta property=\"og:image\" content=\"https:\/\/kapitalis.com\/tunisie\/wp-content\/uploads\/2022\/05\/kapitalis-logo-fb.png\" \/>\n\t<meta property=\"og:image:width\" content=\"1200\" \/>\n\t<meta property=\"og:image:height\" content=\"630\" \/>\n\t<meta property=\"og:image:type\" content=\"image\/png\" \/>\n<meta name=\"author\" content=\"webmaster kapitalis\" \/>\n<meta name=\"twitter:card\" content=\"summary_large_image\" \/>\n<meta name=\"twitter:creator\" content=\"@KapitalisInfo\" \/>\n<meta name=\"twitter:site\" content=\"@KapitalisInfo\" \/>\n<meta name=\"twitter:label1\" content=\"\u00c9crit par\" \/>\n\t<meta name=\"twitter:data1\" content=\"webmaster kapitalis\" \/>\n\t<meta name=\"twitter:label2\" content=\"Dur\u00e9e de lecture estim\u00e9e\" \/>\n\t<meta name=\"twitter:data2\" content=\"1 minute\" \/>\n<script type=\"application\/ld+json\" class=\"yoast-schema-graph\">{\"@context\":\"https:\/\/schema.org\",\"@graph\":[{\"@type\":\"Article\",\"@id\":\"https:\/\/kapitalis.com\/tunisie\/2016\/04\/27\/mohamed-ayachi-ajroudi-une-television-amie-de-lenvironnement\/#article\",\"isPartOf\":{\"@id\":\"https:\/\/kapitalis.com\/tunisie\/2016\/04\/27\/mohamed-ayachi-ajroudi-une-television-amie-de-lenvironnement\/\"},\"author\":{\"name\":\"webmaster kapitalis\",\"@id\":\"https:\/\/kapitalis.com\/tunisie\/#\/schema\/person\/d71f33a9ca44f7bad4698210b480c8e9\"},\"headline\":\"Mohamed Ayachi Ajroudi : Une t\u00e9l\u00e9vision \u00abamie\u00bb de l\u2019environnement\",\"datePublished\":\"2016-04-27T11:18:37+00:00\",\"mainEntityOfPage\":{\"@id\":\"https:\/\/kapitalis.com\/tunisie\/2016\/04\/27\/mohamed-ayachi-ajroudi-une-television-amie-de-lenvironnement\/\"},\"wordCount\":192,\"commentCount\":0,\"publisher\":{\"@id\":\"https:\/\/kapitalis.com\/tunisie\/#organization\"},\"image\":{\"@id\":\"https:\/\/kapitalis.com\/tunisie\/2016\/04\/27\/mohamed-ayachi-ajroudi-une-television-amie-de-lenvironnement\/#primaryimage\"},\"thumbnailUrl\":\"\",\"keywords\":[\"al-Moubadara\",\"environnement\",\"France\",\"Gab\u00e8s\"],\"articleSection\":[\"MEDIA\",\"Tunisie\"],\"inLanguage\":\"fr-FR\",\"potentialAction\":[{\"@type\":\"CommentAction\",\"name\":\"Comment\",\"target\":[\"https:\/\/kapitalis.com\/tunisie\/2016\/04\/27\/mohamed-ayachi-ajroudi-une-television-amie-de-lenvironnement\/#respond\"]}]},{\"@type\":\"WebPage\",\"@id\":\"https:\/\/kapitalis.com\/tunisie\/2016\/04\/27\/mohamed-ayachi-ajroudi-une-television-amie-de-lenvironnement\/\",\"url\":\"https:\/\/kapitalis.com\/tunisie\/2016\/04\/27\/mohamed-ayachi-ajroudi-une-television-amie-de-lenvironnement\/\",\"name\":\"Mohamed Ayachi Ajroudi : Une t\u00e9l\u00e9vision \u00abamie\u00bb de l\u2019environnement - Kapitalis\",\"isPartOf\":{\"@id\":\"https:\/\/kapitalis.com\/tunisie\/#website\"},\"primaryImageOfPage\":{\"@id\":\"https:\/\/kapitalis.com\/tunisie\/2016\/04\/27\/mohamed-ayachi-ajroudi-une-television-amie-de-lenvironnement\/#primaryimage\"},\"image\":{\"@id\":\"https:\/\/kapitalis.com\/tunisie\/2016\/04\/27\/mohamed-ayachi-ajroudi-une-television-amie-de-lenvironnement\/#primaryimage\"},\"thumbnailUrl\":\"\",\"datePublished\":\"2016-04-27T11:18:37+00:00\",\"breadcrumb\":{\"@id\":\"https:\/\/kapitalis.com\/tunisie\/2016\/04\/27\/mohamed-ayachi-ajroudi-une-television-amie-de-lenvironnement\/#breadcrumb\"},\"inLanguage\":\"fr-FR\",\"potentialAction\":[{\"@type\":\"ReadAction\",\"target\":[\"https:\/\/kapitalis.com\/tunisie\/2016\/04\/27\/mohamed-ayachi-ajroudi-une-television-amie-de-lenvironnement\/\"]}]},{\"@type\":\"ImageObject\",\"inLanguage\":\"fr-FR\",\"@id\":\"https:\/\/kapitalis.com\/tunisie\/2016\/04\/27\/mohamed-ayachi-ajroudi-une-television-amie-de-lenvironnement\/#primaryimage\",\"url\":\"\",\"contentUrl\":\"\"},{\"@type\":\"BreadcrumbList\",\"@id\":\"https:\/\/kapitalis.com\/tunisie\/2016\/04\/27\/mohamed-ayachi-ajroudi-une-television-amie-de-lenvironnement\/#breadcrumb\",\"itemListElement\":[{\"@type\":\"ListItem\",\"position\":1,\"name\":\"Accueil\",\"item\":\"https:\/\/kapitalis.com\/tunisie\/\"},{\"@type\":\"ListItem\",\"position\":2,\"name\":\"Mohamed Ayachi Ajroudi : Une t\u00e9l\u00e9vision \u00abamie\u00bb de l\u2019environnement\"}]},{\"@type\":\"WebSite\",\"@id\":\"https:\/\/kapitalis.com\/tunisie\/#website\",\"url\":\"https:\/\/kapitalis.com\/tunisie\/\",\"name\":\"Kapitalis\",\"description\":\"L&#039;actualit\u00e9 en Tunisie et dans le monde\",\"publisher\":{\"@id\":\"https:\/\/kapitalis.com\/tunisie\/#organization\"},\"potentialAction\":[{\"@type\":\"SearchAction\",\"target\":{\"@type\":\"EntryPoint\",\"urlTemplate\":\"https:\/\/kapitalis.com\/tunisie\/?s={search_term_string}\"},\"query-input\":{\"@type\":\"PropertyValueSpecification\",\"valueRequired\":true,\"valueName\":\"search_term_string\"}}],\"inLanguage\":\"fr-FR\"},{\"@type\":\"Organization\",\"@id\":\"https:\/\/kapitalis.com\/tunisie\/#organization\",\"name\":\"Kapitalis\",\"url\":\"https:\/\/kapitalis.com\/tunisie\/\",\"logo\":{\"@type\":\"ImageObject\",\"inLanguage\":\"fr-FR\",\"@id\":\"https:\/\/kapitalis.com\/tunisie\/#\/schema\/logo\/image\/\",\"url\":\"https:\/\/kapitalis.com\/tunisie\/wp-content\/uploads\/2022\/05\/Kapitalis-big-size.png\",\"contentUrl\":\"https:\/\/kapitalis.com\/tunisie\/wp-content\/uploads\/2022\/05\/Kapitalis-big-size.png\",\"width\":5000,\"height\":1500,\"caption\":\"Kapitalis\"},\"image\":{\"@id\":\"https:\/\/kapitalis.com\/tunisie\/#\/schema\/logo\/image\/\"},\"sameAs\":[\"https:\/\/www.facebook.com\/KapitalisInfo\/\",\"https:\/\/x.com\/KapitalisInfo\",\"https:\/\/www.youtube.com\/channel\/UC-yDYrHyfFBWWZaOw3FPg9Q\"]},{\"@type\":\"Person\",\"@id\":\"https:\/\/kapitalis.com\/tunisie\/#\/schema\/person\/d71f33a9ca44f7bad4698210b480c8e9\",\"name\":\"webmaster kapitalis\",\"url\":\"https:\/\/kapitalis.com\/tunisie\/author\/webmaster-kapitalis\/\"}]}<\/script>\n<!-- \/ Yoast SEO plugin. -->","yoast_head_json":{"title":"Mohamed Ayachi Ajroudi : Une t\u00e9l\u00e9vision \u00abamie\u00bb de l\u2019environnement - Kapitalis","robots":{"index":"index","follow":"follow","max-snippet":"max-snippet:-1","max-image-preview":"max-image-preview:large","max-video-preview":"max-video-preview:-1"},"canonical":"https:\/\/kapitalis.com\/tunisie\/2016\/04\/27\/mohamed-ayachi-ajroudi-une-television-amie-de-lenvironnement\/","og_locale":"fr_FR","og_type":"article","og_title":"Mohamed Ayachi Ajroudi : Une t\u00e9l\u00e9vision \u00abamie\u00bb de l\u2019environnement - Kapitalis","og_description":"Le propri\u00e9taire d\u2019Al-Janoubia TV, rachet\u00e9e en ao\u00fbt 2013, Mohamed Ayachi Ajroudi, est de plus en plus attir\u00e9 par l\u2019audiovisuel.","og_url":"https:\/\/kapitalis.com\/tunisie\/2016\/04\/27\/mohamed-ayachi-ajroudi-une-television-amie-de-lenvironnement\/","og_site_name":"Kapitalis","article_publisher":"https:\/\/www.facebook.com\/KapitalisInfo\/","article_published_time":"2016-04-27T11:18:37+00:00","og_image":[{"width":1200,"height":630,"url":"https:\/\/kapitalis.com\/tunisie\/wp-content\/uploads\/2022\/05\/kapitalis-logo-fb.png","type":"image\/png"}],"author":"webmaster kapitalis","twitter_card":"summary_large_image","twitter_creator":"@KapitalisInfo","twitter_site":"@KapitalisInfo","twitter_misc":{"\u00c9crit par":"webmaster kapitalis","Dur\u00e9e de lecture estim\u00e9e":"1 minute"},"schema":{"@context":"https:\/\/schema.org","@graph":[{"@type":"Article","@id":"https:\/\/kapitalis.com\/tunisie\/2016\/04\/27\/mohamed-ayachi-ajroudi-une-television-amie-de-lenvironnement\/#article","isPartOf":{"@id":"https:\/\/kapitalis.com\/tunisie\/2016\/04\/27\/mohamed-ayachi-ajroudi-une-television-amie-de-lenvironnement\/"},"author":{"name":"webmaster kapitalis","@id":"https:\/\/kapitalis.com\/tunisie\/#\/schema\/person\/d71f33a9ca44f7bad4698210b480c8e9"},"headline":"Mohamed Ayachi Ajroudi : Une t\u00e9l\u00e9vision \u00abamie\u00bb de l\u2019environnement","datePublished":"2016-04-27T11:18:37+00:00","mainEntityOfPage":{"@id":"https:\/\/kapitalis.com\/tunisie\/2016\/04\/27\/mohamed-ayachi-ajroudi-une-television-amie-de-lenvironnement\/"},"wordCount":192,"commentCount":0,"publisher":{"@id":"https:\/\/kapitalis.com\/tunisie\/#organization"},"image":{"@id":"https:\/\/kapitalis.com\/tunisie\/2016\/04\/27\/mohamed-ayachi-ajroudi-une-television-amie-de-lenvironnement\/#primaryimage"},"thumbnailUrl":"","keywords":["al-Moubadara","environnement","France","Gab\u00e8s"],"articleSection":["MEDIA","Tunisie"],"inLanguage":"fr-FR","potentialAction":[{"@type":"CommentAction","name":"Comment","target":["https:\/\/kapitalis.com\/tunisie\/2016\/04\/27\/mohamed-ayachi-ajroudi-une-television-amie-de-lenvironnement\/#respond"]}]},{"@type":"WebPage","@id":"https:\/\/kapitalis.com\/tunisie\/2016\/04\/27\/mohamed-ayachi-ajroudi-une-television-amie-de-lenvironnement\/","url":"https:\/\/kapitalis.com\/tunisie\/2016\/04\/27\/mohamed-ayachi-ajroudi-une-television-amie-de-lenvironnement\/","name":"Mohamed Ayachi Ajroudi : Une t\u00e9l\u00e9vision \u00abamie\u00bb de l\u2019environnement - Kapitalis","isPartOf":{"@id":"https:\/\/kapitalis.com\/tunisie\/#website"},"primaryImageOfPage":{"@id":"https:\/\/kapitalis.com\/tunisie\/2016\/04\/27\/mohamed-ayachi-ajroudi-une-television-amie-de-lenvironnement\/#primaryimage"},"image":{"@id":"https:\/\/kapitalis.com\/tunisie\/2016\/04\/27\/mohamed-ayachi-ajroudi-une-television-amie-de-lenvironnement\/#primaryimage"},"thumbnailUrl":"","datePublished":"2016-04-27T11:18:37+00:00","breadcrumb":{"@id":"https:\/\/kapitalis.com\/tunisie\/2016\/04\/27\/mohamed-ayachi-ajroudi-une-television-amie-de-lenvironnement\/#breadcrumb"},"inLanguage":"fr-FR","potentialAction":[{"@type":"ReadAction","target":["https:\/\/kapitalis.com\/tunisie\/2016\/04\/27\/mohamed-ayachi-ajroudi-une-television-amie-de-lenvironnement\/"]}]},{"@type":"ImageObject","inLanguage":"fr-FR","@id":"https:\/\/kapitalis.com\/tunisie\/2016\/04\/27\/mohamed-ayachi-ajroudi-une-television-amie-de-lenvironnement\/#primaryimage","url":"","contentUrl":""},{"@type":"BreadcrumbList","@id":"https:\/\/kapitalis.com\/tunisie\/2016\/04\/27\/mohamed-ayachi-ajroudi-une-television-amie-de-lenvironnement\/#breadcrumb","itemListElement":[{"@type":"ListItem","position":1,"name":"Accueil","item":"https:\/\/kapitalis.com\/tunisie\/"},{"@type":"ListItem","position":2,"name":"Mohamed Ayachi Ajroudi : Une t\u00e9l\u00e9vision \u00abamie\u00bb de l\u2019environnement"}]},{"@type":"WebSite","@id":"https:\/\/kapitalis.com\/tunisie\/#website","url":"https:\/\/kapitalis.com\/tunisie\/","name":"Kapitalis","description":"L&#039;actualit\u00e9 en Tunisie et dans le monde","publisher":{"@id":"https:\/\/kapitalis.com\/tunisie\/#organization"},"potentialAction":[{"@type":"SearchAction","target":{"@type":"EntryPoint","urlTemplate":"https:\/\/kapitalis.com\/tunisie\/?s={search_term_string}"},"query-input":{"@type":"PropertyValueSpecification","valueRequired":true,"valueName":"search_term_string"}}],"inLanguage":"fr-FR"},{"@type":"Organization","@id":"https:\/\/kapitalis.com\/tunisie\/#organization","name":"Kapitalis","url":"https:\/\/kapitalis.com\/tunisie\/","logo":{"@type":"ImageObject","inLanguage":"fr-FR","@id":"https:\/\/kapitalis.com\/tunisie\/#\/schema\/logo\/image\/","url":"https:\/\/kapitalis.com\/tunisie\/wp-content\/uploads\/2022\/05\/Kapitalis-big-size.png","contentUrl":"https:\/\/kapitalis.com\/tunisie\/wp-content\/uploads\/2022\/05\/Kapitalis-big-size.png","width":5000,"height":1500,"caption":"Kapitalis"},"image":{"@id":"https:\/\/kapitalis.com\/tunisie\/#\/schema\/logo\/image\/"},"sameAs":["https:\/\/www.facebook.com\/KapitalisInfo\/","https:\/\/x.com\/KapitalisInfo","https:\/\/www.youtube.com\/channel\/UC-yDYrHyfFBWWZaOw3FPg9Q"]},{"@type":"Person","@id":"https:\/\/kapitalis.com\/tunisie\/#\/schema\/person\/d71f33a9ca44f7bad4698210b480c8e9","name":"webmaster kapitalis","url":"https:\/\/kapitalis.com\/tunisie\/author\/webmaster-kapitalis\/"}]}},"_links":{"self":[{"href":"https:\/\/kapitalis.com\/tunisie\/wp-json\/wp\/v2\/posts\/48323","targetHints":{"allow":["GET"]}}],"collection":[{"href":"https:\/\/kapitalis.com\/tunisie\/wp-json\/wp\/v2\/posts"}],"about":[{"href":"https:\/\/kapitalis.com\/tunisie\/wp-json\/wp\/v2\/types\/post"}],"author":[{"embeddable":true,"href":"https:\/\/kapitalis.com\/tunisie\/wp-json\/wp\/v2\/users\/8"}],"replies":[{"embeddable":true,"href":"https:\/\/kapitalis.com\/tunisie\/wp-json\/wp\/v2\/comments?post=48323"}],"version-history":[{"count":0,"href":"https:\/\/kapitalis.com\/tunisie\/wp-json\/wp\/v2\/posts\/48323\/revisions"}],"wp:featuredmedia":[{"embeddable":true,"href":"https:\/\/kapitalis.com\/tunisie\/wp-json\/wp\/v2\/media\/48324"}],"wp:attachment":[{"href":"https:\/\/kapitalis.com\/tunisie\/wp-json\/wp\/v2\/media?parent=48323"}],"wp:term":[{"taxonomy":"category","embeddable":true,"href":"https:\/\/kapitalis.com\/tunisie\/wp-json\/wp\/v2\/categories?post=48323"},{"taxonomy":"post_tag","embeddable":true,"href":"https:\/\/kapitalis.com\/tunisie\/wp-json\/wp\/v2\/tags?post=48323"}],"curies":[{"name":"wp","href":"https:\/\/api.w.org\/{rel}","templated":true}]}}