{"id":4845884,"date":"2022-11-07T07:49:03","date_gmt":"2022-11-07T06:49:03","guid":{"rendered":"https:\/\/kapitalis.com\/tunisie\/?p=4845884"},"modified":"2022-11-07T07:49:05","modified_gmt":"2022-11-07T06:49:05","slug":"tunisie-le-front-du-salut-maintient-le-cap","status":"publish","type":"post","link":"https:\/\/kapitalis.com\/tunisie\/2022\/11\/07\/tunisie-le-front-du-salut-maintient-le-cap\/","title":{"rendered":"Tunisie\u00a0: le Front du salut maintient le cap"},"content":{"rendered":"\n<p><strong><em>M\u00eame s\u2019il ne parvient pas \u00e0 rassembler les autres mouvements d\u2019opposition au pouvoir personnel du pr\u00e9sident de la r\u00e9publique Ka\u00efs Sa\u00efed, le Front de salut national (FSN) continue \u00e0 parcourir la Tunisie dans l\u2019espoir de se rallier davantage de citoyens d\u00e9\u00e7us par les \u00e9checs du pouvoir en place.<\/em><\/strong><\/p>\n\n\n\n<!--more-->\n\n\n\n<p>C\u2019est dans ce cadre de cette volont\u00e9 de mobilisation qu\u2019il a tenu, dimanche 6 novembre 2022, un meeting populaire \u00e0 Sidi Bouzid, suivi d\u2019une marche organis\u00e9e \u00e0 Regueb, avec la participation de son pr\u00e9sident Nejib Chebbi et d\u2019autres figures du mouvement tels Samira Chaouachi, Samir Dilou et Jaouher Ben Mbarek.<\/p>\n\n\n\n<p>Des membres et sympathisants du Front ont particip\u00e9 \u00e0 la marche au cours de laquelle plusieurs slogans ont \u00e9t\u00e9 scand\u00e9s par des manifestants dont des messages appelant au <em>\u00abrespect des libert\u00e9s\u00bb<\/em> et condamnant <em>\u00abla recrudescence de la r\u00e9pression\u00bb<\/em>.<\/p>\n\n\n\n<p>Des querelles verbales ont eu lieu entre partisans et opposants au FSN, lors de la marche dans la ville de Regueb, comme constat\u00e9 par le journaliste de l\u2019agence Tap.<\/p>\n\n\n<div class=\"wp-block-image\">\n<figure class=\"aligncenter size-large is-resized\"><img decoding=\"async\" src=\"https:\/\/kapitalis.com\/tunisie\/wp-content\/uploads\/2022\/11\/Front-du-salut-national-Regueb-1024x538.jpg\" alt=\"\" class=\"wp-image-4845932\" width=\"600\" srcset=\"https:\/\/kapitalis.com\/tunisie\/wp-content\/uploads\/2022\/11\/Front-du-salut-national-Regueb-1024x538.jpg 1024w, https:\/\/kapitalis.com\/tunisie\/wp-content\/uploads\/2022\/11\/Front-du-salut-national-Regueb-300x158.jpg 300w, https:\/\/kapitalis.com\/tunisie\/wp-content\/uploads\/2022\/11\/Front-du-salut-national-Regueb-768x403.jpg 768w, https:\/\/kapitalis.com\/tunisie\/wp-content\/uploads\/2022\/11\/Front-du-salut-national-Regueb-580x305.jpg 580w, https:\/\/kapitalis.com\/tunisie\/wp-content\/uploads\/2022\/11\/Front-du-salut-national-Regueb-860x452.jpg 860w, https:\/\/kapitalis.com\/tunisie\/wp-content\/uploads\/2022\/11\/Front-du-salut-national-Regueb-1160x609.jpg 1160w, https:\/\/kapitalis.com\/tunisie\/wp-content\/uploads\/2022\/11\/Front-du-salut-national-Regueb.jpg 1200w\" sizes=\"(max-width: 1024px) 100vw, 1024px\" \/><\/figure>\n<\/div>\n\n\n<p>Dans un discours, Nejib Chebbi a d\u00e9clar\u00e9 que le meeting du FSN s\u2019est tenu <em>\u00abmalgr\u00e9 les restrictions visant \u00e0 l\u2019interdire. Nous avons rencontr\u00e9 des partisans du Front pour d\u00e9fendre les acquis de la r\u00e9volution et la libert\u00e9 d\u2019expression et de r\u00e9union\u00bb<\/em>.<\/p>\n\n\n\n<p>Le FSN <em>\u00abn\u2019est pas seul dans l\u2019opposition\u00bb<\/em>, a-t-il dit, ajoutant qu\u2019il est soutenu par d\u2019autres partis et organisations qui <em>\u00abrejettent le coup d&rsquo;Etat\u00bb, <\/em>par allusion \u00e0 l\u2019Etat d\u2019exception proclam\u00e9 par le pr\u00e9sident de la r\u00e9publique Ka\u00efs Sa\u00efed, le 25 juillet 2021, et appellent au <em>\u00abretour de la d\u00e9mocratie\u00bb<\/em>.<\/p>\n\n\n\n<p>N\u00e9jib Chebbi a rappel\u00e9 que le Front rejette \u00abtoute forme de despotisme et de totalitarisme\u00bb qui tente de <em>\u00abramener la Tunisie en arri\u00e8re\u00bb<\/em>, ajoutant que les autorit\u00e9s <em>\u00abiront d\u2019\u00e9chec en \u00e9chec\u00bb<\/em>. Le prochain \u00e9chec qu\u2019il essuiera sera le boycott des \u00e9lections par les Tunisiens, a-t-il dit, par allusion aux l\u00e9gislatives anticip\u00e9es du 17 d\u00e9cembre prochain boycott\u00e9es par la majorit\u00e9 des partis.<\/p>\n\n\n<div class=\"wp-block-image\">\n<figure class=\"aligncenter size-large is-resized\"><img decoding=\"async\" src=\"https:\/\/kapitalis.com\/tunisie\/wp-content\/uploads\/2022\/11\/Nejib-Chebbi-FSN-1024x538.jpg\" alt=\"\" class=\"wp-image-4845943\" width=\"600\" srcset=\"https:\/\/kapitalis.com\/tunisie\/wp-content\/uploads\/2022\/11\/Nejib-Chebbi-FSN-1024x538.jpg 1024w, https:\/\/kapitalis.com\/tunisie\/wp-content\/uploads\/2022\/11\/Nejib-Chebbi-FSN-300x158.jpg 300w, https:\/\/kapitalis.com\/tunisie\/wp-content\/uploads\/2022\/11\/Nejib-Chebbi-FSN-768x403.jpg 768w, https:\/\/kapitalis.com\/tunisie\/wp-content\/uploads\/2022\/11\/Nejib-Chebbi-FSN-580x305.jpg 580w, https:\/\/kapitalis.com\/tunisie\/wp-content\/uploads\/2022\/11\/Nejib-Chebbi-FSN-860x452.jpg 860w, https:\/\/kapitalis.com\/tunisie\/wp-content\/uploads\/2022\/11\/Nejib-Chebbi-FSN-1160x609.jpg 1160w, https:\/\/kapitalis.com\/tunisie\/wp-content\/uploads\/2022\/11\/Nejib-Chebbi-FSN.jpg 1200w\" sizes=\"(max-width: 1024px) 100vw, 1024px\" \/><figcaption class=\"wp-element-caption\"><em>N\u00e9jib Chebbi, Samir Dilou et Jaouher Ben Mbarek.  <\/em><\/figcaption><\/figure>\n<\/div>\n\n\n<p>Dans un communiqu\u00e9 rendu public la veille, le FSN avait condamn\u00e9 les <em>\u00abrestrictions\u00bb<\/em> le visant et visant \u00e0 <em>\u00abl\u2019emp\u00eacher de tenir des r\u00e9unions dans divers espaces priv\u00e9s de la ville de Regueb, Sidi Bouzid\u00bb<\/em>.<\/p>\n\n\n\n<p>Rappelons que le FSN est constitu\u00e9 de partis ayant \u00e9t\u00e9 associ\u00e9s au pouvoir au cours des dix derni\u00e8res ann\u00e9es, comme Ennahdha et Qalb Tounes, ainsi que des figures assez controvers\u00e9es de la sc\u00e8ne politique nationale, d&rsquo;o\u00f9 les difficult\u00e9s qu&rsquo;il \u00e9prouve \u00e0 donner du cr\u00e9dit \u00e0 son mouvement.  <\/p>\n\n\n\n<p class=\"has-text-align-right\"><strong>I. B.<\/strong> \u00a0<\/p>\n\n\n\n<figure class=\"wp-block-embed is-type-wp-embed is-provider-kapitalis wp-block-embed-kapitalis\"><div class=\"wp-block-embed__wrapper\">\n<blockquote class=\"wp-embedded-content\" data-secret=\"R0sNj9LLyE\"><a href=\"https:\/\/kapitalis.com\/tunisie\/2022\/10\/16\/politique-demonstration-de-force-du-front-du-salut-a-tunis\/\">Politique\u00a0: d\u00e9monstration de force du Front du salut \u00e0 Tunis \u00a0<\/a><\/blockquote><iframe loading=\"lazy\" class=\"wp-embedded-content\" sandbox=\"allow-scripts\" security=\"restricted\" style=\"position: absolute; clip: rect(1px, 1px, 1px, 1px);\" title=\"\u00ab\u00a0Politique\u00a0: d\u00e9monstration de force du Front du salut \u00e0 Tunis \u00a0\u00a0\u00bb &#8212; Kapitalis\" src=\"https:\/\/kapitalis.com\/tunisie\/2022\/10\/16\/politique-demonstration-de-force-du-front-du-salut-a-tunis\/embed\/#?secret=kZFKnTfsaa#?secret=R0sNj9LLyE\" data-secret=\"R0sNj9LLyE\" width=\"600\" height=\"338\" frameborder=\"0\" marginwidth=\"0\" marginheight=\"0\" scrolling=\"no\"><\/iframe>\n<\/div><\/figure>\n\n\n\n<figure class=\"wp-block-embed is-type-wp-embed is-provider-kapitalis wp-block-embed-kapitalis\"><div class=\"wp-block-embed__wrapper\">\n<blockquote class=\"wp-embedded-content\" data-secret=\"bhpnoU7R9A\"><a href=\"https:\/\/kapitalis.com\/tunisie\/2022\/11\/05\/tunisie-le-front-de-salut-veut-former-un-gouvernement-de-sauvetage\/\">Tunisie : Le Front de salut veut former \u00abun gouvernement de sauvetage\u00bb<\/a><\/blockquote><iframe loading=\"lazy\" class=\"wp-embedded-content\" sandbox=\"allow-scripts\" security=\"restricted\" style=\"position: absolute; clip: rect(1px, 1px, 1px, 1px);\" title=\"\u00ab\u00a0Tunisie : Le Front de salut veut former \u00abun gouvernement de sauvetage\u00bb\u00a0\u00bb &#8212; Kapitalis\" src=\"https:\/\/kapitalis.com\/tunisie\/2022\/11\/05\/tunisie-le-front-de-salut-veut-former-un-gouvernement-de-sauvetage\/embed\/#?secret=Xw7GPLpX0Z#?secret=bhpnoU7R9A\" data-secret=\"bhpnoU7R9A\" width=\"600\" height=\"338\" frameborder=\"0\" marginwidth=\"0\" marginheight=\"0\" scrolling=\"no\"><\/iframe>\n<\/div><\/figure>\n","protected":false},"excerpt":{"rendered":"<p>Le Front de salut continue \u00e0 parcourir la Tunisie dans l\u2019espoir de se rallier davantage de citoyens d\u00e9\u00e7us par les \u00e9checs du pouvoir en place.<\/p>\n","protected":false},"author":8,"featured_media":4845922,"comment_status":"open","ping_status":"open","sticky":false,"template":"","format":"standard","meta":{"footnotes":""},"categories":[997,2433],"tags":[49543,99446,93868,76012,83242,778,3756,17018,828,62643],"class_list":["post-4845884","post","type-post","status-publish","format-standard","has-post-thumbnail","hentry","category-politique","category-tunisie","tag-ennahdha","tag-front-du-salut-national","tag-jaouher-ben-mbarek","tag-kais-saied-2","tag-nejib-chebbi-2","tag-regueb","tag-samir-dilou","tag-samira-chaouachi","tag-sidi-bouzid","tag-tunisie"],"yoast_head":"<!-- This site is optimized with the Yoast SEO plugin v26.6 - https:\/\/yoast.com\/wordpress\/plugins\/seo\/ -->\n<title>Tunisie\u00a0: le Front du salut maintient le cap - Kapitalis<\/title>\n<meta name=\"robots\" content=\"index, follow, max-snippet:-1, max-image-preview:large, max-video-preview:-1\" \/>\n<link rel=\"canonical\" href=\"https:\/\/kapitalis.com\/tunisie\/2022\/11\/07\/tunisie-le-front-du-salut-maintient-le-cap\/\" \/>\n<meta property=\"og:locale\" content=\"fr_FR\" \/>\n<meta property=\"og:type\" content=\"article\" \/>\n<meta property=\"og:title\" content=\"Tunisie\u00a0: le Front du salut maintient le cap - Kapitalis\" \/>\n<meta property=\"og:description\" content=\"Le Front de salut continue \u00e0 parcourir la Tunisie dans l\u2019espoir de se rallier davantage de citoyens d\u00e9\u00e7us par les \u00e9checs du pouvoir en place.\" \/>\n<meta property=\"og:url\" content=\"https:\/\/kapitalis.com\/tunisie\/2022\/11\/07\/tunisie-le-front-du-salut-maintient-le-cap\/\" \/>\n<meta property=\"og:site_name\" content=\"Kapitalis\" \/>\n<meta property=\"article:publisher\" content=\"https:\/\/www.facebook.com\/KapitalisInfo\/\" \/>\n<meta property=\"article:published_time\" content=\"2022-11-07T06:49:03+00:00\" \/>\n<meta property=\"article:modified_time\" content=\"2022-11-07T06:49:05+00:00\" \/>\n<meta property=\"og:image\" content=\"https:\/\/kapitalis.com\/tunisie\/wp-content\/uploads\/2022\/11\/Front-du-salut-national-Regueb-2.jpg\" \/>\n\t<meta property=\"og:image:width\" content=\"1200\" \/>\n\t<meta property=\"og:image:height\" content=\"630\" \/>\n\t<meta property=\"og:image:type\" content=\"image\/jpeg\" \/>\n<meta name=\"author\" content=\"webmaster kapitalis\" \/>\n<meta name=\"twitter:card\" content=\"summary_large_image\" \/>\n<meta name=\"twitter:creator\" content=\"@KapitalisInfo\" \/>\n<meta name=\"twitter:site\" content=\"@KapitalisInfo\" \/>\n<meta name=\"twitter:label1\" content=\"\u00c9crit par\" \/>\n\t<meta name=\"twitter:data1\" content=\"webmaster kapitalis\" \/>\n\t<meta name=\"twitter:label2\" content=\"Dur\u00e9e de lecture estim\u00e9e\" \/>\n\t<meta name=\"twitter:data2\" content=\"3 minutes\" \/>\n<script type=\"application\/ld+json\" class=\"yoast-schema-graph\">{\"@context\":\"https:\/\/schema.org\",\"@graph\":[{\"@type\":\"Article\",\"@id\":\"https:\/\/kapitalis.com\/tunisie\/2022\/11\/07\/tunisie-le-front-du-salut-maintient-le-cap\/#article\",\"isPartOf\":{\"@id\":\"https:\/\/kapitalis.com\/tunisie\/2022\/11\/07\/tunisie-le-front-du-salut-maintient-le-cap\/\"},\"author\":{\"name\":\"webmaster kapitalis\",\"@id\":\"https:\/\/kapitalis.com\/tunisie\/#\/schema\/person\/d71f33a9ca44f7bad4698210b480c8e9\"},\"headline\":\"Tunisie\u00a0: le Front du salut maintient le cap\",\"datePublished\":\"2022-11-07T06:49:03+00:00\",\"dateModified\":\"2022-11-07T06:49:05+00:00\",\"mainEntityOfPage\":{\"@id\":\"https:\/\/kapitalis.com\/tunisie\/2022\/11\/07\/tunisie-le-front-du-salut-maintient-le-cap\/\"},\"wordCount\":467,\"commentCount\":1,\"publisher\":{\"@id\":\"https:\/\/kapitalis.com\/tunisie\/#organization\"},\"image\":{\"@id\":\"https:\/\/kapitalis.com\/tunisie\/2022\/11\/07\/tunisie-le-front-du-salut-maintient-le-cap\/#primaryimage\"},\"thumbnailUrl\":\"https:\/\/kapitalis.com\/tunisie\/wp-content\/uploads\/2022\/11\/Front-du-salut-national-Regueb-2.jpg\",\"keywords\":[\"Ennahdha\",\"Front du salut national\",\"Jaouher Ben Mbarek\",\"Ka\u00efs Sa\u00efed\",\"Nejib Chebbi\",\"Regueb\",\"Samir Dilou\",\"Samira Chaouachi\",\"Sidi Bouzid\",\"Tunisie\"],\"articleSection\":[\"POLITIQUE\",\"Tunisie\"],\"inLanguage\":\"fr-FR\",\"potentialAction\":[{\"@type\":\"CommentAction\",\"name\":\"Comment\",\"target\":[\"https:\/\/kapitalis.com\/tunisie\/2022\/11\/07\/tunisie-le-front-du-salut-maintient-le-cap\/#respond\"]}]},{\"@type\":\"WebPage\",\"@id\":\"https:\/\/kapitalis.com\/tunisie\/2022\/11\/07\/tunisie-le-front-du-salut-maintient-le-cap\/\",\"url\":\"https:\/\/kapitalis.com\/tunisie\/2022\/11\/07\/tunisie-le-front-du-salut-maintient-le-cap\/\",\"name\":\"Tunisie\u00a0: le Front du salut maintient le cap - Kapitalis\",\"isPartOf\":{\"@id\":\"https:\/\/kapitalis.com\/tunisie\/#website\"},\"primaryImageOfPage\":{\"@id\":\"https:\/\/kapitalis.com\/tunisie\/2022\/11\/07\/tunisie-le-front-du-salut-maintient-le-cap\/#primaryimage\"},\"image\":{\"@id\":\"https:\/\/kapitalis.com\/tunisie\/2022\/11\/07\/tunisie-le-front-du-salut-maintient-le-cap\/#primaryimage\"},\"thumbnailUrl\":\"https:\/\/kapitalis.com\/tunisie\/wp-content\/uploads\/2022\/11\/Front-du-salut-national-Regueb-2.jpg\",\"datePublished\":\"2022-11-07T06:49:03+00:00\",\"dateModified\":\"2022-11-07T06:49:05+00:00\",\"breadcrumb\":{\"@id\":\"https:\/\/kapitalis.com\/tunisie\/2022\/11\/07\/tunisie-le-front-du-salut-maintient-le-cap\/#breadcrumb\"},\"inLanguage\":\"fr-FR\",\"potentialAction\":[{\"@type\":\"ReadAction\",\"target\":[\"https:\/\/kapitalis.com\/tunisie\/2022\/11\/07\/tunisie-le-front-du-salut-maintient-le-cap\/\"]}]},{\"@type\":\"ImageObject\",\"inLanguage\":\"fr-FR\",\"@id\":\"https:\/\/kapitalis.com\/tunisie\/2022\/11\/07\/tunisie-le-front-du-salut-maintient-le-cap\/#primaryimage\",\"url\":\"https:\/\/kapitalis.com\/tunisie\/wp-content\/uploads\/2022\/11\/Front-du-salut-national-Regueb-2.jpg\",\"contentUrl\":\"https:\/\/kapitalis.com\/tunisie\/wp-content\/uploads\/2022\/11\/Front-du-salut-national-Regueb-2.jpg\",\"width\":1200,\"height\":630},{\"@type\":\"BreadcrumbList\",\"@id\":\"https:\/\/kapitalis.com\/tunisie\/2022\/11\/07\/tunisie-le-front-du-salut-maintient-le-cap\/#breadcrumb\",\"itemListElement\":[{\"@type\":\"ListItem\",\"position\":1,\"name\":\"Accueil\",\"item\":\"https:\/\/kapitalis.com\/tunisie\/\"},{\"@type\":\"ListItem\",\"position\":2,\"name\":\"Tunisie\u00a0: le Front du salut maintient le cap\"}]},{\"@type\":\"WebSite\",\"@id\":\"https:\/\/kapitalis.com\/tunisie\/#website\",\"url\":\"https:\/\/kapitalis.com\/tunisie\/\",\"name\":\"Kapitalis\",\"description\":\"L&#039;actualit\u00e9 en Tunisie et dans le monde\",\"publisher\":{\"@id\":\"https:\/\/kapitalis.com\/tunisie\/#organization\"},\"potentialAction\":[{\"@type\":\"SearchAction\",\"target\":{\"@type\":\"EntryPoint\",\"urlTemplate\":\"https:\/\/kapitalis.com\/tunisie\/?s={search_term_string}\"},\"query-input\":{\"@type\":\"PropertyValueSpecification\",\"valueRequired\":true,\"valueName\":\"search_term_string\"}}],\"inLanguage\":\"fr-FR\"},{\"@type\":\"Organization\",\"@id\":\"https:\/\/kapitalis.com\/tunisie\/#organization\",\"name\":\"Kapitalis\",\"url\":\"https:\/\/kapitalis.com\/tunisie\/\",\"logo\":{\"@type\":\"ImageObject\",\"inLanguage\":\"fr-FR\",\"@id\":\"https:\/\/kapitalis.com\/tunisie\/#\/schema\/logo\/image\/\",\"url\":\"https:\/\/kapitalis.com\/tunisie\/wp-content\/uploads\/2022\/05\/Kapitalis-big-size.png\",\"contentUrl\":\"https:\/\/kapitalis.com\/tunisie\/wp-content\/uploads\/2022\/05\/Kapitalis-big-size.png\",\"width\":5000,\"height\":1500,\"caption\":\"Kapitalis\"},\"image\":{\"@id\":\"https:\/\/kapitalis.com\/tunisie\/#\/schema\/logo\/image\/\"},\"sameAs\":[\"https:\/\/www.facebook.com\/KapitalisInfo\/\",\"https:\/\/x.com\/KapitalisInfo\",\"https:\/\/www.youtube.com\/channel\/UC-yDYrHyfFBWWZaOw3FPg9Q\"]},{\"@type\":\"Person\",\"@id\":\"https:\/\/kapitalis.com\/tunisie\/#\/schema\/person\/d71f33a9ca44f7bad4698210b480c8e9\",\"name\":\"webmaster kapitalis\",\"url\":\"https:\/\/kapitalis.com\/tunisie\/author\/webmaster-kapitalis\/\"}]}<\/script>\n<!-- \/ Yoast SEO plugin. -->","yoast_head_json":{"title":"Tunisie\u00a0: le Front du salut maintient le cap - Kapitalis","robots":{"index":"index","follow":"follow","max-snippet":"max-snippet:-1","max-image-preview":"max-image-preview:large","max-video-preview":"max-video-preview:-1"},"canonical":"https:\/\/kapitalis.com\/tunisie\/2022\/11\/07\/tunisie-le-front-du-salut-maintient-le-cap\/","og_locale":"fr_FR","og_type":"article","og_title":"Tunisie\u00a0: le Front du salut maintient le cap - Kapitalis","og_description":"Le Front de salut continue \u00e0 parcourir la Tunisie dans l\u2019espoir de se rallier davantage de citoyens d\u00e9\u00e7us par les \u00e9checs du pouvoir en place.","og_url":"https:\/\/kapitalis.com\/tunisie\/2022\/11\/07\/tunisie-le-front-du-salut-maintient-le-cap\/","og_site_name":"Kapitalis","article_publisher":"https:\/\/www.facebook.com\/KapitalisInfo\/","article_published_time":"2022-11-07T06:49:03+00:00","article_modified_time":"2022-11-07T06:49:05+00:00","og_image":[{"width":1200,"height":630,"url":"https:\/\/kapitalis.com\/tunisie\/wp-content\/uploads\/2022\/11\/Front-du-salut-national-Regueb-2.jpg","type":"image\/jpeg"}],"author":"webmaster kapitalis","twitter_card":"summary_large_image","twitter_creator":"@KapitalisInfo","twitter_site":"@KapitalisInfo","twitter_misc":{"\u00c9crit par":"webmaster kapitalis","Dur\u00e9e de lecture estim\u00e9e":"3 minutes"},"schema":{"@context":"https:\/\/schema.org","@graph":[{"@type":"Article","@id":"https:\/\/kapitalis.com\/tunisie\/2022\/11\/07\/tunisie-le-front-du-salut-maintient-le-cap\/#article","isPartOf":{"@id":"https:\/\/kapitalis.com\/tunisie\/2022\/11\/07\/tunisie-le-front-du-salut-maintient-le-cap\/"},"author":{"name":"webmaster kapitalis","@id":"https:\/\/kapitalis.com\/tunisie\/#\/schema\/person\/d71f33a9ca44f7bad4698210b480c8e9"},"headline":"Tunisie\u00a0: le Front du salut maintient le cap","datePublished":"2022-11-07T06:49:03+00:00","dateModified":"2022-11-07T06:49:05+00:00","mainEntityOfPage":{"@id":"https:\/\/kapitalis.com\/tunisie\/2022\/11\/07\/tunisie-le-front-du-salut-maintient-le-cap\/"},"wordCount":467,"commentCount":1,"publisher":{"@id":"https:\/\/kapitalis.com\/tunisie\/#organization"},"image":{"@id":"https:\/\/kapitalis.com\/tunisie\/2022\/11\/07\/tunisie-le-front-du-salut-maintient-le-cap\/#primaryimage"},"thumbnailUrl":"https:\/\/kapitalis.com\/tunisie\/wp-content\/uploads\/2022\/11\/Front-du-salut-national-Regueb-2.jpg","keywords":["Ennahdha","Front du salut national","Jaouher Ben Mbarek","Ka\u00efs Sa\u00efed","Nejib Chebbi","Regueb","Samir Dilou","Samira Chaouachi","Sidi Bouzid","Tunisie"],"articleSection":["POLITIQUE","Tunisie"],"inLanguage":"fr-FR","potentialAction":[{"@type":"CommentAction","name":"Comment","target":["https:\/\/kapitalis.com\/tunisie\/2022\/11\/07\/tunisie-le-front-du-salut-maintient-le-cap\/#respond"]}]},{"@type":"WebPage","@id":"https:\/\/kapitalis.com\/tunisie\/2022\/11\/07\/tunisie-le-front-du-salut-maintient-le-cap\/","url":"https:\/\/kapitalis.com\/tunisie\/2022\/11\/07\/tunisie-le-front-du-salut-maintient-le-cap\/","name":"Tunisie\u00a0: le Front du salut maintient le cap - Kapitalis","isPartOf":{"@id":"https:\/\/kapitalis.com\/tunisie\/#website"},"primaryImageOfPage":{"@id":"https:\/\/kapitalis.com\/tunisie\/2022\/11\/07\/tunisie-le-front-du-salut-maintient-le-cap\/#primaryimage"},"image":{"@id":"https:\/\/kapitalis.com\/tunisie\/2022\/11\/07\/tunisie-le-front-du-salut-maintient-le-cap\/#primaryimage"},"thumbnailUrl":"https:\/\/kapitalis.com\/tunisie\/wp-content\/uploads\/2022\/11\/Front-du-salut-national-Regueb-2.jpg","datePublished":"2022-11-07T06:49:03+00:00","dateModified":"2022-11-07T06:49:05+00:00","breadcrumb":{"@id":"https:\/\/kapitalis.com\/tunisie\/2022\/11\/07\/tunisie-le-front-du-salut-maintient-le-cap\/#breadcrumb"},"inLanguage":"fr-FR","potentialAction":[{"@type":"ReadAction","target":["https:\/\/kapitalis.com\/tunisie\/2022\/11\/07\/tunisie-le-front-du-salut-maintient-le-cap\/"]}]},{"@type":"ImageObject","inLanguage":"fr-FR","@id":"https:\/\/kapitalis.com\/tunisie\/2022\/11\/07\/tunisie-le-front-du-salut-maintient-le-cap\/#primaryimage","url":"https:\/\/kapitalis.com\/tunisie\/wp-content\/uploads\/2022\/11\/Front-du-salut-national-Regueb-2.jpg","contentUrl":"https:\/\/kapitalis.com\/tunisie\/wp-content\/uploads\/2022\/11\/Front-du-salut-national-Regueb-2.jpg","width":1200,"height":630},{"@type":"BreadcrumbList","@id":"https:\/\/kapitalis.com\/tunisie\/2022\/11\/07\/tunisie-le-front-du-salut-maintient-le-cap\/#breadcrumb","itemListElement":[{"@type":"ListItem","position":1,"name":"Accueil","item":"https:\/\/kapitalis.com\/tunisie\/"},{"@type":"ListItem","position":2,"name":"Tunisie\u00a0: le Front du salut maintient le cap"}]},{"@type":"WebSite","@id":"https:\/\/kapitalis.com\/tunisie\/#website","url":"https:\/\/kapitalis.com\/tunisie\/","name":"Kapitalis","description":"L&#039;actualit\u00e9 en Tunisie et dans le monde","publisher":{"@id":"https:\/\/kapitalis.com\/tunisie\/#organization"},"potentialAction":[{"@type":"SearchAction","target":{"@type":"EntryPoint","urlTemplate":"https:\/\/kapitalis.com\/tunisie\/?s={search_term_string}"},"query-input":{"@type":"PropertyValueSpecification","valueRequired":true,"valueName":"search_term_string"}}],"inLanguage":"fr-FR"},{"@type":"Organization","@id":"https:\/\/kapitalis.com\/tunisie\/#organization","name":"Kapitalis","url":"https:\/\/kapitalis.com\/tunisie\/","logo":{"@type":"ImageObject","inLanguage":"fr-FR","@id":"https:\/\/kapitalis.com\/tunisie\/#\/schema\/logo\/image\/","url":"https:\/\/kapitalis.com\/tunisie\/wp-content\/uploads\/2022\/05\/Kapitalis-big-size.png","contentUrl":"https:\/\/kapitalis.com\/tunisie\/wp-content\/uploads\/2022\/05\/Kapitalis-big-size.png","width":5000,"height":1500,"caption":"Kapitalis"},"image":{"@id":"https:\/\/kapitalis.com\/tunisie\/#\/schema\/logo\/image\/"},"sameAs":["https:\/\/www.facebook.com\/KapitalisInfo\/","https:\/\/x.com\/KapitalisInfo","https:\/\/www.youtube.com\/channel\/UC-yDYrHyfFBWWZaOw3FPg9Q"]},{"@type":"Person","@id":"https:\/\/kapitalis.com\/tunisie\/#\/schema\/person\/d71f33a9ca44f7bad4698210b480c8e9","name":"webmaster kapitalis","url":"https:\/\/kapitalis.com\/tunisie\/author\/webmaster-kapitalis\/"}]}},"_links":{"self":[{"href":"https:\/\/kapitalis.com\/tunisie\/wp-json\/wp\/v2\/posts\/4845884","targetHints":{"allow":["GET"]}}],"collection":[{"href":"https:\/\/kapitalis.com\/tunisie\/wp-json\/wp\/v2\/posts"}],"about":[{"href":"https:\/\/kapitalis.com\/tunisie\/wp-json\/wp\/v2\/types\/post"}],"author":[{"embeddable":true,"href":"https:\/\/kapitalis.com\/tunisie\/wp-json\/wp\/v2\/users\/8"}],"replies":[{"embeddable":true,"href":"https:\/\/kapitalis.com\/tunisie\/wp-json\/wp\/v2\/comments?post=4845884"}],"version-history":[{"count":0,"href":"https:\/\/kapitalis.com\/tunisie\/wp-json\/wp\/v2\/posts\/4845884\/revisions"}],"wp:featuredmedia":[{"embeddable":true,"href":"https:\/\/kapitalis.com\/tunisie\/wp-json\/wp\/v2\/media\/4845922"}],"wp:attachment":[{"href":"https:\/\/kapitalis.com\/tunisie\/wp-json\/wp\/v2\/media?parent=4845884"}],"wp:term":[{"taxonomy":"category","embeddable":true,"href":"https:\/\/kapitalis.com\/tunisie\/wp-json\/wp\/v2\/categories?post=4845884"},{"taxonomy":"post_tag","embeddable":true,"href":"https:\/\/kapitalis.com\/tunisie\/wp-json\/wp\/v2\/tags?post=4845884"}],"curies":[{"name":"wp","href":"https:\/\/api.w.org\/{rel}","templated":true}]}}