{"id":48471,"date":"2016-04-28T16:07:01","date_gmt":"2016-04-28T15:07:01","guid":{"rendered":"http:\/\/kapitalis.com\/tunisie\/?p=48471"},"modified":"2016-04-28T18:01:47","modified_gmt":"2016-04-28T17:01:47","slug":"walid-ettounsi-mon-gala-au-canada-aura-bien-lieu","status":"publish","type":"post","link":"https:\/\/kapitalis.com\/tunisie\/2016\/04\/28\/walid-ettounsi-mon-gala-au-canada-aura-bien-lieu\/","title":{"rendered":"Walid Ettounsi : \u00abMon gala au Canada aura bien lieu\u00bb"},"content":{"rendered":"<p style=\"text-align: center;\"><img loading=\"lazy\" decoding=\"async\" class=\"alignnone size-full wp-image-48477\" src=\"http:\/\/kapitalis.com\/tunisie\/wp-content\/uploads\/2016\/04\/Walid-Ettounsi-1.jpg\" alt=\"Walid Ettounsi\" width=\"626\" height=\"380\" \/><\/p>\n<p><em><strong>Walid Ettounsi\u00a0a confirm\u00e9 qu\u2019il se produira bien, le 20 mai 2016, au Canada, contrairement aux rumeurs relatives \u00e0 l&rsquo;annulation de ce gala ayant circul\u00e9 ce matin.<\/strong><\/em><\/p>\n<p><!--more--><\/p>\n<p>Le chanteur populaire a d\u00e9menti, dans une vid\u00e9o diffus\u00e9e sur les reseaux sociaux, l\u2019<a href=\"http:\/\/kapitalis.com\/tunisie\/2016\/04\/28\/walid-ettounsi-sera-t-il-prive-de-gala-au-canada\/\">intox <\/a>diffus\u00e9e par l\u2019association Shams, qui\u00a0d\u00e9fend les droits des homosexuels, et qui a \u00e9t\u00e9 reprise par plusieurs m\u00e9dias.<\/p>\n<p>Shams avait pr\u00e9tendu que plusieurs associations canadiennes se sont mobilis\u00e9es pour d\u00e9noncer l\u2019homophobie du chanteur et ont fait des d\u00e9marches aupr\u00e8s de parties officielles pour faire annuler le spectacle pr\u00e9vu au Th\u00e9\u00e2tre Rialto \u00e0 Montr\u00e9al.<\/p>\n<div class=\"embed\">\n<div class=\"video\"><iframe loading=\"lazy\" src=\"https:\/\/www.youtube.com\/embed\/8PK8ShJMtJ8?&amp;showinfo=0&amp;controls=0\" width=\"420\" height=\"315\" frameborder=\"0\" allowfullscreen=\"allowfullscreen\"><\/iframe><\/div>\n<\/div>\n<p>Walid Ettounsi\u00a0a pr\u00e9cis\u00e9 qu\u2019il s\u2019agit d\u2019une intox venant de <em>\u00abpersonnes mal attentionn\u00e9es<\/em>\u00bb. Il est \u00e9galement revenu sur son homophobie, dont il avait fait \u00e9talage r\u00e9cemment sur un plateau de t\u00e9l\u00e9vision, soulignant qu\u2019il est libre de penser comme il l\u2019entend.<\/p>\n<p style=\"text-align: right;\"><strong>Y. N.<\/strong><\/p>\n","protected":false},"excerpt":{"rendered":"<p>Walid Ettounsi\u00a0a confirm\u00e9 qu\u2019il se produira bien, le 20 mai 2016, au Canada, contrairement aux rumeurs relatives \u00e0 l&rsquo;annulation de ce gala ayant circul\u00e9 ce matin.<\/p>\n","protected":false},"author":6,"featured_media":48477,"comment_status":"open","ping_status":"open","sticky":false,"template":"","format":"standard","meta":{"footnotes":""},"categories":[4806],"tags":[95,6537,4665,5619,447,449,825,17406,17385],"class_list":["post-48471","post","type-post","status-publish","format-standard","has-post-thumbnail","hentry","category-videos","tag-association","tag-canada","tag-chanteur","tag-droits","tag-homophobie","tag-homosexuels","tag-shams","tag-spectacle","tag-walid-ettounsi"],"yoast_head":"<!-- This site is optimized with the Yoast SEO plugin v26.6 - https:\/\/yoast.com\/wordpress\/plugins\/seo\/ -->\n<title>Walid Ettounsi : \u00abMon gala au Canada aura bien lieu\u00bb - Kapitalis<\/title>\n<meta name=\"robots\" content=\"index, follow, max-snippet:-1, max-image-preview:large, max-video-preview:-1\" \/>\n<link rel=\"canonical\" href=\"https:\/\/kapitalis.com\/tunisie\/2016\/04\/28\/walid-ettounsi-mon-gala-au-canada-aura-bien-lieu\/\" \/>\n<meta property=\"og:locale\" content=\"fr_FR\" \/>\n<meta property=\"og:type\" content=\"article\" \/>\n<meta property=\"og:title\" content=\"Walid Ettounsi : \u00abMon gala au Canada aura bien lieu\u00bb - Kapitalis\" \/>\n<meta property=\"og:description\" content=\"Walid Ettounsi\u00a0a confirm\u00e9 qu\u2019il se produira bien, le 20 mai 2016, au Canada, contrairement aux rumeurs relatives \u00e0 l&rsquo;annulation de ce gala ayant circul\u00e9 ce matin.\" \/>\n<meta property=\"og:url\" content=\"https:\/\/kapitalis.com\/tunisie\/2016\/04\/28\/walid-ettounsi-mon-gala-au-canada-aura-bien-lieu\/\" \/>\n<meta property=\"og:site_name\" content=\"Kapitalis\" \/>\n<meta property=\"article:publisher\" content=\"https:\/\/www.facebook.com\/KapitalisInfo\/\" \/>\n<meta property=\"article:published_time\" content=\"2016-04-28T15:07:01+00:00\" \/>\n<meta property=\"article:modified_time\" content=\"2016-04-28T17:01:47+00:00\" \/>\n<meta property=\"og:image\" content=\"https:\/\/kapitalis.com\/tunisie\/wp-content\/uploads\/2022\/05\/kapitalis-logo-fb.png\" \/>\n\t<meta property=\"og:image:width\" content=\"1200\" \/>\n\t<meta property=\"og:image:height\" content=\"630\" \/>\n\t<meta property=\"og:image:type\" content=\"image\/png\" \/>\n<meta name=\"author\" content=\"Yusra NY\" \/>\n<meta name=\"twitter:card\" content=\"summary_large_image\" \/>\n<meta name=\"twitter:creator\" content=\"@KapitalisInfo\" \/>\n<meta name=\"twitter:site\" content=\"@KapitalisInfo\" \/>\n<meta name=\"twitter:label1\" content=\"\u00c9crit par\" \/>\n\t<meta name=\"twitter:data1\" content=\"Yusra NY\" \/>\n\t<meta name=\"twitter:label2\" content=\"Dur\u00e9e de lecture estim\u00e9e\" \/>\n\t<meta name=\"twitter:data2\" content=\"1 minute\" \/>\n<script type=\"application\/ld+json\" class=\"yoast-schema-graph\">{\"@context\":\"https:\/\/schema.org\",\"@graph\":[{\"@type\":\"Article\",\"@id\":\"https:\/\/kapitalis.com\/tunisie\/2016\/04\/28\/walid-ettounsi-mon-gala-au-canada-aura-bien-lieu\/#article\",\"isPartOf\":{\"@id\":\"https:\/\/kapitalis.com\/tunisie\/2016\/04\/28\/walid-ettounsi-mon-gala-au-canada-aura-bien-lieu\/\"},\"author\":{\"name\":\"Yusra NY\",\"@id\":\"https:\/\/kapitalis.com\/tunisie\/#\/schema\/person\/74bbde0154d49d790a92aaeac5bc01d5\"},\"headline\":\"Walid Ettounsi : \u00abMon gala au Canada aura bien lieu\u00bb\",\"datePublished\":\"2016-04-28T15:07:01+00:00\",\"dateModified\":\"2016-04-28T17:01:47+00:00\",\"mainEntityOfPage\":{\"@id\":\"https:\/\/kapitalis.com\/tunisie\/2016\/04\/28\/walid-ettounsi-mon-gala-au-canada-aura-bien-lieu\/\"},\"wordCount\":169,\"commentCount\":9,\"publisher\":{\"@id\":\"https:\/\/kapitalis.com\/tunisie\/#organization\"},\"image\":{\"@id\":\"https:\/\/kapitalis.com\/tunisie\/2016\/04\/28\/walid-ettounsi-mon-gala-au-canada-aura-bien-lieu\/#primaryimage\"},\"thumbnailUrl\":\"\",\"keywords\":[\"association\",\"Canada\",\"chanteur\",\"droits\",\"homophobie\",\"homosexuels\",\"Shams\",\"spectacle\",\"Walid Ettounsi\"],\"articleSection\":[\"VIDEOS\"],\"inLanguage\":\"fr-FR\",\"potentialAction\":[{\"@type\":\"CommentAction\",\"name\":\"Comment\",\"target\":[\"https:\/\/kapitalis.com\/tunisie\/2016\/04\/28\/walid-ettounsi-mon-gala-au-canada-aura-bien-lieu\/#respond\"]}]},{\"@type\":\"WebPage\",\"@id\":\"https:\/\/kapitalis.com\/tunisie\/2016\/04\/28\/walid-ettounsi-mon-gala-au-canada-aura-bien-lieu\/\",\"url\":\"https:\/\/kapitalis.com\/tunisie\/2016\/04\/28\/walid-ettounsi-mon-gala-au-canada-aura-bien-lieu\/\",\"name\":\"Walid Ettounsi : \u00abMon gala au Canada aura bien lieu\u00bb - Kapitalis\",\"isPartOf\":{\"@id\":\"https:\/\/kapitalis.com\/tunisie\/#website\"},\"primaryImageOfPage\":{\"@id\":\"https:\/\/kapitalis.com\/tunisie\/2016\/04\/28\/walid-ettounsi-mon-gala-au-canada-aura-bien-lieu\/#primaryimage\"},\"image\":{\"@id\":\"https:\/\/kapitalis.com\/tunisie\/2016\/04\/28\/walid-ettounsi-mon-gala-au-canada-aura-bien-lieu\/#primaryimage\"},\"thumbnailUrl\":\"\",\"datePublished\":\"2016-04-28T15:07:01+00:00\",\"dateModified\":\"2016-04-28T17:01:47+00:00\",\"breadcrumb\":{\"@id\":\"https:\/\/kapitalis.com\/tunisie\/2016\/04\/28\/walid-ettounsi-mon-gala-au-canada-aura-bien-lieu\/#breadcrumb\"},\"inLanguage\":\"fr-FR\",\"potentialAction\":[{\"@type\":\"ReadAction\",\"target\":[\"https:\/\/kapitalis.com\/tunisie\/2016\/04\/28\/walid-ettounsi-mon-gala-au-canada-aura-bien-lieu\/\"]}]},{\"@type\":\"ImageObject\",\"inLanguage\":\"fr-FR\",\"@id\":\"https:\/\/kapitalis.com\/tunisie\/2016\/04\/28\/walid-ettounsi-mon-gala-au-canada-aura-bien-lieu\/#primaryimage\",\"url\":\"\",\"contentUrl\":\"\"},{\"@type\":\"BreadcrumbList\",\"@id\":\"https:\/\/kapitalis.com\/tunisie\/2016\/04\/28\/walid-ettounsi-mon-gala-au-canada-aura-bien-lieu\/#breadcrumb\",\"itemListElement\":[{\"@type\":\"ListItem\",\"position\":1,\"name\":\"Accueil\",\"item\":\"https:\/\/kapitalis.com\/tunisie\/\"},{\"@type\":\"ListItem\",\"position\":2,\"name\":\"Walid Ettounsi : \u00abMon gala au Canada aura bien lieu\u00bb\"}]},{\"@type\":\"WebSite\",\"@id\":\"https:\/\/kapitalis.com\/tunisie\/#website\",\"url\":\"https:\/\/kapitalis.com\/tunisie\/\",\"name\":\"Kapitalis\",\"description\":\"L&#039;actualit\u00e9 en Tunisie et dans le monde\",\"publisher\":{\"@id\":\"https:\/\/kapitalis.com\/tunisie\/#organization\"},\"potentialAction\":[{\"@type\":\"SearchAction\",\"target\":{\"@type\":\"EntryPoint\",\"urlTemplate\":\"https:\/\/kapitalis.com\/tunisie\/?s={search_term_string}\"},\"query-input\":{\"@type\":\"PropertyValueSpecification\",\"valueRequired\":true,\"valueName\":\"search_term_string\"}}],\"inLanguage\":\"fr-FR\"},{\"@type\":\"Organization\",\"@id\":\"https:\/\/kapitalis.com\/tunisie\/#organization\",\"name\":\"Kapitalis\",\"url\":\"https:\/\/kapitalis.com\/tunisie\/\",\"logo\":{\"@type\":\"ImageObject\",\"inLanguage\":\"fr-FR\",\"@id\":\"https:\/\/kapitalis.com\/tunisie\/#\/schema\/logo\/image\/\",\"url\":\"https:\/\/kapitalis.com\/tunisie\/wp-content\/uploads\/2022\/05\/Kapitalis-big-size.png\",\"contentUrl\":\"https:\/\/kapitalis.com\/tunisie\/wp-content\/uploads\/2022\/05\/Kapitalis-big-size.png\",\"width\":5000,\"height\":1500,\"caption\":\"Kapitalis\"},\"image\":{\"@id\":\"https:\/\/kapitalis.com\/tunisie\/#\/schema\/logo\/image\/\"},\"sameAs\":[\"https:\/\/www.facebook.com\/KapitalisInfo\/\",\"https:\/\/x.com\/KapitalisInfo\",\"https:\/\/www.youtube.com\/channel\/UC-yDYrHyfFBWWZaOw3FPg9Q\"]},{\"@type\":\"Person\",\"@id\":\"https:\/\/kapitalis.com\/tunisie\/#\/schema\/person\/74bbde0154d49d790a92aaeac5bc01d5\",\"name\":\"Yusra NY\",\"url\":\"https:\/\/kapitalis.com\/tunisie\/author\/yuza_adam\/\"}]}<\/script>\n<!-- \/ Yoast SEO plugin. -->","yoast_head_json":{"title":"Walid Ettounsi : \u00abMon gala au Canada aura bien lieu\u00bb - Kapitalis","robots":{"index":"index","follow":"follow","max-snippet":"max-snippet:-1","max-image-preview":"max-image-preview:large","max-video-preview":"max-video-preview:-1"},"canonical":"https:\/\/kapitalis.com\/tunisie\/2016\/04\/28\/walid-ettounsi-mon-gala-au-canada-aura-bien-lieu\/","og_locale":"fr_FR","og_type":"article","og_title":"Walid Ettounsi : \u00abMon gala au Canada aura bien lieu\u00bb - Kapitalis","og_description":"Walid Ettounsi\u00a0a confirm\u00e9 qu\u2019il se produira bien, le 20 mai 2016, au Canada, contrairement aux rumeurs relatives \u00e0 l&rsquo;annulation de ce gala ayant circul\u00e9 ce matin.","og_url":"https:\/\/kapitalis.com\/tunisie\/2016\/04\/28\/walid-ettounsi-mon-gala-au-canada-aura-bien-lieu\/","og_site_name":"Kapitalis","article_publisher":"https:\/\/www.facebook.com\/KapitalisInfo\/","article_published_time":"2016-04-28T15:07:01+00:00","article_modified_time":"2016-04-28T17:01:47+00:00","og_image":[{"width":1200,"height":630,"url":"https:\/\/kapitalis.com\/tunisie\/wp-content\/uploads\/2022\/05\/kapitalis-logo-fb.png","type":"image\/png"}],"author":"Yusra NY","twitter_card":"summary_large_image","twitter_creator":"@KapitalisInfo","twitter_site":"@KapitalisInfo","twitter_misc":{"\u00c9crit par":"Yusra NY","Dur\u00e9e de lecture estim\u00e9e":"1 minute"},"schema":{"@context":"https:\/\/schema.org","@graph":[{"@type":"Article","@id":"https:\/\/kapitalis.com\/tunisie\/2016\/04\/28\/walid-ettounsi-mon-gala-au-canada-aura-bien-lieu\/#article","isPartOf":{"@id":"https:\/\/kapitalis.com\/tunisie\/2016\/04\/28\/walid-ettounsi-mon-gala-au-canada-aura-bien-lieu\/"},"author":{"name":"Yusra NY","@id":"https:\/\/kapitalis.com\/tunisie\/#\/schema\/person\/74bbde0154d49d790a92aaeac5bc01d5"},"headline":"Walid Ettounsi : \u00abMon gala au Canada aura bien lieu\u00bb","datePublished":"2016-04-28T15:07:01+00:00","dateModified":"2016-04-28T17:01:47+00:00","mainEntityOfPage":{"@id":"https:\/\/kapitalis.com\/tunisie\/2016\/04\/28\/walid-ettounsi-mon-gala-au-canada-aura-bien-lieu\/"},"wordCount":169,"commentCount":9,"publisher":{"@id":"https:\/\/kapitalis.com\/tunisie\/#organization"},"image":{"@id":"https:\/\/kapitalis.com\/tunisie\/2016\/04\/28\/walid-ettounsi-mon-gala-au-canada-aura-bien-lieu\/#primaryimage"},"thumbnailUrl":"","keywords":["association","Canada","chanteur","droits","homophobie","homosexuels","Shams","spectacle","Walid Ettounsi"],"articleSection":["VIDEOS"],"inLanguage":"fr-FR","potentialAction":[{"@type":"CommentAction","name":"Comment","target":["https:\/\/kapitalis.com\/tunisie\/2016\/04\/28\/walid-ettounsi-mon-gala-au-canada-aura-bien-lieu\/#respond"]}]},{"@type":"WebPage","@id":"https:\/\/kapitalis.com\/tunisie\/2016\/04\/28\/walid-ettounsi-mon-gala-au-canada-aura-bien-lieu\/","url":"https:\/\/kapitalis.com\/tunisie\/2016\/04\/28\/walid-ettounsi-mon-gala-au-canada-aura-bien-lieu\/","name":"Walid Ettounsi : \u00abMon gala au Canada aura bien lieu\u00bb - Kapitalis","isPartOf":{"@id":"https:\/\/kapitalis.com\/tunisie\/#website"},"primaryImageOfPage":{"@id":"https:\/\/kapitalis.com\/tunisie\/2016\/04\/28\/walid-ettounsi-mon-gala-au-canada-aura-bien-lieu\/#primaryimage"},"image":{"@id":"https:\/\/kapitalis.com\/tunisie\/2016\/04\/28\/walid-ettounsi-mon-gala-au-canada-aura-bien-lieu\/#primaryimage"},"thumbnailUrl":"","datePublished":"2016-04-28T15:07:01+00:00","dateModified":"2016-04-28T17:01:47+00:00","breadcrumb":{"@id":"https:\/\/kapitalis.com\/tunisie\/2016\/04\/28\/walid-ettounsi-mon-gala-au-canada-aura-bien-lieu\/#breadcrumb"},"inLanguage":"fr-FR","potentialAction":[{"@type":"ReadAction","target":["https:\/\/kapitalis.com\/tunisie\/2016\/04\/28\/walid-ettounsi-mon-gala-au-canada-aura-bien-lieu\/"]}]},{"@type":"ImageObject","inLanguage":"fr-FR","@id":"https:\/\/kapitalis.com\/tunisie\/2016\/04\/28\/walid-ettounsi-mon-gala-au-canada-aura-bien-lieu\/#primaryimage","url":"","contentUrl":""},{"@type":"BreadcrumbList","@id":"https:\/\/kapitalis.com\/tunisie\/2016\/04\/28\/walid-ettounsi-mon-gala-au-canada-aura-bien-lieu\/#breadcrumb","itemListElement":[{"@type":"ListItem","position":1,"name":"Accueil","item":"https:\/\/kapitalis.com\/tunisie\/"},{"@type":"ListItem","position":2,"name":"Walid Ettounsi : \u00abMon gala au Canada aura bien lieu\u00bb"}]},{"@type":"WebSite","@id":"https:\/\/kapitalis.com\/tunisie\/#website","url":"https:\/\/kapitalis.com\/tunisie\/","name":"Kapitalis","description":"L&#039;actualit\u00e9 en Tunisie et dans le monde","publisher":{"@id":"https:\/\/kapitalis.com\/tunisie\/#organization"},"potentialAction":[{"@type":"SearchAction","target":{"@type":"EntryPoint","urlTemplate":"https:\/\/kapitalis.com\/tunisie\/?s={search_term_string}"},"query-input":{"@type":"PropertyValueSpecification","valueRequired":true,"valueName":"search_term_string"}}],"inLanguage":"fr-FR"},{"@type":"Organization","@id":"https:\/\/kapitalis.com\/tunisie\/#organization","name":"Kapitalis","url":"https:\/\/kapitalis.com\/tunisie\/","logo":{"@type":"ImageObject","inLanguage":"fr-FR","@id":"https:\/\/kapitalis.com\/tunisie\/#\/schema\/logo\/image\/","url":"https:\/\/kapitalis.com\/tunisie\/wp-content\/uploads\/2022\/05\/Kapitalis-big-size.png","contentUrl":"https:\/\/kapitalis.com\/tunisie\/wp-content\/uploads\/2022\/05\/Kapitalis-big-size.png","width":5000,"height":1500,"caption":"Kapitalis"},"image":{"@id":"https:\/\/kapitalis.com\/tunisie\/#\/schema\/logo\/image\/"},"sameAs":["https:\/\/www.facebook.com\/KapitalisInfo\/","https:\/\/x.com\/KapitalisInfo","https:\/\/www.youtube.com\/channel\/UC-yDYrHyfFBWWZaOw3FPg9Q"]},{"@type":"Person","@id":"https:\/\/kapitalis.com\/tunisie\/#\/schema\/person\/74bbde0154d49d790a92aaeac5bc01d5","name":"Yusra NY","url":"https:\/\/kapitalis.com\/tunisie\/author\/yuza_adam\/"}]}},"_links":{"self":[{"href":"https:\/\/kapitalis.com\/tunisie\/wp-json\/wp\/v2\/posts\/48471","targetHints":{"allow":["GET"]}}],"collection":[{"href":"https:\/\/kapitalis.com\/tunisie\/wp-json\/wp\/v2\/posts"}],"about":[{"href":"https:\/\/kapitalis.com\/tunisie\/wp-json\/wp\/v2\/types\/post"}],"author":[{"embeddable":true,"href":"https:\/\/kapitalis.com\/tunisie\/wp-json\/wp\/v2\/users\/6"}],"replies":[{"embeddable":true,"href":"https:\/\/kapitalis.com\/tunisie\/wp-json\/wp\/v2\/comments?post=48471"}],"version-history":[{"count":0,"href":"https:\/\/kapitalis.com\/tunisie\/wp-json\/wp\/v2\/posts\/48471\/revisions"}],"wp:featuredmedia":[{"embeddable":true,"href":"https:\/\/kapitalis.com\/tunisie\/wp-json\/wp\/v2\/media\/48477"}],"wp:attachment":[{"href":"https:\/\/kapitalis.com\/tunisie\/wp-json\/wp\/v2\/media?parent=48471"}],"wp:term":[{"taxonomy":"category","embeddable":true,"href":"https:\/\/kapitalis.com\/tunisie\/wp-json\/wp\/v2\/categories?post=48471"},{"taxonomy":"post_tag","embeddable":true,"href":"https:\/\/kapitalis.com\/tunisie\/wp-json\/wp\/v2\/tags?post=48471"}],"curies":[{"name":"wp","href":"https:\/\/api.w.org\/{rel}","templated":true}]}}