{"id":4876599,"date":"2022-11-08T20:26:31","date_gmt":"2022-11-08T19:26:31","guid":{"rendered":"https:\/\/kapitalis.com\/tunisie\/?p=4876599"},"modified":"2022-11-08T20:57:32","modified_gmt":"2022-11-08T19:57:32","slug":"tunisie-le-courage-et-la-determination-dune-mere-qui-a-perdu-la-vue-des-suites-de-violences-conjugales","status":"publish","type":"post","link":"https:\/\/kapitalis.com\/tunisie\/2022\/11\/08\/tunisie-le-courage-et-la-determination-dune-mere-qui-a-perdu-la-vue-des-suites-de-violences-conjugales\/","title":{"rendered":"Tunisie : Le courage et la d\u00e9termination d&rsquo;une m\u00e8re qui a perdu la vue des suites de violences conjugales"},"content":{"rendered":"\n<p><strong><em>La ministre de la Famille, de la Femme, de l&rsquo;Enfance et des Seniors Amel Belhaj Moussa a re\u00e7u, ce mardi 8 novembre 2022, une m\u00e8re de famille qui a perdu la vue, il y a plus d&rsquo;un an, des suites de violences conjugales et qui \u00e9l\u00e8ve depuis, seule, ses 4 enfants.<\/em><\/strong><\/p>\n\n\n\n<!--more-->\n\n\n\n<p>A la demande de la victime, qui a voulu prendre contact avec la ministre afin de lui exposer sa situation familiale, une rencontre a \u00e9t\u00e9 organis\u00e9e ce jour au si\u00e8ge du minist\u00e8re<\/p>\n\n\n\n<p>La femme a perdu la vue suite \u00e0 une nouvelle sc\u00e8ne de violence en 2021 et vit, depuis, dans des conditions difficiles avec ses 4 enfants, bravant le handicap, et les difficult\u00e9s financi\u00e8res afin d&rsquo;\u00e9duquer ses enfants et leur assurer une vie digne.<\/p>\n\n\n\n<p>Le d\u00e9partement indique que la victime ou m\u00e8re courage a expos\u00e9 sa situation et que la ministre a d\u00e9cid\u00e9 une prise en charge particuli\u00e8re pour la famille avec une aide sociale mensuelle de 200 dinars par enfant ainsi que des aides pour leur scolarit\u00e9, d&rsquo;autant qu&rsquo;ils sont tous les 4 mineurs.<\/p>\n\n\n\n<p>D&rsquo;autre part, la ministre a demand\u00e9 aux services comp\u00e9tents du minist\u00e8re de coordonner avec l&rsquo;Union nationale des malvoyants pour que la victime puisse b\u00e9n\u00e9ficier d&rsquo;un programme de formation afin de lui ouvrir des perspectives d&#8217;emploi.<\/p>\n\n\n\n<p>\u00ab<em>La ministre a salu\u00e9 la force, la d\u00e9termination et la pers\u00e9v\u00e9rance de la victime dans son am\u00e8re exp\u00e9rience, soulignant qu&rsquo;elle est un exemple de constance et un mod\u00e8le qui encourage les femmes \u00e0 refuser de se taire et \u00e0 briser le silence face au crime des violences conjugales\u00bb<\/em>, lit-on encore dans le communiqu\u00e9.<\/p>\n\n\n\n<p class=\"has-text-align-right\"><strong>Y. N.<\/strong><\/p>\n","protected":false},"excerpt":{"rendered":"<p>Tunisie : Le courage et la d\u00e9termination d&rsquo;une m\u00e8re qui a perdu la vue des suites de violences conjugales<\/p>\n","protected":false},"author":6,"featured_media":4876795,"comment_status":"open","ping_status":"open","sticky":false,"template":"","format":"standard","meta":{"footnotes":""},"categories":[998,2433],"tags":[1289,104270,12052,62643,14369],"class_list":["post-4876599","post","type-post","status-publish","format-standard","has-post-thumbnail","hentry","category-societe","category-tunisie","tag-femme","tag-malvoyante","tag-mere-de-famille","tag-tunisie","tag-violences-conjugales"],"yoast_head":"<!-- This site is optimized with the Yoast SEO plugin v26.6 - https:\/\/yoast.com\/wordpress\/plugins\/seo\/ -->\n<title>Tunisie : Le courage et la d\u00e9termination d&#039;une m\u00e8re qui a perdu la vue des suites de violences conjugales - Kapitalis<\/title>\n<meta name=\"description\" content=\"La ministre de la Famille, de la Femme, de l&#039;Enfance et des Seniors Amel Belhaj Moussa a re\u00e7u, ce mardi 8 novembre 2022, une m\u00e8re de famille qui a perdu la vue des suites de violences conjugales.\" \/>\n<meta name=\"robots\" content=\"index, follow, max-snippet:-1, max-image-preview:large, max-video-preview:-1\" \/>\n<link rel=\"canonical\" href=\"https:\/\/kapitalis.com\/tunisie\/2022\/11\/08\/tunisie-le-courage-et-la-determination-dune-mere-qui-a-perdu-la-vue-des-suites-de-violences-conjugales\/\" \/>\n<meta property=\"og:locale\" content=\"fr_FR\" \/>\n<meta property=\"og:type\" content=\"article\" \/>\n<meta property=\"og:title\" content=\"Tunisie : Le courage et la d\u00e9termination d&#039;une m\u00e8re qui a perdu la vue des suites de violences conjugales - Kapitalis\" \/>\n<meta property=\"og:description\" content=\"La ministre de la Famille, de la Femme, de l&#039;Enfance et des Seniors Amel Belhaj Moussa a re\u00e7u, ce mardi 8 novembre 2022, une m\u00e8re de famille qui a perdu la vue des suites de violences conjugales.\" \/>\n<meta property=\"og:url\" content=\"https:\/\/kapitalis.com\/tunisie\/2022\/11\/08\/tunisie-le-courage-et-la-determination-dune-mere-qui-a-perdu-la-vue-des-suites-de-violences-conjugales\/\" \/>\n<meta property=\"og:site_name\" content=\"Kapitalis\" \/>\n<meta property=\"article:publisher\" content=\"https:\/\/www.facebook.com\/KapitalisInfo\/\" \/>\n<meta property=\"article:published_time\" content=\"2022-11-08T19:26:31+00:00\" \/>\n<meta property=\"article:modified_time\" content=\"2022-11-08T19:57:32+00:00\" \/>\n<meta property=\"og:image\" content=\"https:\/\/kapitalis.com\/tunisie\/wp-content\/uploads\/2022\/11\/ministere-femme-mere-courage.jpg\" \/>\n\t<meta property=\"og:image:width\" content=\"1200\" \/>\n\t<meta property=\"og:image:height\" content=\"630\" \/>\n\t<meta property=\"og:image:type\" content=\"image\/jpeg\" \/>\n<meta name=\"author\" content=\"Yusra NY\" \/>\n<meta name=\"twitter:card\" content=\"summary_large_image\" \/>\n<meta name=\"twitter:creator\" content=\"@KapitalisInfo\" \/>\n<meta name=\"twitter:site\" content=\"@KapitalisInfo\" \/>\n<meta name=\"twitter:label1\" content=\"\u00c9crit par\" \/>\n\t<meta name=\"twitter:data1\" content=\"Yusra NY\" \/>\n\t<meta name=\"twitter:label2\" content=\"Dur\u00e9e de lecture estim\u00e9e\" \/>\n\t<meta name=\"twitter:data2\" content=\"2 minutes\" \/>\n<script type=\"application\/ld+json\" class=\"yoast-schema-graph\">{\"@context\":\"https:\/\/schema.org\",\"@graph\":[{\"@type\":\"Article\",\"@id\":\"https:\/\/kapitalis.com\/tunisie\/2022\/11\/08\/tunisie-le-courage-et-la-determination-dune-mere-qui-a-perdu-la-vue-des-suites-de-violences-conjugales\/#article\",\"isPartOf\":{\"@id\":\"https:\/\/kapitalis.com\/tunisie\/2022\/11\/08\/tunisie-le-courage-et-la-determination-dune-mere-qui-a-perdu-la-vue-des-suites-de-violences-conjugales\/\"},\"author\":{\"name\":\"Yusra NY\",\"@id\":\"https:\/\/kapitalis.com\/tunisie\/#\/schema\/person\/74bbde0154d49d790a92aaeac5bc01d5\"},\"headline\":\"Tunisie : Le courage et la d\u00e9termination d&rsquo;une m\u00e8re qui a perdu la vue des suites de violences conjugales\",\"datePublished\":\"2022-11-08T19:26:31+00:00\",\"dateModified\":\"2022-11-08T19:57:32+00:00\",\"mainEntityOfPage\":{\"@id\":\"https:\/\/kapitalis.com\/tunisie\/2022\/11\/08\/tunisie-le-courage-et-la-determination-dune-mere-qui-a-perdu-la-vue-des-suites-de-violences-conjugales\/\"},\"wordCount\":301,\"commentCount\":3,\"publisher\":{\"@id\":\"https:\/\/kapitalis.com\/tunisie\/#organization\"},\"image\":{\"@id\":\"https:\/\/kapitalis.com\/tunisie\/2022\/11\/08\/tunisie-le-courage-et-la-determination-dune-mere-qui-a-perdu-la-vue-des-suites-de-violences-conjugales\/#primaryimage\"},\"thumbnailUrl\":\"https:\/\/kapitalis.com\/tunisie\/wp-content\/uploads\/2022\/11\/ministere-femme-mere-courage.jpg\",\"keywords\":[\"femme\",\"malvoyante\",\"m\u00e8re de famille\",\"Tunisie\",\"violences conjugales\"],\"articleSection\":[\"SOCIETE\",\"Tunisie\"],\"inLanguage\":\"fr-FR\",\"potentialAction\":[{\"@type\":\"CommentAction\",\"name\":\"Comment\",\"target\":[\"https:\/\/kapitalis.com\/tunisie\/2022\/11\/08\/tunisie-le-courage-et-la-determination-dune-mere-qui-a-perdu-la-vue-des-suites-de-violences-conjugales\/#respond\"]}]},{\"@type\":\"WebPage\",\"@id\":\"https:\/\/kapitalis.com\/tunisie\/2022\/11\/08\/tunisie-le-courage-et-la-determination-dune-mere-qui-a-perdu-la-vue-des-suites-de-violences-conjugales\/\",\"url\":\"https:\/\/kapitalis.com\/tunisie\/2022\/11\/08\/tunisie-le-courage-et-la-determination-dune-mere-qui-a-perdu-la-vue-des-suites-de-violences-conjugales\/\",\"name\":\"Tunisie : Le courage et la d\u00e9termination d'une m\u00e8re qui a perdu la vue des suites de violences conjugales - Kapitalis\",\"isPartOf\":{\"@id\":\"https:\/\/kapitalis.com\/tunisie\/#website\"},\"primaryImageOfPage\":{\"@id\":\"https:\/\/kapitalis.com\/tunisie\/2022\/11\/08\/tunisie-le-courage-et-la-determination-dune-mere-qui-a-perdu-la-vue-des-suites-de-violences-conjugales\/#primaryimage\"},\"image\":{\"@id\":\"https:\/\/kapitalis.com\/tunisie\/2022\/11\/08\/tunisie-le-courage-et-la-determination-dune-mere-qui-a-perdu-la-vue-des-suites-de-violences-conjugales\/#primaryimage\"},\"thumbnailUrl\":\"https:\/\/kapitalis.com\/tunisie\/wp-content\/uploads\/2022\/11\/ministere-femme-mere-courage.jpg\",\"datePublished\":\"2022-11-08T19:26:31+00:00\",\"dateModified\":\"2022-11-08T19:57:32+00:00\",\"description\":\"La ministre de la Famille, de la Femme, de l'Enfance et des Seniors Amel Belhaj Moussa a re\u00e7u, ce mardi 8 novembre 2022, une m\u00e8re de famille qui a perdu la vue des suites de violences conjugales.\",\"breadcrumb\":{\"@id\":\"https:\/\/kapitalis.com\/tunisie\/2022\/11\/08\/tunisie-le-courage-et-la-determination-dune-mere-qui-a-perdu-la-vue-des-suites-de-violences-conjugales\/#breadcrumb\"},\"inLanguage\":\"fr-FR\",\"potentialAction\":[{\"@type\":\"ReadAction\",\"target\":[\"https:\/\/kapitalis.com\/tunisie\/2022\/11\/08\/tunisie-le-courage-et-la-determination-dune-mere-qui-a-perdu-la-vue-des-suites-de-violences-conjugales\/\"]}]},{\"@type\":\"ImageObject\",\"inLanguage\":\"fr-FR\",\"@id\":\"https:\/\/kapitalis.com\/tunisie\/2022\/11\/08\/tunisie-le-courage-et-la-determination-dune-mere-qui-a-perdu-la-vue-des-suites-de-violences-conjugales\/#primaryimage\",\"url\":\"https:\/\/kapitalis.com\/tunisie\/wp-content\/uploads\/2022\/11\/ministere-femme-mere-courage.jpg\",\"contentUrl\":\"https:\/\/kapitalis.com\/tunisie\/wp-content\/uploads\/2022\/11\/ministere-femme-mere-courage.jpg\",\"width\":1200,\"height\":630},{\"@type\":\"BreadcrumbList\",\"@id\":\"https:\/\/kapitalis.com\/tunisie\/2022\/11\/08\/tunisie-le-courage-et-la-determination-dune-mere-qui-a-perdu-la-vue-des-suites-de-violences-conjugales\/#breadcrumb\",\"itemListElement\":[{\"@type\":\"ListItem\",\"position\":1,\"name\":\"Accueil\",\"item\":\"https:\/\/kapitalis.com\/tunisie\/\"},{\"@type\":\"ListItem\",\"position\":2,\"name\":\"Tunisie : Le courage et la d\u00e9termination d&rsquo;une m\u00e8re qui a perdu la vue des suites de violences conjugales\"}]},{\"@type\":\"WebSite\",\"@id\":\"https:\/\/kapitalis.com\/tunisie\/#website\",\"url\":\"https:\/\/kapitalis.com\/tunisie\/\",\"name\":\"Kapitalis\",\"description\":\"L&#039;actualit\u00e9 en Tunisie et dans le monde\",\"publisher\":{\"@id\":\"https:\/\/kapitalis.com\/tunisie\/#organization\"},\"potentialAction\":[{\"@type\":\"SearchAction\",\"target\":{\"@type\":\"EntryPoint\",\"urlTemplate\":\"https:\/\/kapitalis.com\/tunisie\/?s={search_term_string}\"},\"query-input\":{\"@type\":\"PropertyValueSpecification\",\"valueRequired\":true,\"valueName\":\"search_term_string\"}}],\"inLanguage\":\"fr-FR\"},{\"@type\":\"Organization\",\"@id\":\"https:\/\/kapitalis.com\/tunisie\/#organization\",\"name\":\"Kapitalis\",\"url\":\"https:\/\/kapitalis.com\/tunisie\/\",\"logo\":{\"@type\":\"ImageObject\",\"inLanguage\":\"fr-FR\",\"@id\":\"https:\/\/kapitalis.com\/tunisie\/#\/schema\/logo\/image\/\",\"url\":\"https:\/\/kapitalis.com\/tunisie\/wp-content\/uploads\/2022\/05\/Kapitalis-big-size.png\",\"contentUrl\":\"https:\/\/kapitalis.com\/tunisie\/wp-content\/uploads\/2022\/05\/Kapitalis-big-size.png\",\"width\":5000,\"height\":1500,\"caption\":\"Kapitalis\"},\"image\":{\"@id\":\"https:\/\/kapitalis.com\/tunisie\/#\/schema\/logo\/image\/\"},\"sameAs\":[\"https:\/\/www.facebook.com\/KapitalisInfo\/\",\"https:\/\/x.com\/KapitalisInfo\",\"https:\/\/www.youtube.com\/channel\/UC-yDYrHyfFBWWZaOw3FPg9Q\"]},{\"@type\":\"Person\",\"@id\":\"https:\/\/kapitalis.com\/tunisie\/#\/schema\/person\/74bbde0154d49d790a92aaeac5bc01d5\",\"name\":\"Yusra NY\",\"url\":\"https:\/\/kapitalis.com\/tunisie\/author\/yuza_adam\/\"}]}<\/script>\n<!-- \/ Yoast SEO plugin. -->","yoast_head_json":{"title":"Tunisie : Le courage et la d\u00e9termination d'une m\u00e8re qui a perdu la vue des suites de violences conjugales - Kapitalis","description":"La ministre de la Famille, de la Femme, de l'Enfance et des Seniors Amel Belhaj Moussa a re\u00e7u, ce mardi 8 novembre 2022, une m\u00e8re de famille qui a perdu la vue des suites de violences conjugales.","robots":{"index":"index","follow":"follow","max-snippet":"max-snippet:-1","max-image-preview":"max-image-preview:large","max-video-preview":"max-video-preview:-1"},"canonical":"https:\/\/kapitalis.com\/tunisie\/2022\/11\/08\/tunisie-le-courage-et-la-determination-dune-mere-qui-a-perdu-la-vue-des-suites-de-violences-conjugales\/","og_locale":"fr_FR","og_type":"article","og_title":"Tunisie : Le courage et la d\u00e9termination d'une m\u00e8re qui a perdu la vue des suites de violences conjugales - Kapitalis","og_description":"La ministre de la Famille, de la Femme, de l'Enfance et des Seniors Amel Belhaj Moussa a re\u00e7u, ce mardi 8 novembre 2022, une m\u00e8re de famille qui a perdu la vue des suites de violences conjugales.","og_url":"https:\/\/kapitalis.com\/tunisie\/2022\/11\/08\/tunisie-le-courage-et-la-determination-dune-mere-qui-a-perdu-la-vue-des-suites-de-violences-conjugales\/","og_site_name":"Kapitalis","article_publisher":"https:\/\/www.facebook.com\/KapitalisInfo\/","article_published_time":"2022-11-08T19:26:31+00:00","article_modified_time":"2022-11-08T19:57:32+00:00","og_image":[{"width":1200,"height":630,"url":"https:\/\/kapitalis.com\/tunisie\/wp-content\/uploads\/2022\/11\/ministere-femme-mere-courage.jpg","type":"image\/jpeg"}],"author":"Yusra NY","twitter_card":"summary_large_image","twitter_creator":"@KapitalisInfo","twitter_site":"@KapitalisInfo","twitter_misc":{"\u00c9crit par":"Yusra NY","Dur\u00e9e de lecture estim\u00e9e":"2 minutes"},"schema":{"@context":"https:\/\/schema.org","@graph":[{"@type":"Article","@id":"https:\/\/kapitalis.com\/tunisie\/2022\/11\/08\/tunisie-le-courage-et-la-determination-dune-mere-qui-a-perdu-la-vue-des-suites-de-violences-conjugales\/#article","isPartOf":{"@id":"https:\/\/kapitalis.com\/tunisie\/2022\/11\/08\/tunisie-le-courage-et-la-determination-dune-mere-qui-a-perdu-la-vue-des-suites-de-violences-conjugales\/"},"author":{"name":"Yusra NY","@id":"https:\/\/kapitalis.com\/tunisie\/#\/schema\/person\/74bbde0154d49d790a92aaeac5bc01d5"},"headline":"Tunisie : Le courage et la d\u00e9termination d&rsquo;une m\u00e8re qui a perdu la vue des suites de violences conjugales","datePublished":"2022-11-08T19:26:31+00:00","dateModified":"2022-11-08T19:57:32+00:00","mainEntityOfPage":{"@id":"https:\/\/kapitalis.com\/tunisie\/2022\/11\/08\/tunisie-le-courage-et-la-determination-dune-mere-qui-a-perdu-la-vue-des-suites-de-violences-conjugales\/"},"wordCount":301,"commentCount":3,"publisher":{"@id":"https:\/\/kapitalis.com\/tunisie\/#organization"},"image":{"@id":"https:\/\/kapitalis.com\/tunisie\/2022\/11\/08\/tunisie-le-courage-et-la-determination-dune-mere-qui-a-perdu-la-vue-des-suites-de-violences-conjugales\/#primaryimage"},"thumbnailUrl":"https:\/\/kapitalis.com\/tunisie\/wp-content\/uploads\/2022\/11\/ministere-femme-mere-courage.jpg","keywords":["femme","malvoyante","m\u00e8re de famille","Tunisie","violences conjugales"],"articleSection":["SOCIETE","Tunisie"],"inLanguage":"fr-FR","potentialAction":[{"@type":"CommentAction","name":"Comment","target":["https:\/\/kapitalis.com\/tunisie\/2022\/11\/08\/tunisie-le-courage-et-la-determination-dune-mere-qui-a-perdu-la-vue-des-suites-de-violences-conjugales\/#respond"]}]},{"@type":"WebPage","@id":"https:\/\/kapitalis.com\/tunisie\/2022\/11\/08\/tunisie-le-courage-et-la-determination-dune-mere-qui-a-perdu-la-vue-des-suites-de-violences-conjugales\/","url":"https:\/\/kapitalis.com\/tunisie\/2022\/11\/08\/tunisie-le-courage-et-la-determination-dune-mere-qui-a-perdu-la-vue-des-suites-de-violences-conjugales\/","name":"Tunisie : Le courage et la d\u00e9termination d'une m\u00e8re qui a perdu la vue des suites de violences conjugales - Kapitalis","isPartOf":{"@id":"https:\/\/kapitalis.com\/tunisie\/#website"},"primaryImageOfPage":{"@id":"https:\/\/kapitalis.com\/tunisie\/2022\/11\/08\/tunisie-le-courage-et-la-determination-dune-mere-qui-a-perdu-la-vue-des-suites-de-violences-conjugales\/#primaryimage"},"image":{"@id":"https:\/\/kapitalis.com\/tunisie\/2022\/11\/08\/tunisie-le-courage-et-la-determination-dune-mere-qui-a-perdu-la-vue-des-suites-de-violences-conjugales\/#primaryimage"},"thumbnailUrl":"https:\/\/kapitalis.com\/tunisie\/wp-content\/uploads\/2022\/11\/ministere-femme-mere-courage.jpg","datePublished":"2022-11-08T19:26:31+00:00","dateModified":"2022-11-08T19:57:32+00:00","description":"La ministre de la Famille, de la Femme, de l'Enfance et des Seniors Amel Belhaj Moussa a re\u00e7u, ce mardi 8 novembre 2022, une m\u00e8re de famille qui a perdu la vue des suites de violences conjugales.","breadcrumb":{"@id":"https:\/\/kapitalis.com\/tunisie\/2022\/11\/08\/tunisie-le-courage-et-la-determination-dune-mere-qui-a-perdu-la-vue-des-suites-de-violences-conjugales\/#breadcrumb"},"inLanguage":"fr-FR","potentialAction":[{"@type":"ReadAction","target":["https:\/\/kapitalis.com\/tunisie\/2022\/11\/08\/tunisie-le-courage-et-la-determination-dune-mere-qui-a-perdu-la-vue-des-suites-de-violences-conjugales\/"]}]},{"@type":"ImageObject","inLanguage":"fr-FR","@id":"https:\/\/kapitalis.com\/tunisie\/2022\/11\/08\/tunisie-le-courage-et-la-determination-dune-mere-qui-a-perdu-la-vue-des-suites-de-violences-conjugales\/#primaryimage","url":"https:\/\/kapitalis.com\/tunisie\/wp-content\/uploads\/2022\/11\/ministere-femme-mere-courage.jpg","contentUrl":"https:\/\/kapitalis.com\/tunisie\/wp-content\/uploads\/2022\/11\/ministere-femme-mere-courage.jpg","width":1200,"height":630},{"@type":"BreadcrumbList","@id":"https:\/\/kapitalis.com\/tunisie\/2022\/11\/08\/tunisie-le-courage-et-la-determination-dune-mere-qui-a-perdu-la-vue-des-suites-de-violences-conjugales\/#breadcrumb","itemListElement":[{"@type":"ListItem","position":1,"name":"Accueil","item":"https:\/\/kapitalis.com\/tunisie\/"},{"@type":"ListItem","position":2,"name":"Tunisie : Le courage et la d\u00e9termination d&rsquo;une m\u00e8re qui a perdu la vue des suites de violences conjugales"}]},{"@type":"WebSite","@id":"https:\/\/kapitalis.com\/tunisie\/#website","url":"https:\/\/kapitalis.com\/tunisie\/","name":"Kapitalis","description":"L&#039;actualit\u00e9 en Tunisie et dans le monde","publisher":{"@id":"https:\/\/kapitalis.com\/tunisie\/#organization"},"potentialAction":[{"@type":"SearchAction","target":{"@type":"EntryPoint","urlTemplate":"https:\/\/kapitalis.com\/tunisie\/?s={search_term_string}"},"query-input":{"@type":"PropertyValueSpecification","valueRequired":true,"valueName":"search_term_string"}}],"inLanguage":"fr-FR"},{"@type":"Organization","@id":"https:\/\/kapitalis.com\/tunisie\/#organization","name":"Kapitalis","url":"https:\/\/kapitalis.com\/tunisie\/","logo":{"@type":"ImageObject","inLanguage":"fr-FR","@id":"https:\/\/kapitalis.com\/tunisie\/#\/schema\/logo\/image\/","url":"https:\/\/kapitalis.com\/tunisie\/wp-content\/uploads\/2022\/05\/Kapitalis-big-size.png","contentUrl":"https:\/\/kapitalis.com\/tunisie\/wp-content\/uploads\/2022\/05\/Kapitalis-big-size.png","width":5000,"height":1500,"caption":"Kapitalis"},"image":{"@id":"https:\/\/kapitalis.com\/tunisie\/#\/schema\/logo\/image\/"},"sameAs":["https:\/\/www.facebook.com\/KapitalisInfo\/","https:\/\/x.com\/KapitalisInfo","https:\/\/www.youtube.com\/channel\/UC-yDYrHyfFBWWZaOw3FPg9Q"]},{"@type":"Person","@id":"https:\/\/kapitalis.com\/tunisie\/#\/schema\/person\/74bbde0154d49d790a92aaeac5bc01d5","name":"Yusra NY","url":"https:\/\/kapitalis.com\/tunisie\/author\/yuza_adam\/"}]}},"_links":{"self":[{"href":"https:\/\/kapitalis.com\/tunisie\/wp-json\/wp\/v2\/posts\/4876599","targetHints":{"allow":["GET"]}}],"collection":[{"href":"https:\/\/kapitalis.com\/tunisie\/wp-json\/wp\/v2\/posts"}],"about":[{"href":"https:\/\/kapitalis.com\/tunisie\/wp-json\/wp\/v2\/types\/post"}],"author":[{"embeddable":true,"href":"https:\/\/kapitalis.com\/tunisie\/wp-json\/wp\/v2\/users\/6"}],"replies":[{"embeddable":true,"href":"https:\/\/kapitalis.com\/tunisie\/wp-json\/wp\/v2\/comments?post=4876599"}],"version-history":[{"count":0,"href":"https:\/\/kapitalis.com\/tunisie\/wp-json\/wp\/v2\/posts\/4876599\/revisions"}],"wp:featuredmedia":[{"embeddable":true,"href":"https:\/\/kapitalis.com\/tunisie\/wp-json\/wp\/v2\/media\/4876795"}],"wp:attachment":[{"href":"https:\/\/kapitalis.com\/tunisie\/wp-json\/wp\/v2\/media?parent=4876599"}],"wp:term":[{"taxonomy":"category","embeddable":true,"href":"https:\/\/kapitalis.com\/tunisie\/wp-json\/wp\/v2\/categories?post=4876599"},{"taxonomy":"post_tag","embeddable":true,"href":"https:\/\/kapitalis.com\/tunisie\/wp-json\/wp\/v2\/tags?post=4876599"}],"curies":[{"name":"wp","href":"https:\/\/api.w.org\/{rel}","templated":true}]}}