{"id":4886308,"date":"2022-11-09T09:52:07","date_gmt":"2022-11-09T08:52:07","guid":{"rendered":"https:\/\/kapitalis.com\/tunisie\/?p=4886308"},"modified":"2022-11-09T10:16:07","modified_gmt":"2022-11-09T09:16:07","slug":"tunisie-sghaier-zakraoui-appelle-les-tunisiens-a-boycotter-les-legislatives","status":"publish","type":"post","link":"https:\/\/kapitalis.com\/tunisie\/2022\/11\/09\/tunisie-sghaier-zakraoui-appelle-les-tunisiens-a-boycotter-les-legislatives\/","title":{"rendered":"Tunisie : Sghaier Zakraoui appelle les Tunisiens \u00e0 boycotter les l\u00e9gislatives"},"content":{"rendered":"\n<p><em><strong>Le professeur et chef du d\u00e9partement du droit public \u00e0 la Facult\u00e9 de droit et des sciences politiques de Tunis,\u00a0Sghaier Zakraoui,\u00a0a tir\u00e9 \u00e0 boulets rouges sur le pr\u00e9sident de la r\u00e9publique, Ka\u00efs Sa\u00efed, qui fait preuve d&rsquo;autocratie absolue, selon lui, notamment apr\u00e8s avoir con\u00e7u lui-m\u00eame une nouvelle constitution et une nouvelle loi \u00e9lectorale. Par ailleurs, il a appel\u00e9 \u00e0 boycotter les l\u00e9gislatives du 17 d\u00e9cembre.<\/strong><\/em><\/p>\n\n\n\n<!--more-->\n\n\n\n<p>Intervenu, ce mercredi 9 novembre 2022, sur Shems FM, M. Zakraoui a estim\u00e9 que Sa\u00efed n&rsquo;est pas capable de gouverner et que toutes ses d\u00e9cisions sont erron\u00e9es, affirmant que le processus du 25 juillet sera un \u00e9chec \u00ab<em>parce que g\u00e9rer ainsi les affaires publiques aura un co\u00fbt<\/em>\u00bb.<\/p>\n\n\n\n<p>\u00ab<em>Il s&rsquo;est av\u00e9r\u00e9 que Sa\u00efd vient, comme il l&rsquo;a dit lui-m\u00eame, d&rsquo;une autre plan\u00e8te et qu&rsquo;il se consid\u00e8re comme un proph\u00e8te envoy\u00e9 \u00e0 l&rsquo;humanit\u00e9, pas seulement \u00e0 la Tunisie, et ce, \u00e9tant donn\u00e9 notamment la dimension religieuse de son discours, surtout lorsqu&rsquo;il dit que le pouvoir est une \u00e9preuve (\u201cibtil\u00e9\u201d) pour lui<\/em>\u00bb, a d\u00e9velopp\u00e9 le professeur de droit.<\/p>\n\n\n\n<p>Et d&rsquo;estimer que les prochaines l\u00e9gislatives seront les plus faibles en termes de chiffres parce qu&rsquo;elles seront d\u00e9pourvues de concurrence. <\/p>\n\n\n\n<p class=\"has-text-align-right\"><strong>C. B. Y.<\/strong><\/p>\n","protected":false},"excerpt":{"rendered":"<p>Le professeur et chef du d\u00e9partement du droit public \u00e0 la Facult\u00e9 de droit et des sciences politiques de Tunis,\u00a0Sghaier Zakraoui,\u00a0a tir\u00e9 \u00e0 boulets rouges sur le pr\u00e9sident de la r\u00e9publique, Ka\u00efs Sa\u00efed, qui fait preuve d&rsquo;autocratie absolue, selon lui, notamment apr\u00e8s avoir con\u00e7u lui-m\u00eame une nouvelle constitution et une nouvelle loi \u00e9lectorale. Par ailleurs,&#8230;<\/p>\n","protected":false},"author":24,"featured_media":995333,"comment_status":"open","ping_status":"open","sticky":false,"template":"","format":"standard","meta":{"footnotes":""},"categories":[997,2433],"tags":[76012,9031,97552,62643],"class_list":["post-4886308","post","type-post","status-publish","format-standard","has-post-thumbnail","hentry","category-politique","category-tunisie","tag-kais-saied-2","tag-legislatives","tag-sghaier-zakraoui","tag-tunisie"],"yoast_head":"<!-- This site is optimized with the Yoast SEO plugin v26.6 - https:\/\/yoast.com\/wordpress\/plugins\/seo\/ -->\n<title>Tunisie : Sghaier Zakraoui appelle les Tunisiens \u00e0 boycotter les l\u00e9gislatives - Kapitalis<\/title>\n<meta name=\"robots\" content=\"index, follow, max-snippet:-1, max-image-preview:large, max-video-preview:-1\" \/>\n<link rel=\"canonical\" href=\"https:\/\/kapitalis.com\/tunisie\/2022\/11\/09\/tunisie-sghaier-zakraoui-appelle-les-tunisiens-a-boycotter-les-legislatives\/\" \/>\n<meta property=\"og:locale\" content=\"fr_FR\" \/>\n<meta property=\"og:type\" content=\"article\" \/>\n<meta property=\"og:title\" content=\"Tunisie : Sghaier Zakraoui appelle les Tunisiens \u00e0 boycotter les l\u00e9gislatives - Kapitalis\" \/>\n<meta property=\"og:description\" content=\"Le professeur et chef du d\u00e9partement du droit public \u00e0 la Facult\u00e9 de droit et des sciences politiques de Tunis,\u00a0Sghaier Zakraoui,\u00a0a tir\u00e9 \u00e0 boulets rouges sur le pr\u00e9sident de la r\u00e9publique, Ka\u00efs Sa\u00efed, qui fait preuve d&rsquo;autocratie absolue, selon lui, notamment apr\u00e8s avoir con\u00e7u lui-m\u00eame une nouvelle constitution et une nouvelle loi \u00e9lectorale. Par ailleurs,...\" \/>\n<meta property=\"og:url\" content=\"https:\/\/kapitalis.com\/tunisie\/2022\/11\/09\/tunisie-sghaier-zakraoui-appelle-les-tunisiens-a-boycotter-les-legislatives\/\" \/>\n<meta property=\"og:site_name\" content=\"Kapitalis\" \/>\n<meta property=\"article:publisher\" content=\"https:\/\/www.facebook.com\/KapitalisInfo\/\" \/>\n<meta property=\"article:published_time\" content=\"2022-11-09T08:52:07+00:00\" \/>\n<meta property=\"article:modified_time\" content=\"2022-11-09T09:16:07+00:00\" \/>\n<meta property=\"og:image\" content=\"https:\/\/kapitalis.com\/tunisie\/wp-content\/uploads\/2022\/05\/Sghaier-Zakraoui.jpg\" \/>\n\t<meta property=\"og:image:width\" content=\"1200\" \/>\n\t<meta property=\"og:image:height\" content=\"630\" \/>\n\t<meta property=\"og:image:type\" content=\"image\/jpeg\" \/>\n<meta name=\"author\" content=\"Cherif Benyounes\" \/>\n<meta name=\"twitter:card\" content=\"summary_large_image\" \/>\n<meta name=\"twitter:creator\" content=\"@KapitalisInfo\" \/>\n<meta name=\"twitter:site\" content=\"@KapitalisInfo\" \/>\n<meta name=\"twitter:label1\" content=\"\u00c9crit par\" \/>\n\t<meta name=\"twitter:data1\" content=\"Cherif Benyounes\" \/>\n\t<meta name=\"twitter:label2\" content=\"Dur\u00e9e de lecture estim\u00e9e\" \/>\n\t<meta name=\"twitter:data2\" content=\"1 minute\" \/>\n<script type=\"application\/ld+json\" class=\"yoast-schema-graph\">{\"@context\":\"https:\/\/schema.org\",\"@graph\":[{\"@type\":\"Article\",\"@id\":\"https:\/\/kapitalis.com\/tunisie\/2022\/11\/09\/tunisie-sghaier-zakraoui-appelle-les-tunisiens-a-boycotter-les-legislatives\/#article\",\"isPartOf\":{\"@id\":\"https:\/\/kapitalis.com\/tunisie\/2022\/11\/09\/tunisie-sghaier-zakraoui-appelle-les-tunisiens-a-boycotter-les-legislatives\/\"},\"author\":{\"name\":\"Cherif Benyounes\",\"@id\":\"https:\/\/kapitalis.com\/tunisie\/#\/schema\/person\/b35b8d631961131107263178aeb8019e\"},\"headline\":\"Tunisie : Sghaier Zakraoui appelle les Tunisiens \u00e0 boycotter les l\u00e9gislatives\",\"datePublished\":\"2022-11-09T08:52:07+00:00\",\"dateModified\":\"2022-11-09T09:16:07+00:00\",\"mainEntityOfPage\":{\"@id\":\"https:\/\/kapitalis.com\/tunisie\/2022\/11\/09\/tunisie-sghaier-zakraoui-appelle-les-tunisiens-a-boycotter-les-legislatives\/\"},\"wordCount\":220,\"commentCount\":2,\"publisher\":{\"@id\":\"https:\/\/kapitalis.com\/tunisie\/#organization\"},\"image\":{\"@id\":\"https:\/\/kapitalis.com\/tunisie\/2022\/11\/09\/tunisie-sghaier-zakraoui-appelle-les-tunisiens-a-boycotter-les-legislatives\/#primaryimage\"},\"thumbnailUrl\":\"https:\/\/kapitalis.com\/tunisie\/wp-content\/uploads\/2022\/05\/Sghaier-Zakraoui.jpg\",\"keywords\":[\"Ka\u00efs Sa\u00efed\",\"l\u00e9gislatives\",\"Sghaier Zakraoui\",\"Tunisie\"],\"articleSection\":[\"POLITIQUE\",\"Tunisie\"],\"inLanguage\":\"fr-FR\",\"potentialAction\":[{\"@type\":\"CommentAction\",\"name\":\"Comment\",\"target\":[\"https:\/\/kapitalis.com\/tunisie\/2022\/11\/09\/tunisie-sghaier-zakraoui-appelle-les-tunisiens-a-boycotter-les-legislatives\/#respond\"]}]},{\"@type\":\"WebPage\",\"@id\":\"https:\/\/kapitalis.com\/tunisie\/2022\/11\/09\/tunisie-sghaier-zakraoui-appelle-les-tunisiens-a-boycotter-les-legislatives\/\",\"url\":\"https:\/\/kapitalis.com\/tunisie\/2022\/11\/09\/tunisie-sghaier-zakraoui-appelle-les-tunisiens-a-boycotter-les-legislatives\/\",\"name\":\"Tunisie : Sghaier Zakraoui appelle les Tunisiens \u00e0 boycotter les l\u00e9gislatives - Kapitalis\",\"isPartOf\":{\"@id\":\"https:\/\/kapitalis.com\/tunisie\/#website\"},\"primaryImageOfPage\":{\"@id\":\"https:\/\/kapitalis.com\/tunisie\/2022\/11\/09\/tunisie-sghaier-zakraoui-appelle-les-tunisiens-a-boycotter-les-legislatives\/#primaryimage\"},\"image\":{\"@id\":\"https:\/\/kapitalis.com\/tunisie\/2022\/11\/09\/tunisie-sghaier-zakraoui-appelle-les-tunisiens-a-boycotter-les-legislatives\/#primaryimage\"},\"thumbnailUrl\":\"https:\/\/kapitalis.com\/tunisie\/wp-content\/uploads\/2022\/05\/Sghaier-Zakraoui.jpg\",\"datePublished\":\"2022-11-09T08:52:07+00:00\",\"dateModified\":\"2022-11-09T09:16:07+00:00\",\"breadcrumb\":{\"@id\":\"https:\/\/kapitalis.com\/tunisie\/2022\/11\/09\/tunisie-sghaier-zakraoui-appelle-les-tunisiens-a-boycotter-les-legislatives\/#breadcrumb\"},\"inLanguage\":\"fr-FR\",\"potentialAction\":[{\"@type\":\"ReadAction\",\"target\":[\"https:\/\/kapitalis.com\/tunisie\/2022\/11\/09\/tunisie-sghaier-zakraoui-appelle-les-tunisiens-a-boycotter-les-legislatives\/\"]}]},{\"@type\":\"ImageObject\",\"inLanguage\":\"fr-FR\",\"@id\":\"https:\/\/kapitalis.com\/tunisie\/2022\/11\/09\/tunisie-sghaier-zakraoui-appelle-les-tunisiens-a-boycotter-les-legislatives\/#primaryimage\",\"url\":\"https:\/\/kapitalis.com\/tunisie\/wp-content\/uploads\/2022\/05\/Sghaier-Zakraoui.jpg\",\"contentUrl\":\"https:\/\/kapitalis.com\/tunisie\/wp-content\/uploads\/2022\/05\/Sghaier-Zakraoui.jpg\",\"width\":1200,\"height\":630},{\"@type\":\"BreadcrumbList\",\"@id\":\"https:\/\/kapitalis.com\/tunisie\/2022\/11\/09\/tunisie-sghaier-zakraoui-appelle-les-tunisiens-a-boycotter-les-legislatives\/#breadcrumb\",\"itemListElement\":[{\"@type\":\"ListItem\",\"position\":1,\"name\":\"Accueil\",\"item\":\"https:\/\/kapitalis.com\/tunisie\/\"},{\"@type\":\"ListItem\",\"position\":2,\"name\":\"Tunisie : Sghaier Zakraoui appelle les Tunisiens \u00e0 boycotter les l\u00e9gislatives\"}]},{\"@type\":\"WebSite\",\"@id\":\"https:\/\/kapitalis.com\/tunisie\/#website\",\"url\":\"https:\/\/kapitalis.com\/tunisie\/\",\"name\":\"Kapitalis\",\"description\":\"L&#039;actualit\u00e9 en Tunisie et dans le monde\",\"publisher\":{\"@id\":\"https:\/\/kapitalis.com\/tunisie\/#organization\"},\"potentialAction\":[{\"@type\":\"SearchAction\",\"target\":{\"@type\":\"EntryPoint\",\"urlTemplate\":\"https:\/\/kapitalis.com\/tunisie\/?s={search_term_string}\"},\"query-input\":{\"@type\":\"PropertyValueSpecification\",\"valueRequired\":true,\"valueName\":\"search_term_string\"}}],\"inLanguage\":\"fr-FR\"},{\"@type\":\"Organization\",\"@id\":\"https:\/\/kapitalis.com\/tunisie\/#organization\",\"name\":\"Kapitalis\",\"url\":\"https:\/\/kapitalis.com\/tunisie\/\",\"logo\":{\"@type\":\"ImageObject\",\"inLanguage\":\"fr-FR\",\"@id\":\"https:\/\/kapitalis.com\/tunisie\/#\/schema\/logo\/image\/\",\"url\":\"https:\/\/kapitalis.com\/tunisie\/wp-content\/uploads\/2022\/05\/Kapitalis-big-size.png\",\"contentUrl\":\"https:\/\/kapitalis.com\/tunisie\/wp-content\/uploads\/2022\/05\/Kapitalis-big-size.png\",\"width\":5000,\"height\":1500,\"caption\":\"Kapitalis\"},\"image\":{\"@id\":\"https:\/\/kapitalis.com\/tunisie\/#\/schema\/logo\/image\/\"},\"sameAs\":[\"https:\/\/www.facebook.com\/KapitalisInfo\/\",\"https:\/\/x.com\/KapitalisInfo\",\"https:\/\/www.youtube.com\/channel\/UC-yDYrHyfFBWWZaOw3FPg9Q\"]},{\"@type\":\"Person\",\"@id\":\"https:\/\/kapitalis.com\/tunisie\/#\/schema\/person\/b35b8d631961131107263178aeb8019e\",\"name\":\"Cherif Benyounes\",\"url\":\"https:\/\/kapitalis.com\/tunisie\/author\/cherif\/\"}]}<\/script>\n<!-- \/ Yoast SEO plugin. -->","yoast_head_json":{"title":"Tunisie : Sghaier Zakraoui appelle les Tunisiens \u00e0 boycotter les l\u00e9gislatives - Kapitalis","robots":{"index":"index","follow":"follow","max-snippet":"max-snippet:-1","max-image-preview":"max-image-preview:large","max-video-preview":"max-video-preview:-1"},"canonical":"https:\/\/kapitalis.com\/tunisie\/2022\/11\/09\/tunisie-sghaier-zakraoui-appelle-les-tunisiens-a-boycotter-les-legislatives\/","og_locale":"fr_FR","og_type":"article","og_title":"Tunisie : Sghaier Zakraoui appelle les Tunisiens \u00e0 boycotter les l\u00e9gislatives - Kapitalis","og_description":"Le professeur et chef du d\u00e9partement du droit public \u00e0 la Facult\u00e9 de droit et des sciences politiques de Tunis,\u00a0Sghaier Zakraoui,\u00a0a tir\u00e9 \u00e0 boulets rouges sur le pr\u00e9sident de la r\u00e9publique, Ka\u00efs Sa\u00efed, qui fait preuve d&rsquo;autocratie absolue, selon lui, notamment apr\u00e8s avoir con\u00e7u lui-m\u00eame une nouvelle constitution et une nouvelle loi \u00e9lectorale. Par ailleurs,...","og_url":"https:\/\/kapitalis.com\/tunisie\/2022\/11\/09\/tunisie-sghaier-zakraoui-appelle-les-tunisiens-a-boycotter-les-legislatives\/","og_site_name":"Kapitalis","article_publisher":"https:\/\/www.facebook.com\/KapitalisInfo\/","article_published_time":"2022-11-09T08:52:07+00:00","article_modified_time":"2022-11-09T09:16:07+00:00","og_image":[{"width":1200,"height":630,"url":"https:\/\/kapitalis.com\/tunisie\/wp-content\/uploads\/2022\/05\/Sghaier-Zakraoui.jpg","type":"image\/jpeg"}],"author":"Cherif Benyounes","twitter_card":"summary_large_image","twitter_creator":"@KapitalisInfo","twitter_site":"@KapitalisInfo","twitter_misc":{"\u00c9crit par":"Cherif Benyounes","Dur\u00e9e de lecture estim\u00e9e":"1 minute"},"schema":{"@context":"https:\/\/schema.org","@graph":[{"@type":"Article","@id":"https:\/\/kapitalis.com\/tunisie\/2022\/11\/09\/tunisie-sghaier-zakraoui-appelle-les-tunisiens-a-boycotter-les-legislatives\/#article","isPartOf":{"@id":"https:\/\/kapitalis.com\/tunisie\/2022\/11\/09\/tunisie-sghaier-zakraoui-appelle-les-tunisiens-a-boycotter-les-legislatives\/"},"author":{"name":"Cherif Benyounes","@id":"https:\/\/kapitalis.com\/tunisie\/#\/schema\/person\/b35b8d631961131107263178aeb8019e"},"headline":"Tunisie : Sghaier Zakraoui appelle les Tunisiens \u00e0 boycotter les l\u00e9gislatives","datePublished":"2022-11-09T08:52:07+00:00","dateModified":"2022-11-09T09:16:07+00:00","mainEntityOfPage":{"@id":"https:\/\/kapitalis.com\/tunisie\/2022\/11\/09\/tunisie-sghaier-zakraoui-appelle-les-tunisiens-a-boycotter-les-legislatives\/"},"wordCount":220,"commentCount":2,"publisher":{"@id":"https:\/\/kapitalis.com\/tunisie\/#organization"},"image":{"@id":"https:\/\/kapitalis.com\/tunisie\/2022\/11\/09\/tunisie-sghaier-zakraoui-appelle-les-tunisiens-a-boycotter-les-legislatives\/#primaryimage"},"thumbnailUrl":"https:\/\/kapitalis.com\/tunisie\/wp-content\/uploads\/2022\/05\/Sghaier-Zakraoui.jpg","keywords":["Ka\u00efs Sa\u00efed","l\u00e9gislatives","Sghaier Zakraoui","Tunisie"],"articleSection":["POLITIQUE","Tunisie"],"inLanguage":"fr-FR","potentialAction":[{"@type":"CommentAction","name":"Comment","target":["https:\/\/kapitalis.com\/tunisie\/2022\/11\/09\/tunisie-sghaier-zakraoui-appelle-les-tunisiens-a-boycotter-les-legislatives\/#respond"]}]},{"@type":"WebPage","@id":"https:\/\/kapitalis.com\/tunisie\/2022\/11\/09\/tunisie-sghaier-zakraoui-appelle-les-tunisiens-a-boycotter-les-legislatives\/","url":"https:\/\/kapitalis.com\/tunisie\/2022\/11\/09\/tunisie-sghaier-zakraoui-appelle-les-tunisiens-a-boycotter-les-legislatives\/","name":"Tunisie : Sghaier Zakraoui appelle les Tunisiens \u00e0 boycotter les l\u00e9gislatives - Kapitalis","isPartOf":{"@id":"https:\/\/kapitalis.com\/tunisie\/#website"},"primaryImageOfPage":{"@id":"https:\/\/kapitalis.com\/tunisie\/2022\/11\/09\/tunisie-sghaier-zakraoui-appelle-les-tunisiens-a-boycotter-les-legislatives\/#primaryimage"},"image":{"@id":"https:\/\/kapitalis.com\/tunisie\/2022\/11\/09\/tunisie-sghaier-zakraoui-appelle-les-tunisiens-a-boycotter-les-legislatives\/#primaryimage"},"thumbnailUrl":"https:\/\/kapitalis.com\/tunisie\/wp-content\/uploads\/2022\/05\/Sghaier-Zakraoui.jpg","datePublished":"2022-11-09T08:52:07+00:00","dateModified":"2022-11-09T09:16:07+00:00","breadcrumb":{"@id":"https:\/\/kapitalis.com\/tunisie\/2022\/11\/09\/tunisie-sghaier-zakraoui-appelle-les-tunisiens-a-boycotter-les-legislatives\/#breadcrumb"},"inLanguage":"fr-FR","potentialAction":[{"@type":"ReadAction","target":["https:\/\/kapitalis.com\/tunisie\/2022\/11\/09\/tunisie-sghaier-zakraoui-appelle-les-tunisiens-a-boycotter-les-legislatives\/"]}]},{"@type":"ImageObject","inLanguage":"fr-FR","@id":"https:\/\/kapitalis.com\/tunisie\/2022\/11\/09\/tunisie-sghaier-zakraoui-appelle-les-tunisiens-a-boycotter-les-legislatives\/#primaryimage","url":"https:\/\/kapitalis.com\/tunisie\/wp-content\/uploads\/2022\/05\/Sghaier-Zakraoui.jpg","contentUrl":"https:\/\/kapitalis.com\/tunisie\/wp-content\/uploads\/2022\/05\/Sghaier-Zakraoui.jpg","width":1200,"height":630},{"@type":"BreadcrumbList","@id":"https:\/\/kapitalis.com\/tunisie\/2022\/11\/09\/tunisie-sghaier-zakraoui-appelle-les-tunisiens-a-boycotter-les-legislatives\/#breadcrumb","itemListElement":[{"@type":"ListItem","position":1,"name":"Accueil","item":"https:\/\/kapitalis.com\/tunisie\/"},{"@type":"ListItem","position":2,"name":"Tunisie : Sghaier Zakraoui appelle les Tunisiens \u00e0 boycotter les l\u00e9gislatives"}]},{"@type":"WebSite","@id":"https:\/\/kapitalis.com\/tunisie\/#website","url":"https:\/\/kapitalis.com\/tunisie\/","name":"Kapitalis","description":"L&#039;actualit\u00e9 en Tunisie et dans le monde","publisher":{"@id":"https:\/\/kapitalis.com\/tunisie\/#organization"},"potentialAction":[{"@type":"SearchAction","target":{"@type":"EntryPoint","urlTemplate":"https:\/\/kapitalis.com\/tunisie\/?s={search_term_string}"},"query-input":{"@type":"PropertyValueSpecification","valueRequired":true,"valueName":"search_term_string"}}],"inLanguage":"fr-FR"},{"@type":"Organization","@id":"https:\/\/kapitalis.com\/tunisie\/#organization","name":"Kapitalis","url":"https:\/\/kapitalis.com\/tunisie\/","logo":{"@type":"ImageObject","inLanguage":"fr-FR","@id":"https:\/\/kapitalis.com\/tunisie\/#\/schema\/logo\/image\/","url":"https:\/\/kapitalis.com\/tunisie\/wp-content\/uploads\/2022\/05\/Kapitalis-big-size.png","contentUrl":"https:\/\/kapitalis.com\/tunisie\/wp-content\/uploads\/2022\/05\/Kapitalis-big-size.png","width":5000,"height":1500,"caption":"Kapitalis"},"image":{"@id":"https:\/\/kapitalis.com\/tunisie\/#\/schema\/logo\/image\/"},"sameAs":["https:\/\/www.facebook.com\/KapitalisInfo\/","https:\/\/x.com\/KapitalisInfo","https:\/\/www.youtube.com\/channel\/UC-yDYrHyfFBWWZaOw3FPg9Q"]},{"@type":"Person","@id":"https:\/\/kapitalis.com\/tunisie\/#\/schema\/person\/b35b8d631961131107263178aeb8019e","name":"Cherif Benyounes","url":"https:\/\/kapitalis.com\/tunisie\/author\/cherif\/"}]}},"_links":{"self":[{"href":"https:\/\/kapitalis.com\/tunisie\/wp-json\/wp\/v2\/posts\/4886308","targetHints":{"allow":["GET"]}}],"collection":[{"href":"https:\/\/kapitalis.com\/tunisie\/wp-json\/wp\/v2\/posts"}],"about":[{"href":"https:\/\/kapitalis.com\/tunisie\/wp-json\/wp\/v2\/types\/post"}],"author":[{"embeddable":true,"href":"https:\/\/kapitalis.com\/tunisie\/wp-json\/wp\/v2\/users\/24"}],"replies":[{"embeddable":true,"href":"https:\/\/kapitalis.com\/tunisie\/wp-json\/wp\/v2\/comments?post=4886308"}],"version-history":[{"count":0,"href":"https:\/\/kapitalis.com\/tunisie\/wp-json\/wp\/v2\/posts\/4886308\/revisions"}],"wp:featuredmedia":[{"embeddable":true,"href":"https:\/\/kapitalis.com\/tunisie\/wp-json\/wp\/v2\/media\/995333"}],"wp:attachment":[{"href":"https:\/\/kapitalis.com\/tunisie\/wp-json\/wp\/v2\/media?parent=4886308"}],"wp:term":[{"taxonomy":"category","embeddable":true,"href":"https:\/\/kapitalis.com\/tunisie\/wp-json\/wp\/v2\/categories?post=4886308"},{"taxonomy":"post_tag","embeddable":true,"href":"https:\/\/kapitalis.com\/tunisie\/wp-json\/wp\/v2\/tags?post=4886308"}],"curies":[{"name":"wp","href":"https:\/\/api.w.org\/{rel}","templated":true}]}}