{"id":48963,"date":"2016-05-03T16:01:35","date_gmt":"2016-05-03T15:01:35","guid":{"rendered":"http:\/\/kapitalis.com\/tunisie\/?p=48963"},"modified":"2016-05-03T16:01:35","modified_gmt":"2016-05-03T15:01:35","slug":"tunis-un-agent-penitentiaire-en-soins-intensifs-apres-une-agression","status":"publish","type":"post","link":"https:\/\/kapitalis.com\/tunisie\/2016\/05\/03\/tunis-un-agent-penitentiaire-en-soins-intensifs-apres-une-agression\/","title":{"rendered":"Tunis : Un agent p\u00e9nitentiaire en soins intensifs apr\u00e8s une agression"},"content":{"rendered":"<p style=\"text-align: center;\"><img loading=\"lazy\" decoding=\"async\" class=\"alignnone size-full wp-image-48965\" src=\"http:\/\/kapitalis.com\/tunisie\/wp-content\/uploads\/2016\/05\/agent-p\u00e9nitentiaire-agression-Tunis.jpg\" alt=\"agent p\u00e9nitentiaire - agression- Tunis\" width=\"626\" height=\"380\" \/><\/p>\n<p><em><strong>Un agent p\u00e9nitentiaire a \u00e9t\u00e9 agress\u00e9, hier, \u00e0 Tunis, par un inconnu. Gri\u00e8vement bless\u00e9 \u00e0 la t\u00eate, il est en soins intensif \u00e0 l\u2019h\u00f4pital de la Rabta.<\/strong><\/em><\/p>\n<p><!--more--><\/p>\n<p>Na\u00efm Riahi rentrait du travail, lundi soir, quand un inconnu l\u2019a intercept\u00e9 \u00e0 quelques pas de son domicile et l\u2019a frapp\u00e9 avec une barre de fer, lui portant plusieurs coups, notamment \u00e0\u00a0la t\u00eate ce qui lui a caus\u00e9 une h\u00e9morragie interne.<\/p>\n<p>Selon Ramzi Moujawel, membre du bureau ex\u00e9cutif du Syndicat national des forces de s\u00e9curit\u00e9 int\u00e9rieure (SNFSI), son coll\u00e8gue est dans un \u00e9tat grave et sa vie pourrait \u00eatre en danger.<\/p>\n<p>Le SNFSI regrette le silence des autorit\u00e9s, qui n\u2019ont encore pas r\u00e9agi, alors qu&rsquo;ils ont \u00e9t\u00e9\u00a0\u00e9t\u00e9 inform\u00e9s de cet incident. \u00ab<em>Nous sommes la cible de menaces constantes et garder notre arme apr\u00e8s le\u00a0travail devient urgent pour que nous\u00a0puissions\u00a0nous prot\u00e9ger<\/em>\u00bb, a indiqu\u00e9 Ramzi Moujawel.<\/p>\n<p style=\"text-align: right;\"><strong>Y. N.<\/strong><\/p>\n","protected":false},"excerpt":{"rendered":"<p>Un agent p\u00e9nitentiaire a \u00e9t\u00e9 agress\u00e9, hier, \u00e0 Tunis, par un inconnu. Gri\u00e8vement bless\u00e9 \u00e0 la t\u00eate, il est en soins intensif \u00e0 l\u2019h\u00f4pital de la Rabta.<\/p>\n","protected":false},"author":6,"featured_media":48965,"comment_status":"open","ping_status":"open","sticky":false,"template":"","format":"standard","meta":{"footnotes":""},"categories":[998,2433],"tags":[3326,1274,1814,1472,7326,1593,872],"class_list":["post-48963","post","type-post","status-publish","format-standard","has-post-thumbnail","hentry","category-societe","category-tunisie","tag-agent-penitentiaire","tag-arme","tag-autorites","tag-hemorragie","tag-hopital-rabta","tag-soins-intensifs","tag-syndicat"],"yoast_head":"<!-- This site is optimized with the Yoast SEO plugin v26.6 - https:\/\/yoast.com\/wordpress\/plugins\/seo\/ -->\n<title>Tunis : Un agent p\u00e9nitentiaire en soins intensifs apr\u00e8s une agression - Kapitalis<\/title>\n<meta name=\"robots\" content=\"index, follow, max-snippet:-1, max-image-preview:large, max-video-preview:-1\" \/>\n<link rel=\"canonical\" href=\"https:\/\/kapitalis.com\/tunisie\/2016\/05\/03\/tunis-un-agent-penitentiaire-en-soins-intensifs-apres-une-agression\/\" \/>\n<meta property=\"og:locale\" content=\"fr_FR\" \/>\n<meta property=\"og:type\" content=\"article\" \/>\n<meta property=\"og:title\" content=\"Tunis : Un agent p\u00e9nitentiaire en soins intensifs apr\u00e8s une agression - Kapitalis\" \/>\n<meta property=\"og:description\" content=\"Un agent p\u00e9nitentiaire a \u00e9t\u00e9 agress\u00e9, hier, \u00e0 Tunis, par un inconnu. Gri\u00e8vement bless\u00e9 \u00e0 la t\u00eate, il est en soins intensif \u00e0 l\u2019h\u00f4pital de la Rabta.\" \/>\n<meta property=\"og:url\" content=\"https:\/\/kapitalis.com\/tunisie\/2016\/05\/03\/tunis-un-agent-penitentiaire-en-soins-intensifs-apres-une-agression\/\" \/>\n<meta property=\"og:site_name\" content=\"Kapitalis\" \/>\n<meta property=\"article:publisher\" content=\"https:\/\/www.facebook.com\/KapitalisInfo\/\" \/>\n<meta property=\"article:published_time\" content=\"2016-05-03T15:01:35+00:00\" \/>\n<meta property=\"og:image\" content=\"https:\/\/kapitalis.com\/tunisie\/wp-content\/uploads\/2022\/05\/kapitalis-logo-fb.png\" \/>\n\t<meta property=\"og:image:width\" content=\"1200\" \/>\n\t<meta property=\"og:image:height\" content=\"630\" \/>\n\t<meta property=\"og:image:type\" content=\"image\/png\" \/>\n<meta name=\"author\" content=\"Yusra NY\" \/>\n<meta name=\"twitter:card\" content=\"summary_large_image\" \/>\n<meta name=\"twitter:creator\" content=\"@KapitalisInfo\" \/>\n<meta name=\"twitter:site\" content=\"@KapitalisInfo\" \/>\n<meta name=\"twitter:label1\" content=\"\u00c9crit par\" \/>\n\t<meta name=\"twitter:data1\" content=\"Yusra NY\" \/>\n\t<meta name=\"twitter:label2\" content=\"Dur\u00e9e de lecture estim\u00e9e\" \/>\n\t<meta name=\"twitter:data2\" content=\"1 minute\" \/>\n<script type=\"application\/ld+json\" class=\"yoast-schema-graph\">{\"@context\":\"https:\/\/schema.org\",\"@graph\":[{\"@type\":\"Article\",\"@id\":\"https:\/\/kapitalis.com\/tunisie\/2016\/05\/03\/tunis-un-agent-penitentiaire-en-soins-intensifs-apres-une-agression\/#article\",\"isPartOf\":{\"@id\":\"https:\/\/kapitalis.com\/tunisie\/2016\/05\/03\/tunis-un-agent-penitentiaire-en-soins-intensifs-apres-une-agression\/\"},\"author\":{\"name\":\"Yusra NY\",\"@id\":\"https:\/\/kapitalis.com\/tunisie\/#\/schema\/person\/74bbde0154d49d790a92aaeac5bc01d5\"},\"headline\":\"Tunis : Un agent p\u00e9nitentiaire en soins intensifs apr\u00e8s une agression\",\"datePublished\":\"2016-05-03T15:01:35+00:00\",\"mainEntityOfPage\":{\"@id\":\"https:\/\/kapitalis.com\/tunisie\/2016\/05\/03\/tunis-un-agent-penitentiaire-en-soins-intensifs-apres-une-agression\/\"},\"wordCount\":175,\"commentCount\":0,\"publisher\":{\"@id\":\"https:\/\/kapitalis.com\/tunisie\/#organization\"},\"image\":{\"@id\":\"https:\/\/kapitalis.com\/tunisie\/2016\/05\/03\/tunis-un-agent-penitentiaire-en-soins-intensifs-apres-une-agression\/#primaryimage\"},\"thumbnailUrl\":\"\",\"keywords\":[\"agent p\u00e9nitentiaire\",\"arme\",\"autorit\u00e9s\",\"h\u00e9morragie\",\"h\u00f4pital Rabta\",\"soins intensifs\",\"syndicat\"],\"articleSection\":[\"SOCIETE\",\"Tunisie\"],\"inLanguage\":\"fr-FR\",\"potentialAction\":[{\"@type\":\"CommentAction\",\"name\":\"Comment\",\"target\":[\"https:\/\/kapitalis.com\/tunisie\/2016\/05\/03\/tunis-un-agent-penitentiaire-en-soins-intensifs-apres-une-agression\/#respond\"]}]},{\"@type\":\"WebPage\",\"@id\":\"https:\/\/kapitalis.com\/tunisie\/2016\/05\/03\/tunis-un-agent-penitentiaire-en-soins-intensifs-apres-une-agression\/\",\"url\":\"https:\/\/kapitalis.com\/tunisie\/2016\/05\/03\/tunis-un-agent-penitentiaire-en-soins-intensifs-apres-une-agression\/\",\"name\":\"Tunis : Un agent p\u00e9nitentiaire en soins intensifs apr\u00e8s une agression - Kapitalis\",\"isPartOf\":{\"@id\":\"https:\/\/kapitalis.com\/tunisie\/#website\"},\"primaryImageOfPage\":{\"@id\":\"https:\/\/kapitalis.com\/tunisie\/2016\/05\/03\/tunis-un-agent-penitentiaire-en-soins-intensifs-apres-une-agression\/#primaryimage\"},\"image\":{\"@id\":\"https:\/\/kapitalis.com\/tunisie\/2016\/05\/03\/tunis-un-agent-penitentiaire-en-soins-intensifs-apres-une-agression\/#primaryimage\"},\"thumbnailUrl\":\"\",\"datePublished\":\"2016-05-03T15:01:35+00:00\",\"breadcrumb\":{\"@id\":\"https:\/\/kapitalis.com\/tunisie\/2016\/05\/03\/tunis-un-agent-penitentiaire-en-soins-intensifs-apres-une-agression\/#breadcrumb\"},\"inLanguage\":\"fr-FR\",\"potentialAction\":[{\"@type\":\"ReadAction\",\"target\":[\"https:\/\/kapitalis.com\/tunisie\/2016\/05\/03\/tunis-un-agent-penitentiaire-en-soins-intensifs-apres-une-agression\/\"]}]},{\"@type\":\"ImageObject\",\"inLanguage\":\"fr-FR\",\"@id\":\"https:\/\/kapitalis.com\/tunisie\/2016\/05\/03\/tunis-un-agent-penitentiaire-en-soins-intensifs-apres-une-agression\/#primaryimage\",\"url\":\"\",\"contentUrl\":\"\"},{\"@type\":\"BreadcrumbList\",\"@id\":\"https:\/\/kapitalis.com\/tunisie\/2016\/05\/03\/tunis-un-agent-penitentiaire-en-soins-intensifs-apres-une-agression\/#breadcrumb\",\"itemListElement\":[{\"@type\":\"ListItem\",\"position\":1,\"name\":\"Accueil\",\"item\":\"https:\/\/kapitalis.com\/tunisie\/\"},{\"@type\":\"ListItem\",\"position\":2,\"name\":\"Tunis : Un agent p\u00e9nitentiaire en soins intensifs apr\u00e8s une agression\"}]},{\"@type\":\"WebSite\",\"@id\":\"https:\/\/kapitalis.com\/tunisie\/#website\",\"url\":\"https:\/\/kapitalis.com\/tunisie\/\",\"name\":\"Kapitalis\",\"description\":\"L&#039;actualit\u00e9 en Tunisie et dans le monde\",\"publisher\":{\"@id\":\"https:\/\/kapitalis.com\/tunisie\/#organization\"},\"potentialAction\":[{\"@type\":\"SearchAction\",\"target\":{\"@type\":\"EntryPoint\",\"urlTemplate\":\"https:\/\/kapitalis.com\/tunisie\/?s={search_term_string}\"},\"query-input\":{\"@type\":\"PropertyValueSpecification\",\"valueRequired\":true,\"valueName\":\"search_term_string\"}}],\"inLanguage\":\"fr-FR\"},{\"@type\":\"Organization\",\"@id\":\"https:\/\/kapitalis.com\/tunisie\/#organization\",\"name\":\"Kapitalis\",\"url\":\"https:\/\/kapitalis.com\/tunisie\/\",\"logo\":{\"@type\":\"ImageObject\",\"inLanguage\":\"fr-FR\",\"@id\":\"https:\/\/kapitalis.com\/tunisie\/#\/schema\/logo\/image\/\",\"url\":\"https:\/\/kapitalis.com\/tunisie\/wp-content\/uploads\/2022\/05\/Kapitalis-big-size.png\",\"contentUrl\":\"https:\/\/kapitalis.com\/tunisie\/wp-content\/uploads\/2022\/05\/Kapitalis-big-size.png\",\"width\":5000,\"height\":1500,\"caption\":\"Kapitalis\"},\"image\":{\"@id\":\"https:\/\/kapitalis.com\/tunisie\/#\/schema\/logo\/image\/\"},\"sameAs\":[\"https:\/\/www.facebook.com\/KapitalisInfo\/\",\"https:\/\/x.com\/KapitalisInfo\",\"https:\/\/www.youtube.com\/channel\/UC-yDYrHyfFBWWZaOw3FPg9Q\"]},{\"@type\":\"Person\",\"@id\":\"https:\/\/kapitalis.com\/tunisie\/#\/schema\/person\/74bbde0154d49d790a92aaeac5bc01d5\",\"name\":\"Yusra NY\",\"url\":\"https:\/\/kapitalis.com\/tunisie\/author\/yuza_adam\/\"}]}<\/script>\n<!-- \/ Yoast SEO plugin. -->","yoast_head_json":{"title":"Tunis : Un agent p\u00e9nitentiaire en soins intensifs apr\u00e8s une agression - Kapitalis","robots":{"index":"index","follow":"follow","max-snippet":"max-snippet:-1","max-image-preview":"max-image-preview:large","max-video-preview":"max-video-preview:-1"},"canonical":"https:\/\/kapitalis.com\/tunisie\/2016\/05\/03\/tunis-un-agent-penitentiaire-en-soins-intensifs-apres-une-agression\/","og_locale":"fr_FR","og_type":"article","og_title":"Tunis : Un agent p\u00e9nitentiaire en soins intensifs apr\u00e8s une agression - Kapitalis","og_description":"Un agent p\u00e9nitentiaire a \u00e9t\u00e9 agress\u00e9, hier, \u00e0 Tunis, par un inconnu. Gri\u00e8vement bless\u00e9 \u00e0 la t\u00eate, il est en soins intensif \u00e0 l\u2019h\u00f4pital de la Rabta.","og_url":"https:\/\/kapitalis.com\/tunisie\/2016\/05\/03\/tunis-un-agent-penitentiaire-en-soins-intensifs-apres-une-agression\/","og_site_name":"Kapitalis","article_publisher":"https:\/\/www.facebook.com\/KapitalisInfo\/","article_published_time":"2016-05-03T15:01:35+00:00","og_image":[{"width":1200,"height":630,"url":"https:\/\/kapitalis.com\/tunisie\/wp-content\/uploads\/2022\/05\/kapitalis-logo-fb.png","type":"image\/png"}],"author":"Yusra NY","twitter_card":"summary_large_image","twitter_creator":"@KapitalisInfo","twitter_site":"@KapitalisInfo","twitter_misc":{"\u00c9crit par":"Yusra NY","Dur\u00e9e de lecture estim\u00e9e":"1 minute"},"schema":{"@context":"https:\/\/schema.org","@graph":[{"@type":"Article","@id":"https:\/\/kapitalis.com\/tunisie\/2016\/05\/03\/tunis-un-agent-penitentiaire-en-soins-intensifs-apres-une-agression\/#article","isPartOf":{"@id":"https:\/\/kapitalis.com\/tunisie\/2016\/05\/03\/tunis-un-agent-penitentiaire-en-soins-intensifs-apres-une-agression\/"},"author":{"name":"Yusra NY","@id":"https:\/\/kapitalis.com\/tunisie\/#\/schema\/person\/74bbde0154d49d790a92aaeac5bc01d5"},"headline":"Tunis : Un agent p\u00e9nitentiaire en soins intensifs apr\u00e8s une agression","datePublished":"2016-05-03T15:01:35+00:00","mainEntityOfPage":{"@id":"https:\/\/kapitalis.com\/tunisie\/2016\/05\/03\/tunis-un-agent-penitentiaire-en-soins-intensifs-apres-une-agression\/"},"wordCount":175,"commentCount":0,"publisher":{"@id":"https:\/\/kapitalis.com\/tunisie\/#organization"},"image":{"@id":"https:\/\/kapitalis.com\/tunisie\/2016\/05\/03\/tunis-un-agent-penitentiaire-en-soins-intensifs-apres-une-agression\/#primaryimage"},"thumbnailUrl":"","keywords":["agent p\u00e9nitentiaire","arme","autorit\u00e9s","h\u00e9morragie","h\u00f4pital Rabta","soins intensifs","syndicat"],"articleSection":["SOCIETE","Tunisie"],"inLanguage":"fr-FR","potentialAction":[{"@type":"CommentAction","name":"Comment","target":["https:\/\/kapitalis.com\/tunisie\/2016\/05\/03\/tunis-un-agent-penitentiaire-en-soins-intensifs-apres-une-agression\/#respond"]}]},{"@type":"WebPage","@id":"https:\/\/kapitalis.com\/tunisie\/2016\/05\/03\/tunis-un-agent-penitentiaire-en-soins-intensifs-apres-une-agression\/","url":"https:\/\/kapitalis.com\/tunisie\/2016\/05\/03\/tunis-un-agent-penitentiaire-en-soins-intensifs-apres-une-agression\/","name":"Tunis : Un agent p\u00e9nitentiaire en soins intensifs apr\u00e8s une agression - Kapitalis","isPartOf":{"@id":"https:\/\/kapitalis.com\/tunisie\/#website"},"primaryImageOfPage":{"@id":"https:\/\/kapitalis.com\/tunisie\/2016\/05\/03\/tunis-un-agent-penitentiaire-en-soins-intensifs-apres-une-agression\/#primaryimage"},"image":{"@id":"https:\/\/kapitalis.com\/tunisie\/2016\/05\/03\/tunis-un-agent-penitentiaire-en-soins-intensifs-apres-une-agression\/#primaryimage"},"thumbnailUrl":"","datePublished":"2016-05-03T15:01:35+00:00","breadcrumb":{"@id":"https:\/\/kapitalis.com\/tunisie\/2016\/05\/03\/tunis-un-agent-penitentiaire-en-soins-intensifs-apres-une-agression\/#breadcrumb"},"inLanguage":"fr-FR","potentialAction":[{"@type":"ReadAction","target":["https:\/\/kapitalis.com\/tunisie\/2016\/05\/03\/tunis-un-agent-penitentiaire-en-soins-intensifs-apres-une-agression\/"]}]},{"@type":"ImageObject","inLanguage":"fr-FR","@id":"https:\/\/kapitalis.com\/tunisie\/2016\/05\/03\/tunis-un-agent-penitentiaire-en-soins-intensifs-apres-une-agression\/#primaryimage","url":"","contentUrl":""},{"@type":"BreadcrumbList","@id":"https:\/\/kapitalis.com\/tunisie\/2016\/05\/03\/tunis-un-agent-penitentiaire-en-soins-intensifs-apres-une-agression\/#breadcrumb","itemListElement":[{"@type":"ListItem","position":1,"name":"Accueil","item":"https:\/\/kapitalis.com\/tunisie\/"},{"@type":"ListItem","position":2,"name":"Tunis : Un agent p\u00e9nitentiaire en soins intensifs apr\u00e8s une agression"}]},{"@type":"WebSite","@id":"https:\/\/kapitalis.com\/tunisie\/#website","url":"https:\/\/kapitalis.com\/tunisie\/","name":"Kapitalis","description":"L&#039;actualit\u00e9 en Tunisie et dans le monde","publisher":{"@id":"https:\/\/kapitalis.com\/tunisie\/#organization"},"potentialAction":[{"@type":"SearchAction","target":{"@type":"EntryPoint","urlTemplate":"https:\/\/kapitalis.com\/tunisie\/?s={search_term_string}"},"query-input":{"@type":"PropertyValueSpecification","valueRequired":true,"valueName":"search_term_string"}}],"inLanguage":"fr-FR"},{"@type":"Organization","@id":"https:\/\/kapitalis.com\/tunisie\/#organization","name":"Kapitalis","url":"https:\/\/kapitalis.com\/tunisie\/","logo":{"@type":"ImageObject","inLanguage":"fr-FR","@id":"https:\/\/kapitalis.com\/tunisie\/#\/schema\/logo\/image\/","url":"https:\/\/kapitalis.com\/tunisie\/wp-content\/uploads\/2022\/05\/Kapitalis-big-size.png","contentUrl":"https:\/\/kapitalis.com\/tunisie\/wp-content\/uploads\/2022\/05\/Kapitalis-big-size.png","width":5000,"height":1500,"caption":"Kapitalis"},"image":{"@id":"https:\/\/kapitalis.com\/tunisie\/#\/schema\/logo\/image\/"},"sameAs":["https:\/\/www.facebook.com\/KapitalisInfo\/","https:\/\/x.com\/KapitalisInfo","https:\/\/www.youtube.com\/channel\/UC-yDYrHyfFBWWZaOw3FPg9Q"]},{"@type":"Person","@id":"https:\/\/kapitalis.com\/tunisie\/#\/schema\/person\/74bbde0154d49d790a92aaeac5bc01d5","name":"Yusra NY","url":"https:\/\/kapitalis.com\/tunisie\/author\/yuza_adam\/"}]}},"_links":{"self":[{"href":"https:\/\/kapitalis.com\/tunisie\/wp-json\/wp\/v2\/posts\/48963","targetHints":{"allow":["GET"]}}],"collection":[{"href":"https:\/\/kapitalis.com\/tunisie\/wp-json\/wp\/v2\/posts"}],"about":[{"href":"https:\/\/kapitalis.com\/tunisie\/wp-json\/wp\/v2\/types\/post"}],"author":[{"embeddable":true,"href":"https:\/\/kapitalis.com\/tunisie\/wp-json\/wp\/v2\/users\/6"}],"replies":[{"embeddable":true,"href":"https:\/\/kapitalis.com\/tunisie\/wp-json\/wp\/v2\/comments?post=48963"}],"version-history":[{"count":0,"href":"https:\/\/kapitalis.com\/tunisie\/wp-json\/wp\/v2\/posts\/48963\/revisions"}],"wp:featuredmedia":[{"embeddable":true,"href":"https:\/\/kapitalis.com\/tunisie\/wp-json\/wp\/v2\/media\/48965"}],"wp:attachment":[{"href":"https:\/\/kapitalis.com\/tunisie\/wp-json\/wp\/v2\/media?parent=48963"}],"wp:term":[{"taxonomy":"category","embeddable":true,"href":"https:\/\/kapitalis.com\/tunisie\/wp-json\/wp\/v2\/categories?post=48963"},{"taxonomy":"post_tag","embeddable":true,"href":"https:\/\/kapitalis.com\/tunisie\/wp-json\/wp\/v2\/tags?post=48963"}],"curies":[{"name":"wp","href":"https:\/\/api.w.org\/{rel}","templated":true}]}}