{"id":4900106,"date":"2022-11-10T10:34:56","date_gmt":"2022-11-10T09:34:56","guid":{"rendered":"https:\/\/kapitalis.com\/tunisie\/?p=4900106"},"modified":"2022-11-10T10:43:59","modified_gmt":"2022-11-10T09:43:59","slug":"tunisie-kais-saied-najla-bouden-et-la-normalisation-avec-israel","status":"publish","type":"post","link":"https:\/\/kapitalis.com\/tunisie\/2022\/11\/10\/tunisie-kais-saied-najla-bouden-et-la-normalisation-avec-israel\/","title":{"rendered":"Tunisie\u00a0: Ka\u00efs Sa\u00efed, Najla Bouden et la \u00abnormalisation\u00bb avec Isra\u00ebl \u00a0"},"content":{"rendered":"\n<p><strong><em>L\u2019\u00e9change d\u2019amabilit\u00e9s et de sourires entre notre Premi\u00e8re ministre Najla Bouden et le pr\u00e9sident isra\u00e9lien Isaac Herzog en marge de la COP27 \u00e0 Charm El-Cheikh en Egypte continue de susciter les commentaires les plus divers, notamment en Tunisie, o\u00f9 la \u00abnormalisation\u00bb des relations avec Isra\u00ebl repr\u00e9sente une ligne rouge pour une bonne partie de la sc\u00e8ne politique tunisienne, y compris le pr\u00e9sident de la r\u00e9publique Ka\u00efs Sa\u00efed.<\/em><\/strong><\/p>\n\n\n\n<p>Par <strong>Imed Bahri<\/strong><\/p>\n\n\n\n<!--more-->\n\n\n\n<p>Dans un commentaire publi\u00e9 sur sa page Facebook, jeudi 10 novembre 2022, l\u2019ancien ambassadeur Elyes Kasri se montre perplexe voire sceptique, d\u2019autant qu\u2019il n\u2019y a pas eu de r\u00e9action officielle tunisienne \u00e0 propos de cet \u00e9change et que cette ambigu\u00eft\u00e9 de notre position officielle sur la question de la <em>\u00abnormalisation\u00bb<\/em> avec Isra\u00ebl laisse trop de points d\u2019interrogation, ce qui n\u2019aide ni les Tunisiens ni leurs partenaires \u00e9trangers \u00e0 d\u00e9chiffrer cette position.<\/p>\n\n\n\n<p><em>\u00abL\u2019\u00e9change d\u2019amabilit\u00e9s et de sourires d\u00e9passant les limites de la courtoisie entre les dirigeants de pays n\u2019entretenant pas de relations diplomatiques, en raison d\u2019un contentieux \u00e9rig\u00e9 en dogme moral et patriotique par la direction d\u2019un des deux pays, suscite in\u00e9vitablement des interrogations\u00bb<\/em>, fait remarquer Elyes Kasri.<\/p>\n\n\n\n<h2 class=\"wp-block-heading\">Incoh\u00e9rence ou double jeu&nbsp;? &nbsp;<\/h2>\n\n\n\n<p><em>\u00abAu-del\u00e0 du d\u00e9bat sur les conditions, les modalit\u00e9s et le timing appropri\u00e9 d\u2019une \u00e9ventuelle normalisation avec l\u2019\u00c9tat d\u2019Isra\u00ebl, la question qui se pose est celle du d\u00e9calage entre le comportement de la premi\u00e8re ministre Bouden \u00e0 la COP27 et la position tranch\u00e9e et sans nuance du pr\u00e9sident de la r\u00e9publique sur la normalisation avec l\u2019Etat d&rsquo;Isra\u00ebl qu\u2019il assimile, avec v\u00e9h\u00e9mence, \u00e0 une haute trahison\u00bb<\/em>, ajoute le diplomate, d\u2019autant que la diplomatie, si elle peut jouer parfois sur l\u2019ambigu\u00eft\u00e9 des positions, pr\u00e9f\u00e8re plut\u00f4t la clart\u00e9, qui seule peut aider \u00e0 construire des relations stables et durables entre les Etats.<\/p>\n\n\n\n<figure class=\"wp-block-embed is-type-wp-embed is-provider-kapitalis wp-block-embed-kapitalis\"><div class=\"wp-block-embed__wrapper\">\n<blockquote class=\"wp-embedded-content\" data-secret=\"bXtzbqUDhL\"><a href=\"https:\/\/kapitalis.com\/tunisie\/2022\/11\/09\/tunisie-najla-bouden-et-son-geste-clarificateur\/\">Tunisie\u00a0: Najla Bouden\u00a0et son geste clarificateur<\/a><\/blockquote><iframe loading=\"lazy\" class=\"wp-embedded-content\" sandbox=\"allow-scripts\" security=\"restricted\" style=\"position: absolute; clip: rect(1px, 1px, 1px, 1px);\" title=\"\u00ab\u00a0Tunisie\u00a0: Najla Bouden\u00a0et son geste clarificateur\u00a0\u00bb &#8212; Kapitalis\" src=\"https:\/\/kapitalis.com\/tunisie\/2022\/11\/09\/tunisie-najla-bouden-et-son-geste-clarificateur\/embed\/#?secret=4CHnqubeMQ#?secret=bXtzbqUDhL\" data-secret=\"bXtzbqUDhL\" width=\"600\" height=\"338\" frameborder=\"0\" marginwidth=\"0\" marginheight=\"0\" scrolling=\"no\"><\/iframe>\n<\/div><\/figure>\n\n\n\n<p>Or, la Tunisie, qui est visiblement tr\u00e8s g\u00ean\u00e9e aux entournures d\u00e8s qu\u2019il s\u2019agit de ses relations avec l\u2019Etat h\u00e9breu, continue de sacrifier, non pas seulement \u00e0 l\u2019ambigu\u00eft\u00e9, mais aussi \u00e0 la simulation, \u00e0 la duplicit\u00e9 et aux effets de manche\u00a0: pour l\u2019opinion publique nationale, que l\u2019on m\u00e9prise, on condamne avec v\u00e9h\u00e9mence la <em>\u00abnormalisation\u00bb<\/em> avec Isra\u00ebl et, pour l\u2019opinion publique internationale, \u00e0 laquelle on cherche toujours \u00e0 plaire, on fait des clins d\u2019\u0153il appuy\u00e9s \u00e0 l\u2019Etat h\u00e9breu. Or, dans ce jeu malsain, on finit toujours par \u00eatre d\u00e9masqu\u00e9, et \u00e0 vouloir gagner sur tous les tableaux, le risque est grand de perdre aussi sur tous les tableaux.<\/p>\n\n\n\n<p>C\u2019est ce qui fait dire \u00e0 Elyes Kasri que <em>\u00abl\u2019\u00e9change d\u2019amabilit\u00e9s \u00e0 Charm El-Cheikh \u00e0 l\u2019occasion de la COP27 entre la premi\u00e8re ministre Bouden et le pr\u00e9sident isra\u00e9lien Herzog est soit un exc\u00e8s de politesse frisant le faux pas ou l\u2019illustration d\u2019un partage de r\u00f4les du c\u00f4t\u00e9 tunisien \u00e0 l\u2019instar du discours populiste du pr\u00e9sident Ka\u00efs Sa\u00efed et les tractations du gouvernement avec le FMI sur un programme de r\u00e9formes ultra lib\u00e9rales.\u00bb<\/em><\/p>\n\n\n\n<h2 class=\"wp-block-heading\">Une apparente familiarit\u00e9<\/h2>\n\n\n\n<p>D\u2019o\u00f9 le besoin d\u2019explications et de clarifications que les Tunisiens, autant que leurs partenaires \u00e9trangers, sont en droit d\u2019exiger de Carthage et de la Kasbah, qui ne sauraient continuer \u00e0 jouer ainsi deux partitions compl\u00e8tement dissonantes, avec au bout la cacophonie qui caract\u00e9rise actuellement la politique ext\u00e9rieure du pays, laquelle manque terriblement de coh\u00e9rence et de lisibilit\u00e9.<\/p>\n\n\n\n<figure class=\"wp-block-embed is-type-wp-embed is-provider-kapitalis wp-block-embed-kapitalis\"><div class=\"wp-block-embed__wrapper\">\n<blockquote class=\"wp-embedded-content\" data-secret=\"U4jPiJGBKY\"><a href=\"https:\/\/kapitalis.com\/tunisie\/2022\/11\/08\/tunisie-polemique-autour-dune-video-ou-najla-bouden-parle-en-souriant-avec-le-president-israelien-isaac-herzog\/\">Tunisie : Pol\u00e9mique autour d&rsquo;une vid\u00e9o o\u00f9 Najla Bouden parle en souriant avec le pr\u00e9sident isra\u00e9lien Isaac Herzog<\/a><\/blockquote><iframe loading=\"lazy\" class=\"wp-embedded-content\" sandbox=\"allow-scripts\" security=\"restricted\" style=\"position: absolute; clip: rect(1px, 1px, 1px, 1px);\" title=\"\u00ab\u00a0Tunisie : Pol\u00e9mique autour d&rsquo;une vid\u00e9o o\u00f9 Najla Bouden parle en souriant avec le pr\u00e9sident isra\u00e9lien Isaac Herzog\u00a0\u00bb &#8212; Kapitalis\" src=\"https:\/\/kapitalis.com\/tunisie\/2022\/11\/08\/tunisie-polemique-autour-dune-video-ou-najla-bouden-parle-en-souriant-avec-le-president-israelien-isaac-herzog\/embed\/#?secret=izNZUprW2P#?secret=U4jPiJGBKY\" data-secret=\"U4jPiJGBKY\" width=\"600\" height=\"338\" frameborder=\"0\" marginwidth=\"0\" marginheight=\"0\" scrolling=\"no\"><\/iframe>\n<\/div><\/figure>\n\n\n\n<p>S\u2019il n\u2019exclue pas la bonne foi de la Premi\u00e8re ministre tunisienne, l\u2019ancien ambassadeur au Japon et en Allemagne estime que <em>\u00able peuple tunisien a n\u00e9anmoins le droit d\u2019\u00eatre inform\u00e9 sur la teneur de l\u2019\u00e9change entre Mme Bouden et le pr\u00e9sident isra\u00e9lien Herzog et ce qui a motiv\u00e9 et pourrait \u00e9ventuellement cacher cette apparence de familiarit\u00e9\u00bb<\/em>.<\/p>\n\n\n\n<p>Cette <em>\u00abfamiliarit\u00e9\u00bb,<\/em> qui a du reste choqu\u00e9 beaucoup de Tunisiens, semble avoir laiss\u00e9 de marbre le pr\u00e9sident Sa\u00efed, un antisioniste notoire, dont les alli\u00e9s nationalistes arabes ont attendu, \u00e0 juste titre, une r\u00e9action outr\u00e9e. Certains d\u2019entre eux ont m\u00eame esp\u00e9r\u00e9 un limogeage illico presto de Mme Bouden, mais vainement jusque-l\u00e0. <\/p>\n\n\n\n<p>Est-ce \u00e0 dire que l\u2019\u00e9change d\u2019amabilit\u00e9s (\u00e0 supposer qu\u2019il s\u2019\u00e9tait arr\u00eat\u00e9 \u00e0 cela, ce dont on peut aussi douter) entre Bouden et Herzog n\u2019\u00e9tait pas si spontan\u00e9 et si anodin que cela\u00a0et qu\u2019il s\u2019inscrit plut\u00f4t dans un revirement en cours dans l\u2019attitude de la Tunisie \u00e0 l\u2019\u00e9gard d\u2019Isra\u00ebl ? Auquel cas, M. Sa\u00efed autant que Mme Bouden nous doivent des explications. \u00a0<\/p>\n","protected":false},"excerpt":{"rendered":"<p>Apr\u00e8s l\u2019\u00e9change d\u2019amabilit\u00e9s et de sourires entre notre Premi\u00e8re ministre Najla Bouden et le pr\u00e9sident isra\u00e9lien Isaac Herzog, la normalisation des relations avec Isra\u00ebl repr\u00e9sente-t-elle encore une ligne rouge pour le pr\u00e9sident Ka\u00efs Sa\u00efed? <\/p>\n","protected":false},"author":8,"featured_media":4684396,"comment_status":"open","ping_status":"open","sticky":false,"template":"","format":"standard","meta":{"footnotes":""},"categories":[992,997,2433],"tags":[103366,82931,104252,2478,76012,93702,34126,62643],"class_list":["post-4900106","post","type-post","status-publish","format-standard","has-post-thumbnail","hentry","category-a-la-une","category-politique","category-tunisie","tag-charm-el-cheikh","tag-elyes-kasri-2","tag-isaac-herzog","tag-israel","tag-kais-saied-2","tag-najla-bouden","tag-normalisation","tag-tunisie"],"yoast_head":"<!-- This site is optimized with the Yoast SEO plugin v26.6 - https:\/\/yoast.com\/wordpress\/plugins\/seo\/ -->\n<title>Tunisie\u00a0: Ka\u00efs Sa\u00efed, Najla Bouden et la \u00abnormalisation\u00bb avec Isra\u00ebl \u00a0 - Kapitalis<\/title>\n<meta name=\"robots\" content=\"index, follow, max-snippet:-1, max-image-preview:large, max-video-preview:-1\" \/>\n<link rel=\"canonical\" href=\"https:\/\/kapitalis.com\/tunisie\/2022\/11\/10\/tunisie-kais-saied-najla-bouden-et-la-normalisation-avec-israel\/\" \/>\n<meta property=\"og:locale\" content=\"fr_FR\" \/>\n<meta property=\"og:type\" content=\"article\" \/>\n<meta property=\"og:title\" content=\"Tunisie\u00a0: Ka\u00efs Sa\u00efed, Najla Bouden et la \u00abnormalisation\u00bb avec Isra\u00ebl \u00a0 - Kapitalis\" \/>\n<meta property=\"og:description\" content=\"Apr\u00e8s l\u2019\u00e9change d\u2019amabilit\u00e9s et de sourires entre notre Premi\u00e8re ministre Najla Bouden et le pr\u00e9sident isra\u00e9lien Isaac Herzog, la normalisation des relations avec Isra\u00ebl repr\u00e9sente-t-elle encore une ligne rouge pour le pr\u00e9sident Ka\u00efs Sa\u00efed?\" \/>\n<meta property=\"og:url\" content=\"https:\/\/kapitalis.com\/tunisie\/2022\/11\/10\/tunisie-kais-saied-najla-bouden-et-la-normalisation-avec-israel\/\" \/>\n<meta property=\"og:site_name\" content=\"Kapitalis\" \/>\n<meta property=\"article:publisher\" content=\"https:\/\/www.facebook.com\/KapitalisInfo\/\" \/>\n<meta property=\"article:published_time\" content=\"2022-11-10T09:34:56+00:00\" \/>\n<meta property=\"article:modified_time\" content=\"2022-11-10T09:43:59+00:00\" \/>\n<meta property=\"og:image\" content=\"https:\/\/kapitalis.com\/tunisie\/wp-content\/uploads\/2022\/10\/Kais-Saied-Najla-Bouden-3.jpg\" \/>\n\t<meta property=\"og:image:width\" content=\"1200\" \/>\n\t<meta property=\"og:image:height\" content=\"630\" \/>\n\t<meta property=\"og:image:type\" content=\"image\/jpeg\" \/>\n<meta name=\"author\" content=\"webmaster kapitalis\" \/>\n<meta name=\"twitter:card\" content=\"summary_large_image\" \/>\n<meta name=\"twitter:creator\" content=\"@KapitalisInfo\" \/>\n<meta name=\"twitter:site\" content=\"@KapitalisInfo\" \/>\n<meta name=\"twitter:label1\" content=\"\u00c9crit par\" \/>\n\t<meta name=\"twitter:data1\" content=\"webmaster kapitalis\" \/>\n\t<meta name=\"twitter:label2\" content=\"Dur\u00e9e de lecture estim\u00e9e\" \/>\n\t<meta name=\"twitter:data2\" content=\"4 minutes\" \/>\n<script type=\"application\/ld+json\" class=\"yoast-schema-graph\">{\"@context\":\"https:\/\/schema.org\",\"@graph\":[{\"@type\":\"Article\",\"@id\":\"https:\/\/kapitalis.com\/tunisie\/2022\/11\/10\/tunisie-kais-saied-najla-bouden-et-la-normalisation-avec-israel\/#article\",\"isPartOf\":{\"@id\":\"https:\/\/kapitalis.com\/tunisie\/2022\/11\/10\/tunisie-kais-saied-najla-bouden-et-la-normalisation-avec-israel\/\"},\"author\":{\"name\":\"webmaster kapitalis\",\"@id\":\"https:\/\/kapitalis.com\/tunisie\/#\/schema\/person\/d71f33a9ca44f7bad4698210b480c8e9\"},\"headline\":\"Tunisie\u00a0: Ka\u00efs Sa\u00efed, Najla Bouden et la \u00abnormalisation\u00bb avec Isra\u00ebl \u00a0\",\"datePublished\":\"2022-11-10T09:34:56+00:00\",\"dateModified\":\"2022-11-10T09:43:59+00:00\",\"mainEntityOfPage\":{\"@id\":\"https:\/\/kapitalis.com\/tunisie\/2022\/11\/10\/tunisie-kais-saied-najla-bouden-et-la-normalisation-avec-israel\/\"},\"wordCount\":827,\"commentCount\":6,\"publisher\":{\"@id\":\"https:\/\/kapitalis.com\/tunisie\/#organization\"},\"image\":{\"@id\":\"https:\/\/kapitalis.com\/tunisie\/2022\/11\/10\/tunisie-kais-saied-najla-bouden-et-la-normalisation-avec-israel\/#primaryimage\"},\"thumbnailUrl\":\"https:\/\/kapitalis.com\/tunisie\/wp-content\/uploads\/2022\/10\/Kais-Saied-Najla-Bouden-3.jpg\",\"keywords\":[\"Charm El-Cheikh\",\"Elyes Kasri\",\"Isaac Herzog\",\"Isra\u00ebl\",\"Ka\u00efs Sa\u00efed\",\"Najla Bouden\",\"normalisation\",\"Tunisie\"],\"articleSection\":[\"A LA UNE\",\"POLITIQUE\",\"Tunisie\"],\"inLanguage\":\"fr-FR\",\"potentialAction\":[{\"@type\":\"CommentAction\",\"name\":\"Comment\",\"target\":[\"https:\/\/kapitalis.com\/tunisie\/2022\/11\/10\/tunisie-kais-saied-najla-bouden-et-la-normalisation-avec-israel\/#respond\"]}]},{\"@type\":\"WebPage\",\"@id\":\"https:\/\/kapitalis.com\/tunisie\/2022\/11\/10\/tunisie-kais-saied-najla-bouden-et-la-normalisation-avec-israel\/\",\"url\":\"https:\/\/kapitalis.com\/tunisie\/2022\/11\/10\/tunisie-kais-saied-najla-bouden-et-la-normalisation-avec-israel\/\",\"name\":\"Tunisie\u00a0: Ka\u00efs Sa\u00efed, Najla Bouden et la \u00abnormalisation\u00bb avec Isra\u00ebl \u00a0 - Kapitalis\",\"isPartOf\":{\"@id\":\"https:\/\/kapitalis.com\/tunisie\/#website\"},\"primaryImageOfPage\":{\"@id\":\"https:\/\/kapitalis.com\/tunisie\/2022\/11\/10\/tunisie-kais-saied-najla-bouden-et-la-normalisation-avec-israel\/#primaryimage\"},\"image\":{\"@id\":\"https:\/\/kapitalis.com\/tunisie\/2022\/11\/10\/tunisie-kais-saied-najla-bouden-et-la-normalisation-avec-israel\/#primaryimage\"},\"thumbnailUrl\":\"https:\/\/kapitalis.com\/tunisie\/wp-content\/uploads\/2022\/10\/Kais-Saied-Najla-Bouden-3.jpg\",\"datePublished\":\"2022-11-10T09:34:56+00:00\",\"dateModified\":\"2022-11-10T09:43:59+00:00\",\"breadcrumb\":{\"@id\":\"https:\/\/kapitalis.com\/tunisie\/2022\/11\/10\/tunisie-kais-saied-najla-bouden-et-la-normalisation-avec-israel\/#breadcrumb\"},\"inLanguage\":\"fr-FR\",\"potentialAction\":[{\"@type\":\"ReadAction\",\"target\":[\"https:\/\/kapitalis.com\/tunisie\/2022\/11\/10\/tunisie-kais-saied-najla-bouden-et-la-normalisation-avec-israel\/\"]}]},{\"@type\":\"ImageObject\",\"inLanguage\":\"fr-FR\",\"@id\":\"https:\/\/kapitalis.com\/tunisie\/2022\/11\/10\/tunisie-kais-saied-najla-bouden-et-la-normalisation-avec-israel\/#primaryimage\",\"url\":\"https:\/\/kapitalis.com\/tunisie\/wp-content\/uploads\/2022\/10\/Kais-Saied-Najla-Bouden-3.jpg\",\"contentUrl\":\"https:\/\/kapitalis.com\/tunisie\/wp-content\/uploads\/2022\/10\/Kais-Saied-Najla-Bouden-3.jpg\",\"width\":1200,\"height\":630},{\"@type\":\"BreadcrumbList\",\"@id\":\"https:\/\/kapitalis.com\/tunisie\/2022\/11\/10\/tunisie-kais-saied-najla-bouden-et-la-normalisation-avec-israel\/#breadcrumb\",\"itemListElement\":[{\"@type\":\"ListItem\",\"position\":1,\"name\":\"Accueil\",\"item\":\"https:\/\/kapitalis.com\/tunisie\/\"},{\"@type\":\"ListItem\",\"position\":2,\"name\":\"Tunisie\u00a0: Ka\u00efs Sa\u00efed, Najla Bouden et la \u00abnormalisation\u00bb avec Isra\u00ebl \u00a0\"}]},{\"@type\":\"WebSite\",\"@id\":\"https:\/\/kapitalis.com\/tunisie\/#website\",\"url\":\"https:\/\/kapitalis.com\/tunisie\/\",\"name\":\"Kapitalis\",\"description\":\"L&#039;actualit\u00e9 en Tunisie et dans le monde\",\"publisher\":{\"@id\":\"https:\/\/kapitalis.com\/tunisie\/#organization\"},\"potentialAction\":[{\"@type\":\"SearchAction\",\"target\":{\"@type\":\"EntryPoint\",\"urlTemplate\":\"https:\/\/kapitalis.com\/tunisie\/?s={search_term_string}\"},\"query-input\":{\"@type\":\"PropertyValueSpecification\",\"valueRequired\":true,\"valueName\":\"search_term_string\"}}],\"inLanguage\":\"fr-FR\"},{\"@type\":\"Organization\",\"@id\":\"https:\/\/kapitalis.com\/tunisie\/#organization\",\"name\":\"Kapitalis\",\"url\":\"https:\/\/kapitalis.com\/tunisie\/\",\"logo\":{\"@type\":\"ImageObject\",\"inLanguage\":\"fr-FR\",\"@id\":\"https:\/\/kapitalis.com\/tunisie\/#\/schema\/logo\/image\/\",\"url\":\"https:\/\/kapitalis.com\/tunisie\/wp-content\/uploads\/2022\/05\/Kapitalis-big-size.png\",\"contentUrl\":\"https:\/\/kapitalis.com\/tunisie\/wp-content\/uploads\/2022\/05\/Kapitalis-big-size.png\",\"width\":5000,\"height\":1500,\"caption\":\"Kapitalis\"},\"image\":{\"@id\":\"https:\/\/kapitalis.com\/tunisie\/#\/schema\/logo\/image\/\"},\"sameAs\":[\"https:\/\/www.facebook.com\/KapitalisInfo\/\",\"https:\/\/x.com\/KapitalisInfo\",\"https:\/\/www.youtube.com\/channel\/UC-yDYrHyfFBWWZaOw3FPg9Q\"]},{\"@type\":\"Person\",\"@id\":\"https:\/\/kapitalis.com\/tunisie\/#\/schema\/person\/d71f33a9ca44f7bad4698210b480c8e9\",\"name\":\"webmaster kapitalis\",\"url\":\"https:\/\/kapitalis.com\/tunisie\/author\/webmaster-kapitalis\/\"}]}<\/script>\n<!-- \/ Yoast SEO plugin. -->","yoast_head_json":{"title":"Tunisie\u00a0: Ka\u00efs Sa\u00efed, Najla Bouden et la \u00abnormalisation\u00bb avec Isra\u00ebl \u00a0 - Kapitalis","robots":{"index":"index","follow":"follow","max-snippet":"max-snippet:-1","max-image-preview":"max-image-preview:large","max-video-preview":"max-video-preview:-1"},"canonical":"https:\/\/kapitalis.com\/tunisie\/2022\/11\/10\/tunisie-kais-saied-najla-bouden-et-la-normalisation-avec-israel\/","og_locale":"fr_FR","og_type":"article","og_title":"Tunisie\u00a0: Ka\u00efs Sa\u00efed, Najla Bouden et la \u00abnormalisation\u00bb avec Isra\u00ebl \u00a0 - Kapitalis","og_description":"Apr\u00e8s l\u2019\u00e9change d\u2019amabilit\u00e9s et de sourires entre notre Premi\u00e8re ministre Najla Bouden et le pr\u00e9sident isra\u00e9lien Isaac Herzog, la normalisation des relations avec Isra\u00ebl repr\u00e9sente-t-elle encore une ligne rouge pour le pr\u00e9sident Ka\u00efs Sa\u00efed?","og_url":"https:\/\/kapitalis.com\/tunisie\/2022\/11\/10\/tunisie-kais-saied-najla-bouden-et-la-normalisation-avec-israel\/","og_site_name":"Kapitalis","article_publisher":"https:\/\/www.facebook.com\/KapitalisInfo\/","article_published_time":"2022-11-10T09:34:56+00:00","article_modified_time":"2022-11-10T09:43:59+00:00","og_image":[{"width":1200,"height":630,"url":"https:\/\/kapitalis.com\/tunisie\/wp-content\/uploads\/2022\/10\/Kais-Saied-Najla-Bouden-3.jpg","type":"image\/jpeg"}],"author":"webmaster kapitalis","twitter_card":"summary_large_image","twitter_creator":"@KapitalisInfo","twitter_site":"@KapitalisInfo","twitter_misc":{"\u00c9crit par":"webmaster kapitalis","Dur\u00e9e de lecture estim\u00e9e":"4 minutes"},"schema":{"@context":"https:\/\/schema.org","@graph":[{"@type":"Article","@id":"https:\/\/kapitalis.com\/tunisie\/2022\/11\/10\/tunisie-kais-saied-najla-bouden-et-la-normalisation-avec-israel\/#article","isPartOf":{"@id":"https:\/\/kapitalis.com\/tunisie\/2022\/11\/10\/tunisie-kais-saied-najla-bouden-et-la-normalisation-avec-israel\/"},"author":{"name":"webmaster kapitalis","@id":"https:\/\/kapitalis.com\/tunisie\/#\/schema\/person\/d71f33a9ca44f7bad4698210b480c8e9"},"headline":"Tunisie\u00a0: Ka\u00efs Sa\u00efed, Najla Bouden et la \u00abnormalisation\u00bb avec Isra\u00ebl \u00a0","datePublished":"2022-11-10T09:34:56+00:00","dateModified":"2022-11-10T09:43:59+00:00","mainEntityOfPage":{"@id":"https:\/\/kapitalis.com\/tunisie\/2022\/11\/10\/tunisie-kais-saied-najla-bouden-et-la-normalisation-avec-israel\/"},"wordCount":827,"commentCount":6,"publisher":{"@id":"https:\/\/kapitalis.com\/tunisie\/#organization"},"image":{"@id":"https:\/\/kapitalis.com\/tunisie\/2022\/11\/10\/tunisie-kais-saied-najla-bouden-et-la-normalisation-avec-israel\/#primaryimage"},"thumbnailUrl":"https:\/\/kapitalis.com\/tunisie\/wp-content\/uploads\/2022\/10\/Kais-Saied-Najla-Bouden-3.jpg","keywords":["Charm El-Cheikh","Elyes Kasri","Isaac Herzog","Isra\u00ebl","Ka\u00efs Sa\u00efed","Najla Bouden","normalisation","Tunisie"],"articleSection":["A LA UNE","POLITIQUE","Tunisie"],"inLanguage":"fr-FR","potentialAction":[{"@type":"CommentAction","name":"Comment","target":["https:\/\/kapitalis.com\/tunisie\/2022\/11\/10\/tunisie-kais-saied-najla-bouden-et-la-normalisation-avec-israel\/#respond"]}]},{"@type":"WebPage","@id":"https:\/\/kapitalis.com\/tunisie\/2022\/11\/10\/tunisie-kais-saied-najla-bouden-et-la-normalisation-avec-israel\/","url":"https:\/\/kapitalis.com\/tunisie\/2022\/11\/10\/tunisie-kais-saied-najla-bouden-et-la-normalisation-avec-israel\/","name":"Tunisie\u00a0: Ka\u00efs Sa\u00efed, Najla Bouden et la \u00abnormalisation\u00bb avec Isra\u00ebl \u00a0 - Kapitalis","isPartOf":{"@id":"https:\/\/kapitalis.com\/tunisie\/#website"},"primaryImageOfPage":{"@id":"https:\/\/kapitalis.com\/tunisie\/2022\/11\/10\/tunisie-kais-saied-najla-bouden-et-la-normalisation-avec-israel\/#primaryimage"},"image":{"@id":"https:\/\/kapitalis.com\/tunisie\/2022\/11\/10\/tunisie-kais-saied-najla-bouden-et-la-normalisation-avec-israel\/#primaryimage"},"thumbnailUrl":"https:\/\/kapitalis.com\/tunisie\/wp-content\/uploads\/2022\/10\/Kais-Saied-Najla-Bouden-3.jpg","datePublished":"2022-11-10T09:34:56+00:00","dateModified":"2022-11-10T09:43:59+00:00","breadcrumb":{"@id":"https:\/\/kapitalis.com\/tunisie\/2022\/11\/10\/tunisie-kais-saied-najla-bouden-et-la-normalisation-avec-israel\/#breadcrumb"},"inLanguage":"fr-FR","potentialAction":[{"@type":"ReadAction","target":["https:\/\/kapitalis.com\/tunisie\/2022\/11\/10\/tunisie-kais-saied-najla-bouden-et-la-normalisation-avec-israel\/"]}]},{"@type":"ImageObject","inLanguage":"fr-FR","@id":"https:\/\/kapitalis.com\/tunisie\/2022\/11\/10\/tunisie-kais-saied-najla-bouden-et-la-normalisation-avec-israel\/#primaryimage","url":"https:\/\/kapitalis.com\/tunisie\/wp-content\/uploads\/2022\/10\/Kais-Saied-Najla-Bouden-3.jpg","contentUrl":"https:\/\/kapitalis.com\/tunisie\/wp-content\/uploads\/2022\/10\/Kais-Saied-Najla-Bouden-3.jpg","width":1200,"height":630},{"@type":"BreadcrumbList","@id":"https:\/\/kapitalis.com\/tunisie\/2022\/11\/10\/tunisie-kais-saied-najla-bouden-et-la-normalisation-avec-israel\/#breadcrumb","itemListElement":[{"@type":"ListItem","position":1,"name":"Accueil","item":"https:\/\/kapitalis.com\/tunisie\/"},{"@type":"ListItem","position":2,"name":"Tunisie\u00a0: Ka\u00efs Sa\u00efed, Najla Bouden et la \u00abnormalisation\u00bb avec Isra\u00ebl \u00a0"}]},{"@type":"WebSite","@id":"https:\/\/kapitalis.com\/tunisie\/#website","url":"https:\/\/kapitalis.com\/tunisie\/","name":"Kapitalis","description":"L&#039;actualit\u00e9 en Tunisie et dans le monde","publisher":{"@id":"https:\/\/kapitalis.com\/tunisie\/#organization"},"potentialAction":[{"@type":"SearchAction","target":{"@type":"EntryPoint","urlTemplate":"https:\/\/kapitalis.com\/tunisie\/?s={search_term_string}"},"query-input":{"@type":"PropertyValueSpecification","valueRequired":true,"valueName":"search_term_string"}}],"inLanguage":"fr-FR"},{"@type":"Organization","@id":"https:\/\/kapitalis.com\/tunisie\/#organization","name":"Kapitalis","url":"https:\/\/kapitalis.com\/tunisie\/","logo":{"@type":"ImageObject","inLanguage":"fr-FR","@id":"https:\/\/kapitalis.com\/tunisie\/#\/schema\/logo\/image\/","url":"https:\/\/kapitalis.com\/tunisie\/wp-content\/uploads\/2022\/05\/Kapitalis-big-size.png","contentUrl":"https:\/\/kapitalis.com\/tunisie\/wp-content\/uploads\/2022\/05\/Kapitalis-big-size.png","width":5000,"height":1500,"caption":"Kapitalis"},"image":{"@id":"https:\/\/kapitalis.com\/tunisie\/#\/schema\/logo\/image\/"},"sameAs":["https:\/\/www.facebook.com\/KapitalisInfo\/","https:\/\/x.com\/KapitalisInfo","https:\/\/www.youtube.com\/channel\/UC-yDYrHyfFBWWZaOw3FPg9Q"]},{"@type":"Person","@id":"https:\/\/kapitalis.com\/tunisie\/#\/schema\/person\/d71f33a9ca44f7bad4698210b480c8e9","name":"webmaster kapitalis","url":"https:\/\/kapitalis.com\/tunisie\/author\/webmaster-kapitalis\/"}]}},"_links":{"self":[{"href":"https:\/\/kapitalis.com\/tunisie\/wp-json\/wp\/v2\/posts\/4900106","targetHints":{"allow":["GET"]}}],"collection":[{"href":"https:\/\/kapitalis.com\/tunisie\/wp-json\/wp\/v2\/posts"}],"about":[{"href":"https:\/\/kapitalis.com\/tunisie\/wp-json\/wp\/v2\/types\/post"}],"author":[{"embeddable":true,"href":"https:\/\/kapitalis.com\/tunisie\/wp-json\/wp\/v2\/users\/8"}],"replies":[{"embeddable":true,"href":"https:\/\/kapitalis.com\/tunisie\/wp-json\/wp\/v2\/comments?post=4900106"}],"version-history":[{"count":0,"href":"https:\/\/kapitalis.com\/tunisie\/wp-json\/wp\/v2\/posts\/4900106\/revisions"}],"wp:featuredmedia":[{"embeddable":true,"href":"https:\/\/kapitalis.com\/tunisie\/wp-json\/wp\/v2\/media\/4684396"}],"wp:attachment":[{"href":"https:\/\/kapitalis.com\/tunisie\/wp-json\/wp\/v2\/media?parent=4900106"}],"wp:term":[{"taxonomy":"category","embeddable":true,"href":"https:\/\/kapitalis.com\/tunisie\/wp-json\/wp\/v2\/categories?post=4900106"},{"taxonomy":"post_tag","embeddable":true,"href":"https:\/\/kapitalis.com\/tunisie\/wp-json\/wp\/v2\/tags?post=4900106"}],"curies":[{"name":"wp","href":"https:\/\/api.w.org\/{rel}","templated":true}]}}