{"id":49201,"date":"2016-05-05T14:17:37","date_gmt":"2016-05-05T13:17:37","guid":{"rendered":"http:\/\/kapitalis.com\/tunisie\/?p=49201"},"modified":"2016-05-05T14:39:26","modified_gmt":"2016-05-05T13:39:26","slug":"qui-cherche-a-intimider-mbarka-brahmi","status":"publish","type":"post","link":"https:\/\/kapitalis.com\/tunisie\/2016\/05\/05\/qui-cherche-a-intimider-mbarka-brahmi\/","title":{"rendered":"Qui cherche \u00e0 intimider Mbarka Brahmi ?"},"content":{"rendered":"<p style=\"text-align: center;\"><img loading=\"lazy\" decoding=\"async\" class=\"alignnone size-full wp-image-49203\" src=\"http:\/\/kapitalis.com\/tunisie\/wp-content\/uploads\/2016\/05\/Mbarka-Brahmi-d\u00e9put\u00e9e-FP.jpg\" alt=\"Mbarka Brahmi d\u00e9put\u00e9e FP\" width=\"626\" height=\"380\" \/><\/p>\n<p><em><strong>La voiture de la d\u00e9put\u00e9e du Front populaire, Mbarka Aouinia Brahmi, a \u00e9t\u00e9 vandalis\u00e9e dans la nuit du mercredi \u00e0 jeudi 5 mai 2016.<\/strong><\/em><\/p>\n<p><!--more--><\/p>\n<p>C\u2019est ce qu\u2019a rapport\u00e9 Adnen Brahmi, fils de la d\u00e9put\u00e9e du Front populaire \u00e0 l\u2019Assembl\u00e9e des repr\u00e9sentants du peuple (ARP), pr\u00e9cisant que les vitres de la voiture de sa m\u00e8re, gar\u00e9e devant leur maison \u00e0 la cit\u00e9 El-Ghazela (Ariana), ont \u00e9t\u00e9 bris\u00e9es et que rien n\u2019a \u00e9t\u00e9 subtilis\u00e9 de la voiture.<\/p>\n<p>\u00ab<em>Une plainte a \u00e9t\u00e9 d\u00e9pos\u00e9e et un enqu\u00eateur a relev\u00e9 les empreintes. Les unit\u00e9s s\u00e9curitaires se sont engag\u00e9es \u00e0 mener une enqu\u00eate s\u00e9rieuse sur cet incident<\/em>\u00bb, a ajout\u00e9 Adnen.<\/p>\n<p>Mbarka Aouinia Brahmi est l&rsquo;\u00e9pouse de Mohamed brahmi, dirigeant du Front populaire assassin\u00e9 par des extr\u00e9mistes religieux le 25 juillet 2013.<\/p>\n<p style=\"text-align: right;\"><strong>Y. N.<\/strong><\/p>\n","protected":false},"excerpt":{"rendered":"<p>La voiture de la d\u00e9put\u00e9e du Front populaire, Mbarka Aouinia Brahmi, a \u00e9t\u00e9 vandalis\u00e9e dans la nuit du mercredi \u00e0 jeudi 5 mai 2016.<\/p>\n","protected":false},"author":6,"featured_media":49203,"comment_status":"open","ping_status":"open","sticky":false,"template":"","format":"standard","meta":{"footnotes":""},"categories":[997,2433],"tags":[79,84,93,9359,10640,399,7342,10575],"class_list":["post-49201","post","type-post","status-publish","format-standard","has-post-thumbnail","hentry","category-politique","category-tunisie","tag-ariana","tag-arp","tag-assemblee","tag-deputee","tag-forces-securitaires","tag-front-populaire","tag-mbarka-brahmi","tag-plaintes"],"yoast_head":"<!-- This site is optimized with the Yoast SEO plugin v26.6 - https:\/\/yoast.com\/wordpress\/plugins\/seo\/ -->\n<title>Qui cherche \u00e0 intimider Mbarka Brahmi ? - Kapitalis<\/title>\n<meta name=\"robots\" content=\"index, follow, max-snippet:-1, max-image-preview:large, max-video-preview:-1\" \/>\n<link rel=\"canonical\" href=\"https:\/\/kapitalis.com\/tunisie\/2016\/05\/05\/qui-cherche-a-intimider-mbarka-brahmi\/\" \/>\n<meta property=\"og:locale\" content=\"fr_FR\" \/>\n<meta property=\"og:type\" content=\"article\" \/>\n<meta property=\"og:title\" content=\"Qui cherche \u00e0 intimider Mbarka Brahmi ? - Kapitalis\" \/>\n<meta property=\"og:description\" content=\"La voiture de la d\u00e9put\u00e9e du Front populaire, Mbarka Aouinia Brahmi, a \u00e9t\u00e9 vandalis\u00e9e dans la nuit du mercredi \u00e0 jeudi 5 mai 2016.\" \/>\n<meta property=\"og:url\" content=\"https:\/\/kapitalis.com\/tunisie\/2016\/05\/05\/qui-cherche-a-intimider-mbarka-brahmi\/\" \/>\n<meta property=\"og:site_name\" content=\"Kapitalis\" \/>\n<meta property=\"article:publisher\" content=\"https:\/\/www.facebook.com\/KapitalisInfo\/\" \/>\n<meta property=\"article:published_time\" content=\"2016-05-05T13:17:37+00:00\" \/>\n<meta property=\"article:modified_time\" content=\"2016-05-05T13:39:26+00:00\" \/>\n<meta property=\"og:image\" content=\"https:\/\/kapitalis.com\/tunisie\/wp-content\/uploads\/2022\/05\/kapitalis-logo-fb.png\" \/>\n\t<meta property=\"og:image:width\" content=\"1200\" \/>\n\t<meta property=\"og:image:height\" content=\"630\" \/>\n\t<meta property=\"og:image:type\" content=\"image\/png\" \/>\n<meta name=\"author\" content=\"Yusra NY\" \/>\n<meta name=\"twitter:card\" content=\"summary_large_image\" \/>\n<meta name=\"twitter:creator\" content=\"@KapitalisInfo\" \/>\n<meta name=\"twitter:site\" content=\"@KapitalisInfo\" \/>\n<meta name=\"twitter:label1\" content=\"\u00c9crit par\" \/>\n\t<meta name=\"twitter:data1\" content=\"Yusra NY\" \/>\n\t<meta name=\"twitter:label2\" content=\"Dur\u00e9e de lecture estim\u00e9e\" \/>\n\t<meta name=\"twitter:data2\" content=\"1 minute\" \/>\n<script type=\"application\/ld+json\" class=\"yoast-schema-graph\">{\"@context\":\"https:\/\/schema.org\",\"@graph\":[{\"@type\":\"Article\",\"@id\":\"https:\/\/kapitalis.com\/tunisie\/2016\/05\/05\/qui-cherche-a-intimider-mbarka-brahmi\/#article\",\"isPartOf\":{\"@id\":\"https:\/\/kapitalis.com\/tunisie\/2016\/05\/05\/qui-cherche-a-intimider-mbarka-brahmi\/\"},\"author\":{\"name\":\"Yusra NY\",\"@id\":\"https:\/\/kapitalis.com\/tunisie\/#\/schema\/person\/74bbde0154d49d790a92aaeac5bc01d5\"},\"headline\":\"Qui cherche \u00e0 intimider Mbarka Brahmi ?\",\"datePublished\":\"2016-05-05T13:17:37+00:00\",\"dateModified\":\"2016-05-05T13:39:26+00:00\",\"mainEntityOfPage\":{\"@id\":\"https:\/\/kapitalis.com\/tunisie\/2016\/05\/05\/qui-cherche-a-intimider-mbarka-brahmi\/\"},\"wordCount\":149,\"commentCount\":2,\"publisher\":{\"@id\":\"https:\/\/kapitalis.com\/tunisie\/#organization\"},\"image\":{\"@id\":\"https:\/\/kapitalis.com\/tunisie\/2016\/05\/05\/qui-cherche-a-intimider-mbarka-brahmi\/#primaryimage\"},\"thumbnailUrl\":\"\",\"keywords\":[\"Ariana\",\"ARP\",\"Assembl\u00e9e\",\"d\u00e9put\u00e9e\",\"forces s\u00e9curitaires\",\"Front populaire\",\"Mbarka Brahmi\",\"plaintes\"],\"articleSection\":[\"POLITIQUE\",\"Tunisie\"],\"inLanguage\":\"fr-FR\",\"potentialAction\":[{\"@type\":\"CommentAction\",\"name\":\"Comment\",\"target\":[\"https:\/\/kapitalis.com\/tunisie\/2016\/05\/05\/qui-cherche-a-intimider-mbarka-brahmi\/#respond\"]}]},{\"@type\":\"WebPage\",\"@id\":\"https:\/\/kapitalis.com\/tunisie\/2016\/05\/05\/qui-cherche-a-intimider-mbarka-brahmi\/\",\"url\":\"https:\/\/kapitalis.com\/tunisie\/2016\/05\/05\/qui-cherche-a-intimider-mbarka-brahmi\/\",\"name\":\"Qui cherche \u00e0 intimider Mbarka Brahmi ? - Kapitalis\",\"isPartOf\":{\"@id\":\"https:\/\/kapitalis.com\/tunisie\/#website\"},\"primaryImageOfPage\":{\"@id\":\"https:\/\/kapitalis.com\/tunisie\/2016\/05\/05\/qui-cherche-a-intimider-mbarka-brahmi\/#primaryimage\"},\"image\":{\"@id\":\"https:\/\/kapitalis.com\/tunisie\/2016\/05\/05\/qui-cherche-a-intimider-mbarka-brahmi\/#primaryimage\"},\"thumbnailUrl\":\"\",\"datePublished\":\"2016-05-05T13:17:37+00:00\",\"dateModified\":\"2016-05-05T13:39:26+00:00\",\"breadcrumb\":{\"@id\":\"https:\/\/kapitalis.com\/tunisie\/2016\/05\/05\/qui-cherche-a-intimider-mbarka-brahmi\/#breadcrumb\"},\"inLanguage\":\"fr-FR\",\"potentialAction\":[{\"@type\":\"ReadAction\",\"target\":[\"https:\/\/kapitalis.com\/tunisie\/2016\/05\/05\/qui-cherche-a-intimider-mbarka-brahmi\/\"]}]},{\"@type\":\"ImageObject\",\"inLanguage\":\"fr-FR\",\"@id\":\"https:\/\/kapitalis.com\/tunisie\/2016\/05\/05\/qui-cherche-a-intimider-mbarka-brahmi\/#primaryimage\",\"url\":\"\",\"contentUrl\":\"\"},{\"@type\":\"BreadcrumbList\",\"@id\":\"https:\/\/kapitalis.com\/tunisie\/2016\/05\/05\/qui-cherche-a-intimider-mbarka-brahmi\/#breadcrumb\",\"itemListElement\":[{\"@type\":\"ListItem\",\"position\":1,\"name\":\"Accueil\",\"item\":\"https:\/\/kapitalis.com\/tunisie\/\"},{\"@type\":\"ListItem\",\"position\":2,\"name\":\"Qui cherche \u00e0 intimider Mbarka Brahmi ?\"}]},{\"@type\":\"WebSite\",\"@id\":\"https:\/\/kapitalis.com\/tunisie\/#website\",\"url\":\"https:\/\/kapitalis.com\/tunisie\/\",\"name\":\"Kapitalis\",\"description\":\"L&#039;actualit\u00e9 en Tunisie et dans le monde\",\"publisher\":{\"@id\":\"https:\/\/kapitalis.com\/tunisie\/#organization\"},\"potentialAction\":[{\"@type\":\"SearchAction\",\"target\":{\"@type\":\"EntryPoint\",\"urlTemplate\":\"https:\/\/kapitalis.com\/tunisie\/?s={search_term_string}\"},\"query-input\":{\"@type\":\"PropertyValueSpecification\",\"valueRequired\":true,\"valueName\":\"search_term_string\"}}],\"inLanguage\":\"fr-FR\"},{\"@type\":\"Organization\",\"@id\":\"https:\/\/kapitalis.com\/tunisie\/#organization\",\"name\":\"Kapitalis\",\"url\":\"https:\/\/kapitalis.com\/tunisie\/\",\"logo\":{\"@type\":\"ImageObject\",\"inLanguage\":\"fr-FR\",\"@id\":\"https:\/\/kapitalis.com\/tunisie\/#\/schema\/logo\/image\/\",\"url\":\"https:\/\/kapitalis.com\/tunisie\/wp-content\/uploads\/2022\/05\/Kapitalis-big-size.png\",\"contentUrl\":\"https:\/\/kapitalis.com\/tunisie\/wp-content\/uploads\/2022\/05\/Kapitalis-big-size.png\",\"width\":5000,\"height\":1500,\"caption\":\"Kapitalis\"},\"image\":{\"@id\":\"https:\/\/kapitalis.com\/tunisie\/#\/schema\/logo\/image\/\"},\"sameAs\":[\"https:\/\/www.facebook.com\/KapitalisInfo\/\",\"https:\/\/x.com\/KapitalisInfo\",\"https:\/\/www.youtube.com\/channel\/UC-yDYrHyfFBWWZaOw3FPg9Q\"]},{\"@type\":\"Person\",\"@id\":\"https:\/\/kapitalis.com\/tunisie\/#\/schema\/person\/74bbde0154d49d790a92aaeac5bc01d5\",\"name\":\"Yusra NY\",\"url\":\"https:\/\/kapitalis.com\/tunisie\/author\/yuza_adam\/\"}]}<\/script>\n<!-- \/ Yoast SEO plugin. -->","yoast_head_json":{"title":"Qui cherche \u00e0 intimider Mbarka Brahmi ? - Kapitalis","robots":{"index":"index","follow":"follow","max-snippet":"max-snippet:-1","max-image-preview":"max-image-preview:large","max-video-preview":"max-video-preview:-1"},"canonical":"https:\/\/kapitalis.com\/tunisie\/2016\/05\/05\/qui-cherche-a-intimider-mbarka-brahmi\/","og_locale":"fr_FR","og_type":"article","og_title":"Qui cherche \u00e0 intimider Mbarka Brahmi ? - Kapitalis","og_description":"La voiture de la d\u00e9put\u00e9e du Front populaire, Mbarka Aouinia Brahmi, a \u00e9t\u00e9 vandalis\u00e9e dans la nuit du mercredi \u00e0 jeudi 5 mai 2016.","og_url":"https:\/\/kapitalis.com\/tunisie\/2016\/05\/05\/qui-cherche-a-intimider-mbarka-brahmi\/","og_site_name":"Kapitalis","article_publisher":"https:\/\/www.facebook.com\/KapitalisInfo\/","article_published_time":"2016-05-05T13:17:37+00:00","article_modified_time":"2016-05-05T13:39:26+00:00","og_image":[{"width":1200,"height":630,"url":"https:\/\/kapitalis.com\/tunisie\/wp-content\/uploads\/2022\/05\/kapitalis-logo-fb.png","type":"image\/png"}],"author":"Yusra NY","twitter_card":"summary_large_image","twitter_creator":"@KapitalisInfo","twitter_site":"@KapitalisInfo","twitter_misc":{"\u00c9crit par":"Yusra NY","Dur\u00e9e de lecture estim\u00e9e":"1 minute"},"schema":{"@context":"https:\/\/schema.org","@graph":[{"@type":"Article","@id":"https:\/\/kapitalis.com\/tunisie\/2016\/05\/05\/qui-cherche-a-intimider-mbarka-brahmi\/#article","isPartOf":{"@id":"https:\/\/kapitalis.com\/tunisie\/2016\/05\/05\/qui-cherche-a-intimider-mbarka-brahmi\/"},"author":{"name":"Yusra NY","@id":"https:\/\/kapitalis.com\/tunisie\/#\/schema\/person\/74bbde0154d49d790a92aaeac5bc01d5"},"headline":"Qui cherche \u00e0 intimider Mbarka Brahmi ?","datePublished":"2016-05-05T13:17:37+00:00","dateModified":"2016-05-05T13:39:26+00:00","mainEntityOfPage":{"@id":"https:\/\/kapitalis.com\/tunisie\/2016\/05\/05\/qui-cherche-a-intimider-mbarka-brahmi\/"},"wordCount":149,"commentCount":2,"publisher":{"@id":"https:\/\/kapitalis.com\/tunisie\/#organization"},"image":{"@id":"https:\/\/kapitalis.com\/tunisie\/2016\/05\/05\/qui-cherche-a-intimider-mbarka-brahmi\/#primaryimage"},"thumbnailUrl":"","keywords":["Ariana","ARP","Assembl\u00e9e","d\u00e9put\u00e9e","forces s\u00e9curitaires","Front populaire","Mbarka Brahmi","plaintes"],"articleSection":["POLITIQUE","Tunisie"],"inLanguage":"fr-FR","potentialAction":[{"@type":"CommentAction","name":"Comment","target":["https:\/\/kapitalis.com\/tunisie\/2016\/05\/05\/qui-cherche-a-intimider-mbarka-brahmi\/#respond"]}]},{"@type":"WebPage","@id":"https:\/\/kapitalis.com\/tunisie\/2016\/05\/05\/qui-cherche-a-intimider-mbarka-brahmi\/","url":"https:\/\/kapitalis.com\/tunisie\/2016\/05\/05\/qui-cherche-a-intimider-mbarka-brahmi\/","name":"Qui cherche \u00e0 intimider Mbarka Brahmi ? - Kapitalis","isPartOf":{"@id":"https:\/\/kapitalis.com\/tunisie\/#website"},"primaryImageOfPage":{"@id":"https:\/\/kapitalis.com\/tunisie\/2016\/05\/05\/qui-cherche-a-intimider-mbarka-brahmi\/#primaryimage"},"image":{"@id":"https:\/\/kapitalis.com\/tunisie\/2016\/05\/05\/qui-cherche-a-intimider-mbarka-brahmi\/#primaryimage"},"thumbnailUrl":"","datePublished":"2016-05-05T13:17:37+00:00","dateModified":"2016-05-05T13:39:26+00:00","breadcrumb":{"@id":"https:\/\/kapitalis.com\/tunisie\/2016\/05\/05\/qui-cherche-a-intimider-mbarka-brahmi\/#breadcrumb"},"inLanguage":"fr-FR","potentialAction":[{"@type":"ReadAction","target":["https:\/\/kapitalis.com\/tunisie\/2016\/05\/05\/qui-cherche-a-intimider-mbarka-brahmi\/"]}]},{"@type":"ImageObject","inLanguage":"fr-FR","@id":"https:\/\/kapitalis.com\/tunisie\/2016\/05\/05\/qui-cherche-a-intimider-mbarka-brahmi\/#primaryimage","url":"","contentUrl":""},{"@type":"BreadcrumbList","@id":"https:\/\/kapitalis.com\/tunisie\/2016\/05\/05\/qui-cherche-a-intimider-mbarka-brahmi\/#breadcrumb","itemListElement":[{"@type":"ListItem","position":1,"name":"Accueil","item":"https:\/\/kapitalis.com\/tunisie\/"},{"@type":"ListItem","position":2,"name":"Qui cherche \u00e0 intimider Mbarka Brahmi ?"}]},{"@type":"WebSite","@id":"https:\/\/kapitalis.com\/tunisie\/#website","url":"https:\/\/kapitalis.com\/tunisie\/","name":"Kapitalis","description":"L&#039;actualit\u00e9 en Tunisie et dans le monde","publisher":{"@id":"https:\/\/kapitalis.com\/tunisie\/#organization"},"potentialAction":[{"@type":"SearchAction","target":{"@type":"EntryPoint","urlTemplate":"https:\/\/kapitalis.com\/tunisie\/?s={search_term_string}"},"query-input":{"@type":"PropertyValueSpecification","valueRequired":true,"valueName":"search_term_string"}}],"inLanguage":"fr-FR"},{"@type":"Organization","@id":"https:\/\/kapitalis.com\/tunisie\/#organization","name":"Kapitalis","url":"https:\/\/kapitalis.com\/tunisie\/","logo":{"@type":"ImageObject","inLanguage":"fr-FR","@id":"https:\/\/kapitalis.com\/tunisie\/#\/schema\/logo\/image\/","url":"https:\/\/kapitalis.com\/tunisie\/wp-content\/uploads\/2022\/05\/Kapitalis-big-size.png","contentUrl":"https:\/\/kapitalis.com\/tunisie\/wp-content\/uploads\/2022\/05\/Kapitalis-big-size.png","width":5000,"height":1500,"caption":"Kapitalis"},"image":{"@id":"https:\/\/kapitalis.com\/tunisie\/#\/schema\/logo\/image\/"},"sameAs":["https:\/\/www.facebook.com\/KapitalisInfo\/","https:\/\/x.com\/KapitalisInfo","https:\/\/www.youtube.com\/channel\/UC-yDYrHyfFBWWZaOw3FPg9Q"]},{"@type":"Person","@id":"https:\/\/kapitalis.com\/tunisie\/#\/schema\/person\/74bbde0154d49d790a92aaeac5bc01d5","name":"Yusra NY","url":"https:\/\/kapitalis.com\/tunisie\/author\/yuza_adam\/"}]}},"_links":{"self":[{"href":"https:\/\/kapitalis.com\/tunisie\/wp-json\/wp\/v2\/posts\/49201","targetHints":{"allow":["GET"]}}],"collection":[{"href":"https:\/\/kapitalis.com\/tunisie\/wp-json\/wp\/v2\/posts"}],"about":[{"href":"https:\/\/kapitalis.com\/tunisie\/wp-json\/wp\/v2\/types\/post"}],"author":[{"embeddable":true,"href":"https:\/\/kapitalis.com\/tunisie\/wp-json\/wp\/v2\/users\/6"}],"replies":[{"embeddable":true,"href":"https:\/\/kapitalis.com\/tunisie\/wp-json\/wp\/v2\/comments?post=49201"}],"version-history":[{"count":0,"href":"https:\/\/kapitalis.com\/tunisie\/wp-json\/wp\/v2\/posts\/49201\/revisions"}],"wp:featuredmedia":[{"embeddable":true,"href":"https:\/\/kapitalis.com\/tunisie\/wp-json\/wp\/v2\/media\/49203"}],"wp:attachment":[{"href":"https:\/\/kapitalis.com\/tunisie\/wp-json\/wp\/v2\/media?parent=49201"}],"wp:term":[{"taxonomy":"category","embeddable":true,"href":"https:\/\/kapitalis.com\/tunisie\/wp-json\/wp\/v2\/categories?post=49201"},{"taxonomy":"post_tag","embeddable":true,"href":"https:\/\/kapitalis.com\/tunisie\/wp-json\/wp\/v2\/tags?post=49201"}],"curies":[{"name":"wp","href":"https:\/\/api.w.org\/{rel}","templated":true}]}}