{"id":4968522,"date":"2022-11-14T15:41:51","date_gmt":"2022-11-14T14:41:51","guid":{"rendered":"https:\/\/kapitalis.com\/tunisie\/?p=4968522"},"modified":"2022-11-14T15:43:12","modified_gmt":"2022-11-14T14:43:12","slug":"tunisie-seuls-les-lecheurs-de-bottes-garantissent-leurs-places-en-equipe-nationale-selon-aymen-abdennour","status":"publish","type":"post","link":"https:\/\/kapitalis.com\/tunisie\/2022\/11\/14\/tunisie-seuls-les-lecheurs-de-bottes-garantissent-leurs-places-en-equipe-nationale-selon-aymen-abdennour\/","title":{"rendered":"Tunisie : \u00abSeuls les l\u00e9cheurs de bottes garantissent leurs places en \u00e9quipe nationale\u00bb, selon Aymen Abdennour"},"content":{"rendered":"\n<p><em><strong>L&rsquo;ancien international tunisien Aymen Abdennour a v\u00e9h\u00e9mentement critiqu\u00e9 <\/strong><\/em><a href=\"https:\/\/kapitalis.com\/tunisie\/2022\/11\/14\/coupe-du-monde-2022-la-liste-definitive-de-la-selection-tunisienne\/\"><strong><em>la liste <\/em><\/strong><\/a><em><strong>des joueurs tunisiens convoqu\u00e9s pour la coupe du monde 2022, rendue publique ce lundi 14 novembre 2022.<\/strong><\/em><\/p>\n\n\n\n<!--more-->\n\n\n\n<p>Selon Abdennour, ce sont essentiellement des crit\u00e8res extra sportifs qui sont pris en compte pour s\u00e9lectionner les joueurs. En particulier, il faut \u00eatre un \u00ab<em>l\u00e9cheur de bottes<\/em>\u00bb, notamment aupr\u00e8s du pr\u00e9sident de la F\u00e9d\u00e9ration tunisienne de football, a-t-il laiss\u00e9 entendre.<\/p>\n\n\n\n<p>C&rsquo;est un ainsi qu&rsquo;il a expliqu\u00e9 l&rsquo;absence de l&rsquo;arri\u00e8re gauche de Kasimpasa (1\u00e8re division turque), Mortadha Ben Ouanes, et du milieu offensif de Clermont Foot (1\u00e8re division fran\u00e7aise), Seifeddine Khaoui, de la liste, contre la pr\u00e9sence d&rsquo;une armada de joueurs \u00e9voluant au championnat local tunisien et dans les pays du Golfe.<\/p>\n\n\n\n<center><figure><iframe loading=\"lazy\" src=\"https:\/\/www.facebook.com\/plugins\/video.php?height=475&#038;href=https%3A%2F%2Fwww.facebook.com%2F100044378411093%2Fvideos%2F687549489320217%2F&#038;show_text=false&#038;width=560&#038;t=0\" width=\"560\" height=\"475\" style=\"border:none;overflow:hidden\" scrolling=\"no\" frameborder=\"0\" allowfullscreen=\"true\" allow=\"autoplay; clipboard-write; encrypted-media; picture-in-picture; web-share\" allowFullScreen=\"true\"><\/iframe><\/figure><\/center>\n\n\n\n<p>Selon lui, les joueurs disciplin\u00e9s, professionnels et ayant une \u00e9thique exemplaire r\u00e9ussissent g\u00e9n\u00e9ralement leurs carri\u00e8res en club en Europe, mais sont rarement pr\u00e9sents en s\u00e9lection du fait de la mentalit\u00e9 pourrie des responsables du football tunisien.<\/p>\n\n\n\n<p>La liste du s\u00e9lectionneur tunisien a \u00e9t\u00e9 tr\u00e8s critiqu\u00e9e sur les r\u00e9seaux sociaux d\u00e8s sa sortie ce matin, notamment en raison de la s\u00e9lection de 4 gardiens, au d\u00e9triment d&rsquo;un milieu offensif axial de m\u00e9tier tel que Seifeddine Khaoui. <\/p>\n\n\n\n<p>La Tunisie est, d&rsquo;ailleurs, la seule nations, parmi les 32 qualifi\u00e9es \u00e0 avoir convoqu\u00e9 4 gardiens, avec la Suisse, qui a fat ce choix parce que ses deux premiers gardiens sont bless\u00e9s et manqueront les matchs du premier tour. Une aberration surtout que les raisons justifiant ce choix seraient extra sportifs.<\/p>\n\n\n\n<p class=\"has-text-align-right\"><strong>C. B. Y.<\/strong><\/p>\n\n\n\n<figure class=\"wp-block-embed is-type-wp-embed is-provider-kapitalis wp-block-embed-kapitalis\"><div class=\"wp-block-embed__wrapper\">\n<blockquote class=\"wp-embedded-content\" data-secret=\"0GKkw9tNIo\"><a href=\"https:\/\/kapitalis.com\/tunisie\/2022\/11\/14\/coupe-du-monde-2022-la-liste-definitive-de-la-selection-tunisienne\/\">Coupe du monde 2022 : La liste d\u00e9finitive de la s\u00e9lection tunisienne<\/a><\/blockquote><iframe loading=\"lazy\" class=\"wp-embedded-content\" sandbox=\"allow-scripts\" security=\"restricted\" style=\"position: absolute; clip: rect(1px, 1px, 1px, 1px);\" title=\"\u00ab\u00a0Coupe du monde 2022 : La liste d\u00e9finitive de la s\u00e9lection tunisienne\u00a0\u00bb &#8212; Kapitalis\" src=\"https:\/\/kapitalis.com\/tunisie\/2022\/11\/14\/coupe-du-monde-2022-la-liste-definitive-de-la-selection-tunisienne\/embed\/#?secret=8OsvABL41t#?secret=0GKkw9tNIo\" data-secret=\"0GKkw9tNIo\" width=\"600\" height=\"338\" frameborder=\"0\" marginwidth=\"0\" marginheight=\"0\" scrolling=\"no\"><\/iframe>\n<\/div><\/figure>\n\n\n\n<p><\/p>\n","protected":false},"excerpt":{"rendered":"<p>L&rsquo;ancien international tunisien Aymen Abdennour a v\u00e9h\u00e9mentement critiqu\u00e9 la liste des joueurs tunisiens convoqu\u00e9s pour la coupe du monde 2022, rendue publique ce lundi 14 novembre 2022.<\/p>\n","protected":false},"author":24,"featured_media":4968833,"comment_status":"open","ping_status":"open","sticky":false,"template":"","format":"standard","meta":{"footnotes":""},"categories":[999,2433],"tags":[2245,104402,241,104401,65140,104400,62643],"class_list":["post-4968522","post","type-post","status-publish","format-standard","has-post-thumbnail","hentry","category-sport","category-tunisie","tag-aymen-abdennour","tag-clermont-foot","tag-coupe-du-monde","tag-kasimpasa","tag-mortadha-ben-ouanes","tag-seifeddine-khaoui","tag-tunisie"],"yoast_head":"<!-- This site is optimized with the Yoast SEO plugin v26.6 - https:\/\/yoast.com\/wordpress\/plugins\/seo\/ -->\n<title>Tunisie : \u00abSeuls les l\u00e9cheurs de bottes garantissent leurs places en \u00e9quipe nationale\u00bb, selon Aymen Abdennour - Kapitalis<\/title>\n<meta name=\"robots\" content=\"index, follow, max-snippet:-1, max-image-preview:large, max-video-preview:-1\" \/>\n<link rel=\"canonical\" href=\"https:\/\/kapitalis.com\/tunisie\/2022\/11\/14\/tunisie-seuls-les-lecheurs-de-bottes-garantissent-leurs-places-en-equipe-nationale-selon-aymen-abdennour\/\" \/>\n<meta property=\"og:locale\" content=\"fr_FR\" \/>\n<meta property=\"og:type\" content=\"article\" \/>\n<meta property=\"og:title\" content=\"Tunisie : \u00abSeuls les l\u00e9cheurs de bottes garantissent leurs places en \u00e9quipe nationale\u00bb, selon Aymen Abdennour - Kapitalis\" \/>\n<meta property=\"og:description\" content=\"L&rsquo;ancien international tunisien Aymen Abdennour a v\u00e9h\u00e9mentement critiqu\u00e9 la liste des joueurs tunisiens convoqu\u00e9s pour la coupe du monde 2022, rendue publique ce lundi 14 novembre 2022.\" \/>\n<meta property=\"og:url\" content=\"https:\/\/kapitalis.com\/tunisie\/2022\/11\/14\/tunisie-seuls-les-lecheurs-de-bottes-garantissent-leurs-places-en-equipe-nationale-selon-aymen-abdennour\/\" \/>\n<meta property=\"og:site_name\" content=\"Kapitalis\" \/>\n<meta property=\"article:publisher\" content=\"https:\/\/www.facebook.com\/KapitalisInfo\/\" \/>\n<meta property=\"article:published_time\" content=\"2022-11-14T14:41:51+00:00\" \/>\n<meta property=\"article:modified_time\" content=\"2022-11-14T14:43:12+00:00\" \/>\n<meta property=\"og:image\" content=\"https:\/\/kapitalis.com\/tunisie\/wp-content\/uploads\/2022\/11\/aymen-abdennour.jpg\" \/>\n\t<meta property=\"og:image:width\" content=\"1200\" \/>\n\t<meta property=\"og:image:height\" content=\"630\" \/>\n\t<meta property=\"og:image:type\" content=\"image\/jpeg\" \/>\n<meta name=\"author\" content=\"Cherif Benyounes\" \/>\n<meta name=\"twitter:card\" content=\"summary_large_image\" \/>\n<meta name=\"twitter:creator\" content=\"@KapitalisInfo\" \/>\n<meta name=\"twitter:site\" content=\"@KapitalisInfo\" \/>\n<meta name=\"twitter:label1\" content=\"\u00c9crit par\" \/>\n\t<meta name=\"twitter:data1\" content=\"Cherif Benyounes\" \/>\n\t<meta name=\"twitter:label2\" content=\"Dur\u00e9e de lecture estim\u00e9e\" \/>\n\t<meta name=\"twitter:data2\" content=\"2 minutes\" \/>\n<script type=\"application\/ld+json\" class=\"yoast-schema-graph\">{\"@context\":\"https:\/\/schema.org\",\"@graph\":[{\"@type\":\"Article\",\"@id\":\"https:\/\/kapitalis.com\/tunisie\/2022\/11\/14\/tunisie-seuls-les-lecheurs-de-bottes-garantissent-leurs-places-en-equipe-nationale-selon-aymen-abdennour\/#article\",\"isPartOf\":{\"@id\":\"https:\/\/kapitalis.com\/tunisie\/2022\/11\/14\/tunisie-seuls-les-lecheurs-de-bottes-garantissent-leurs-places-en-equipe-nationale-selon-aymen-abdennour\/\"},\"author\":{\"name\":\"Cherif Benyounes\",\"@id\":\"https:\/\/kapitalis.com\/tunisie\/#\/schema\/person\/b35b8d631961131107263178aeb8019e\"},\"headline\":\"Tunisie : \u00abSeuls les l\u00e9cheurs de bottes garantissent leurs places en \u00e9quipe nationale\u00bb, selon Aymen Abdennour\",\"datePublished\":\"2022-11-14T14:41:51+00:00\",\"dateModified\":\"2022-11-14T14:43:12+00:00\",\"mainEntityOfPage\":{\"@id\":\"https:\/\/kapitalis.com\/tunisie\/2022\/11\/14\/tunisie-seuls-les-lecheurs-de-bottes-garantissent-leurs-places-en-equipe-nationale-selon-aymen-abdennour\/\"},\"wordCount\":292,\"commentCount\":3,\"publisher\":{\"@id\":\"https:\/\/kapitalis.com\/tunisie\/#organization\"},\"image\":{\"@id\":\"https:\/\/kapitalis.com\/tunisie\/2022\/11\/14\/tunisie-seuls-les-lecheurs-de-bottes-garantissent-leurs-places-en-equipe-nationale-selon-aymen-abdennour\/#primaryimage\"},\"thumbnailUrl\":\"https:\/\/kapitalis.com\/tunisie\/wp-content\/uploads\/2022\/11\/aymen-abdennour.jpg\",\"keywords\":[\"Aymen Abdennour\",\"Clermont Foot\",\"Coupe du Monde\",\"Kasimpasa\",\"Mortadha Ben Ouanes\",\"Seifeddine Khaoui\",\"Tunisie\"],\"articleSection\":[\"SPORT\",\"Tunisie\"],\"inLanguage\":\"fr-FR\",\"potentialAction\":[{\"@type\":\"CommentAction\",\"name\":\"Comment\",\"target\":[\"https:\/\/kapitalis.com\/tunisie\/2022\/11\/14\/tunisie-seuls-les-lecheurs-de-bottes-garantissent-leurs-places-en-equipe-nationale-selon-aymen-abdennour\/#respond\"]}]},{\"@type\":\"WebPage\",\"@id\":\"https:\/\/kapitalis.com\/tunisie\/2022\/11\/14\/tunisie-seuls-les-lecheurs-de-bottes-garantissent-leurs-places-en-equipe-nationale-selon-aymen-abdennour\/\",\"url\":\"https:\/\/kapitalis.com\/tunisie\/2022\/11\/14\/tunisie-seuls-les-lecheurs-de-bottes-garantissent-leurs-places-en-equipe-nationale-selon-aymen-abdennour\/\",\"name\":\"Tunisie : \u00abSeuls les l\u00e9cheurs de bottes garantissent leurs places en \u00e9quipe nationale\u00bb, selon Aymen Abdennour - Kapitalis\",\"isPartOf\":{\"@id\":\"https:\/\/kapitalis.com\/tunisie\/#website\"},\"primaryImageOfPage\":{\"@id\":\"https:\/\/kapitalis.com\/tunisie\/2022\/11\/14\/tunisie-seuls-les-lecheurs-de-bottes-garantissent-leurs-places-en-equipe-nationale-selon-aymen-abdennour\/#primaryimage\"},\"image\":{\"@id\":\"https:\/\/kapitalis.com\/tunisie\/2022\/11\/14\/tunisie-seuls-les-lecheurs-de-bottes-garantissent-leurs-places-en-equipe-nationale-selon-aymen-abdennour\/#primaryimage\"},\"thumbnailUrl\":\"https:\/\/kapitalis.com\/tunisie\/wp-content\/uploads\/2022\/11\/aymen-abdennour.jpg\",\"datePublished\":\"2022-11-14T14:41:51+00:00\",\"dateModified\":\"2022-11-14T14:43:12+00:00\",\"breadcrumb\":{\"@id\":\"https:\/\/kapitalis.com\/tunisie\/2022\/11\/14\/tunisie-seuls-les-lecheurs-de-bottes-garantissent-leurs-places-en-equipe-nationale-selon-aymen-abdennour\/#breadcrumb\"},\"inLanguage\":\"fr-FR\",\"potentialAction\":[{\"@type\":\"ReadAction\",\"target\":[\"https:\/\/kapitalis.com\/tunisie\/2022\/11\/14\/tunisie-seuls-les-lecheurs-de-bottes-garantissent-leurs-places-en-equipe-nationale-selon-aymen-abdennour\/\"]}]},{\"@type\":\"ImageObject\",\"inLanguage\":\"fr-FR\",\"@id\":\"https:\/\/kapitalis.com\/tunisie\/2022\/11\/14\/tunisie-seuls-les-lecheurs-de-bottes-garantissent-leurs-places-en-equipe-nationale-selon-aymen-abdennour\/#primaryimage\",\"url\":\"https:\/\/kapitalis.com\/tunisie\/wp-content\/uploads\/2022\/11\/aymen-abdennour.jpg\",\"contentUrl\":\"https:\/\/kapitalis.com\/tunisie\/wp-content\/uploads\/2022\/11\/aymen-abdennour.jpg\",\"width\":1200,\"height\":630},{\"@type\":\"BreadcrumbList\",\"@id\":\"https:\/\/kapitalis.com\/tunisie\/2022\/11\/14\/tunisie-seuls-les-lecheurs-de-bottes-garantissent-leurs-places-en-equipe-nationale-selon-aymen-abdennour\/#breadcrumb\",\"itemListElement\":[{\"@type\":\"ListItem\",\"position\":1,\"name\":\"Accueil\",\"item\":\"https:\/\/kapitalis.com\/tunisie\/\"},{\"@type\":\"ListItem\",\"position\":2,\"name\":\"Tunisie : \u00abSeuls les l\u00e9cheurs de bottes garantissent leurs places en \u00e9quipe nationale\u00bb, selon Aymen Abdennour\"}]},{\"@type\":\"WebSite\",\"@id\":\"https:\/\/kapitalis.com\/tunisie\/#website\",\"url\":\"https:\/\/kapitalis.com\/tunisie\/\",\"name\":\"Kapitalis\",\"description\":\"L&#039;actualit\u00e9 en Tunisie et dans le monde\",\"publisher\":{\"@id\":\"https:\/\/kapitalis.com\/tunisie\/#organization\"},\"potentialAction\":[{\"@type\":\"SearchAction\",\"target\":{\"@type\":\"EntryPoint\",\"urlTemplate\":\"https:\/\/kapitalis.com\/tunisie\/?s={search_term_string}\"},\"query-input\":{\"@type\":\"PropertyValueSpecification\",\"valueRequired\":true,\"valueName\":\"search_term_string\"}}],\"inLanguage\":\"fr-FR\"},{\"@type\":\"Organization\",\"@id\":\"https:\/\/kapitalis.com\/tunisie\/#organization\",\"name\":\"Kapitalis\",\"url\":\"https:\/\/kapitalis.com\/tunisie\/\",\"logo\":{\"@type\":\"ImageObject\",\"inLanguage\":\"fr-FR\",\"@id\":\"https:\/\/kapitalis.com\/tunisie\/#\/schema\/logo\/image\/\",\"url\":\"https:\/\/kapitalis.com\/tunisie\/wp-content\/uploads\/2022\/05\/Kapitalis-big-size.png\",\"contentUrl\":\"https:\/\/kapitalis.com\/tunisie\/wp-content\/uploads\/2022\/05\/Kapitalis-big-size.png\",\"width\":5000,\"height\":1500,\"caption\":\"Kapitalis\"},\"image\":{\"@id\":\"https:\/\/kapitalis.com\/tunisie\/#\/schema\/logo\/image\/\"},\"sameAs\":[\"https:\/\/www.facebook.com\/KapitalisInfo\/\",\"https:\/\/x.com\/KapitalisInfo\",\"https:\/\/www.youtube.com\/channel\/UC-yDYrHyfFBWWZaOw3FPg9Q\"]},{\"@type\":\"Person\",\"@id\":\"https:\/\/kapitalis.com\/tunisie\/#\/schema\/person\/b35b8d631961131107263178aeb8019e\",\"name\":\"Cherif Benyounes\",\"url\":\"https:\/\/kapitalis.com\/tunisie\/author\/cherif\/\"}]}<\/script>\n<!-- \/ Yoast SEO plugin. -->","yoast_head_json":{"title":"Tunisie : \u00abSeuls les l\u00e9cheurs de bottes garantissent leurs places en \u00e9quipe nationale\u00bb, selon Aymen Abdennour - Kapitalis","robots":{"index":"index","follow":"follow","max-snippet":"max-snippet:-1","max-image-preview":"max-image-preview:large","max-video-preview":"max-video-preview:-1"},"canonical":"https:\/\/kapitalis.com\/tunisie\/2022\/11\/14\/tunisie-seuls-les-lecheurs-de-bottes-garantissent-leurs-places-en-equipe-nationale-selon-aymen-abdennour\/","og_locale":"fr_FR","og_type":"article","og_title":"Tunisie : \u00abSeuls les l\u00e9cheurs de bottes garantissent leurs places en \u00e9quipe nationale\u00bb, selon Aymen Abdennour - Kapitalis","og_description":"L&rsquo;ancien international tunisien Aymen Abdennour a v\u00e9h\u00e9mentement critiqu\u00e9 la liste des joueurs tunisiens convoqu\u00e9s pour la coupe du monde 2022, rendue publique ce lundi 14 novembre 2022.","og_url":"https:\/\/kapitalis.com\/tunisie\/2022\/11\/14\/tunisie-seuls-les-lecheurs-de-bottes-garantissent-leurs-places-en-equipe-nationale-selon-aymen-abdennour\/","og_site_name":"Kapitalis","article_publisher":"https:\/\/www.facebook.com\/KapitalisInfo\/","article_published_time":"2022-11-14T14:41:51+00:00","article_modified_time":"2022-11-14T14:43:12+00:00","og_image":[{"width":1200,"height":630,"url":"https:\/\/kapitalis.com\/tunisie\/wp-content\/uploads\/2022\/11\/aymen-abdennour.jpg","type":"image\/jpeg"}],"author":"Cherif Benyounes","twitter_card":"summary_large_image","twitter_creator":"@KapitalisInfo","twitter_site":"@KapitalisInfo","twitter_misc":{"\u00c9crit par":"Cherif Benyounes","Dur\u00e9e de lecture estim\u00e9e":"2 minutes"},"schema":{"@context":"https:\/\/schema.org","@graph":[{"@type":"Article","@id":"https:\/\/kapitalis.com\/tunisie\/2022\/11\/14\/tunisie-seuls-les-lecheurs-de-bottes-garantissent-leurs-places-en-equipe-nationale-selon-aymen-abdennour\/#article","isPartOf":{"@id":"https:\/\/kapitalis.com\/tunisie\/2022\/11\/14\/tunisie-seuls-les-lecheurs-de-bottes-garantissent-leurs-places-en-equipe-nationale-selon-aymen-abdennour\/"},"author":{"name":"Cherif Benyounes","@id":"https:\/\/kapitalis.com\/tunisie\/#\/schema\/person\/b35b8d631961131107263178aeb8019e"},"headline":"Tunisie : \u00abSeuls les l\u00e9cheurs de bottes garantissent leurs places en \u00e9quipe nationale\u00bb, selon Aymen Abdennour","datePublished":"2022-11-14T14:41:51+00:00","dateModified":"2022-11-14T14:43:12+00:00","mainEntityOfPage":{"@id":"https:\/\/kapitalis.com\/tunisie\/2022\/11\/14\/tunisie-seuls-les-lecheurs-de-bottes-garantissent-leurs-places-en-equipe-nationale-selon-aymen-abdennour\/"},"wordCount":292,"commentCount":3,"publisher":{"@id":"https:\/\/kapitalis.com\/tunisie\/#organization"},"image":{"@id":"https:\/\/kapitalis.com\/tunisie\/2022\/11\/14\/tunisie-seuls-les-lecheurs-de-bottes-garantissent-leurs-places-en-equipe-nationale-selon-aymen-abdennour\/#primaryimage"},"thumbnailUrl":"https:\/\/kapitalis.com\/tunisie\/wp-content\/uploads\/2022\/11\/aymen-abdennour.jpg","keywords":["Aymen Abdennour","Clermont Foot","Coupe du Monde","Kasimpasa","Mortadha Ben Ouanes","Seifeddine Khaoui","Tunisie"],"articleSection":["SPORT","Tunisie"],"inLanguage":"fr-FR","potentialAction":[{"@type":"CommentAction","name":"Comment","target":["https:\/\/kapitalis.com\/tunisie\/2022\/11\/14\/tunisie-seuls-les-lecheurs-de-bottes-garantissent-leurs-places-en-equipe-nationale-selon-aymen-abdennour\/#respond"]}]},{"@type":"WebPage","@id":"https:\/\/kapitalis.com\/tunisie\/2022\/11\/14\/tunisie-seuls-les-lecheurs-de-bottes-garantissent-leurs-places-en-equipe-nationale-selon-aymen-abdennour\/","url":"https:\/\/kapitalis.com\/tunisie\/2022\/11\/14\/tunisie-seuls-les-lecheurs-de-bottes-garantissent-leurs-places-en-equipe-nationale-selon-aymen-abdennour\/","name":"Tunisie : \u00abSeuls les l\u00e9cheurs de bottes garantissent leurs places en \u00e9quipe nationale\u00bb, selon Aymen Abdennour - Kapitalis","isPartOf":{"@id":"https:\/\/kapitalis.com\/tunisie\/#website"},"primaryImageOfPage":{"@id":"https:\/\/kapitalis.com\/tunisie\/2022\/11\/14\/tunisie-seuls-les-lecheurs-de-bottes-garantissent-leurs-places-en-equipe-nationale-selon-aymen-abdennour\/#primaryimage"},"image":{"@id":"https:\/\/kapitalis.com\/tunisie\/2022\/11\/14\/tunisie-seuls-les-lecheurs-de-bottes-garantissent-leurs-places-en-equipe-nationale-selon-aymen-abdennour\/#primaryimage"},"thumbnailUrl":"https:\/\/kapitalis.com\/tunisie\/wp-content\/uploads\/2022\/11\/aymen-abdennour.jpg","datePublished":"2022-11-14T14:41:51+00:00","dateModified":"2022-11-14T14:43:12+00:00","breadcrumb":{"@id":"https:\/\/kapitalis.com\/tunisie\/2022\/11\/14\/tunisie-seuls-les-lecheurs-de-bottes-garantissent-leurs-places-en-equipe-nationale-selon-aymen-abdennour\/#breadcrumb"},"inLanguage":"fr-FR","potentialAction":[{"@type":"ReadAction","target":["https:\/\/kapitalis.com\/tunisie\/2022\/11\/14\/tunisie-seuls-les-lecheurs-de-bottes-garantissent-leurs-places-en-equipe-nationale-selon-aymen-abdennour\/"]}]},{"@type":"ImageObject","inLanguage":"fr-FR","@id":"https:\/\/kapitalis.com\/tunisie\/2022\/11\/14\/tunisie-seuls-les-lecheurs-de-bottes-garantissent-leurs-places-en-equipe-nationale-selon-aymen-abdennour\/#primaryimage","url":"https:\/\/kapitalis.com\/tunisie\/wp-content\/uploads\/2022\/11\/aymen-abdennour.jpg","contentUrl":"https:\/\/kapitalis.com\/tunisie\/wp-content\/uploads\/2022\/11\/aymen-abdennour.jpg","width":1200,"height":630},{"@type":"BreadcrumbList","@id":"https:\/\/kapitalis.com\/tunisie\/2022\/11\/14\/tunisie-seuls-les-lecheurs-de-bottes-garantissent-leurs-places-en-equipe-nationale-selon-aymen-abdennour\/#breadcrumb","itemListElement":[{"@type":"ListItem","position":1,"name":"Accueil","item":"https:\/\/kapitalis.com\/tunisie\/"},{"@type":"ListItem","position":2,"name":"Tunisie : \u00abSeuls les l\u00e9cheurs de bottes garantissent leurs places en \u00e9quipe nationale\u00bb, selon Aymen Abdennour"}]},{"@type":"WebSite","@id":"https:\/\/kapitalis.com\/tunisie\/#website","url":"https:\/\/kapitalis.com\/tunisie\/","name":"Kapitalis","description":"L&#039;actualit\u00e9 en Tunisie et dans le monde","publisher":{"@id":"https:\/\/kapitalis.com\/tunisie\/#organization"},"potentialAction":[{"@type":"SearchAction","target":{"@type":"EntryPoint","urlTemplate":"https:\/\/kapitalis.com\/tunisie\/?s={search_term_string}"},"query-input":{"@type":"PropertyValueSpecification","valueRequired":true,"valueName":"search_term_string"}}],"inLanguage":"fr-FR"},{"@type":"Organization","@id":"https:\/\/kapitalis.com\/tunisie\/#organization","name":"Kapitalis","url":"https:\/\/kapitalis.com\/tunisie\/","logo":{"@type":"ImageObject","inLanguage":"fr-FR","@id":"https:\/\/kapitalis.com\/tunisie\/#\/schema\/logo\/image\/","url":"https:\/\/kapitalis.com\/tunisie\/wp-content\/uploads\/2022\/05\/Kapitalis-big-size.png","contentUrl":"https:\/\/kapitalis.com\/tunisie\/wp-content\/uploads\/2022\/05\/Kapitalis-big-size.png","width":5000,"height":1500,"caption":"Kapitalis"},"image":{"@id":"https:\/\/kapitalis.com\/tunisie\/#\/schema\/logo\/image\/"},"sameAs":["https:\/\/www.facebook.com\/KapitalisInfo\/","https:\/\/x.com\/KapitalisInfo","https:\/\/www.youtube.com\/channel\/UC-yDYrHyfFBWWZaOw3FPg9Q"]},{"@type":"Person","@id":"https:\/\/kapitalis.com\/tunisie\/#\/schema\/person\/b35b8d631961131107263178aeb8019e","name":"Cherif Benyounes","url":"https:\/\/kapitalis.com\/tunisie\/author\/cherif\/"}]}},"_links":{"self":[{"href":"https:\/\/kapitalis.com\/tunisie\/wp-json\/wp\/v2\/posts\/4968522","targetHints":{"allow":["GET"]}}],"collection":[{"href":"https:\/\/kapitalis.com\/tunisie\/wp-json\/wp\/v2\/posts"}],"about":[{"href":"https:\/\/kapitalis.com\/tunisie\/wp-json\/wp\/v2\/types\/post"}],"author":[{"embeddable":true,"href":"https:\/\/kapitalis.com\/tunisie\/wp-json\/wp\/v2\/users\/24"}],"replies":[{"embeddable":true,"href":"https:\/\/kapitalis.com\/tunisie\/wp-json\/wp\/v2\/comments?post=4968522"}],"version-history":[{"count":0,"href":"https:\/\/kapitalis.com\/tunisie\/wp-json\/wp\/v2\/posts\/4968522\/revisions"}],"wp:featuredmedia":[{"embeddable":true,"href":"https:\/\/kapitalis.com\/tunisie\/wp-json\/wp\/v2\/media\/4968833"}],"wp:attachment":[{"href":"https:\/\/kapitalis.com\/tunisie\/wp-json\/wp\/v2\/media?parent=4968522"}],"wp:term":[{"taxonomy":"category","embeddable":true,"href":"https:\/\/kapitalis.com\/tunisie\/wp-json\/wp\/v2\/categories?post=4968522"},{"taxonomy":"post_tag","embeddable":true,"href":"https:\/\/kapitalis.com\/tunisie\/wp-json\/wp\/v2\/tags?post=4968522"}],"curies":[{"name":"wp","href":"https:\/\/api.w.org\/{rel}","templated":true}]}}