{"id":49928,"date":"2016-05-12T13:46:07","date_gmt":"2016-05-12T12:46:07","guid":{"rendered":"http:\/\/kapitalis.com\/tunisie\/?p=49928"},"modified":"2016-05-12T13:46:07","modified_gmt":"2016-05-12T12:46:07","slug":"tourisme-les-professionnels-tunisiens-pour-la-relance-du-marche-algerien","status":"publish","type":"post","link":"https:\/\/kapitalis.com\/tunisie\/2016\/05\/12\/tourisme-les-professionnels-tunisiens-pour-la-relance-du-marche-algerien\/","title":{"rendered":"Tourisme : Les professionnels tunisiens pour la relance du march\u00e9 alg\u00e9rien"},"content":{"rendered":"<p><img loading=\"lazy\" decoding=\"async\" class=\"alignnone size-full wp-image-8048 aligncenter\" src=\"http:\/\/kapitalis.com\/tunisie\/wp-content\/uploads\/2015\/07\/Touristes-alge\u0301riens1.jpg\" alt=\"Touristes-alge\u0301riens\" width=\"626\" height=\"380\" \/><\/p>\n<p style=\"text-align: center;\"><em>Des touristes alg\u00e9riens arborant le drapeau tunisien \u00e0 leur arriv\u00e9e en Tunisie.\u00a0<\/em><\/p>\n<p><em><strong>Les professionnels tunisiens du tourisme prendront part \u00e0 la 17e \u00e9dition du Salon international du tourisme et des voyages (Sitev), du 15 au 18 mai 2016, \u00e0 Alger.<\/strong> <\/em><\/p>\n<p><!--more--><\/p>\n<p>Une importante d\u00e9l\u00e9gation tunisienne, conduite par Selma Elloumi-Rekik, ministre du Tourisme et de l\u2019Artisanat, sera pr\u00e9sente \u00e0 cette manifestation, qui r\u00e9unira plus de 385 exposants venus de plusieurs pays.<\/p>\n<p>Plus de 100 professionnels tunisiens seront \u00e0 Alger pour nouer des partenariats avec leurs homologues alg\u00e9riens. Ils mettront en avant plusieurs facteurs positifs, dont notamment la disponibilit\u00e9 alg\u00e9rienne \u00e0 soutenir la relance du tourisme tunisien, le triplement de la capacit\u00e9 a\u00e9rienne entre les deux pays, le lancement d\u2019une campagne de promotion sur le march\u00e9 alg\u00e9rien et l\u2019am\u00e9lioration constante des conditions d\u2019accueil et de transit au niveau des postes frontaliers, notamment terrestres.<\/p>\n<p>La pr\u00e9paration de cette participation a, d\u2019ailleurs, fait l\u2019objet de plusieurs s\u00e9ances de travail au sein du minist\u00e8re du Tourisme. Les principales recommandations ont port\u00e9 sur la n\u00e9cessit\u00e9 d\u2019assurer les meilleures conditions d\u2019accueil et de s\u00e9jour des touristes alg\u00e9riens et d\u2019organiser au mieux les flux touristiques entre les deux pays conform\u00e9ment aux r\u00e9solutions de la r\u00e9cente session de la commission mixte tuniso-alg\u00e9rienne de coop\u00e9ration touristique tenue \u00e0 Tunis sous la pr\u00e9sidence des deux ministres du Tourisme.<\/p>\n<p>Il convient de noter qu\u2019en 2015, le nombre de touristes alg\u00e9riens ayant choisi de passer des vacances en Tunisie a \u00e9t\u00e9 de 1.500.000 touristes.<\/p>\n<p style=\"text-align: right;\"><strong>I. B.<\/strong> (avec communiqu\u00e9).<\/p>\n","protected":false},"excerpt":{"rendered":"<p>Des touristes alg\u00e9riens arborant le drapeau tunisien \u00e0 leur arriv\u00e9e en Tunisie.\u00a0 Les professionnels tunisiens du tourisme prendront part \u00e0 la 17e \u00e9dition du Salon international du tourisme et des voyages (Sitev), du 15 au 18 mai 2016, \u00e0 Alger.<\/p>\n","protected":false},"author":8,"featured_media":0,"comment_status":"open","ping_status":"open","sticky":false,"template":"","format":"standard","meta":{"footnotes":""},"categories":[995,2433],"tags":[63,2549,1492,819,908],"class_list":["post-49928","post","type-post","status-publish","format-standard","hentry","category-economie","category-tunisie","tag-alger","tag-postes-frontaliers","tag-promotion","tag-selma-elloumi-rekik","tag-tourisme"],"yoast_head":"<!-- This site is optimized with the Yoast SEO plugin v26.6 - https:\/\/yoast.com\/wordpress\/plugins\/seo\/ -->\n<title>Tourisme : Les professionnels tunisiens pour la relance du march\u00e9 alg\u00e9rien - Kapitalis<\/title>\n<meta name=\"robots\" content=\"index, follow, max-snippet:-1, max-image-preview:large, max-video-preview:-1\" \/>\n<link rel=\"canonical\" href=\"https:\/\/kapitalis.com\/tunisie\/2016\/05\/12\/tourisme-les-professionnels-tunisiens-pour-la-relance-du-marche-algerien\/\" \/>\n<meta property=\"og:locale\" content=\"fr_FR\" \/>\n<meta property=\"og:type\" content=\"article\" \/>\n<meta property=\"og:title\" content=\"Tourisme : Les professionnels tunisiens pour la relance du march\u00e9 alg\u00e9rien - Kapitalis\" \/>\n<meta property=\"og:description\" content=\"Des touristes alg\u00e9riens arborant le drapeau tunisien \u00e0 leur arriv\u00e9e en Tunisie.\u00a0 Les professionnels tunisiens du tourisme prendront part \u00e0 la 17e \u00e9dition du Salon international du tourisme et des voyages (Sitev), du 15 au 18 mai 2016, \u00e0 Alger.\" \/>\n<meta property=\"og:url\" content=\"https:\/\/kapitalis.com\/tunisie\/2016\/05\/12\/tourisme-les-professionnels-tunisiens-pour-la-relance-du-marche-algerien\/\" \/>\n<meta property=\"og:site_name\" content=\"Kapitalis\" \/>\n<meta property=\"article:publisher\" content=\"https:\/\/www.facebook.com\/KapitalisInfo\/\" \/>\n<meta property=\"article:published_time\" content=\"2016-05-12T12:46:07+00:00\" \/>\n<meta property=\"og:image\" content=\"https:\/\/kapitalis.com\/tunisie\/wp-content\/uploads\/2022\/05\/kapitalis-logo-fb.png\" \/>\n\t<meta property=\"og:image:width\" content=\"1200\" \/>\n\t<meta property=\"og:image:height\" content=\"630\" \/>\n\t<meta property=\"og:image:type\" content=\"image\/png\" \/>\n<meta name=\"author\" content=\"webmaster kapitalis\" \/>\n<meta name=\"twitter:card\" content=\"summary_large_image\" \/>\n<meta name=\"twitter:creator\" content=\"@KapitalisInfo\" \/>\n<meta name=\"twitter:site\" content=\"@KapitalisInfo\" \/>\n<meta name=\"twitter:label1\" content=\"\u00c9crit par\" \/>\n\t<meta name=\"twitter:data1\" content=\"webmaster kapitalis\" \/>\n\t<meta name=\"twitter:label2\" content=\"Dur\u00e9e de lecture estim\u00e9e\" \/>\n\t<meta name=\"twitter:data2\" content=\"1 minute\" \/>\n<script type=\"application\/ld+json\" class=\"yoast-schema-graph\">{\"@context\":\"https:\/\/schema.org\",\"@graph\":[{\"@type\":\"Article\",\"@id\":\"https:\/\/kapitalis.com\/tunisie\/2016\/05\/12\/tourisme-les-professionnels-tunisiens-pour-la-relance-du-marche-algerien\/#article\",\"isPartOf\":{\"@id\":\"https:\/\/kapitalis.com\/tunisie\/2016\/05\/12\/tourisme-les-professionnels-tunisiens-pour-la-relance-du-marche-algerien\/\"},\"author\":{\"name\":\"webmaster kapitalis\",\"@id\":\"https:\/\/kapitalis.com\/tunisie\/#\/schema\/person\/d71f33a9ca44f7bad4698210b480c8e9\"},\"headline\":\"Tourisme : Les professionnels tunisiens pour la relance du march\u00e9 alg\u00e9rien\",\"datePublished\":\"2016-05-12T12:46:07+00:00\",\"mainEntityOfPage\":{\"@id\":\"https:\/\/kapitalis.com\/tunisie\/2016\/05\/12\/tourisme-les-professionnels-tunisiens-pour-la-relance-du-marche-algerien\/\"},\"wordCount\":275,\"commentCount\":0,\"publisher\":{\"@id\":\"https:\/\/kapitalis.com\/tunisie\/#organization\"},\"keywords\":[\"Alger\",\"postes frontaliers\",\"promotion\",\"Selma Elloumi Rekik\",\"tourisme\"],\"articleSection\":[\"ECONOMIE\",\"Tunisie\"],\"inLanguage\":\"fr-FR\",\"potentialAction\":[{\"@type\":\"CommentAction\",\"name\":\"Comment\",\"target\":[\"https:\/\/kapitalis.com\/tunisie\/2016\/05\/12\/tourisme-les-professionnels-tunisiens-pour-la-relance-du-marche-algerien\/#respond\"]}]},{\"@type\":\"WebPage\",\"@id\":\"https:\/\/kapitalis.com\/tunisie\/2016\/05\/12\/tourisme-les-professionnels-tunisiens-pour-la-relance-du-marche-algerien\/\",\"url\":\"https:\/\/kapitalis.com\/tunisie\/2016\/05\/12\/tourisme-les-professionnels-tunisiens-pour-la-relance-du-marche-algerien\/\",\"name\":\"Tourisme : Les professionnels tunisiens pour la relance du march\u00e9 alg\u00e9rien - Kapitalis\",\"isPartOf\":{\"@id\":\"https:\/\/kapitalis.com\/tunisie\/#website\"},\"datePublished\":\"2016-05-12T12:46:07+00:00\",\"breadcrumb\":{\"@id\":\"https:\/\/kapitalis.com\/tunisie\/2016\/05\/12\/tourisme-les-professionnels-tunisiens-pour-la-relance-du-marche-algerien\/#breadcrumb\"},\"inLanguage\":\"fr-FR\",\"potentialAction\":[{\"@type\":\"ReadAction\",\"target\":[\"https:\/\/kapitalis.com\/tunisie\/2016\/05\/12\/tourisme-les-professionnels-tunisiens-pour-la-relance-du-marche-algerien\/\"]}]},{\"@type\":\"BreadcrumbList\",\"@id\":\"https:\/\/kapitalis.com\/tunisie\/2016\/05\/12\/tourisme-les-professionnels-tunisiens-pour-la-relance-du-marche-algerien\/#breadcrumb\",\"itemListElement\":[{\"@type\":\"ListItem\",\"position\":1,\"name\":\"Accueil\",\"item\":\"https:\/\/kapitalis.com\/tunisie\/\"},{\"@type\":\"ListItem\",\"position\":2,\"name\":\"Tourisme : Les professionnels tunisiens pour la relance du march\u00e9 alg\u00e9rien\"}]},{\"@type\":\"WebSite\",\"@id\":\"https:\/\/kapitalis.com\/tunisie\/#website\",\"url\":\"https:\/\/kapitalis.com\/tunisie\/\",\"name\":\"Kapitalis\",\"description\":\"L&#039;actualit\u00e9 en Tunisie et dans le monde\",\"publisher\":{\"@id\":\"https:\/\/kapitalis.com\/tunisie\/#organization\"},\"potentialAction\":[{\"@type\":\"SearchAction\",\"target\":{\"@type\":\"EntryPoint\",\"urlTemplate\":\"https:\/\/kapitalis.com\/tunisie\/?s={search_term_string}\"},\"query-input\":{\"@type\":\"PropertyValueSpecification\",\"valueRequired\":true,\"valueName\":\"search_term_string\"}}],\"inLanguage\":\"fr-FR\"},{\"@type\":\"Organization\",\"@id\":\"https:\/\/kapitalis.com\/tunisie\/#organization\",\"name\":\"Kapitalis\",\"url\":\"https:\/\/kapitalis.com\/tunisie\/\",\"logo\":{\"@type\":\"ImageObject\",\"inLanguage\":\"fr-FR\",\"@id\":\"https:\/\/kapitalis.com\/tunisie\/#\/schema\/logo\/image\/\",\"url\":\"https:\/\/kapitalis.com\/tunisie\/wp-content\/uploads\/2022\/05\/Kapitalis-big-size.png\",\"contentUrl\":\"https:\/\/kapitalis.com\/tunisie\/wp-content\/uploads\/2022\/05\/Kapitalis-big-size.png\",\"width\":5000,\"height\":1500,\"caption\":\"Kapitalis\"},\"image\":{\"@id\":\"https:\/\/kapitalis.com\/tunisie\/#\/schema\/logo\/image\/\"},\"sameAs\":[\"https:\/\/www.facebook.com\/KapitalisInfo\/\",\"https:\/\/x.com\/KapitalisInfo\",\"https:\/\/www.youtube.com\/channel\/UC-yDYrHyfFBWWZaOw3FPg9Q\"]},{\"@type\":\"Person\",\"@id\":\"https:\/\/kapitalis.com\/tunisie\/#\/schema\/person\/d71f33a9ca44f7bad4698210b480c8e9\",\"name\":\"webmaster kapitalis\",\"url\":\"https:\/\/kapitalis.com\/tunisie\/author\/webmaster-kapitalis\/\"}]}<\/script>\n<!-- \/ Yoast SEO plugin. -->","yoast_head_json":{"title":"Tourisme : Les professionnels tunisiens pour la relance du march\u00e9 alg\u00e9rien - Kapitalis","robots":{"index":"index","follow":"follow","max-snippet":"max-snippet:-1","max-image-preview":"max-image-preview:large","max-video-preview":"max-video-preview:-1"},"canonical":"https:\/\/kapitalis.com\/tunisie\/2016\/05\/12\/tourisme-les-professionnels-tunisiens-pour-la-relance-du-marche-algerien\/","og_locale":"fr_FR","og_type":"article","og_title":"Tourisme : Les professionnels tunisiens pour la relance du march\u00e9 alg\u00e9rien - Kapitalis","og_description":"Des touristes alg\u00e9riens arborant le drapeau tunisien \u00e0 leur arriv\u00e9e en Tunisie.\u00a0 Les professionnels tunisiens du tourisme prendront part \u00e0 la 17e \u00e9dition du Salon international du tourisme et des voyages (Sitev), du 15 au 18 mai 2016, \u00e0 Alger.","og_url":"https:\/\/kapitalis.com\/tunisie\/2016\/05\/12\/tourisme-les-professionnels-tunisiens-pour-la-relance-du-marche-algerien\/","og_site_name":"Kapitalis","article_publisher":"https:\/\/www.facebook.com\/KapitalisInfo\/","article_published_time":"2016-05-12T12:46:07+00:00","og_image":[{"width":1200,"height":630,"url":"https:\/\/kapitalis.com\/tunisie\/wp-content\/uploads\/2022\/05\/kapitalis-logo-fb.png","type":"image\/png"}],"author":"webmaster kapitalis","twitter_card":"summary_large_image","twitter_creator":"@KapitalisInfo","twitter_site":"@KapitalisInfo","twitter_misc":{"\u00c9crit par":"webmaster kapitalis","Dur\u00e9e de lecture estim\u00e9e":"1 minute"},"schema":{"@context":"https:\/\/schema.org","@graph":[{"@type":"Article","@id":"https:\/\/kapitalis.com\/tunisie\/2016\/05\/12\/tourisme-les-professionnels-tunisiens-pour-la-relance-du-marche-algerien\/#article","isPartOf":{"@id":"https:\/\/kapitalis.com\/tunisie\/2016\/05\/12\/tourisme-les-professionnels-tunisiens-pour-la-relance-du-marche-algerien\/"},"author":{"name":"webmaster kapitalis","@id":"https:\/\/kapitalis.com\/tunisie\/#\/schema\/person\/d71f33a9ca44f7bad4698210b480c8e9"},"headline":"Tourisme : Les professionnels tunisiens pour la relance du march\u00e9 alg\u00e9rien","datePublished":"2016-05-12T12:46:07+00:00","mainEntityOfPage":{"@id":"https:\/\/kapitalis.com\/tunisie\/2016\/05\/12\/tourisme-les-professionnels-tunisiens-pour-la-relance-du-marche-algerien\/"},"wordCount":275,"commentCount":0,"publisher":{"@id":"https:\/\/kapitalis.com\/tunisie\/#organization"},"keywords":["Alger","postes frontaliers","promotion","Selma Elloumi Rekik","tourisme"],"articleSection":["ECONOMIE","Tunisie"],"inLanguage":"fr-FR","potentialAction":[{"@type":"CommentAction","name":"Comment","target":["https:\/\/kapitalis.com\/tunisie\/2016\/05\/12\/tourisme-les-professionnels-tunisiens-pour-la-relance-du-marche-algerien\/#respond"]}]},{"@type":"WebPage","@id":"https:\/\/kapitalis.com\/tunisie\/2016\/05\/12\/tourisme-les-professionnels-tunisiens-pour-la-relance-du-marche-algerien\/","url":"https:\/\/kapitalis.com\/tunisie\/2016\/05\/12\/tourisme-les-professionnels-tunisiens-pour-la-relance-du-marche-algerien\/","name":"Tourisme : Les professionnels tunisiens pour la relance du march\u00e9 alg\u00e9rien - Kapitalis","isPartOf":{"@id":"https:\/\/kapitalis.com\/tunisie\/#website"},"datePublished":"2016-05-12T12:46:07+00:00","breadcrumb":{"@id":"https:\/\/kapitalis.com\/tunisie\/2016\/05\/12\/tourisme-les-professionnels-tunisiens-pour-la-relance-du-marche-algerien\/#breadcrumb"},"inLanguage":"fr-FR","potentialAction":[{"@type":"ReadAction","target":["https:\/\/kapitalis.com\/tunisie\/2016\/05\/12\/tourisme-les-professionnels-tunisiens-pour-la-relance-du-marche-algerien\/"]}]},{"@type":"BreadcrumbList","@id":"https:\/\/kapitalis.com\/tunisie\/2016\/05\/12\/tourisme-les-professionnels-tunisiens-pour-la-relance-du-marche-algerien\/#breadcrumb","itemListElement":[{"@type":"ListItem","position":1,"name":"Accueil","item":"https:\/\/kapitalis.com\/tunisie\/"},{"@type":"ListItem","position":2,"name":"Tourisme : Les professionnels tunisiens pour la relance du march\u00e9 alg\u00e9rien"}]},{"@type":"WebSite","@id":"https:\/\/kapitalis.com\/tunisie\/#website","url":"https:\/\/kapitalis.com\/tunisie\/","name":"Kapitalis","description":"L&#039;actualit\u00e9 en Tunisie et dans le monde","publisher":{"@id":"https:\/\/kapitalis.com\/tunisie\/#organization"},"potentialAction":[{"@type":"SearchAction","target":{"@type":"EntryPoint","urlTemplate":"https:\/\/kapitalis.com\/tunisie\/?s={search_term_string}"},"query-input":{"@type":"PropertyValueSpecification","valueRequired":true,"valueName":"search_term_string"}}],"inLanguage":"fr-FR"},{"@type":"Organization","@id":"https:\/\/kapitalis.com\/tunisie\/#organization","name":"Kapitalis","url":"https:\/\/kapitalis.com\/tunisie\/","logo":{"@type":"ImageObject","inLanguage":"fr-FR","@id":"https:\/\/kapitalis.com\/tunisie\/#\/schema\/logo\/image\/","url":"https:\/\/kapitalis.com\/tunisie\/wp-content\/uploads\/2022\/05\/Kapitalis-big-size.png","contentUrl":"https:\/\/kapitalis.com\/tunisie\/wp-content\/uploads\/2022\/05\/Kapitalis-big-size.png","width":5000,"height":1500,"caption":"Kapitalis"},"image":{"@id":"https:\/\/kapitalis.com\/tunisie\/#\/schema\/logo\/image\/"},"sameAs":["https:\/\/www.facebook.com\/KapitalisInfo\/","https:\/\/x.com\/KapitalisInfo","https:\/\/www.youtube.com\/channel\/UC-yDYrHyfFBWWZaOw3FPg9Q"]},{"@type":"Person","@id":"https:\/\/kapitalis.com\/tunisie\/#\/schema\/person\/d71f33a9ca44f7bad4698210b480c8e9","name":"webmaster kapitalis","url":"https:\/\/kapitalis.com\/tunisie\/author\/webmaster-kapitalis\/"}]}},"_links":{"self":[{"href":"https:\/\/kapitalis.com\/tunisie\/wp-json\/wp\/v2\/posts\/49928","targetHints":{"allow":["GET"]}}],"collection":[{"href":"https:\/\/kapitalis.com\/tunisie\/wp-json\/wp\/v2\/posts"}],"about":[{"href":"https:\/\/kapitalis.com\/tunisie\/wp-json\/wp\/v2\/types\/post"}],"author":[{"embeddable":true,"href":"https:\/\/kapitalis.com\/tunisie\/wp-json\/wp\/v2\/users\/8"}],"replies":[{"embeddable":true,"href":"https:\/\/kapitalis.com\/tunisie\/wp-json\/wp\/v2\/comments?post=49928"}],"version-history":[{"count":0,"href":"https:\/\/kapitalis.com\/tunisie\/wp-json\/wp\/v2\/posts\/49928\/revisions"}],"wp:attachment":[{"href":"https:\/\/kapitalis.com\/tunisie\/wp-json\/wp\/v2\/media?parent=49928"}],"wp:term":[{"taxonomy":"category","embeddable":true,"href":"https:\/\/kapitalis.com\/tunisie\/wp-json\/wp\/v2\/categories?post=49928"},{"taxonomy":"post_tag","embeddable":true,"href":"https:\/\/kapitalis.com\/tunisie\/wp-json\/wp\/v2\/tags?post=49928"}],"curies":[{"name":"wp","href":"https:\/\/api.w.org\/{rel}","templated":true}]}}