{"id":49959,"date":"2016-05-12T17:38:58","date_gmt":"2016-05-12T16:38:58","guid":{"rendered":"http:\/\/kapitalis.com\/tunisie\/?p=49959"},"modified":"2016-05-12T17:38:58","modified_gmt":"2016-05-12T16:38:58","slug":"nidaa-tounes-ridha-belhaj-nouvelle-victime-de-hafedh-caid-essebsi","status":"publish","type":"post","link":"https:\/\/kapitalis.com\/tunisie\/2016\/05\/12\/nidaa-tounes-ridha-belhaj-nouvelle-victime-de-hafedh-caid-essebsi\/","title":{"rendered":"Nidaa Tounes : Ridha Belhaj nouvelle \u00abvictime\u00bb de Hafedh Ca\u00efd Essebsi"},"content":{"rendered":"<p><img loading=\"lazy\" decoding=\"async\" class=\"alignnone size-full wp-image-49960 aligncenter\" src=\"http:\/\/kapitalis.com\/tunisie\/wp-content\/uploads\/2016\/05\/Ridha-Belhaj-Ban.jpg\" alt=\"Ridha-Belhaj-Ban\" width=\"626\" height=\"380\" \/><\/p>\n<p><em><strong>Eph\u00e9m\u00e8re pr\u00e9sident d&rsquo;une improbable Instance politique de Nidaa Tounes, Ridha Belhaj vient d\u2019annoncer, officiellement, aujourd\u2019hui, sa d\u00e9mission de son poste.\u00a0<\/strong><\/em><\/p>\n<p><!--more--><\/p>\n<p>Membre fondateur de Nidaa Tounes et ancien chef de cabinet du pr\u00e9sident de la r\u00e9publique, Ridha Belhaj a jou\u00e9 un grand r\u00f4le dans le pourrissement de la situation \u00e0 l\u2019int\u00e9rieur des instances du parti en roulant pour Hafedh Ca\u00efd Essebsi, le fils du pr\u00e9sident de la r\u00e9publique B\u00e9ji Ca\u00efd Essebsi.<\/p>\n<p>On se souvent de ses attaques frontales contre Mohsen Marzouk, l\u2019ancien secr\u00e9taire g\u00e9n\u00e9ral d\u00e9missionnaire, ainsi que de son r\u00f4le central dans l\u2019organisation du meeting de Djerba et du congr\u00e8s consensuel de Sousse, qui ont provoqu\u00e9 une cascade de d\u00e9missions au sein du parti et provoqu\u00e9 son implosion.<\/p>\n<p>Le z\u00e8le que Ridha Belhaj avait mis \u00e0 servir les desseins d\u2019une bande de caciques, intrigants, opportunistes et sans scrupules (n\u2019est-ce pas Raouf Khamassi, Chafik Jarraya, Nabil Karoui, Khemaies Ksila et autres Abdelaziz Kotti?), manipulant une marionnette appel\u00e9e Hafedh Ca\u00efd Essebsi, se retourne aujourd\u2019hui contre lui. Et c\u2019est lui que l\u2019on a fini par pousser vers la porte.<\/p>\n<p>C\u2019est une nouvelle version de l\u2019histoire de l\u2019arroseur arros\u00e9 ou du kleenex que l\u2019on jette apr\u00e8s usage.<\/p>\n<p style=\"text-align: right;\"><strong>I. B.<\/strong><\/p>\n","protected":false},"excerpt":{"rendered":"<p>Eph\u00e9m\u00e8re pr\u00e9sident d&rsquo;une improbable Instance politique de Nidaa Tounes, Ridha Belhaj vient d\u2019annoncer, officiellement, aujourd\u2019hui, sa d\u00e9mission de son poste.\u00a0<\/p>\n","protected":false},"author":8,"featured_media":49960,"comment_status":"open","ping_status":"open","sticky":false,"template":"","format":"standard","meta":{"footnotes":""},"categories":[997,2433],"tags":[630,2007],"class_list":["post-49959","post","type-post","status-publish","format-standard","has-post-thumbnail","hentry","category-politique","category-tunisie","tag-mohsen-marzouk","tag-ridha-belhaj"],"yoast_head":"<!-- This site is optimized with the Yoast SEO plugin v26.6 - https:\/\/yoast.com\/wordpress\/plugins\/seo\/ -->\n<title>Nidaa Tounes : Ridha Belhaj nouvelle \u00abvictime\u00bb de Hafedh Ca\u00efd Essebsi - Kapitalis<\/title>\n<meta name=\"robots\" content=\"index, follow, max-snippet:-1, max-image-preview:large, max-video-preview:-1\" \/>\n<link rel=\"canonical\" href=\"https:\/\/kapitalis.com\/tunisie\/2016\/05\/12\/nidaa-tounes-ridha-belhaj-nouvelle-victime-de-hafedh-caid-essebsi\/\" \/>\n<meta property=\"og:locale\" content=\"fr_FR\" \/>\n<meta property=\"og:type\" content=\"article\" \/>\n<meta property=\"og:title\" content=\"Nidaa Tounes : Ridha Belhaj nouvelle \u00abvictime\u00bb de Hafedh Ca\u00efd Essebsi - Kapitalis\" \/>\n<meta property=\"og:description\" content=\"Eph\u00e9m\u00e8re pr\u00e9sident d&rsquo;une improbable Instance politique de Nidaa Tounes, Ridha Belhaj vient d\u2019annoncer, officiellement, aujourd\u2019hui, sa d\u00e9mission de son poste.\u00a0\" \/>\n<meta property=\"og:url\" content=\"https:\/\/kapitalis.com\/tunisie\/2016\/05\/12\/nidaa-tounes-ridha-belhaj-nouvelle-victime-de-hafedh-caid-essebsi\/\" \/>\n<meta property=\"og:site_name\" content=\"Kapitalis\" \/>\n<meta property=\"article:publisher\" content=\"https:\/\/www.facebook.com\/KapitalisInfo\/\" \/>\n<meta property=\"article:published_time\" content=\"2016-05-12T16:38:58+00:00\" \/>\n<meta property=\"og:image\" content=\"https:\/\/kapitalis.com\/tunisie\/wp-content\/uploads\/2022\/05\/kapitalis-logo-fb.png\" \/>\n\t<meta property=\"og:image:width\" content=\"1200\" \/>\n\t<meta property=\"og:image:height\" content=\"630\" \/>\n\t<meta property=\"og:image:type\" content=\"image\/png\" \/>\n<meta name=\"author\" content=\"webmaster kapitalis\" \/>\n<meta name=\"twitter:card\" content=\"summary_large_image\" \/>\n<meta name=\"twitter:creator\" content=\"@KapitalisInfo\" \/>\n<meta name=\"twitter:site\" content=\"@KapitalisInfo\" \/>\n<meta name=\"twitter:label1\" content=\"\u00c9crit par\" \/>\n\t<meta name=\"twitter:data1\" content=\"webmaster kapitalis\" \/>\n\t<meta name=\"twitter:label2\" content=\"Dur\u00e9e de lecture estim\u00e9e\" \/>\n\t<meta name=\"twitter:data2\" content=\"1 minute\" \/>\n<script type=\"application\/ld+json\" class=\"yoast-schema-graph\">{\"@context\":\"https:\/\/schema.org\",\"@graph\":[{\"@type\":\"Article\",\"@id\":\"https:\/\/kapitalis.com\/tunisie\/2016\/05\/12\/nidaa-tounes-ridha-belhaj-nouvelle-victime-de-hafedh-caid-essebsi\/#article\",\"isPartOf\":{\"@id\":\"https:\/\/kapitalis.com\/tunisie\/2016\/05\/12\/nidaa-tounes-ridha-belhaj-nouvelle-victime-de-hafedh-caid-essebsi\/\"},\"author\":{\"name\":\"webmaster kapitalis\",\"@id\":\"https:\/\/kapitalis.com\/tunisie\/#\/schema\/person\/d71f33a9ca44f7bad4698210b480c8e9\"},\"headline\":\"Nidaa Tounes : Ridha Belhaj nouvelle \u00abvictime\u00bb de Hafedh Ca\u00efd Essebsi\",\"datePublished\":\"2016-05-12T16:38:58+00:00\",\"mainEntityOfPage\":{\"@id\":\"https:\/\/kapitalis.com\/tunisie\/2016\/05\/12\/nidaa-tounes-ridha-belhaj-nouvelle-victime-de-hafedh-caid-essebsi\/\"},\"wordCount\":241,\"commentCount\":7,\"publisher\":{\"@id\":\"https:\/\/kapitalis.com\/tunisie\/#organization\"},\"image\":{\"@id\":\"https:\/\/kapitalis.com\/tunisie\/2016\/05\/12\/nidaa-tounes-ridha-belhaj-nouvelle-victime-de-hafedh-caid-essebsi\/#primaryimage\"},\"thumbnailUrl\":\"\",\"keywords\":[\"Mohsen Marzouk\",\"Ridha Belhaj\"],\"articleSection\":[\"POLITIQUE\",\"Tunisie\"],\"inLanguage\":\"fr-FR\",\"potentialAction\":[{\"@type\":\"CommentAction\",\"name\":\"Comment\",\"target\":[\"https:\/\/kapitalis.com\/tunisie\/2016\/05\/12\/nidaa-tounes-ridha-belhaj-nouvelle-victime-de-hafedh-caid-essebsi\/#respond\"]}]},{\"@type\":\"WebPage\",\"@id\":\"https:\/\/kapitalis.com\/tunisie\/2016\/05\/12\/nidaa-tounes-ridha-belhaj-nouvelle-victime-de-hafedh-caid-essebsi\/\",\"url\":\"https:\/\/kapitalis.com\/tunisie\/2016\/05\/12\/nidaa-tounes-ridha-belhaj-nouvelle-victime-de-hafedh-caid-essebsi\/\",\"name\":\"Nidaa Tounes : Ridha Belhaj nouvelle \u00abvictime\u00bb de Hafedh Ca\u00efd Essebsi - Kapitalis\",\"isPartOf\":{\"@id\":\"https:\/\/kapitalis.com\/tunisie\/#website\"},\"primaryImageOfPage\":{\"@id\":\"https:\/\/kapitalis.com\/tunisie\/2016\/05\/12\/nidaa-tounes-ridha-belhaj-nouvelle-victime-de-hafedh-caid-essebsi\/#primaryimage\"},\"image\":{\"@id\":\"https:\/\/kapitalis.com\/tunisie\/2016\/05\/12\/nidaa-tounes-ridha-belhaj-nouvelle-victime-de-hafedh-caid-essebsi\/#primaryimage\"},\"thumbnailUrl\":\"\",\"datePublished\":\"2016-05-12T16:38:58+00:00\",\"breadcrumb\":{\"@id\":\"https:\/\/kapitalis.com\/tunisie\/2016\/05\/12\/nidaa-tounes-ridha-belhaj-nouvelle-victime-de-hafedh-caid-essebsi\/#breadcrumb\"},\"inLanguage\":\"fr-FR\",\"potentialAction\":[{\"@type\":\"ReadAction\",\"target\":[\"https:\/\/kapitalis.com\/tunisie\/2016\/05\/12\/nidaa-tounes-ridha-belhaj-nouvelle-victime-de-hafedh-caid-essebsi\/\"]}]},{\"@type\":\"ImageObject\",\"inLanguage\":\"fr-FR\",\"@id\":\"https:\/\/kapitalis.com\/tunisie\/2016\/05\/12\/nidaa-tounes-ridha-belhaj-nouvelle-victime-de-hafedh-caid-essebsi\/#primaryimage\",\"url\":\"\",\"contentUrl\":\"\"},{\"@type\":\"BreadcrumbList\",\"@id\":\"https:\/\/kapitalis.com\/tunisie\/2016\/05\/12\/nidaa-tounes-ridha-belhaj-nouvelle-victime-de-hafedh-caid-essebsi\/#breadcrumb\",\"itemListElement\":[{\"@type\":\"ListItem\",\"position\":1,\"name\":\"Accueil\",\"item\":\"https:\/\/kapitalis.com\/tunisie\/\"},{\"@type\":\"ListItem\",\"position\":2,\"name\":\"Nidaa Tounes : Ridha Belhaj nouvelle \u00abvictime\u00bb de Hafedh Ca\u00efd Essebsi\"}]},{\"@type\":\"WebSite\",\"@id\":\"https:\/\/kapitalis.com\/tunisie\/#website\",\"url\":\"https:\/\/kapitalis.com\/tunisie\/\",\"name\":\"Kapitalis\",\"description\":\"L&#039;actualit\u00e9 en Tunisie et dans le monde\",\"publisher\":{\"@id\":\"https:\/\/kapitalis.com\/tunisie\/#organization\"},\"potentialAction\":[{\"@type\":\"SearchAction\",\"target\":{\"@type\":\"EntryPoint\",\"urlTemplate\":\"https:\/\/kapitalis.com\/tunisie\/?s={search_term_string}\"},\"query-input\":{\"@type\":\"PropertyValueSpecification\",\"valueRequired\":true,\"valueName\":\"search_term_string\"}}],\"inLanguage\":\"fr-FR\"},{\"@type\":\"Organization\",\"@id\":\"https:\/\/kapitalis.com\/tunisie\/#organization\",\"name\":\"Kapitalis\",\"url\":\"https:\/\/kapitalis.com\/tunisie\/\",\"logo\":{\"@type\":\"ImageObject\",\"inLanguage\":\"fr-FR\",\"@id\":\"https:\/\/kapitalis.com\/tunisie\/#\/schema\/logo\/image\/\",\"url\":\"https:\/\/kapitalis.com\/tunisie\/wp-content\/uploads\/2022\/05\/Kapitalis-big-size.png\",\"contentUrl\":\"https:\/\/kapitalis.com\/tunisie\/wp-content\/uploads\/2022\/05\/Kapitalis-big-size.png\",\"width\":5000,\"height\":1500,\"caption\":\"Kapitalis\"},\"image\":{\"@id\":\"https:\/\/kapitalis.com\/tunisie\/#\/schema\/logo\/image\/\"},\"sameAs\":[\"https:\/\/www.facebook.com\/KapitalisInfo\/\",\"https:\/\/x.com\/KapitalisInfo\",\"https:\/\/www.youtube.com\/channel\/UC-yDYrHyfFBWWZaOw3FPg9Q\"]},{\"@type\":\"Person\",\"@id\":\"https:\/\/kapitalis.com\/tunisie\/#\/schema\/person\/d71f33a9ca44f7bad4698210b480c8e9\",\"name\":\"webmaster kapitalis\",\"url\":\"https:\/\/kapitalis.com\/tunisie\/author\/webmaster-kapitalis\/\"}]}<\/script>\n<!-- \/ Yoast SEO plugin. -->","yoast_head_json":{"title":"Nidaa Tounes : Ridha Belhaj nouvelle \u00abvictime\u00bb de Hafedh Ca\u00efd Essebsi - Kapitalis","robots":{"index":"index","follow":"follow","max-snippet":"max-snippet:-1","max-image-preview":"max-image-preview:large","max-video-preview":"max-video-preview:-1"},"canonical":"https:\/\/kapitalis.com\/tunisie\/2016\/05\/12\/nidaa-tounes-ridha-belhaj-nouvelle-victime-de-hafedh-caid-essebsi\/","og_locale":"fr_FR","og_type":"article","og_title":"Nidaa Tounes : Ridha Belhaj nouvelle \u00abvictime\u00bb de Hafedh Ca\u00efd Essebsi - Kapitalis","og_description":"Eph\u00e9m\u00e8re pr\u00e9sident d&rsquo;une improbable Instance politique de Nidaa Tounes, Ridha Belhaj vient d\u2019annoncer, officiellement, aujourd\u2019hui, sa d\u00e9mission de son poste.\u00a0","og_url":"https:\/\/kapitalis.com\/tunisie\/2016\/05\/12\/nidaa-tounes-ridha-belhaj-nouvelle-victime-de-hafedh-caid-essebsi\/","og_site_name":"Kapitalis","article_publisher":"https:\/\/www.facebook.com\/KapitalisInfo\/","article_published_time":"2016-05-12T16:38:58+00:00","og_image":[{"width":1200,"height":630,"url":"https:\/\/kapitalis.com\/tunisie\/wp-content\/uploads\/2022\/05\/kapitalis-logo-fb.png","type":"image\/png"}],"author":"webmaster kapitalis","twitter_card":"summary_large_image","twitter_creator":"@KapitalisInfo","twitter_site":"@KapitalisInfo","twitter_misc":{"\u00c9crit par":"webmaster kapitalis","Dur\u00e9e de lecture estim\u00e9e":"1 minute"},"schema":{"@context":"https:\/\/schema.org","@graph":[{"@type":"Article","@id":"https:\/\/kapitalis.com\/tunisie\/2016\/05\/12\/nidaa-tounes-ridha-belhaj-nouvelle-victime-de-hafedh-caid-essebsi\/#article","isPartOf":{"@id":"https:\/\/kapitalis.com\/tunisie\/2016\/05\/12\/nidaa-tounes-ridha-belhaj-nouvelle-victime-de-hafedh-caid-essebsi\/"},"author":{"name":"webmaster kapitalis","@id":"https:\/\/kapitalis.com\/tunisie\/#\/schema\/person\/d71f33a9ca44f7bad4698210b480c8e9"},"headline":"Nidaa Tounes : Ridha Belhaj nouvelle \u00abvictime\u00bb de Hafedh Ca\u00efd Essebsi","datePublished":"2016-05-12T16:38:58+00:00","mainEntityOfPage":{"@id":"https:\/\/kapitalis.com\/tunisie\/2016\/05\/12\/nidaa-tounes-ridha-belhaj-nouvelle-victime-de-hafedh-caid-essebsi\/"},"wordCount":241,"commentCount":7,"publisher":{"@id":"https:\/\/kapitalis.com\/tunisie\/#organization"},"image":{"@id":"https:\/\/kapitalis.com\/tunisie\/2016\/05\/12\/nidaa-tounes-ridha-belhaj-nouvelle-victime-de-hafedh-caid-essebsi\/#primaryimage"},"thumbnailUrl":"","keywords":["Mohsen Marzouk","Ridha Belhaj"],"articleSection":["POLITIQUE","Tunisie"],"inLanguage":"fr-FR","potentialAction":[{"@type":"CommentAction","name":"Comment","target":["https:\/\/kapitalis.com\/tunisie\/2016\/05\/12\/nidaa-tounes-ridha-belhaj-nouvelle-victime-de-hafedh-caid-essebsi\/#respond"]}]},{"@type":"WebPage","@id":"https:\/\/kapitalis.com\/tunisie\/2016\/05\/12\/nidaa-tounes-ridha-belhaj-nouvelle-victime-de-hafedh-caid-essebsi\/","url":"https:\/\/kapitalis.com\/tunisie\/2016\/05\/12\/nidaa-tounes-ridha-belhaj-nouvelle-victime-de-hafedh-caid-essebsi\/","name":"Nidaa Tounes : Ridha Belhaj nouvelle \u00abvictime\u00bb de Hafedh Ca\u00efd Essebsi - Kapitalis","isPartOf":{"@id":"https:\/\/kapitalis.com\/tunisie\/#website"},"primaryImageOfPage":{"@id":"https:\/\/kapitalis.com\/tunisie\/2016\/05\/12\/nidaa-tounes-ridha-belhaj-nouvelle-victime-de-hafedh-caid-essebsi\/#primaryimage"},"image":{"@id":"https:\/\/kapitalis.com\/tunisie\/2016\/05\/12\/nidaa-tounes-ridha-belhaj-nouvelle-victime-de-hafedh-caid-essebsi\/#primaryimage"},"thumbnailUrl":"","datePublished":"2016-05-12T16:38:58+00:00","breadcrumb":{"@id":"https:\/\/kapitalis.com\/tunisie\/2016\/05\/12\/nidaa-tounes-ridha-belhaj-nouvelle-victime-de-hafedh-caid-essebsi\/#breadcrumb"},"inLanguage":"fr-FR","potentialAction":[{"@type":"ReadAction","target":["https:\/\/kapitalis.com\/tunisie\/2016\/05\/12\/nidaa-tounes-ridha-belhaj-nouvelle-victime-de-hafedh-caid-essebsi\/"]}]},{"@type":"ImageObject","inLanguage":"fr-FR","@id":"https:\/\/kapitalis.com\/tunisie\/2016\/05\/12\/nidaa-tounes-ridha-belhaj-nouvelle-victime-de-hafedh-caid-essebsi\/#primaryimage","url":"","contentUrl":""},{"@type":"BreadcrumbList","@id":"https:\/\/kapitalis.com\/tunisie\/2016\/05\/12\/nidaa-tounes-ridha-belhaj-nouvelle-victime-de-hafedh-caid-essebsi\/#breadcrumb","itemListElement":[{"@type":"ListItem","position":1,"name":"Accueil","item":"https:\/\/kapitalis.com\/tunisie\/"},{"@type":"ListItem","position":2,"name":"Nidaa Tounes : Ridha Belhaj nouvelle \u00abvictime\u00bb de Hafedh Ca\u00efd Essebsi"}]},{"@type":"WebSite","@id":"https:\/\/kapitalis.com\/tunisie\/#website","url":"https:\/\/kapitalis.com\/tunisie\/","name":"Kapitalis","description":"L&#039;actualit\u00e9 en Tunisie et dans le monde","publisher":{"@id":"https:\/\/kapitalis.com\/tunisie\/#organization"},"potentialAction":[{"@type":"SearchAction","target":{"@type":"EntryPoint","urlTemplate":"https:\/\/kapitalis.com\/tunisie\/?s={search_term_string}"},"query-input":{"@type":"PropertyValueSpecification","valueRequired":true,"valueName":"search_term_string"}}],"inLanguage":"fr-FR"},{"@type":"Organization","@id":"https:\/\/kapitalis.com\/tunisie\/#organization","name":"Kapitalis","url":"https:\/\/kapitalis.com\/tunisie\/","logo":{"@type":"ImageObject","inLanguage":"fr-FR","@id":"https:\/\/kapitalis.com\/tunisie\/#\/schema\/logo\/image\/","url":"https:\/\/kapitalis.com\/tunisie\/wp-content\/uploads\/2022\/05\/Kapitalis-big-size.png","contentUrl":"https:\/\/kapitalis.com\/tunisie\/wp-content\/uploads\/2022\/05\/Kapitalis-big-size.png","width":5000,"height":1500,"caption":"Kapitalis"},"image":{"@id":"https:\/\/kapitalis.com\/tunisie\/#\/schema\/logo\/image\/"},"sameAs":["https:\/\/www.facebook.com\/KapitalisInfo\/","https:\/\/x.com\/KapitalisInfo","https:\/\/www.youtube.com\/channel\/UC-yDYrHyfFBWWZaOw3FPg9Q"]},{"@type":"Person","@id":"https:\/\/kapitalis.com\/tunisie\/#\/schema\/person\/d71f33a9ca44f7bad4698210b480c8e9","name":"webmaster kapitalis","url":"https:\/\/kapitalis.com\/tunisie\/author\/webmaster-kapitalis\/"}]}},"_links":{"self":[{"href":"https:\/\/kapitalis.com\/tunisie\/wp-json\/wp\/v2\/posts\/49959","targetHints":{"allow":["GET"]}}],"collection":[{"href":"https:\/\/kapitalis.com\/tunisie\/wp-json\/wp\/v2\/posts"}],"about":[{"href":"https:\/\/kapitalis.com\/tunisie\/wp-json\/wp\/v2\/types\/post"}],"author":[{"embeddable":true,"href":"https:\/\/kapitalis.com\/tunisie\/wp-json\/wp\/v2\/users\/8"}],"replies":[{"embeddable":true,"href":"https:\/\/kapitalis.com\/tunisie\/wp-json\/wp\/v2\/comments?post=49959"}],"version-history":[{"count":0,"href":"https:\/\/kapitalis.com\/tunisie\/wp-json\/wp\/v2\/posts\/49959\/revisions"}],"wp:featuredmedia":[{"embeddable":true,"href":"https:\/\/kapitalis.com\/tunisie\/wp-json\/wp\/v2\/media\/49960"}],"wp:attachment":[{"href":"https:\/\/kapitalis.com\/tunisie\/wp-json\/wp\/v2\/media?parent=49959"}],"wp:term":[{"taxonomy":"category","embeddable":true,"href":"https:\/\/kapitalis.com\/tunisie\/wp-json\/wp\/v2\/categories?post=49959"},{"taxonomy":"post_tag","embeddable":true,"href":"https:\/\/kapitalis.com\/tunisie\/wp-json\/wp\/v2\/tags?post=49959"}],"curies":[{"name":"wp","href":"https:\/\/api.w.org\/{rel}","templated":true}]}}