{"id":5007737,"date":"2022-11-16T13:52:11","date_gmt":"2022-11-16T12:52:11","guid":{"rendered":"https:\/\/kapitalis.com\/tunisie\/?p=5007737"},"modified":"2022-11-16T13:52:12","modified_gmt":"2022-11-16T12:52:12","slug":"football-la-formation-rentrante-de-la-tunisie-face-a-liran","status":"publish","type":"post","link":"https:\/\/kapitalis.com\/tunisie\/2022\/11\/16\/football-la-formation-rentrante-de-la-tunisie-face-a-liran\/","title":{"rendered":"Football : La formation rentrante de la Tunisie face \u00e0 l&rsquo;Iran"},"content":{"rendered":"\n<p><strong><em>L&rsquo;\u00e9quipe nationale de football tunisienne affrontera, ce mercredi 16 novembre 2022, son homologue iranienne, dans un match amical \u00e0 Al Rayyen, au Qatar, dans le cadre de la pr\u00e9paration des deux s\u00e9lections pour la coupe du monde.<\/em><\/strong><\/p>\n\n\n\n<!--more-->\n\n\n\n<p>Les Aigles de Carthage \u00e9volueront avec 3 d\u00e9fenseurs centraux, selon la formation rentrante, \u00e0 savoir : Aymen Dahmen ; Nader Ghandri, Montassar Talbi, Yassine Meriah ; Mohamed Drager, Elyes Skhiri, Aissa Aidouni, Ali Abdi ; Hannibal Majbri ; Youssef Msakni, Wahbi Kazri.<\/p>\n\n\n\n<p>Le coup d&rsquo;envoi de la rencontre sera donn\u00e9 \u00e0 14h (heure tunisienne) et le match sera disput\u00e9 \u00e0 huis clos.<\/p>\n\n\n\n<p class=\"has-text-align-right\"><strong>C. B. Y.<\/strong><\/p>\n","protected":false},"excerpt":{"rendered":"<p>L&rsquo;\u00e9quipe nationale de football tunisienne affrontera, ce mercredi 16 novembre 2022, son homologue iranienne, dans un match amical \u00e0 Al Rayyen, au Qatar, dans le cadre de la pr\u00e9paration des deux s\u00e9lections pour la coupe du monde.<\/p>\n","protected":false},"author":24,"featured_media":1149708,"comment_status":"open","ping_status":"open","sticky":false,"template":"","format":"standard","meta":{"footnotes":""},"categories":[999,2433],"tags":[76569,104421],"class_list":["post-5007737","post","type-post","status-publish","format-standard","has-post-thumbnail","hentry","category-sport","category-tunisie","tag-coupe-du-monde-2022","tag-tunisie-iran"],"yoast_head":"<!-- This site is optimized with the Yoast SEO plugin v26.6 - https:\/\/yoast.com\/wordpress\/plugins\/seo\/ -->\n<title>Football : La formation rentrante de la Tunisie face \u00e0 l&#039;Iran - Kapitalis<\/title>\n<meta name=\"robots\" content=\"index, follow, max-snippet:-1, max-image-preview:large, max-video-preview:-1\" \/>\n<link rel=\"canonical\" href=\"https:\/\/kapitalis.com\/tunisie\/2022\/11\/16\/football-la-formation-rentrante-de-la-tunisie-face-a-liran\/\" \/>\n<meta property=\"og:locale\" content=\"fr_FR\" \/>\n<meta property=\"og:type\" content=\"article\" \/>\n<meta property=\"og:title\" content=\"Football : La formation rentrante de la Tunisie face \u00e0 l&#039;Iran - Kapitalis\" \/>\n<meta property=\"og:description\" content=\"L&rsquo;\u00e9quipe nationale de football tunisienne affrontera, ce mercredi 16 novembre 2022, son homologue iranienne, dans un match amical \u00e0 Al Rayyen, au Qatar, dans le cadre de la pr\u00e9paration des deux s\u00e9lections pour la coupe du monde.\" \/>\n<meta property=\"og:url\" content=\"https:\/\/kapitalis.com\/tunisie\/2022\/11\/16\/football-la-formation-rentrante-de-la-tunisie-face-a-liran\/\" \/>\n<meta property=\"og:site_name\" content=\"Kapitalis\" \/>\n<meta property=\"article:publisher\" content=\"https:\/\/www.facebook.com\/KapitalisInfo\/\" \/>\n<meta property=\"article:published_time\" content=\"2022-11-16T12:52:11+00:00\" \/>\n<meta property=\"article:modified_time\" content=\"2022-11-16T12:52:12+00:00\" \/>\n<meta property=\"og:image\" content=\"https:\/\/kapitalis.com\/tunisie\/wp-content\/uploads\/2022\/06\/equipe-nationale.jpg\" \/>\n\t<meta property=\"og:image:width\" content=\"1200\" \/>\n\t<meta property=\"og:image:height\" content=\"630\" \/>\n\t<meta property=\"og:image:type\" content=\"image\/jpeg\" \/>\n<meta name=\"author\" content=\"Cherif Benyounes\" \/>\n<meta name=\"twitter:card\" content=\"summary_large_image\" \/>\n<meta name=\"twitter:creator\" content=\"@KapitalisInfo\" \/>\n<meta name=\"twitter:site\" content=\"@KapitalisInfo\" \/>\n<meta name=\"twitter:label1\" content=\"\u00c9crit par\" \/>\n\t<meta name=\"twitter:data1\" content=\"Cherif Benyounes\" \/>\n\t<meta name=\"twitter:label2\" content=\"Dur\u00e9e de lecture estim\u00e9e\" \/>\n\t<meta name=\"twitter:data2\" content=\"1 minute\" \/>\n<script type=\"application\/ld+json\" class=\"yoast-schema-graph\">{\"@context\":\"https:\/\/schema.org\",\"@graph\":[{\"@type\":\"Article\",\"@id\":\"https:\/\/kapitalis.com\/tunisie\/2022\/11\/16\/football-la-formation-rentrante-de-la-tunisie-face-a-liran\/#article\",\"isPartOf\":{\"@id\":\"https:\/\/kapitalis.com\/tunisie\/2022\/11\/16\/football-la-formation-rentrante-de-la-tunisie-face-a-liran\/\"},\"author\":{\"name\":\"Cherif Benyounes\",\"@id\":\"https:\/\/kapitalis.com\/tunisie\/#\/schema\/person\/b35b8d631961131107263178aeb8019e\"},\"headline\":\"Football : La formation rentrante de la Tunisie face \u00e0 l&rsquo;Iran\",\"datePublished\":\"2022-11-16T12:52:11+00:00\",\"dateModified\":\"2022-11-16T12:52:12+00:00\",\"mainEntityOfPage\":{\"@id\":\"https:\/\/kapitalis.com\/tunisie\/2022\/11\/16\/football-la-formation-rentrante-de-la-tunisie-face-a-liran\/\"},\"wordCount\":103,\"commentCount\":0,\"publisher\":{\"@id\":\"https:\/\/kapitalis.com\/tunisie\/#organization\"},\"image\":{\"@id\":\"https:\/\/kapitalis.com\/tunisie\/2022\/11\/16\/football-la-formation-rentrante-de-la-tunisie-face-a-liran\/#primaryimage\"},\"thumbnailUrl\":\"https:\/\/kapitalis.com\/tunisie\/wp-content\/uploads\/2022\/06\/equipe-nationale.jpg\",\"keywords\":[\"Coupe du monde 2022\",\"Tunisie Iran\"],\"articleSection\":[\"SPORT\",\"Tunisie\"],\"inLanguage\":\"fr-FR\",\"potentialAction\":[{\"@type\":\"CommentAction\",\"name\":\"Comment\",\"target\":[\"https:\/\/kapitalis.com\/tunisie\/2022\/11\/16\/football-la-formation-rentrante-de-la-tunisie-face-a-liran\/#respond\"]}]},{\"@type\":\"WebPage\",\"@id\":\"https:\/\/kapitalis.com\/tunisie\/2022\/11\/16\/football-la-formation-rentrante-de-la-tunisie-face-a-liran\/\",\"url\":\"https:\/\/kapitalis.com\/tunisie\/2022\/11\/16\/football-la-formation-rentrante-de-la-tunisie-face-a-liran\/\",\"name\":\"Football : La formation rentrante de la Tunisie face \u00e0 l'Iran - Kapitalis\",\"isPartOf\":{\"@id\":\"https:\/\/kapitalis.com\/tunisie\/#website\"},\"primaryImageOfPage\":{\"@id\":\"https:\/\/kapitalis.com\/tunisie\/2022\/11\/16\/football-la-formation-rentrante-de-la-tunisie-face-a-liran\/#primaryimage\"},\"image\":{\"@id\":\"https:\/\/kapitalis.com\/tunisie\/2022\/11\/16\/football-la-formation-rentrante-de-la-tunisie-face-a-liran\/#primaryimage\"},\"thumbnailUrl\":\"https:\/\/kapitalis.com\/tunisie\/wp-content\/uploads\/2022\/06\/equipe-nationale.jpg\",\"datePublished\":\"2022-11-16T12:52:11+00:00\",\"dateModified\":\"2022-11-16T12:52:12+00:00\",\"breadcrumb\":{\"@id\":\"https:\/\/kapitalis.com\/tunisie\/2022\/11\/16\/football-la-formation-rentrante-de-la-tunisie-face-a-liran\/#breadcrumb\"},\"inLanguage\":\"fr-FR\",\"potentialAction\":[{\"@type\":\"ReadAction\",\"target\":[\"https:\/\/kapitalis.com\/tunisie\/2022\/11\/16\/football-la-formation-rentrante-de-la-tunisie-face-a-liran\/\"]}]},{\"@type\":\"ImageObject\",\"inLanguage\":\"fr-FR\",\"@id\":\"https:\/\/kapitalis.com\/tunisie\/2022\/11\/16\/football-la-formation-rentrante-de-la-tunisie-face-a-liran\/#primaryimage\",\"url\":\"https:\/\/kapitalis.com\/tunisie\/wp-content\/uploads\/2022\/06\/equipe-nationale.jpg\",\"contentUrl\":\"https:\/\/kapitalis.com\/tunisie\/wp-content\/uploads\/2022\/06\/equipe-nationale.jpg\",\"width\":1200,\"height\":630},{\"@type\":\"BreadcrumbList\",\"@id\":\"https:\/\/kapitalis.com\/tunisie\/2022\/11\/16\/football-la-formation-rentrante-de-la-tunisie-face-a-liran\/#breadcrumb\",\"itemListElement\":[{\"@type\":\"ListItem\",\"position\":1,\"name\":\"Accueil\",\"item\":\"https:\/\/kapitalis.com\/tunisie\/\"},{\"@type\":\"ListItem\",\"position\":2,\"name\":\"Football : La formation rentrante de la Tunisie face \u00e0 l&rsquo;Iran\"}]},{\"@type\":\"WebSite\",\"@id\":\"https:\/\/kapitalis.com\/tunisie\/#website\",\"url\":\"https:\/\/kapitalis.com\/tunisie\/\",\"name\":\"Kapitalis\",\"description\":\"L&#039;actualit\u00e9 en Tunisie et dans le monde\",\"publisher\":{\"@id\":\"https:\/\/kapitalis.com\/tunisie\/#organization\"},\"potentialAction\":[{\"@type\":\"SearchAction\",\"target\":{\"@type\":\"EntryPoint\",\"urlTemplate\":\"https:\/\/kapitalis.com\/tunisie\/?s={search_term_string}\"},\"query-input\":{\"@type\":\"PropertyValueSpecification\",\"valueRequired\":true,\"valueName\":\"search_term_string\"}}],\"inLanguage\":\"fr-FR\"},{\"@type\":\"Organization\",\"@id\":\"https:\/\/kapitalis.com\/tunisie\/#organization\",\"name\":\"Kapitalis\",\"url\":\"https:\/\/kapitalis.com\/tunisie\/\",\"logo\":{\"@type\":\"ImageObject\",\"inLanguage\":\"fr-FR\",\"@id\":\"https:\/\/kapitalis.com\/tunisie\/#\/schema\/logo\/image\/\",\"url\":\"https:\/\/kapitalis.com\/tunisie\/wp-content\/uploads\/2022\/05\/Kapitalis-big-size.png\",\"contentUrl\":\"https:\/\/kapitalis.com\/tunisie\/wp-content\/uploads\/2022\/05\/Kapitalis-big-size.png\",\"width\":5000,\"height\":1500,\"caption\":\"Kapitalis\"},\"image\":{\"@id\":\"https:\/\/kapitalis.com\/tunisie\/#\/schema\/logo\/image\/\"},\"sameAs\":[\"https:\/\/www.facebook.com\/KapitalisInfo\/\",\"https:\/\/x.com\/KapitalisInfo\",\"https:\/\/www.youtube.com\/channel\/UC-yDYrHyfFBWWZaOw3FPg9Q\"]},{\"@type\":\"Person\",\"@id\":\"https:\/\/kapitalis.com\/tunisie\/#\/schema\/person\/b35b8d631961131107263178aeb8019e\",\"name\":\"Cherif Benyounes\",\"url\":\"https:\/\/kapitalis.com\/tunisie\/author\/cherif\/\"}]}<\/script>\n<!-- \/ Yoast SEO plugin. -->","yoast_head_json":{"title":"Football : La formation rentrante de la Tunisie face \u00e0 l'Iran - Kapitalis","robots":{"index":"index","follow":"follow","max-snippet":"max-snippet:-1","max-image-preview":"max-image-preview:large","max-video-preview":"max-video-preview:-1"},"canonical":"https:\/\/kapitalis.com\/tunisie\/2022\/11\/16\/football-la-formation-rentrante-de-la-tunisie-face-a-liran\/","og_locale":"fr_FR","og_type":"article","og_title":"Football : La formation rentrante de la Tunisie face \u00e0 l'Iran - Kapitalis","og_description":"L&rsquo;\u00e9quipe nationale de football tunisienne affrontera, ce mercredi 16 novembre 2022, son homologue iranienne, dans un match amical \u00e0 Al Rayyen, au Qatar, dans le cadre de la pr\u00e9paration des deux s\u00e9lections pour la coupe du monde.","og_url":"https:\/\/kapitalis.com\/tunisie\/2022\/11\/16\/football-la-formation-rentrante-de-la-tunisie-face-a-liran\/","og_site_name":"Kapitalis","article_publisher":"https:\/\/www.facebook.com\/KapitalisInfo\/","article_published_time":"2022-11-16T12:52:11+00:00","article_modified_time":"2022-11-16T12:52:12+00:00","og_image":[{"width":1200,"height":630,"url":"https:\/\/kapitalis.com\/tunisie\/wp-content\/uploads\/2022\/06\/equipe-nationale.jpg","type":"image\/jpeg"}],"author":"Cherif Benyounes","twitter_card":"summary_large_image","twitter_creator":"@KapitalisInfo","twitter_site":"@KapitalisInfo","twitter_misc":{"\u00c9crit par":"Cherif Benyounes","Dur\u00e9e de lecture estim\u00e9e":"1 minute"},"schema":{"@context":"https:\/\/schema.org","@graph":[{"@type":"Article","@id":"https:\/\/kapitalis.com\/tunisie\/2022\/11\/16\/football-la-formation-rentrante-de-la-tunisie-face-a-liran\/#article","isPartOf":{"@id":"https:\/\/kapitalis.com\/tunisie\/2022\/11\/16\/football-la-formation-rentrante-de-la-tunisie-face-a-liran\/"},"author":{"name":"Cherif Benyounes","@id":"https:\/\/kapitalis.com\/tunisie\/#\/schema\/person\/b35b8d631961131107263178aeb8019e"},"headline":"Football : La formation rentrante de la Tunisie face \u00e0 l&rsquo;Iran","datePublished":"2022-11-16T12:52:11+00:00","dateModified":"2022-11-16T12:52:12+00:00","mainEntityOfPage":{"@id":"https:\/\/kapitalis.com\/tunisie\/2022\/11\/16\/football-la-formation-rentrante-de-la-tunisie-face-a-liran\/"},"wordCount":103,"commentCount":0,"publisher":{"@id":"https:\/\/kapitalis.com\/tunisie\/#organization"},"image":{"@id":"https:\/\/kapitalis.com\/tunisie\/2022\/11\/16\/football-la-formation-rentrante-de-la-tunisie-face-a-liran\/#primaryimage"},"thumbnailUrl":"https:\/\/kapitalis.com\/tunisie\/wp-content\/uploads\/2022\/06\/equipe-nationale.jpg","keywords":["Coupe du monde 2022","Tunisie Iran"],"articleSection":["SPORT","Tunisie"],"inLanguage":"fr-FR","potentialAction":[{"@type":"CommentAction","name":"Comment","target":["https:\/\/kapitalis.com\/tunisie\/2022\/11\/16\/football-la-formation-rentrante-de-la-tunisie-face-a-liran\/#respond"]}]},{"@type":"WebPage","@id":"https:\/\/kapitalis.com\/tunisie\/2022\/11\/16\/football-la-formation-rentrante-de-la-tunisie-face-a-liran\/","url":"https:\/\/kapitalis.com\/tunisie\/2022\/11\/16\/football-la-formation-rentrante-de-la-tunisie-face-a-liran\/","name":"Football : La formation rentrante de la Tunisie face \u00e0 l'Iran - Kapitalis","isPartOf":{"@id":"https:\/\/kapitalis.com\/tunisie\/#website"},"primaryImageOfPage":{"@id":"https:\/\/kapitalis.com\/tunisie\/2022\/11\/16\/football-la-formation-rentrante-de-la-tunisie-face-a-liran\/#primaryimage"},"image":{"@id":"https:\/\/kapitalis.com\/tunisie\/2022\/11\/16\/football-la-formation-rentrante-de-la-tunisie-face-a-liran\/#primaryimage"},"thumbnailUrl":"https:\/\/kapitalis.com\/tunisie\/wp-content\/uploads\/2022\/06\/equipe-nationale.jpg","datePublished":"2022-11-16T12:52:11+00:00","dateModified":"2022-11-16T12:52:12+00:00","breadcrumb":{"@id":"https:\/\/kapitalis.com\/tunisie\/2022\/11\/16\/football-la-formation-rentrante-de-la-tunisie-face-a-liran\/#breadcrumb"},"inLanguage":"fr-FR","potentialAction":[{"@type":"ReadAction","target":["https:\/\/kapitalis.com\/tunisie\/2022\/11\/16\/football-la-formation-rentrante-de-la-tunisie-face-a-liran\/"]}]},{"@type":"ImageObject","inLanguage":"fr-FR","@id":"https:\/\/kapitalis.com\/tunisie\/2022\/11\/16\/football-la-formation-rentrante-de-la-tunisie-face-a-liran\/#primaryimage","url":"https:\/\/kapitalis.com\/tunisie\/wp-content\/uploads\/2022\/06\/equipe-nationale.jpg","contentUrl":"https:\/\/kapitalis.com\/tunisie\/wp-content\/uploads\/2022\/06\/equipe-nationale.jpg","width":1200,"height":630},{"@type":"BreadcrumbList","@id":"https:\/\/kapitalis.com\/tunisie\/2022\/11\/16\/football-la-formation-rentrante-de-la-tunisie-face-a-liran\/#breadcrumb","itemListElement":[{"@type":"ListItem","position":1,"name":"Accueil","item":"https:\/\/kapitalis.com\/tunisie\/"},{"@type":"ListItem","position":2,"name":"Football : La formation rentrante de la Tunisie face \u00e0 l&rsquo;Iran"}]},{"@type":"WebSite","@id":"https:\/\/kapitalis.com\/tunisie\/#website","url":"https:\/\/kapitalis.com\/tunisie\/","name":"Kapitalis","description":"L&#039;actualit\u00e9 en Tunisie et dans le monde","publisher":{"@id":"https:\/\/kapitalis.com\/tunisie\/#organization"},"potentialAction":[{"@type":"SearchAction","target":{"@type":"EntryPoint","urlTemplate":"https:\/\/kapitalis.com\/tunisie\/?s={search_term_string}"},"query-input":{"@type":"PropertyValueSpecification","valueRequired":true,"valueName":"search_term_string"}}],"inLanguage":"fr-FR"},{"@type":"Organization","@id":"https:\/\/kapitalis.com\/tunisie\/#organization","name":"Kapitalis","url":"https:\/\/kapitalis.com\/tunisie\/","logo":{"@type":"ImageObject","inLanguage":"fr-FR","@id":"https:\/\/kapitalis.com\/tunisie\/#\/schema\/logo\/image\/","url":"https:\/\/kapitalis.com\/tunisie\/wp-content\/uploads\/2022\/05\/Kapitalis-big-size.png","contentUrl":"https:\/\/kapitalis.com\/tunisie\/wp-content\/uploads\/2022\/05\/Kapitalis-big-size.png","width":5000,"height":1500,"caption":"Kapitalis"},"image":{"@id":"https:\/\/kapitalis.com\/tunisie\/#\/schema\/logo\/image\/"},"sameAs":["https:\/\/www.facebook.com\/KapitalisInfo\/","https:\/\/x.com\/KapitalisInfo","https:\/\/www.youtube.com\/channel\/UC-yDYrHyfFBWWZaOw3FPg9Q"]},{"@type":"Person","@id":"https:\/\/kapitalis.com\/tunisie\/#\/schema\/person\/b35b8d631961131107263178aeb8019e","name":"Cherif Benyounes","url":"https:\/\/kapitalis.com\/tunisie\/author\/cherif\/"}]}},"_links":{"self":[{"href":"https:\/\/kapitalis.com\/tunisie\/wp-json\/wp\/v2\/posts\/5007737","targetHints":{"allow":["GET"]}}],"collection":[{"href":"https:\/\/kapitalis.com\/tunisie\/wp-json\/wp\/v2\/posts"}],"about":[{"href":"https:\/\/kapitalis.com\/tunisie\/wp-json\/wp\/v2\/types\/post"}],"author":[{"embeddable":true,"href":"https:\/\/kapitalis.com\/tunisie\/wp-json\/wp\/v2\/users\/24"}],"replies":[{"embeddable":true,"href":"https:\/\/kapitalis.com\/tunisie\/wp-json\/wp\/v2\/comments?post=5007737"}],"version-history":[{"count":0,"href":"https:\/\/kapitalis.com\/tunisie\/wp-json\/wp\/v2\/posts\/5007737\/revisions"}],"wp:featuredmedia":[{"embeddable":true,"href":"https:\/\/kapitalis.com\/tunisie\/wp-json\/wp\/v2\/media\/1149708"}],"wp:attachment":[{"href":"https:\/\/kapitalis.com\/tunisie\/wp-json\/wp\/v2\/media?parent=5007737"}],"wp:term":[{"taxonomy":"category","embeddable":true,"href":"https:\/\/kapitalis.com\/tunisie\/wp-json\/wp\/v2\/categories?post=5007737"},{"taxonomy":"post_tag","embeddable":true,"href":"https:\/\/kapitalis.com\/tunisie\/wp-json\/wp\/v2\/tags?post=5007737"}],"curies":[{"name":"wp","href":"https:\/\/api.w.org\/{rel}","templated":true}]}}