{"id":5012089,"date":"2022-11-16T17:24:38","date_gmt":"2022-11-16T16:24:38","guid":{"rendered":"https:\/\/kapitalis.com\/tunisie\/?p=5012089"},"modified":"2022-11-16T17:27:18","modified_gmt":"2022-11-16T16:27:18","slug":"tunisie-empeche-de-voyager-fadhel-abdelkefi-repond-au-ministere-de-linterieur","status":"publish","type":"post","link":"https:\/\/kapitalis.com\/tunisie\/2022\/11\/16\/tunisie-empeche-de-voyager-fadhel-abdelkefi-repond-au-ministere-de-linterieur\/","title":{"rendered":"Tunisie : Emp\u00each\u00e9 de voyager, Fadhel Abdelkefi r\u00e9pond au minist\u00e8re de l&rsquo;Int\u00e9rieur"},"content":{"rendered":"\n<p><em><strong>Fadhel Abdelkefi pr\u00e9sident du parti Afek Tounes a r\u00e9agi aux d\u00e9clarations du porte-parole du minist\u00e8re de l&rsquo;Int\u00e9rieur Fakher Bouzghaya relative \u00e0 son interdiction de voyage.<\/strong><\/em><\/p>\n\n\n\n<!--more-->\n\n\n\n<p>Alors que Faker Bouzghaya avait annonc\u00e9 que le Tribunal de premi\u00e8re instance de Tunis avait \u00e9mis une interdiction de voyage \u00e0 l\u2019encontre de Fadhel Abdelkefi pour expliquer les raisons pour lesquelles il a \u00e9t\u00e9 emp\u00each\u00e9 de prendre l\u2019avion, aujourd\u2019hui, le concern\u00e9 a publi\u00e9 un post sur sa page Facebook, afin d&rsquo;informer l\u2019opinion publique qu\u2019il s\u2019est rendu au Tribunal de premi\u00e8re instance de Tunis et qu\u2019il n\u2019a trouv\u00e9 aucune affaire d\u00e9pos\u00e9e \u00e0 son encontre.<\/p>\n\n\n\n<p>\u00ab<em>Je veux comprendre : il y a une affaire, je suis interrog\u00e9 puis je suis interdit de voyage ou bien c&rsquo;est l&rsquo;inverse qui se passe : on m&rsquo;interdit de voyager le temps de chercher une affaire pour laquelle on va me convoquer\u00bb<\/em>, a-t-il \u00e9crit, et de conclure :<em> \u00abJ&rsquo;invite le minist\u00e8re de l&rsquo;Int\u00e9rieur ou de la Justice ou n&rsquo;importe quelle partie responsable \u00e0 me dire qui m&rsquo;a interdit de voyager ?\u00bb<\/em>.<\/p>\n\n\n\n<p class=\"has-text-align-right\"><strong>Y. N.<\/strong><\/p>\n\n\n\n<figure class=\"wp-block-embed is-type-wp-embed is-provider-kapitalis wp-block-embed-kapitalis\"><div class=\"wp-block-embed__wrapper\">\n<blockquote class=\"wp-embedded-content\" data-secret=\"GuHSVFlq0r\"><a href=\"https:\/\/kapitalis.com\/tunisie\/2022\/11\/16\/fadhel-abdelkefi-empeche-de-prendre-lavion-les-precisions-du-ministere-de-linterieur\/\">Fadhel Abdelkefi emp\u00each\u00e9 de prendre l&rsquo;avion : Les pr\u00e9cisions du minist\u00e8re de l&rsquo;Int\u00e9rieur<\/a><\/blockquote><iframe loading=\"lazy\" class=\"wp-embedded-content\" sandbox=\"allow-scripts\" security=\"restricted\" style=\"position: absolute; clip: rect(1px, 1px, 1px, 1px);\" title=\"\u00ab\u00a0Fadhel Abdelkefi emp\u00each\u00e9 de prendre l&rsquo;avion : Les pr\u00e9cisions du minist\u00e8re de l&rsquo;Int\u00e9rieur\u00a0\u00bb &#8212; Kapitalis\" src=\"https:\/\/kapitalis.com\/tunisie\/2022\/11\/16\/fadhel-abdelkefi-empeche-de-prendre-lavion-les-precisions-du-ministere-de-linterieur\/embed\/#?secret=GgdA7f4eDw#?secret=GuHSVFlq0r\" data-secret=\"GuHSVFlq0r\" width=\"600\" height=\"338\" frameborder=\"0\" marginwidth=\"0\" marginheight=\"0\" scrolling=\"no\"><\/iframe>\n<\/div><\/figure>\n\n\n\n<figure class=\"wp-block-embed is-type-wp-embed is-provider-kapitalis wp-block-embed-kapitalis\"><div class=\"wp-block-embed__wrapper\">\n<blockquote class=\"wp-embedded-content\" data-secret=\"ulSSWDX3lT\"><a href=\"https:\/\/kapitalis.com\/tunisie\/2022\/11\/16\/tunisie-fadhel-abdelkefi-empeche-de-prendre-lavion\/\">Tunisie\u00a0: Fadhel Abdelkefi emp\u00each\u00e9 de prendre l\u2019avion<\/a><\/blockquote><iframe loading=\"lazy\" class=\"wp-embedded-content\" sandbox=\"allow-scripts\" security=\"restricted\" style=\"position: absolute; clip: rect(1px, 1px, 1px, 1px);\" title=\"\u00ab\u00a0Tunisie\u00a0: Fadhel Abdelkefi emp\u00each\u00e9 de prendre l\u2019avion\u00a0\u00bb &#8212; Kapitalis\" src=\"https:\/\/kapitalis.com\/tunisie\/2022\/11\/16\/tunisie-fadhel-abdelkefi-empeche-de-prendre-lavion\/embed\/#?secret=DdQrBlHt4o#?secret=ulSSWDX3lT\" data-secret=\"ulSSWDX3lT\" width=\"600\" height=\"338\" frameborder=\"0\" marginwidth=\"0\" marginheight=\"0\" scrolling=\"no\"><\/iframe>\n<\/div><\/figure>\n","protected":false},"excerpt":{"rendered":"<p>Tunisie : Emp\u00each\u00e9 de voyager, Fadhel Abdelkefi r\u00e9pond au minist\u00e8re de l&rsquo;Int\u00e9rieur<\/p>\n","protected":false},"author":6,"featured_media":5012177,"comment_status":"open","ping_status":"open","sticky":false,"template":"","format":"standard","meta":{"footnotes":""},"categories":[997,2433],"tags":[4568,15773,3217,77201,62643],"class_list":["post-5012089","post","type-post","status-publish","format-standard","has-post-thumbnail","hentry","category-politique","category-tunisie","tag-afek-tounes","tag-fadhel-abdelkefi","tag-interdiction-de-voyage","tag-ministere-de-linterieur-4","tag-tunisie"],"yoast_head":"<!-- This site is optimized with the Yoast SEO plugin v26.6 - https:\/\/yoast.com\/wordpress\/plugins\/seo\/ -->\n<title>Tunisie : Emp\u00each\u00e9 de voyager, Fadhel Abdelkefi r\u00e9pond au minist\u00e8re de l&#039;Int\u00e9rieur - Kapitalis<\/title>\n<meta name=\"description\" content=\"Fadhel Abdelkefi pr\u00e9sident du parti Afek Tounes a r\u00e9agi aux d\u00e9clarations du porte-parole du minist\u00e8re de l&#039;Int\u00e9rieur Fakher Bouzghaya relative \u00e0 son interdiction de voyage.\" \/>\n<meta name=\"robots\" content=\"index, follow, max-snippet:-1, max-image-preview:large, max-video-preview:-1\" \/>\n<link rel=\"canonical\" href=\"https:\/\/kapitalis.com\/tunisie\/2022\/11\/16\/tunisie-empeche-de-voyager-fadhel-abdelkefi-repond-au-ministere-de-linterieur\/\" \/>\n<meta property=\"og:locale\" content=\"fr_FR\" \/>\n<meta property=\"og:type\" content=\"article\" \/>\n<meta property=\"og:title\" content=\"Tunisie : Emp\u00each\u00e9 de voyager, Fadhel Abdelkefi r\u00e9pond au minist\u00e8re de l&#039;Int\u00e9rieur - Kapitalis\" \/>\n<meta property=\"og:description\" content=\"Fadhel Abdelkefi pr\u00e9sident du parti Afek Tounes a r\u00e9agi aux d\u00e9clarations du porte-parole du minist\u00e8re de l&#039;Int\u00e9rieur Fakher Bouzghaya relative \u00e0 son interdiction de voyage.\" \/>\n<meta property=\"og:url\" content=\"https:\/\/kapitalis.com\/tunisie\/2022\/11\/16\/tunisie-empeche-de-voyager-fadhel-abdelkefi-repond-au-ministere-de-linterieur\/\" \/>\n<meta property=\"og:site_name\" content=\"Kapitalis\" \/>\n<meta property=\"article:publisher\" content=\"https:\/\/www.facebook.com\/KapitalisInfo\/\" \/>\n<meta property=\"article:published_time\" content=\"2022-11-16T16:24:38+00:00\" \/>\n<meta property=\"article:modified_time\" content=\"2022-11-16T16:27:18+00:00\" \/>\n<meta property=\"og:image\" content=\"https:\/\/kapitalis.com\/tunisie\/wp-content\/uploads\/2022\/11\/Fadhel-Abdelkefi.jpg\" \/>\n\t<meta property=\"og:image:width\" content=\"1200\" \/>\n\t<meta property=\"og:image:height\" content=\"630\" \/>\n\t<meta property=\"og:image:type\" content=\"image\/jpeg\" \/>\n<meta name=\"author\" content=\"Yusra NY\" \/>\n<meta name=\"twitter:card\" content=\"summary_large_image\" \/>\n<meta name=\"twitter:creator\" content=\"@KapitalisInfo\" \/>\n<meta name=\"twitter:site\" content=\"@KapitalisInfo\" \/>\n<meta name=\"twitter:label1\" content=\"\u00c9crit par\" \/>\n\t<meta name=\"twitter:data1\" content=\"Yusra NY\" \/>\n\t<meta name=\"twitter:label2\" content=\"Dur\u00e9e de lecture estim\u00e9e\" \/>\n\t<meta name=\"twitter:data2\" content=\"1 minute\" \/>\n<script type=\"application\/ld+json\" class=\"yoast-schema-graph\">{\"@context\":\"https:\/\/schema.org\",\"@graph\":[{\"@type\":\"Article\",\"@id\":\"https:\/\/kapitalis.com\/tunisie\/2022\/11\/16\/tunisie-empeche-de-voyager-fadhel-abdelkefi-repond-au-ministere-de-linterieur\/#article\",\"isPartOf\":{\"@id\":\"https:\/\/kapitalis.com\/tunisie\/2022\/11\/16\/tunisie-empeche-de-voyager-fadhel-abdelkefi-repond-au-ministere-de-linterieur\/\"},\"author\":{\"name\":\"Yusra NY\",\"@id\":\"https:\/\/kapitalis.com\/tunisie\/#\/schema\/person\/74bbde0154d49d790a92aaeac5bc01d5\"},\"headline\":\"Tunisie : Emp\u00each\u00e9 de voyager, Fadhel Abdelkefi r\u00e9pond au minist\u00e8re de l&rsquo;Int\u00e9rieur\",\"datePublished\":\"2022-11-16T16:24:38+00:00\",\"dateModified\":\"2022-11-16T16:27:18+00:00\",\"mainEntityOfPage\":{\"@id\":\"https:\/\/kapitalis.com\/tunisie\/2022\/11\/16\/tunisie-empeche-de-voyager-fadhel-abdelkefi-repond-au-ministere-de-linterieur\/\"},\"wordCount\":208,\"commentCount\":2,\"publisher\":{\"@id\":\"https:\/\/kapitalis.com\/tunisie\/#organization\"},\"image\":{\"@id\":\"https:\/\/kapitalis.com\/tunisie\/2022\/11\/16\/tunisie-empeche-de-voyager-fadhel-abdelkefi-repond-au-ministere-de-linterieur\/#primaryimage\"},\"thumbnailUrl\":\"https:\/\/kapitalis.com\/tunisie\/wp-content\/uploads\/2022\/11\/Fadhel-Abdelkefi.jpg\",\"keywords\":[\"Afek Tounes\",\"Fadhel Abdelkefi\",\"interdiction de voyage\",\"minist\u00e8re de l&#039;Int\u00e9rieur\",\"Tunisie\"],\"articleSection\":[\"POLITIQUE\",\"Tunisie\"],\"inLanguage\":\"fr-FR\",\"potentialAction\":[{\"@type\":\"CommentAction\",\"name\":\"Comment\",\"target\":[\"https:\/\/kapitalis.com\/tunisie\/2022\/11\/16\/tunisie-empeche-de-voyager-fadhel-abdelkefi-repond-au-ministere-de-linterieur\/#respond\"]}]},{\"@type\":\"WebPage\",\"@id\":\"https:\/\/kapitalis.com\/tunisie\/2022\/11\/16\/tunisie-empeche-de-voyager-fadhel-abdelkefi-repond-au-ministere-de-linterieur\/\",\"url\":\"https:\/\/kapitalis.com\/tunisie\/2022\/11\/16\/tunisie-empeche-de-voyager-fadhel-abdelkefi-repond-au-ministere-de-linterieur\/\",\"name\":\"Tunisie : Emp\u00each\u00e9 de voyager, Fadhel Abdelkefi r\u00e9pond au minist\u00e8re de l'Int\u00e9rieur - Kapitalis\",\"isPartOf\":{\"@id\":\"https:\/\/kapitalis.com\/tunisie\/#website\"},\"primaryImageOfPage\":{\"@id\":\"https:\/\/kapitalis.com\/tunisie\/2022\/11\/16\/tunisie-empeche-de-voyager-fadhel-abdelkefi-repond-au-ministere-de-linterieur\/#primaryimage\"},\"image\":{\"@id\":\"https:\/\/kapitalis.com\/tunisie\/2022\/11\/16\/tunisie-empeche-de-voyager-fadhel-abdelkefi-repond-au-ministere-de-linterieur\/#primaryimage\"},\"thumbnailUrl\":\"https:\/\/kapitalis.com\/tunisie\/wp-content\/uploads\/2022\/11\/Fadhel-Abdelkefi.jpg\",\"datePublished\":\"2022-11-16T16:24:38+00:00\",\"dateModified\":\"2022-11-16T16:27:18+00:00\",\"description\":\"Fadhel Abdelkefi pr\u00e9sident du parti Afek Tounes a r\u00e9agi aux d\u00e9clarations du porte-parole du minist\u00e8re de l'Int\u00e9rieur Fakher Bouzghaya relative \u00e0 son interdiction de voyage.\",\"breadcrumb\":{\"@id\":\"https:\/\/kapitalis.com\/tunisie\/2022\/11\/16\/tunisie-empeche-de-voyager-fadhel-abdelkefi-repond-au-ministere-de-linterieur\/#breadcrumb\"},\"inLanguage\":\"fr-FR\",\"potentialAction\":[{\"@type\":\"ReadAction\",\"target\":[\"https:\/\/kapitalis.com\/tunisie\/2022\/11\/16\/tunisie-empeche-de-voyager-fadhel-abdelkefi-repond-au-ministere-de-linterieur\/\"]}]},{\"@type\":\"ImageObject\",\"inLanguage\":\"fr-FR\",\"@id\":\"https:\/\/kapitalis.com\/tunisie\/2022\/11\/16\/tunisie-empeche-de-voyager-fadhel-abdelkefi-repond-au-ministere-de-linterieur\/#primaryimage\",\"url\":\"https:\/\/kapitalis.com\/tunisie\/wp-content\/uploads\/2022\/11\/Fadhel-Abdelkefi.jpg\",\"contentUrl\":\"https:\/\/kapitalis.com\/tunisie\/wp-content\/uploads\/2022\/11\/Fadhel-Abdelkefi.jpg\",\"width\":1200,\"height\":630},{\"@type\":\"BreadcrumbList\",\"@id\":\"https:\/\/kapitalis.com\/tunisie\/2022\/11\/16\/tunisie-empeche-de-voyager-fadhel-abdelkefi-repond-au-ministere-de-linterieur\/#breadcrumb\",\"itemListElement\":[{\"@type\":\"ListItem\",\"position\":1,\"name\":\"Accueil\",\"item\":\"https:\/\/kapitalis.com\/tunisie\/\"},{\"@type\":\"ListItem\",\"position\":2,\"name\":\"Tunisie : Emp\u00each\u00e9 de voyager, Fadhel Abdelkefi r\u00e9pond au minist\u00e8re de l&rsquo;Int\u00e9rieur\"}]},{\"@type\":\"WebSite\",\"@id\":\"https:\/\/kapitalis.com\/tunisie\/#website\",\"url\":\"https:\/\/kapitalis.com\/tunisie\/\",\"name\":\"Kapitalis\",\"description\":\"L&#039;actualit\u00e9 en Tunisie et dans le monde\",\"publisher\":{\"@id\":\"https:\/\/kapitalis.com\/tunisie\/#organization\"},\"potentialAction\":[{\"@type\":\"SearchAction\",\"target\":{\"@type\":\"EntryPoint\",\"urlTemplate\":\"https:\/\/kapitalis.com\/tunisie\/?s={search_term_string}\"},\"query-input\":{\"@type\":\"PropertyValueSpecification\",\"valueRequired\":true,\"valueName\":\"search_term_string\"}}],\"inLanguage\":\"fr-FR\"},{\"@type\":\"Organization\",\"@id\":\"https:\/\/kapitalis.com\/tunisie\/#organization\",\"name\":\"Kapitalis\",\"url\":\"https:\/\/kapitalis.com\/tunisie\/\",\"logo\":{\"@type\":\"ImageObject\",\"inLanguage\":\"fr-FR\",\"@id\":\"https:\/\/kapitalis.com\/tunisie\/#\/schema\/logo\/image\/\",\"url\":\"https:\/\/kapitalis.com\/tunisie\/wp-content\/uploads\/2022\/05\/Kapitalis-big-size.png\",\"contentUrl\":\"https:\/\/kapitalis.com\/tunisie\/wp-content\/uploads\/2022\/05\/Kapitalis-big-size.png\",\"width\":5000,\"height\":1500,\"caption\":\"Kapitalis\"},\"image\":{\"@id\":\"https:\/\/kapitalis.com\/tunisie\/#\/schema\/logo\/image\/\"},\"sameAs\":[\"https:\/\/www.facebook.com\/KapitalisInfo\/\",\"https:\/\/x.com\/KapitalisInfo\",\"https:\/\/www.youtube.com\/channel\/UC-yDYrHyfFBWWZaOw3FPg9Q\"]},{\"@type\":\"Person\",\"@id\":\"https:\/\/kapitalis.com\/tunisie\/#\/schema\/person\/74bbde0154d49d790a92aaeac5bc01d5\",\"name\":\"Yusra NY\",\"url\":\"https:\/\/kapitalis.com\/tunisie\/author\/yuza_adam\/\"}]}<\/script>\n<!-- \/ Yoast SEO plugin. -->","yoast_head_json":{"title":"Tunisie : Emp\u00each\u00e9 de voyager, Fadhel Abdelkefi r\u00e9pond au minist\u00e8re de l'Int\u00e9rieur - Kapitalis","description":"Fadhel Abdelkefi pr\u00e9sident du parti Afek Tounes a r\u00e9agi aux d\u00e9clarations du porte-parole du minist\u00e8re de l'Int\u00e9rieur Fakher Bouzghaya relative \u00e0 son interdiction de voyage.","robots":{"index":"index","follow":"follow","max-snippet":"max-snippet:-1","max-image-preview":"max-image-preview:large","max-video-preview":"max-video-preview:-1"},"canonical":"https:\/\/kapitalis.com\/tunisie\/2022\/11\/16\/tunisie-empeche-de-voyager-fadhel-abdelkefi-repond-au-ministere-de-linterieur\/","og_locale":"fr_FR","og_type":"article","og_title":"Tunisie : Emp\u00each\u00e9 de voyager, Fadhel Abdelkefi r\u00e9pond au minist\u00e8re de l'Int\u00e9rieur - Kapitalis","og_description":"Fadhel Abdelkefi pr\u00e9sident du parti Afek Tounes a r\u00e9agi aux d\u00e9clarations du porte-parole du minist\u00e8re de l'Int\u00e9rieur Fakher Bouzghaya relative \u00e0 son interdiction de voyage.","og_url":"https:\/\/kapitalis.com\/tunisie\/2022\/11\/16\/tunisie-empeche-de-voyager-fadhel-abdelkefi-repond-au-ministere-de-linterieur\/","og_site_name":"Kapitalis","article_publisher":"https:\/\/www.facebook.com\/KapitalisInfo\/","article_published_time":"2022-11-16T16:24:38+00:00","article_modified_time":"2022-11-16T16:27:18+00:00","og_image":[{"width":1200,"height":630,"url":"https:\/\/kapitalis.com\/tunisie\/wp-content\/uploads\/2022\/11\/Fadhel-Abdelkefi.jpg","type":"image\/jpeg"}],"author":"Yusra NY","twitter_card":"summary_large_image","twitter_creator":"@KapitalisInfo","twitter_site":"@KapitalisInfo","twitter_misc":{"\u00c9crit par":"Yusra NY","Dur\u00e9e de lecture estim\u00e9e":"1 minute"},"schema":{"@context":"https:\/\/schema.org","@graph":[{"@type":"Article","@id":"https:\/\/kapitalis.com\/tunisie\/2022\/11\/16\/tunisie-empeche-de-voyager-fadhel-abdelkefi-repond-au-ministere-de-linterieur\/#article","isPartOf":{"@id":"https:\/\/kapitalis.com\/tunisie\/2022\/11\/16\/tunisie-empeche-de-voyager-fadhel-abdelkefi-repond-au-ministere-de-linterieur\/"},"author":{"name":"Yusra NY","@id":"https:\/\/kapitalis.com\/tunisie\/#\/schema\/person\/74bbde0154d49d790a92aaeac5bc01d5"},"headline":"Tunisie : Emp\u00each\u00e9 de voyager, Fadhel Abdelkefi r\u00e9pond au minist\u00e8re de l&rsquo;Int\u00e9rieur","datePublished":"2022-11-16T16:24:38+00:00","dateModified":"2022-11-16T16:27:18+00:00","mainEntityOfPage":{"@id":"https:\/\/kapitalis.com\/tunisie\/2022\/11\/16\/tunisie-empeche-de-voyager-fadhel-abdelkefi-repond-au-ministere-de-linterieur\/"},"wordCount":208,"commentCount":2,"publisher":{"@id":"https:\/\/kapitalis.com\/tunisie\/#organization"},"image":{"@id":"https:\/\/kapitalis.com\/tunisie\/2022\/11\/16\/tunisie-empeche-de-voyager-fadhel-abdelkefi-repond-au-ministere-de-linterieur\/#primaryimage"},"thumbnailUrl":"https:\/\/kapitalis.com\/tunisie\/wp-content\/uploads\/2022\/11\/Fadhel-Abdelkefi.jpg","keywords":["Afek Tounes","Fadhel Abdelkefi","interdiction de voyage","minist\u00e8re de l&#039;Int\u00e9rieur","Tunisie"],"articleSection":["POLITIQUE","Tunisie"],"inLanguage":"fr-FR","potentialAction":[{"@type":"CommentAction","name":"Comment","target":["https:\/\/kapitalis.com\/tunisie\/2022\/11\/16\/tunisie-empeche-de-voyager-fadhel-abdelkefi-repond-au-ministere-de-linterieur\/#respond"]}]},{"@type":"WebPage","@id":"https:\/\/kapitalis.com\/tunisie\/2022\/11\/16\/tunisie-empeche-de-voyager-fadhel-abdelkefi-repond-au-ministere-de-linterieur\/","url":"https:\/\/kapitalis.com\/tunisie\/2022\/11\/16\/tunisie-empeche-de-voyager-fadhel-abdelkefi-repond-au-ministere-de-linterieur\/","name":"Tunisie : Emp\u00each\u00e9 de voyager, Fadhel Abdelkefi r\u00e9pond au minist\u00e8re de l'Int\u00e9rieur - Kapitalis","isPartOf":{"@id":"https:\/\/kapitalis.com\/tunisie\/#website"},"primaryImageOfPage":{"@id":"https:\/\/kapitalis.com\/tunisie\/2022\/11\/16\/tunisie-empeche-de-voyager-fadhel-abdelkefi-repond-au-ministere-de-linterieur\/#primaryimage"},"image":{"@id":"https:\/\/kapitalis.com\/tunisie\/2022\/11\/16\/tunisie-empeche-de-voyager-fadhel-abdelkefi-repond-au-ministere-de-linterieur\/#primaryimage"},"thumbnailUrl":"https:\/\/kapitalis.com\/tunisie\/wp-content\/uploads\/2022\/11\/Fadhel-Abdelkefi.jpg","datePublished":"2022-11-16T16:24:38+00:00","dateModified":"2022-11-16T16:27:18+00:00","description":"Fadhel Abdelkefi pr\u00e9sident du parti Afek Tounes a r\u00e9agi aux d\u00e9clarations du porte-parole du minist\u00e8re de l'Int\u00e9rieur Fakher Bouzghaya relative \u00e0 son interdiction de voyage.","breadcrumb":{"@id":"https:\/\/kapitalis.com\/tunisie\/2022\/11\/16\/tunisie-empeche-de-voyager-fadhel-abdelkefi-repond-au-ministere-de-linterieur\/#breadcrumb"},"inLanguage":"fr-FR","potentialAction":[{"@type":"ReadAction","target":["https:\/\/kapitalis.com\/tunisie\/2022\/11\/16\/tunisie-empeche-de-voyager-fadhel-abdelkefi-repond-au-ministere-de-linterieur\/"]}]},{"@type":"ImageObject","inLanguage":"fr-FR","@id":"https:\/\/kapitalis.com\/tunisie\/2022\/11\/16\/tunisie-empeche-de-voyager-fadhel-abdelkefi-repond-au-ministere-de-linterieur\/#primaryimage","url":"https:\/\/kapitalis.com\/tunisie\/wp-content\/uploads\/2022\/11\/Fadhel-Abdelkefi.jpg","contentUrl":"https:\/\/kapitalis.com\/tunisie\/wp-content\/uploads\/2022\/11\/Fadhel-Abdelkefi.jpg","width":1200,"height":630},{"@type":"BreadcrumbList","@id":"https:\/\/kapitalis.com\/tunisie\/2022\/11\/16\/tunisie-empeche-de-voyager-fadhel-abdelkefi-repond-au-ministere-de-linterieur\/#breadcrumb","itemListElement":[{"@type":"ListItem","position":1,"name":"Accueil","item":"https:\/\/kapitalis.com\/tunisie\/"},{"@type":"ListItem","position":2,"name":"Tunisie : Emp\u00each\u00e9 de voyager, Fadhel Abdelkefi r\u00e9pond au minist\u00e8re de l&rsquo;Int\u00e9rieur"}]},{"@type":"WebSite","@id":"https:\/\/kapitalis.com\/tunisie\/#website","url":"https:\/\/kapitalis.com\/tunisie\/","name":"Kapitalis","description":"L&#039;actualit\u00e9 en Tunisie et dans le monde","publisher":{"@id":"https:\/\/kapitalis.com\/tunisie\/#organization"},"potentialAction":[{"@type":"SearchAction","target":{"@type":"EntryPoint","urlTemplate":"https:\/\/kapitalis.com\/tunisie\/?s={search_term_string}"},"query-input":{"@type":"PropertyValueSpecification","valueRequired":true,"valueName":"search_term_string"}}],"inLanguage":"fr-FR"},{"@type":"Organization","@id":"https:\/\/kapitalis.com\/tunisie\/#organization","name":"Kapitalis","url":"https:\/\/kapitalis.com\/tunisie\/","logo":{"@type":"ImageObject","inLanguage":"fr-FR","@id":"https:\/\/kapitalis.com\/tunisie\/#\/schema\/logo\/image\/","url":"https:\/\/kapitalis.com\/tunisie\/wp-content\/uploads\/2022\/05\/Kapitalis-big-size.png","contentUrl":"https:\/\/kapitalis.com\/tunisie\/wp-content\/uploads\/2022\/05\/Kapitalis-big-size.png","width":5000,"height":1500,"caption":"Kapitalis"},"image":{"@id":"https:\/\/kapitalis.com\/tunisie\/#\/schema\/logo\/image\/"},"sameAs":["https:\/\/www.facebook.com\/KapitalisInfo\/","https:\/\/x.com\/KapitalisInfo","https:\/\/www.youtube.com\/channel\/UC-yDYrHyfFBWWZaOw3FPg9Q"]},{"@type":"Person","@id":"https:\/\/kapitalis.com\/tunisie\/#\/schema\/person\/74bbde0154d49d790a92aaeac5bc01d5","name":"Yusra NY","url":"https:\/\/kapitalis.com\/tunisie\/author\/yuza_adam\/"}]}},"_links":{"self":[{"href":"https:\/\/kapitalis.com\/tunisie\/wp-json\/wp\/v2\/posts\/5012089","targetHints":{"allow":["GET"]}}],"collection":[{"href":"https:\/\/kapitalis.com\/tunisie\/wp-json\/wp\/v2\/posts"}],"about":[{"href":"https:\/\/kapitalis.com\/tunisie\/wp-json\/wp\/v2\/types\/post"}],"author":[{"embeddable":true,"href":"https:\/\/kapitalis.com\/tunisie\/wp-json\/wp\/v2\/users\/6"}],"replies":[{"embeddable":true,"href":"https:\/\/kapitalis.com\/tunisie\/wp-json\/wp\/v2\/comments?post=5012089"}],"version-history":[{"count":0,"href":"https:\/\/kapitalis.com\/tunisie\/wp-json\/wp\/v2\/posts\/5012089\/revisions"}],"wp:featuredmedia":[{"embeddable":true,"href":"https:\/\/kapitalis.com\/tunisie\/wp-json\/wp\/v2\/media\/5012177"}],"wp:attachment":[{"href":"https:\/\/kapitalis.com\/tunisie\/wp-json\/wp\/v2\/media?parent=5012089"}],"wp:term":[{"taxonomy":"category","embeddable":true,"href":"https:\/\/kapitalis.com\/tunisie\/wp-json\/wp\/v2\/categories?post=5012089"},{"taxonomy":"post_tag","embeddable":true,"href":"https:\/\/kapitalis.com\/tunisie\/wp-json\/wp\/v2\/tags?post=5012089"}],"curies":[{"name":"wp","href":"https:\/\/api.w.org\/{rel}","templated":true}]}}