{"id":5014305,"date":"2022-11-16T19:20:53","date_gmt":"2022-11-16T18:20:53","guid":{"rendered":"https:\/\/kapitalis.com\/tunisie\/?p=5014305"},"modified":"2022-11-17T01:47:39","modified_gmt":"2022-11-17T00:47:39","slug":"la-societe-civile-denonce-une-catastrophe-sanitaire-et-environnementale-a-sfax-et-appelle-les-autorites-a-intervenir-en-urgence","status":"publish","type":"post","link":"https:\/\/kapitalis.com\/tunisie\/2022\/11\/16\/la-societe-civile-denonce-une-catastrophe-sanitaire-et-environnementale-a-sfax-et-appelle-les-autorites-a-intervenir-en-urgence\/","title":{"rendered":"La soci\u00e9t\u00e9 civile d\u00e9nonce une catastrophe sanitaire et environnementale \u00e0 Sfax et appelle les autorit\u00e9s \u00e0 intervenir en urgence"},"content":{"rendered":"\n<p><em><strong>\u00abSfax \u00e9touffe !\u00bb<\/strong><\/em> : <em><strong>L&rsquo;incendie qui a eu lieu dans la d\u00e9charge provisoire (ferm\u00e9e depuis le 31 octobre) situ\u00e9e sur la route du port de Sfax, a provoqu\u00e9 une fum\u00e9e \u00e9paisse et des odeurs ayant conduit \u00e0 des cas d&rsquo;asphyxie, obligeant des \u00e9tablissements scolaire \u00e0 fermer, notamment l&rsquo;\u00e9cole primaire Mohamed Bali, au centre-ville de o\u00f9 des enfants ont \u00e9t\u00e9 pris en charge par la protection civile.<\/strong><\/em><\/p>\n\n\n\n<!--more-->\n\n\n\n<p>Tout en exprimant leur ras-le-bol, les habitants de Sfax craignent l\u00e9gitimement pour leur sant\u00e9 et ont appel\u00e9 les autorit\u00e9s \u00e0 intervenir en urgence pour \u00e9viter une catastrophe sanitaire et environnementale dans la r\u00e9gion, tout en pointant du doigt une mauvaise gestion des autorit\u00e9s r\u00e9gionales et locales, et en particulier le gouverneur Fakher Fakhfakh dont il r\u00e9clament le limogeage.<\/p>\n\n\n\n<p>\u00ab<em>Ce qui se passe \u00e0 Sfax est une vraie catastrophe sanitaire qui va avoir un retentissement \u00e0 court, moyen et long terme sur la sant\u00e9 des sfaxiens, \u00e9tant donn\u00e9 que la fum\u00e9e contient tr\u00e8s probablement des mol\u00e9cules extr\u00eamement toxiques et probablement canc\u00e9rig\u00e8nes\u00bb, <\/em>a comment\u00e9 Dr Youssef Zied Elhechmi, en tirant la sonnette d&rsquo;alarme.<\/p>\n\n\n\n<p>D&rsquo;autres ont pour leur part d\u00e9nonc\u00e9 un crime d&rsquo;Etat, comme l&rsquo;ancien d\u00e9put\u00e9 Attayar Majdi Karbai qui a publi\u00e9 un post pour d\u00e9noncer la situation \u00e0 Sfax : <em>\u00abLorsque l\u2019\u00c9tat n&rsquo;arrive pas \u00e0 trouver des solutions pour \u00e9liminer les d\u00e9chets\u2026 les br\u00fbler devient la solution\u2026 Un crime d\u2019\u00c9tat contre l&rsquo;environnement, contre les humains et contre les animaux\u00bb<\/em>.<\/p>\n\n\n\n<p>Quant au gouverneur, qui a organis\u00e9 une r\u00e9union d&rsquo;urgence, ce soir, il a de son c\u00f4t\u00e9 \u00e9voqu\u00e9 un incendie criminel, en affirmant avoir port\u00e9 plainte contre X et en ajoutant que <em>\u00abdes parties sont derri\u00e8re ce d\u00e9sastre pour des raisons politiques et qui cherchent \u00e0 faire perdurer le probl\u00e8me des d\u00e9chets \u00e0 Sfax<\/em>\u00bb, dit-il, en rappelant qu&rsquo;\u00e0 ce jour, au moins 3500 tonnes d&rsquo;ordures ont \u00e9t\u00e9 lev\u00e9es.<\/p>\n\n\n\n<p><em>\u00abCes parties veulent juste s&rsquo;attaquer aux autorit\u00e9s et n&rsquo;ont aucun int\u00e9r\u00eat, ni pour les habitants, ni la r\u00e9gion et encore moins pour le pays\u2026 Des intox circulent sur Facebook pour casser tous les efforts effectu\u00e9s par les autorit\u00e9s et j&rsquo;esp\u00e8re que le pr\u00e9sident m&rsquo;\u00e9coute et que Facebook soit ferm\u00e9 !\u00bb<\/em>, a-t-il encore lanc\u00e9<\/p>\n\n\n\n<p>Quant \u00e0 la direction r\u00e9gionale de la protection civile, elle a affirm\u00e9 la d\u00e9couverte de plusieurs foyers \u00e0 distance dans la d\u00e9charge, en affirmant que cela laisse croire que l&rsquo;incendie a \u00e9t\u00e9 provoqu\u00e9, d&rsquo;autant que la situation m\u00e9t\u00e9orologique ne peut pas renforcer les flammes, a lanc\u00e9 le colonel major directeur r\u00e9gional de la PC, en ajoutant que les agents sont intervenus depuis hier soir et que la plupart des flammes ont \u00e9t\u00e9, pour l&rsquo;heure, ma\u00eetris\u00e9es.<\/p>\n\n\n\n<figure class=\"wp-block-gallery aligncenter has-nested-images columns-default is-cropped wp-block-gallery-1 is-layout-flex wp-block-gallery-is-layout-flex\">\n<figure class=\"wp-block-image size-large\"><img loading=\"lazy\" decoding=\"async\" width=\"1024\" height=\"771\" data-id=\"5014552\" src=\"https:\/\/kapitalis.com\/tunisie\/wp-content\/uploads\/2022\/11\/s6-1024x771.jpg\" alt=\"\" class=\"wp-image-5014552\" srcset=\"https:\/\/kapitalis.com\/tunisie\/wp-content\/uploads\/2022\/11\/s6-1024x771.jpg 1024w, https:\/\/kapitalis.com\/tunisie\/wp-content\/uploads\/2022\/11\/s6-300x226.jpg 300w, https:\/\/kapitalis.com\/tunisie\/wp-content\/uploads\/2022\/11\/s6-768x578.jpg 768w, https:\/\/kapitalis.com\/tunisie\/wp-content\/uploads\/2022\/11\/s6-1536x1156.jpg 1536w, https:\/\/kapitalis.com\/tunisie\/wp-content\/uploads\/2022\/11\/s6-580x436.jpg 580w, https:\/\/kapitalis.com\/tunisie\/wp-content\/uploads\/2022\/11\/s6-860x647.jpg 860w, https:\/\/kapitalis.com\/tunisie\/wp-content\/uploads\/2022\/11\/s6-1160x873.jpg 1160w, https:\/\/kapitalis.com\/tunisie\/wp-content\/uploads\/2022\/11\/s6.jpg 1600w\" sizes=\"auto, (max-width: 1024px) 100vw, 1024px\" \/><\/figure>\n\n\n\n<figure class=\"wp-block-image size-large\"><img loading=\"lazy\" decoding=\"async\" width=\"960\" height=\"640\" data-id=\"5014549\" src=\"https:\/\/kapitalis.com\/tunisie\/wp-content\/uploads\/2022\/11\/s5.jpg\" alt=\"\" class=\"wp-image-5014549\" srcset=\"https:\/\/kapitalis.com\/tunisie\/wp-content\/uploads\/2022\/11\/s5.jpg 960w, https:\/\/kapitalis.com\/tunisie\/wp-content\/uploads\/2022\/11\/s5-300x200.jpg 300w, https:\/\/kapitalis.com\/tunisie\/wp-content\/uploads\/2022\/11\/s5-768x512.jpg 768w, https:\/\/kapitalis.com\/tunisie\/wp-content\/uploads\/2022\/11\/s5-580x387.jpg 580w, https:\/\/kapitalis.com\/tunisie\/wp-content\/uploads\/2022\/11\/s5-860x573.jpg 860w\" sizes=\"auto, (max-width: 960px) 100vw, 960px\" \/><\/figure>\n\n\n\n<figure class=\"wp-block-image size-large\"><img loading=\"lazy\" decoding=\"async\" width=\"1024\" height=\"771\" data-id=\"5014551\" src=\"https:\/\/kapitalis.com\/tunisie\/wp-content\/uploads\/2022\/11\/s33-1024x771.jpg\" alt=\"\" class=\"wp-image-5014551\" srcset=\"https:\/\/kapitalis.com\/tunisie\/wp-content\/uploads\/2022\/11\/s33-1024x771.jpg 1024w, https:\/\/kapitalis.com\/tunisie\/wp-content\/uploads\/2022\/11\/s33-300x226.jpg 300w, https:\/\/kapitalis.com\/tunisie\/wp-content\/uploads\/2022\/11\/s33-768x578.jpg 768w, https:\/\/kapitalis.com\/tunisie\/wp-content\/uploads\/2022\/11\/s33-1536x1156.jpg 1536w, https:\/\/kapitalis.com\/tunisie\/wp-content\/uploads\/2022\/11\/s33-580x436.jpg 580w, https:\/\/kapitalis.com\/tunisie\/wp-content\/uploads\/2022\/11\/s33-860x647.jpg 860w, https:\/\/kapitalis.com\/tunisie\/wp-content\/uploads\/2022\/11\/s33-1160x873.jpg 1160w, https:\/\/kapitalis.com\/tunisie\/wp-content\/uploads\/2022\/11\/s33.jpg 1600w\" sizes=\"auto, (max-width: 1024px) 100vw, 1024px\" \/><\/figure>\n<\/figure>\n\n\n\n<p>Pour sa part, la section de Sfax sud de la Ligue tunisienne des droits de l&rsquo;Homme (LTDH) a point\u00e9 du doigt les autorit\u00e9s locales, r\u00e9gionales et nationales estimant que celles-ci sont incapables de g\u00e9rer la crise \u00e9cologique et sanitaire dans la r\u00e9gion, tout en critiquant la politique adopt\u00e9e par le minist\u00e8re de l&rsquo;Environnement et l&rsquo;Agence nationale de gestion des d\u00e9chets et des hautes autorit\u00e9s, \u00e0 l&rsquo;instar du pr\u00e9sident de la R\u00e9publique Ka\u00efs Sa\u00efed et la cheffe du gouvernement Najla Bouden<\/p>\n\n\n\n<p>La LTDH a de ce fait appel\u00e9 la pr\u00e9sidence de la R\u00e9publique \u00e0 tenir, en urgence, un conseil minist\u00e9riel pour \u00e9tudier la situation, en collaboration avec les composantes de la soci\u00e9t\u00e9 civile et les structures professionnelles et autres acteurs locaux, tous appel\u00e9s \u00ab<em>\u00e0 s&rsquo;unir dans le but de sauver la ville et la sant\u00e9 de ses habitant pour d\u00e9fendre le droit \u00e0 un environnement sain\u00bb.<\/em><\/p>\n\n\n\n<p class=\"has-text-align-right\"><strong>Y. N.<\/strong><\/p>\n\n\n\n<figure class=\"wp-block-embed is-type-wp-embed is-provider-kapitalis wp-block-embed-kapitalis\"><div class=\"wp-block-embed__wrapper\">\n<blockquote class=\"wp-embedded-content\" data-secret=\"kO9yyWXGl8\"><a href=\"https:\/\/kapitalis.com\/tunisie\/2022\/11\/16\/incendie-dans-une-decharge-a-sfax-un-acte-criminel-selon-le-gouverneur\/\">Incendie dans une d\u00e9charge \u00e0 Sfax : Un acte criminel selon le gouverneur<\/a><\/blockquote><iframe loading=\"lazy\" class=\"wp-embedded-content\" sandbox=\"allow-scripts\" security=\"restricted\" style=\"position: absolute; clip: rect(1px, 1px, 1px, 1px);\" title=\"\u00ab\u00a0Incendie dans une d\u00e9charge \u00e0 Sfax : Un acte criminel selon le gouverneur\u00a0\u00bb &#8212; Kapitalis\" src=\"https:\/\/kapitalis.com\/tunisie\/2022\/11\/16\/incendie-dans-une-decharge-a-sfax-un-acte-criminel-selon-le-gouverneur\/embed\/#?secret=ujsuglatWv#?secret=kO9yyWXGl8\" data-secret=\"kO9yyWXGl8\" width=\"600\" height=\"338\" frameborder=\"0\" marginwidth=\"0\" marginheight=\"0\" scrolling=\"no\"><\/iframe>\n<\/div><\/figure>\n","protected":false},"excerpt":{"rendered":"<p>La soci\u00e9t\u00e9 civile d\u00e9nonce une catastrophe sanitaire \u00e0 Sfax et appelle les autorit\u00e9s \u00e0 intervenir<\/p>\n","protected":false},"author":6,"featured_media":5014568,"comment_status":"open","ping_status":"open","sticky":false,"template":"","format":"standard","meta":{"footnotes":""},"categories":[998,2433],"tags":[104453,264,335,104452,1035,104451,823,62643],"class_list":["post-5014305","post","type-post","status-publish","format-standard","has-post-thumbnail","hentry","category-societe","category-tunisie","tag-catastrophe-sanitaire","tag-dechets","tag-environnement","tag-fumee","tag-incendie","tag-poluution","tag-sfax","tag-tunisie"],"yoast_head":"<!-- This site is optimized with the Yoast SEO plugin v26.6 - https:\/\/yoast.com\/wordpress\/plugins\/seo\/ -->\n<title>La soci\u00e9t\u00e9 civile d\u00e9nonce une catastrophe sanitaire et environnementale \u00e0 Sfax et appelle les autorit\u00e9s \u00e0 intervenir en urgence - Kapitalis<\/title>\n<meta name=\"description\" content=\"L&#039;incendie qui a eu lieu dans la d\u00e9charge provisoire (ferm\u00e9e depuis le 31 octobre) situ\u00e9e sur la route du port de Sfax, a provoqu\u00e9 une fum\u00e9e \u00e9paisse et des odeurs ayant conduit \u00e0 des cas d&#039;asphyxie, obligeant des \u00e9coles \u00e0 fermer, notamment de l&#039;\u00e9cole primaire Mohamed Bali, au centre-ville de o\u00f9 des enfants ont \u00e9t\u00e9 pris en charge par la protection civile.\" \/>\n<meta name=\"robots\" content=\"index, follow, max-snippet:-1, max-image-preview:large, max-video-preview:-1\" \/>\n<link rel=\"canonical\" href=\"https:\/\/kapitalis.com\/tunisie\/2022\/11\/16\/la-societe-civile-denonce-une-catastrophe-sanitaire-et-environnementale-a-sfax-et-appelle-les-autorites-a-intervenir-en-urgence\/\" \/>\n<meta property=\"og:locale\" content=\"fr_FR\" \/>\n<meta property=\"og:type\" content=\"article\" \/>\n<meta property=\"og:title\" content=\"La soci\u00e9t\u00e9 civile d\u00e9nonce une catastrophe sanitaire et environnementale \u00e0 Sfax et appelle les autorit\u00e9s \u00e0 intervenir en urgence - Kapitalis\" \/>\n<meta property=\"og:description\" content=\"L&#039;incendie qui a eu lieu dans la d\u00e9charge provisoire (ferm\u00e9e depuis le 31 octobre) situ\u00e9e sur la route du port de Sfax, a provoqu\u00e9 une fum\u00e9e \u00e9paisse et des odeurs ayant conduit \u00e0 des cas d&#039;asphyxie, obligeant des \u00e9coles \u00e0 fermer, notamment de l&#039;\u00e9cole primaire Mohamed Bali, au centre-ville de o\u00f9 des enfants ont \u00e9t\u00e9 pris en charge par la protection civile.\" \/>\n<meta property=\"og:url\" content=\"https:\/\/kapitalis.com\/tunisie\/2022\/11\/16\/la-societe-civile-denonce-une-catastrophe-sanitaire-et-environnementale-a-sfax-et-appelle-les-autorites-a-intervenir-en-urgence\/\" \/>\n<meta property=\"og:site_name\" content=\"Kapitalis\" \/>\n<meta property=\"article:publisher\" content=\"https:\/\/www.facebook.com\/KapitalisInfo\/\" \/>\n<meta property=\"article:published_time\" content=\"2022-11-16T18:20:53+00:00\" \/>\n<meta property=\"article:modified_time\" content=\"2022-11-17T00:47:39+00:00\" \/>\n<meta property=\"og:image\" content=\"https:\/\/kapitalis.com\/tunisie\/wp-content\/uploads\/2022\/11\/Sfax-poluution.jpg\" \/>\n\t<meta property=\"og:image:width\" content=\"1200\" \/>\n\t<meta property=\"og:image:height\" content=\"630\" \/>\n\t<meta property=\"og:image:type\" content=\"image\/jpeg\" \/>\n<meta name=\"author\" content=\"Yusra NY\" \/>\n<meta name=\"twitter:card\" content=\"summary_large_image\" \/>\n<meta name=\"twitter:creator\" content=\"@KapitalisInfo\" \/>\n<meta name=\"twitter:site\" content=\"@KapitalisInfo\" \/>\n<meta name=\"twitter:label1\" content=\"\u00c9crit par\" \/>\n\t<meta name=\"twitter:data1\" content=\"Yusra NY\" \/>\n\t<meta name=\"twitter:label2\" content=\"Dur\u00e9e de lecture estim\u00e9e\" \/>\n\t<meta name=\"twitter:data2\" content=\"4 minutes\" \/>\n<script type=\"application\/ld+json\" class=\"yoast-schema-graph\">{\"@context\":\"https:\/\/schema.org\",\"@graph\":[{\"@type\":\"Article\",\"@id\":\"https:\/\/kapitalis.com\/tunisie\/2022\/11\/16\/la-societe-civile-denonce-une-catastrophe-sanitaire-et-environnementale-a-sfax-et-appelle-les-autorites-a-intervenir-en-urgence\/#article\",\"isPartOf\":{\"@id\":\"https:\/\/kapitalis.com\/tunisie\/2022\/11\/16\/la-societe-civile-denonce-une-catastrophe-sanitaire-et-environnementale-a-sfax-et-appelle-les-autorites-a-intervenir-en-urgence\/\"},\"author\":{\"name\":\"Yusra NY\",\"@id\":\"https:\/\/kapitalis.com\/tunisie\/#\/schema\/person\/74bbde0154d49d790a92aaeac5bc01d5\"},\"headline\":\"La soci\u00e9t\u00e9 civile d\u00e9nonce une catastrophe sanitaire et environnementale \u00e0 Sfax et appelle les autorit\u00e9s \u00e0 intervenir en urgence\",\"datePublished\":\"2022-11-16T18:20:53+00:00\",\"dateModified\":\"2022-11-17T00:47:39+00:00\",\"mainEntityOfPage\":{\"@id\":\"https:\/\/kapitalis.com\/tunisie\/2022\/11\/16\/la-societe-civile-denonce-une-catastrophe-sanitaire-et-environnementale-a-sfax-et-appelle-les-autorites-a-intervenir-en-urgence\/\"},\"wordCount\":645,\"commentCount\":0,\"publisher\":{\"@id\":\"https:\/\/kapitalis.com\/tunisie\/#organization\"},\"image\":{\"@id\":\"https:\/\/kapitalis.com\/tunisie\/2022\/11\/16\/la-societe-civile-denonce-une-catastrophe-sanitaire-et-environnementale-a-sfax-et-appelle-les-autorites-a-intervenir-en-urgence\/#primaryimage\"},\"thumbnailUrl\":\"https:\/\/kapitalis.com\/tunisie\/wp-content\/uploads\/2022\/11\/Sfax-poluution.jpg\",\"keywords\":[\"catastrophe sanitaire\",\"d\u00e9chets\",\"environnement\",\"fum\u00e9e\",\"Incendie\",\"poluution\",\"Sfax\",\"Tunisie\"],\"articleSection\":[\"SOCIETE\",\"Tunisie\"],\"inLanguage\":\"fr-FR\",\"potentialAction\":[{\"@type\":\"CommentAction\",\"name\":\"Comment\",\"target\":[\"https:\/\/kapitalis.com\/tunisie\/2022\/11\/16\/la-societe-civile-denonce-une-catastrophe-sanitaire-et-environnementale-a-sfax-et-appelle-les-autorites-a-intervenir-en-urgence\/#respond\"]}]},{\"@type\":\"WebPage\",\"@id\":\"https:\/\/kapitalis.com\/tunisie\/2022\/11\/16\/la-societe-civile-denonce-une-catastrophe-sanitaire-et-environnementale-a-sfax-et-appelle-les-autorites-a-intervenir-en-urgence\/\",\"url\":\"https:\/\/kapitalis.com\/tunisie\/2022\/11\/16\/la-societe-civile-denonce-une-catastrophe-sanitaire-et-environnementale-a-sfax-et-appelle-les-autorites-a-intervenir-en-urgence\/\",\"name\":\"La soci\u00e9t\u00e9 civile d\u00e9nonce une catastrophe sanitaire et environnementale \u00e0 Sfax et appelle les autorit\u00e9s \u00e0 intervenir en urgence - Kapitalis\",\"isPartOf\":{\"@id\":\"https:\/\/kapitalis.com\/tunisie\/#website\"},\"primaryImageOfPage\":{\"@id\":\"https:\/\/kapitalis.com\/tunisie\/2022\/11\/16\/la-societe-civile-denonce-une-catastrophe-sanitaire-et-environnementale-a-sfax-et-appelle-les-autorites-a-intervenir-en-urgence\/#primaryimage\"},\"image\":{\"@id\":\"https:\/\/kapitalis.com\/tunisie\/2022\/11\/16\/la-societe-civile-denonce-une-catastrophe-sanitaire-et-environnementale-a-sfax-et-appelle-les-autorites-a-intervenir-en-urgence\/#primaryimage\"},\"thumbnailUrl\":\"https:\/\/kapitalis.com\/tunisie\/wp-content\/uploads\/2022\/11\/Sfax-poluution.jpg\",\"datePublished\":\"2022-11-16T18:20:53+00:00\",\"dateModified\":\"2022-11-17T00:47:39+00:00\",\"description\":\"L'incendie qui a eu lieu dans la d\u00e9charge provisoire (ferm\u00e9e depuis le 31 octobre) situ\u00e9e sur la route du port de Sfax, a provoqu\u00e9 une fum\u00e9e \u00e9paisse et des odeurs ayant conduit \u00e0 des cas d'asphyxie, obligeant des \u00e9coles \u00e0 fermer, notamment de l'\u00e9cole primaire Mohamed Bali, au centre-ville de o\u00f9 des enfants ont \u00e9t\u00e9 pris en charge par la protection civile.\",\"breadcrumb\":{\"@id\":\"https:\/\/kapitalis.com\/tunisie\/2022\/11\/16\/la-societe-civile-denonce-une-catastrophe-sanitaire-et-environnementale-a-sfax-et-appelle-les-autorites-a-intervenir-en-urgence\/#breadcrumb\"},\"inLanguage\":\"fr-FR\",\"potentialAction\":[{\"@type\":\"ReadAction\",\"target\":[\"https:\/\/kapitalis.com\/tunisie\/2022\/11\/16\/la-societe-civile-denonce-une-catastrophe-sanitaire-et-environnementale-a-sfax-et-appelle-les-autorites-a-intervenir-en-urgence\/\"]}]},{\"@type\":\"ImageObject\",\"inLanguage\":\"fr-FR\",\"@id\":\"https:\/\/kapitalis.com\/tunisie\/2022\/11\/16\/la-societe-civile-denonce-une-catastrophe-sanitaire-et-environnementale-a-sfax-et-appelle-les-autorites-a-intervenir-en-urgence\/#primaryimage\",\"url\":\"https:\/\/kapitalis.com\/tunisie\/wp-content\/uploads\/2022\/11\/Sfax-poluution.jpg\",\"contentUrl\":\"https:\/\/kapitalis.com\/tunisie\/wp-content\/uploads\/2022\/11\/Sfax-poluution.jpg\",\"width\":1200,\"height\":630},{\"@type\":\"BreadcrumbList\",\"@id\":\"https:\/\/kapitalis.com\/tunisie\/2022\/11\/16\/la-societe-civile-denonce-une-catastrophe-sanitaire-et-environnementale-a-sfax-et-appelle-les-autorites-a-intervenir-en-urgence\/#breadcrumb\",\"itemListElement\":[{\"@type\":\"ListItem\",\"position\":1,\"name\":\"Accueil\",\"item\":\"https:\/\/kapitalis.com\/tunisie\/\"},{\"@type\":\"ListItem\",\"position\":2,\"name\":\"La soci\u00e9t\u00e9 civile d\u00e9nonce une catastrophe sanitaire et environnementale \u00e0 Sfax et appelle les autorit\u00e9s \u00e0 intervenir en urgence\"}]},{\"@type\":\"WebSite\",\"@id\":\"https:\/\/kapitalis.com\/tunisie\/#website\",\"url\":\"https:\/\/kapitalis.com\/tunisie\/\",\"name\":\"Kapitalis\",\"description\":\"L&#039;actualit\u00e9 en Tunisie et dans le monde\",\"publisher\":{\"@id\":\"https:\/\/kapitalis.com\/tunisie\/#organization\"},\"potentialAction\":[{\"@type\":\"SearchAction\",\"target\":{\"@type\":\"EntryPoint\",\"urlTemplate\":\"https:\/\/kapitalis.com\/tunisie\/?s={search_term_string}\"},\"query-input\":{\"@type\":\"PropertyValueSpecification\",\"valueRequired\":true,\"valueName\":\"search_term_string\"}}],\"inLanguage\":\"fr-FR\"},{\"@type\":\"Organization\",\"@id\":\"https:\/\/kapitalis.com\/tunisie\/#organization\",\"name\":\"Kapitalis\",\"url\":\"https:\/\/kapitalis.com\/tunisie\/\",\"logo\":{\"@type\":\"ImageObject\",\"inLanguage\":\"fr-FR\",\"@id\":\"https:\/\/kapitalis.com\/tunisie\/#\/schema\/logo\/image\/\",\"url\":\"https:\/\/kapitalis.com\/tunisie\/wp-content\/uploads\/2022\/05\/Kapitalis-big-size.png\",\"contentUrl\":\"https:\/\/kapitalis.com\/tunisie\/wp-content\/uploads\/2022\/05\/Kapitalis-big-size.png\",\"width\":5000,\"height\":1500,\"caption\":\"Kapitalis\"},\"image\":{\"@id\":\"https:\/\/kapitalis.com\/tunisie\/#\/schema\/logo\/image\/\"},\"sameAs\":[\"https:\/\/www.facebook.com\/KapitalisInfo\/\",\"https:\/\/x.com\/KapitalisInfo\",\"https:\/\/www.youtube.com\/channel\/UC-yDYrHyfFBWWZaOw3FPg9Q\"]},{\"@type\":\"Person\",\"@id\":\"https:\/\/kapitalis.com\/tunisie\/#\/schema\/person\/74bbde0154d49d790a92aaeac5bc01d5\",\"name\":\"Yusra NY\",\"url\":\"https:\/\/kapitalis.com\/tunisie\/author\/yuza_adam\/\"}]}<\/script>\n<!-- \/ Yoast SEO plugin. -->","yoast_head_json":{"title":"La soci\u00e9t\u00e9 civile d\u00e9nonce une catastrophe sanitaire et environnementale \u00e0 Sfax et appelle les autorit\u00e9s \u00e0 intervenir en urgence - Kapitalis","description":"L'incendie qui a eu lieu dans la d\u00e9charge provisoire (ferm\u00e9e depuis le 31 octobre) situ\u00e9e sur la route du port de Sfax, a provoqu\u00e9 une fum\u00e9e \u00e9paisse et des odeurs ayant conduit \u00e0 des cas d'asphyxie, obligeant des \u00e9coles \u00e0 fermer, notamment de l'\u00e9cole primaire Mohamed Bali, au centre-ville de o\u00f9 des enfants ont \u00e9t\u00e9 pris en charge par la protection civile.","robots":{"index":"index","follow":"follow","max-snippet":"max-snippet:-1","max-image-preview":"max-image-preview:large","max-video-preview":"max-video-preview:-1"},"canonical":"https:\/\/kapitalis.com\/tunisie\/2022\/11\/16\/la-societe-civile-denonce-une-catastrophe-sanitaire-et-environnementale-a-sfax-et-appelle-les-autorites-a-intervenir-en-urgence\/","og_locale":"fr_FR","og_type":"article","og_title":"La soci\u00e9t\u00e9 civile d\u00e9nonce une catastrophe sanitaire et environnementale \u00e0 Sfax et appelle les autorit\u00e9s \u00e0 intervenir en urgence - Kapitalis","og_description":"L'incendie qui a eu lieu dans la d\u00e9charge provisoire (ferm\u00e9e depuis le 31 octobre) situ\u00e9e sur la route du port de Sfax, a provoqu\u00e9 une fum\u00e9e \u00e9paisse et des odeurs ayant conduit \u00e0 des cas d'asphyxie, obligeant des \u00e9coles \u00e0 fermer, notamment de l'\u00e9cole primaire Mohamed Bali, au centre-ville de o\u00f9 des enfants ont \u00e9t\u00e9 pris en charge par la protection civile.","og_url":"https:\/\/kapitalis.com\/tunisie\/2022\/11\/16\/la-societe-civile-denonce-une-catastrophe-sanitaire-et-environnementale-a-sfax-et-appelle-les-autorites-a-intervenir-en-urgence\/","og_site_name":"Kapitalis","article_publisher":"https:\/\/www.facebook.com\/KapitalisInfo\/","article_published_time":"2022-11-16T18:20:53+00:00","article_modified_time":"2022-11-17T00:47:39+00:00","og_image":[{"width":1200,"height":630,"url":"https:\/\/kapitalis.com\/tunisie\/wp-content\/uploads\/2022\/11\/Sfax-poluution.jpg","type":"image\/jpeg"}],"author":"Yusra NY","twitter_card":"summary_large_image","twitter_creator":"@KapitalisInfo","twitter_site":"@KapitalisInfo","twitter_misc":{"\u00c9crit par":"Yusra NY","Dur\u00e9e de lecture estim\u00e9e":"4 minutes"},"schema":{"@context":"https:\/\/schema.org","@graph":[{"@type":"Article","@id":"https:\/\/kapitalis.com\/tunisie\/2022\/11\/16\/la-societe-civile-denonce-une-catastrophe-sanitaire-et-environnementale-a-sfax-et-appelle-les-autorites-a-intervenir-en-urgence\/#article","isPartOf":{"@id":"https:\/\/kapitalis.com\/tunisie\/2022\/11\/16\/la-societe-civile-denonce-une-catastrophe-sanitaire-et-environnementale-a-sfax-et-appelle-les-autorites-a-intervenir-en-urgence\/"},"author":{"name":"Yusra NY","@id":"https:\/\/kapitalis.com\/tunisie\/#\/schema\/person\/74bbde0154d49d790a92aaeac5bc01d5"},"headline":"La soci\u00e9t\u00e9 civile d\u00e9nonce une catastrophe sanitaire et environnementale \u00e0 Sfax et appelle les autorit\u00e9s \u00e0 intervenir en urgence","datePublished":"2022-11-16T18:20:53+00:00","dateModified":"2022-11-17T00:47:39+00:00","mainEntityOfPage":{"@id":"https:\/\/kapitalis.com\/tunisie\/2022\/11\/16\/la-societe-civile-denonce-une-catastrophe-sanitaire-et-environnementale-a-sfax-et-appelle-les-autorites-a-intervenir-en-urgence\/"},"wordCount":645,"commentCount":0,"publisher":{"@id":"https:\/\/kapitalis.com\/tunisie\/#organization"},"image":{"@id":"https:\/\/kapitalis.com\/tunisie\/2022\/11\/16\/la-societe-civile-denonce-une-catastrophe-sanitaire-et-environnementale-a-sfax-et-appelle-les-autorites-a-intervenir-en-urgence\/#primaryimage"},"thumbnailUrl":"https:\/\/kapitalis.com\/tunisie\/wp-content\/uploads\/2022\/11\/Sfax-poluution.jpg","keywords":["catastrophe sanitaire","d\u00e9chets","environnement","fum\u00e9e","Incendie","poluution","Sfax","Tunisie"],"articleSection":["SOCIETE","Tunisie"],"inLanguage":"fr-FR","potentialAction":[{"@type":"CommentAction","name":"Comment","target":["https:\/\/kapitalis.com\/tunisie\/2022\/11\/16\/la-societe-civile-denonce-une-catastrophe-sanitaire-et-environnementale-a-sfax-et-appelle-les-autorites-a-intervenir-en-urgence\/#respond"]}]},{"@type":"WebPage","@id":"https:\/\/kapitalis.com\/tunisie\/2022\/11\/16\/la-societe-civile-denonce-une-catastrophe-sanitaire-et-environnementale-a-sfax-et-appelle-les-autorites-a-intervenir-en-urgence\/","url":"https:\/\/kapitalis.com\/tunisie\/2022\/11\/16\/la-societe-civile-denonce-une-catastrophe-sanitaire-et-environnementale-a-sfax-et-appelle-les-autorites-a-intervenir-en-urgence\/","name":"La soci\u00e9t\u00e9 civile d\u00e9nonce une catastrophe sanitaire et environnementale \u00e0 Sfax et appelle les autorit\u00e9s \u00e0 intervenir en urgence - Kapitalis","isPartOf":{"@id":"https:\/\/kapitalis.com\/tunisie\/#website"},"primaryImageOfPage":{"@id":"https:\/\/kapitalis.com\/tunisie\/2022\/11\/16\/la-societe-civile-denonce-une-catastrophe-sanitaire-et-environnementale-a-sfax-et-appelle-les-autorites-a-intervenir-en-urgence\/#primaryimage"},"image":{"@id":"https:\/\/kapitalis.com\/tunisie\/2022\/11\/16\/la-societe-civile-denonce-une-catastrophe-sanitaire-et-environnementale-a-sfax-et-appelle-les-autorites-a-intervenir-en-urgence\/#primaryimage"},"thumbnailUrl":"https:\/\/kapitalis.com\/tunisie\/wp-content\/uploads\/2022\/11\/Sfax-poluution.jpg","datePublished":"2022-11-16T18:20:53+00:00","dateModified":"2022-11-17T00:47:39+00:00","description":"L'incendie qui a eu lieu dans la d\u00e9charge provisoire (ferm\u00e9e depuis le 31 octobre) situ\u00e9e sur la route du port de Sfax, a provoqu\u00e9 une fum\u00e9e \u00e9paisse et des odeurs ayant conduit \u00e0 des cas d'asphyxie, obligeant des \u00e9coles \u00e0 fermer, notamment de l'\u00e9cole primaire Mohamed Bali, au centre-ville de o\u00f9 des enfants ont \u00e9t\u00e9 pris en charge par la protection civile.","breadcrumb":{"@id":"https:\/\/kapitalis.com\/tunisie\/2022\/11\/16\/la-societe-civile-denonce-une-catastrophe-sanitaire-et-environnementale-a-sfax-et-appelle-les-autorites-a-intervenir-en-urgence\/#breadcrumb"},"inLanguage":"fr-FR","potentialAction":[{"@type":"ReadAction","target":["https:\/\/kapitalis.com\/tunisie\/2022\/11\/16\/la-societe-civile-denonce-une-catastrophe-sanitaire-et-environnementale-a-sfax-et-appelle-les-autorites-a-intervenir-en-urgence\/"]}]},{"@type":"ImageObject","inLanguage":"fr-FR","@id":"https:\/\/kapitalis.com\/tunisie\/2022\/11\/16\/la-societe-civile-denonce-une-catastrophe-sanitaire-et-environnementale-a-sfax-et-appelle-les-autorites-a-intervenir-en-urgence\/#primaryimage","url":"https:\/\/kapitalis.com\/tunisie\/wp-content\/uploads\/2022\/11\/Sfax-poluution.jpg","contentUrl":"https:\/\/kapitalis.com\/tunisie\/wp-content\/uploads\/2022\/11\/Sfax-poluution.jpg","width":1200,"height":630},{"@type":"BreadcrumbList","@id":"https:\/\/kapitalis.com\/tunisie\/2022\/11\/16\/la-societe-civile-denonce-une-catastrophe-sanitaire-et-environnementale-a-sfax-et-appelle-les-autorites-a-intervenir-en-urgence\/#breadcrumb","itemListElement":[{"@type":"ListItem","position":1,"name":"Accueil","item":"https:\/\/kapitalis.com\/tunisie\/"},{"@type":"ListItem","position":2,"name":"La soci\u00e9t\u00e9 civile d\u00e9nonce une catastrophe sanitaire et environnementale \u00e0 Sfax et appelle les autorit\u00e9s \u00e0 intervenir en urgence"}]},{"@type":"WebSite","@id":"https:\/\/kapitalis.com\/tunisie\/#website","url":"https:\/\/kapitalis.com\/tunisie\/","name":"Kapitalis","description":"L&#039;actualit\u00e9 en Tunisie et dans le monde","publisher":{"@id":"https:\/\/kapitalis.com\/tunisie\/#organization"},"potentialAction":[{"@type":"SearchAction","target":{"@type":"EntryPoint","urlTemplate":"https:\/\/kapitalis.com\/tunisie\/?s={search_term_string}"},"query-input":{"@type":"PropertyValueSpecification","valueRequired":true,"valueName":"search_term_string"}}],"inLanguage":"fr-FR"},{"@type":"Organization","@id":"https:\/\/kapitalis.com\/tunisie\/#organization","name":"Kapitalis","url":"https:\/\/kapitalis.com\/tunisie\/","logo":{"@type":"ImageObject","inLanguage":"fr-FR","@id":"https:\/\/kapitalis.com\/tunisie\/#\/schema\/logo\/image\/","url":"https:\/\/kapitalis.com\/tunisie\/wp-content\/uploads\/2022\/05\/Kapitalis-big-size.png","contentUrl":"https:\/\/kapitalis.com\/tunisie\/wp-content\/uploads\/2022\/05\/Kapitalis-big-size.png","width":5000,"height":1500,"caption":"Kapitalis"},"image":{"@id":"https:\/\/kapitalis.com\/tunisie\/#\/schema\/logo\/image\/"},"sameAs":["https:\/\/www.facebook.com\/KapitalisInfo\/","https:\/\/x.com\/KapitalisInfo","https:\/\/www.youtube.com\/channel\/UC-yDYrHyfFBWWZaOw3FPg9Q"]},{"@type":"Person","@id":"https:\/\/kapitalis.com\/tunisie\/#\/schema\/person\/74bbde0154d49d790a92aaeac5bc01d5","name":"Yusra NY","url":"https:\/\/kapitalis.com\/tunisie\/author\/yuza_adam\/"}]}},"_links":{"self":[{"href":"https:\/\/kapitalis.com\/tunisie\/wp-json\/wp\/v2\/posts\/5014305","targetHints":{"allow":["GET"]}}],"collection":[{"href":"https:\/\/kapitalis.com\/tunisie\/wp-json\/wp\/v2\/posts"}],"about":[{"href":"https:\/\/kapitalis.com\/tunisie\/wp-json\/wp\/v2\/types\/post"}],"author":[{"embeddable":true,"href":"https:\/\/kapitalis.com\/tunisie\/wp-json\/wp\/v2\/users\/6"}],"replies":[{"embeddable":true,"href":"https:\/\/kapitalis.com\/tunisie\/wp-json\/wp\/v2\/comments?post=5014305"}],"version-history":[{"count":0,"href":"https:\/\/kapitalis.com\/tunisie\/wp-json\/wp\/v2\/posts\/5014305\/revisions"}],"wp:featuredmedia":[{"embeddable":true,"href":"https:\/\/kapitalis.com\/tunisie\/wp-json\/wp\/v2\/media\/5014568"}],"wp:attachment":[{"href":"https:\/\/kapitalis.com\/tunisie\/wp-json\/wp\/v2\/media?parent=5014305"}],"wp:term":[{"taxonomy":"category","embeddable":true,"href":"https:\/\/kapitalis.com\/tunisie\/wp-json\/wp\/v2\/categories?post=5014305"},{"taxonomy":"post_tag","embeddable":true,"href":"https:\/\/kapitalis.com\/tunisie\/wp-json\/wp\/v2\/tags?post=5014305"}],"curies":[{"name":"wp","href":"https:\/\/api.w.org\/{rel}","templated":true}]}}