{"id":5016053,"date":"2022-11-16T21:00:00","date_gmt":"2022-11-16T20:00:00","guid":{"rendered":"https:\/\/kapitalis.com\/tunisie\/?p=5016053"},"modified":"2022-11-16T21:01:40","modified_gmt":"2022-11-16T20:01:40","slug":"sfax-le-gouverneur-demande-au-president-saied-de-fermer-lacces-a-facebook-video","status":"publish","type":"post","link":"https:\/\/kapitalis.com\/tunisie\/2022\/11\/16\/sfax-le-gouverneur-demande-au-president-saied-de-fermer-lacces-a-facebook-video\/","title":{"rendered":"Sfax : Le gouverneur demande au pr\u00e9sident Sa\u00efed de fermer l&rsquo;acc\u00e8s \u00e0 Facebook ! (Vid\u00e9o)"},"content":{"rendered":"\n<p><strong><em>Tout en d\u00e9non\u00e7ant des sabotages et la diffusion d&rsquo;intox sur les r\u00e9seaux sociaux, le gouverneur de Sfax Fakher Fakhfakh a demand\u00e9 au pr\u00e9sident de la r\u00e9publique Ka\u00efs Sa\u00efed de\u2026 fermer l&rsquo;acc\u00e8s \u00e0 Facebook !<\/em><\/strong><\/p>\n\n\n\n<!--more-->\n\n\n\n<p>Cette appel a \u00e9t\u00e9 lanc\u00e9 par le gouverneur lors de la r\u00e9union d&rsquo;urgence organis\u00e9e avec la commission de lutte contre les catastrophes dans l&rsquo;apr\u00e8s-midi de ce mercredi 16 novembre 2022, suite \u00e0 la crise sanitaire et environnementale \u00e0 Sfax caus\u00e9e par un incendie qui s&rsquo;est d\u00e9clar\u00e9 hier \u00e0 la d\u00e9charge provisoire situ\u00e9e sur la route du port, et qui avait \u00e9t\u00e9 ferm\u00e9e depuis le 31 octobre dernier.<\/p>\n\n\n\n<p>Le gouverneur, qui n&rsquo;a pas cach\u00e9 sa col\u00e8re, a estim\u00e9 que les rumeurs diffus\u00e9es sur Facebook visent \u00e0 approfondir la crise et les tensions, en attribuant celles-ci \u00e0 des parties qui souhaitent envenimer la situation pour des raisons politique, dit-il, tout en affirmant que l&rsquo;incendie est d\u2019origine criminelle et qu&rsquo;une plainte contre X a \u00e9t\u00e9 d\u00e9pos\u00e9e \u00e0 cet effet, d&rsquo;autant que la protection civile a confirm\u00e9 cela par la pr\u00e9sence de plusieurs foyers de feu espac\u00e9s .<\/p>\n\n\n\n<center>\n<iframe loading=\"lazy\" src=\"https:\/\/www.facebook.com\/plugins\/video.php?height=314&amp;href=https%3A%2F%2Fwww.facebook.com%2F100080274150368%2Fvideos%2F859013645117570%2F&amp;show_text=false&amp;width=560&amp;t=0\" style=\"border:none;overflow:hidden\" scrolling=\"no\" allowfullscreen=\"true\" allow=\"autoplay; clipboard-write; encrypted-media; picture-in-picture; web-share\" width=\"560\" height=\"314\" frameborder=\"0\"><\/iframe>\n<\/center>\n\n\n\n<p>Puis emport\u00e9, le gouverneur a poursuivi : \u00ab<em>Des intox circulent sur Facebook pour casser tous les efforts effectu\u00e9s par les autorit\u00e9s et j\u2019esp\u00e8re que le pr\u00e9sident m\u2019\u00e9coute et que Facebook soit ferm\u00e9, si Facebook sert \u00e0 \u00e7a, on n&rsquo;en a pas besoin et nous avons les radios m\u00eame si certaines radios attaquent au lieu d&rsquo;aider!\u00bb<\/em>, a-t-il encore lanc\u00e9,  alors que son appel s&rsquo;apparente clairement \u00e0 une atteinte aux droits et aux libert\u00e9s !<\/p>\n\n\n\n<p class=\"has-text-align-right\"><strong>Y. N.<\/strong><\/p>\n\n\n\n<figure class=\"wp-block-embed is-type-wp-embed is-provider-kapitalis wp-block-embed-kapitalis\"><div class=\"wp-block-embed__wrapper\">\n<blockquote class=\"wp-embedded-content\" data-secret=\"KCGsjZvG40\"><a href=\"https:\/\/kapitalis.com\/tunisie\/2022\/11\/16\/la-societe-civile-denonce-une-catastrophe-sanitaire-et-environnementale-a-sfax-et-appelle-les-autorites-a-intervenir-en-urgence\/\">La soci\u00e9t\u00e9 civile d\u00e9nonce une catastrophe sanitaire et environnementale \u00e0 Sfax et appelle les autorit\u00e9s \u00e0 intervenir en urgence<\/a><\/blockquote><iframe loading=\"lazy\" class=\"wp-embedded-content\" sandbox=\"allow-scripts\" security=\"restricted\" style=\"position: absolute; clip: rect(1px, 1px, 1px, 1px);\" title=\"\u00ab\u00a0La soci\u00e9t\u00e9 civile d\u00e9nonce une catastrophe sanitaire et environnementale \u00e0 Sfax et appelle les autorit\u00e9s \u00e0 intervenir en urgence\u00a0\u00bb &#8212; Kapitalis\" src=\"https:\/\/kapitalis.com\/tunisie\/2022\/11\/16\/la-societe-civile-denonce-une-catastrophe-sanitaire-et-environnementale-a-sfax-et-appelle-les-autorites-a-intervenir-en-urgence\/embed\/#?secret=cXoiKF3R9z#?secret=KCGsjZvG40\" data-secret=\"KCGsjZvG40\" width=\"600\" height=\"338\" frameborder=\"0\" marginwidth=\"0\" marginheight=\"0\" scrolling=\"no\"><\/iframe>\n<\/div><\/figure>\n","protected":false},"excerpt":{"rendered":"<p>Sfax : Le gouverneur demande au pr\u00e9sident Sa\u00efed de fermer l&rsquo;acc\u00e8s \u00e0 Facebook ! (Vid\u00e9o)<\/p>\n","protected":false},"author":6,"featured_media":5016230,"comment_status":"open","ping_status":"open","sticky":false,"template":"","format":"standard","meta":{"footnotes":""},"categories":[998,2433],"tags":[3500,104454,419,76012,823,62643],"class_list":["post-5016053","post","type-post","status-publish","format-standard","has-post-thumbnail","hentry","category-societe","category-tunisie","tag-facebook","tag-fakher-fakhfakh","tag-gouverneur","tag-kais-saied-2","tag-sfax","tag-tunisie"],"yoast_head":"<!-- This site is optimized with the Yoast SEO plugin v26.6 - https:\/\/yoast.com\/wordpress\/plugins\/seo\/ -->\n<title>Sfax : Le gouverneur demande au pr\u00e9sident Sa\u00efed de fermer l&#039;acc\u00e8s \u00e0 Facebook ! (Vid\u00e9o) - Kapitalis<\/title>\n<meta name=\"description\" content=\"Tout en d\u00e9non\u00e7ant des sabotages et la diffusion d&#039;intox sur les r\u00e9seaux sociaux, le gouverneur de Sfax Fakher Fakhfakh a demand\u00e9 au pr\u00e9sident de la r\u00e9publique Ka\u00efs Sa\u00efed de\u2026 fermer l&#039;acc\u00e8s \u00e0 Facebook !\" \/>\n<meta name=\"robots\" content=\"index, follow, max-snippet:-1, max-image-preview:large, max-video-preview:-1\" \/>\n<link rel=\"canonical\" href=\"https:\/\/kapitalis.com\/tunisie\/2022\/11\/16\/sfax-le-gouverneur-demande-au-president-saied-de-fermer-lacces-a-facebook-video\/\" \/>\n<meta property=\"og:locale\" content=\"fr_FR\" \/>\n<meta property=\"og:type\" content=\"article\" \/>\n<meta property=\"og:title\" content=\"Sfax : Le gouverneur demande au pr\u00e9sident Sa\u00efed de fermer l&#039;acc\u00e8s \u00e0 Facebook ! (Vid\u00e9o) - Kapitalis\" \/>\n<meta property=\"og:description\" content=\"Tout en d\u00e9non\u00e7ant des sabotages et la diffusion d&#039;intox sur les r\u00e9seaux sociaux, le gouverneur de Sfax Fakher Fakhfakh a demand\u00e9 au pr\u00e9sident de la r\u00e9publique Ka\u00efs Sa\u00efed de\u2026 fermer l&#039;acc\u00e8s \u00e0 Facebook !\" \/>\n<meta property=\"og:url\" content=\"https:\/\/kapitalis.com\/tunisie\/2022\/11\/16\/sfax-le-gouverneur-demande-au-president-saied-de-fermer-lacces-a-facebook-video\/\" \/>\n<meta property=\"og:site_name\" content=\"Kapitalis\" \/>\n<meta property=\"article:publisher\" content=\"https:\/\/www.facebook.com\/KapitalisInfo\/\" \/>\n<meta property=\"article:published_time\" content=\"2022-11-16T20:00:00+00:00\" \/>\n<meta property=\"article:modified_time\" content=\"2022-11-16T20:01:40+00:00\" \/>\n<meta property=\"og:image\" content=\"https:\/\/kapitalis.com\/tunisie\/wp-content\/uploads\/2022\/11\/gouverneur-Sfax.jpg\" \/>\n\t<meta property=\"og:image:width\" content=\"1200\" \/>\n\t<meta property=\"og:image:height\" content=\"630\" \/>\n\t<meta property=\"og:image:type\" content=\"image\/jpeg\" \/>\n<meta name=\"author\" content=\"Yusra NY\" \/>\n<meta name=\"twitter:card\" content=\"summary_large_image\" \/>\n<meta name=\"twitter:creator\" content=\"@KapitalisInfo\" \/>\n<meta name=\"twitter:site\" content=\"@KapitalisInfo\" \/>\n<meta name=\"twitter:label1\" content=\"\u00c9crit par\" \/>\n\t<meta name=\"twitter:data1\" content=\"Yusra NY\" \/>\n\t<meta name=\"twitter:label2\" content=\"Dur\u00e9e de lecture estim\u00e9e\" \/>\n\t<meta name=\"twitter:data2\" content=\"2 minutes\" \/>\n<script type=\"application\/ld+json\" class=\"yoast-schema-graph\">{\"@context\":\"https:\/\/schema.org\",\"@graph\":[{\"@type\":\"Article\",\"@id\":\"https:\/\/kapitalis.com\/tunisie\/2022\/11\/16\/sfax-le-gouverneur-demande-au-president-saied-de-fermer-lacces-a-facebook-video\/#article\",\"isPartOf\":{\"@id\":\"https:\/\/kapitalis.com\/tunisie\/2022\/11\/16\/sfax-le-gouverneur-demande-au-president-saied-de-fermer-lacces-a-facebook-video\/\"},\"author\":{\"name\":\"Yusra NY\",\"@id\":\"https:\/\/kapitalis.com\/tunisie\/#\/schema\/person\/74bbde0154d49d790a92aaeac5bc01d5\"},\"headline\":\"Sfax : Le gouverneur demande au pr\u00e9sident Sa\u00efed de fermer l&rsquo;acc\u00e8s \u00e0 Facebook ! (Vid\u00e9o)\",\"datePublished\":\"2022-11-16T20:00:00+00:00\",\"dateModified\":\"2022-11-16T20:01:40+00:00\",\"mainEntityOfPage\":{\"@id\":\"https:\/\/kapitalis.com\/tunisie\/2022\/11\/16\/sfax-le-gouverneur-demande-au-president-saied-de-fermer-lacces-a-facebook-video\/\"},\"wordCount\":289,\"commentCount\":0,\"publisher\":{\"@id\":\"https:\/\/kapitalis.com\/tunisie\/#organization\"},\"image\":{\"@id\":\"https:\/\/kapitalis.com\/tunisie\/2022\/11\/16\/sfax-le-gouverneur-demande-au-president-saied-de-fermer-lacces-a-facebook-video\/#primaryimage\"},\"thumbnailUrl\":\"https:\/\/kapitalis.com\/tunisie\/wp-content\/uploads\/2022\/11\/gouverneur-Sfax.jpg\",\"keywords\":[\"Facebook\",\"Fakher Fakhfakh\",\"gouverneur\",\"Ka\u00efs Sa\u00efed\",\"Sfax\",\"Tunisie\"],\"articleSection\":[\"SOCIETE\",\"Tunisie\"],\"inLanguage\":\"fr-FR\",\"potentialAction\":[{\"@type\":\"CommentAction\",\"name\":\"Comment\",\"target\":[\"https:\/\/kapitalis.com\/tunisie\/2022\/11\/16\/sfax-le-gouverneur-demande-au-president-saied-de-fermer-lacces-a-facebook-video\/#respond\"]}]},{\"@type\":\"WebPage\",\"@id\":\"https:\/\/kapitalis.com\/tunisie\/2022\/11\/16\/sfax-le-gouverneur-demande-au-president-saied-de-fermer-lacces-a-facebook-video\/\",\"url\":\"https:\/\/kapitalis.com\/tunisie\/2022\/11\/16\/sfax-le-gouverneur-demande-au-president-saied-de-fermer-lacces-a-facebook-video\/\",\"name\":\"Sfax : Le gouverneur demande au pr\u00e9sident Sa\u00efed de fermer l'acc\u00e8s \u00e0 Facebook ! (Vid\u00e9o) - Kapitalis\",\"isPartOf\":{\"@id\":\"https:\/\/kapitalis.com\/tunisie\/#website\"},\"primaryImageOfPage\":{\"@id\":\"https:\/\/kapitalis.com\/tunisie\/2022\/11\/16\/sfax-le-gouverneur-demande-au-president-saied-de-fermer-lacces-a-facebook-video\/#primaryimage\"},\"image\":{\"@id\":\"https:\/\/kapitalis.com\/tunisie\/2022\/11\/16\/sfax-le-gouverneur-demande-au-president-saied-de-fermer-lacces-a-facebook-video\/#primaryimage\"},\"thumbnailUrl\":\"https:\/\/kapitalis.com\/tunisie\/wp-content\/uploads\/2022\/11\/gouverneur-Sfax.jpg\",\"datePublished\":\"2022-11-16T20:00:00+00:00\",\"dateModified\":\"2022-11-16T20:01:40+00:00\",\"description\":\"Tout en d\u00e9non\u00e7ant des sabotages et la diffusion d'intox sur les r\u00e9seaux sociaux, le gouverneur de Sfax Fakher Fakhfakh a demand\u00e9 au pr\u00e9sident de la r\u00e9publique Ka\u00efs Sa\u00efed de\u2026 fermer l'acc\u00e8s \u00e0 Facebook !\",\"breadcrumb\":{\"@id\":\"https:\/\/kapitalis.com\/tunisie\/2022\/11\/16\/sfax-le-gouverneur-demande-au-president-saied-de-fermer-lacces-a-facebook-video\/#breadcrumb\"},\"inLanguage\":\"fr-FR\",\"potentialAction\":[{\"@type\":\"ReadAction\",\"target\":[\"https:\/\/kapitalis.com\/tunisie\/2022\/11\/16\/sfax-le-gouverneur-demande-au-president-saied-de-fermer-lacces-a-facebook-video\/\"]}]},{\"@type\":\"ImageObject\",\"inLanguage\":\"fr-FR\",\"@id\":\"https:\/\/kapitalis.com\/tunisie\/2022\/11\/16\/sfax-le-gouverneur-demande-au-president-saied-de-fermer-lacces-a-facebook-video\/#primaryimage\",\"url\":\"https:\/\/kapitalis.com\/tunisie\/wp-content\/uploads\/2022\/11\/gouverneur-Sfax.jpg\",\"contentUrl\":\"https:\/\/kapitalis.com\/tunisie\/wp-content\/uploads\/2022\/11\/gouverneur-Sfax.jpg\",\"width\":1200,\"height\":630},{\"@type\":\"BreadcrumbList\",\"@id\":\"https:\/\/kapitalis.com\/tunisie\/2022\/11\/16\/sfax-le-gouverneur-demande-au-president-saied-de-fermer-lacces-a-facebook-video\/#breadcrumb\",\"itemListElement\":[{\"@type\":\"ListItem\",\"position\":1,\"name\":\"Accueil\",\"item\":\"https:\/\/kapitalis.com\/tunisie\/\"},{\"@type\":\"ListItem\",\"position\":2,\"name\":\"Sfax : Le gouverneur demande au pr\u00e9sident Sa\u00efed de fermer l&rsquo;acc\u00e8s \u00e0 Facebook ! (Vid\u00e9o)\"}]},{\"@type\":\"WebSite\",\"@id\":\"https:\/\/kapitalis.com\/tunisie\/#website\",\"url\":\"https:\/\/kapitalis.com\/tunisie\/\",\"name\":\"Kapitalis\",\"description\":\"L&#039;actualit\u00e9 en Tunisie et dans le monde\",\"publisher\":{\"@id\":\"https:\/\/kapitalis.com\/tunisie\/#organization\"},\"potentialAction\":[{\"@type\":\"SearchAction\",\"target\":{\"@type\":\"EntryPoint\",\"urlTemplate\":\"https:\/\/kapitalis.com\/tunisie\/?s={search_term_string}\"},\"query-input\":{\"@type\":\"PropertyValueSpecification\",\"valueRequired\":true,\"valueName\":\"search_term_string\"}}],\"inLanguage\":\"fr-FR\"},{\"@type\":\"Organization\",\"@id\":\"https:\/\/kapitalis.com\/tunisie\/#organization\",\"name\":\"Kapitalis\",\"url\":\"https:\/\/kapitalis.com\/tunisie\/\",\"logo\":{\"@type\":\"ImageObject\",\"inLanguage\":\"fr-FR\",\"@id\":\"https:\/\/kapitalis.com\/tunisie\/#\/schema\/logo\/image\/\",\"url\":\"https:\/\/kapitalis.com\/tunisie\/wp-content\/uploads\/2022\/05\/Kapitalis-big-size.png\",\"contentUrl\":\"https:\/\/kapitalis.com\/tunisie\/wp-content\/uploads\/2022\/05\/Kapitalis-big-size.png\",\"width\":5000,\"height\":1500,\"caption\":\"Kapitalis\"},\"image\":{\"@id\":\"https:\/\/kapitalis.com\/tunisie\/#\/schema\/logo\/image\/\"},\"sameAs\":[\"https:\/\/www.facebook.com\/KapitalisInfo\/\",\"https:\/\/x.com\/KapitalisInfo\",\"https:\/\/www.youtube.com\/channel\/UC-yDYrHyfFBWWZaOw3FPg9Q\"]},{\"@type\":\"Person\",\"@id\":\"https:\/\/kapitalis.com\/tunisie\/#\/schema\/person\/74bbde0154d49d790a92aaeac5bc01d5\",\"name\":\"Yusra NY\",\"url\":\"https:\/\/kapitalis.com\/tunisie\/author\/yuza_adam\/\"}]}<\/script>\n<!-- \/ Yoast SEO plugin. -->","yoast_head_json":{"title":"Sfax : Le gouverneur demande au pr\u00e9sident Sa\u00efed de fermer l'acc\u00e8s \u00e0 Facebook ! (Vid\u00e9o) - Kapitalis","description":"Tout en d\u00e9non\u00e7ant des sabotages et la diffusion d'intox sur les r\u00e9seaux sociaux, le gouverneur de Sfax Fakher Fakhfakh a demand\u00e9 au pr\u00e9sident de la r\u00e9publique Ka\u00efs Sa\u00efed de\u2026 fermer l'acc\u00e8s \u00e0 Facebook !","robots":{"index":"index","follow":"follow","max-snippet":"max-snippet:-1","max-image-preview":"max-image-preview:large","max-video-preview":"max-video-preview:-1"},"canonical":"https:\/\/kapitalis.com\/tunisie\/2022\/11\/16\/sfax-le-gouverneur-demande-au-president-saied-de-fermer-lacces-a-facebook-video\/","og_locale":"fr_FR","og_type":"article","og_title":"Sfax : Le gouverneur demande au pr\u00e9sident Sa\u00efed de fermer l'acc\u00e8s \u00e0 Facebook ! (Vid\u00e9o) - Kapitalis","og_description":"Tout en d\u00e9non\u00e7ant des sabotages et la diffusion d'intox sur les r\u00e9seaux sociaux, le gouverneur de Sfax Fakher Fakhfakh a demand\u00e9 au pr\u00e9sident de la r\u00e9publique Ka\u00efs Sa\u00efed de\u2026 fermer l'acc\u00e8s \u00e0 Facebook !","og_url":"https:\/\/kapitalis.com\/tunisie\/2022\/11\/16\/sfax-le-gouverneur-demande-au-president-saied-de-fermer-lacces-a-facebook-video\/","og_site_name":"Kapitalis","article_publisher":"https:\/\/www.facebook.com\/KapitalisInfo\/","article_published_time":"2022-11-16T20:00:00+00:00","article_modified_time":"2022-11-16T20:01:40+00:00","og_image":[{"width":1200,"height":630,"url":"https:\/\/kapitalis.com\/tunisie\/wp-content\/uploads\/2022\/11\/gouverneur-Sfax.jpg","type":"image\/jpeg"}],"author":"Yusra NY","twitter_card":"summary_large_image","twitter_creator":"@KapitalisInfo","twitter_site":"@KapitalisInfo","twitter_misc":{"\u00c9crit par":"Yusra NY","Dur\u00e9e de lecture estim\u00e9e":"2 minutes"},"schema":{"@context":"https:\/\/schema.org","@graph":[{"@type":"Article","@id":"https:\/\/kapitalis.com\/tunisie\/2022\/11\/16\/sfax-le-gouverneur-demande-au-president-saied-de-fermer-lacces-a-facebook-video\/#article","isPartOf":{"@id":"https:\/\/kapitalis.com\/tunisie\/2022\/11\/16\/sfax-le-gouverneur-demande-au-president-saied-de-fermer-lacces-a-facebook-video\/"},"author":{"name":"Yusra NY","@id":"https:\/\/kapitalis.com\/tunisie\/#\/schema\/person\/74bbde0154d49d790a92aaeac5bc01d5"},"headline":"Sfax : Le gouverneur demande au pr\u00e9sident Sa\u00efed de fermer l&rsquo;acc\u00e8s \u00e0 Facebook ! (Vid\u00e9o)","datePublished":"2022-11-16T20:00:00+00:00","dateModified":"2022-11-16T20:01:40+00:00","mainEntityOfPage":{"@id":"https:\/\/kapitalis.com\/tunisie\/2022\/11\/16\/sfax-le-gouverneur-demande-au-president-saied-de-fermer-lacces-a-facebook-video\/"},"wordCount":289,"commentCount":0,"publisher":{"@id":"https:\/\/kapitalis.com\/tunisie\/#organization"},"image":{"@id":"https:\/\/kapitalis.com\/tunisie\/2022\/11\/16\/sfax-le-gouverneur-demande-au-president-saied-de-fermer-lacces-a-facebook-video\/#primaryimage"},"thumbnailUrl":"https:\/\/kapitalis.com\/tunisie\/wp-content\/uploads\/2022\/11\/gouverneur-Sfax.jpg","keywords":["Facebook","Fakher Fakhfakh","gouverneur","Ka\u00efs Sa\u00efed","Sfax","Tunisie"],"articleSection":["SOCIETE","Tunisie"],"inLanguage":"fr-FR","potentialAction":[{"@type":"CommentAction","name":"Comment","target":["https:\/\/kapitalis.com\/tunisie\/2022\/11\/16\/sfax-le-gouverneur-demande-au-president-saied-de-fermer-lacces-a-facebook-video\/#respond"]}]},{"@type":"WebPage","@id":"https:\/\/kapitalis.com\/tunisie\/2022\/11\/16\/sfax-le-gouverneur-demande-au-president-saied-de-fermer-lacces-a-facebook-video\/","url":"https:\/\/kapitalis.com\/tunisie\/2022\/11\/16\/sfax-le-gouverneur-demande-au-president-saied-de-fermer-lacces-a-facebook-video\/","name":"Sfax : Le gouverneur demande au pr\u00e9sident Sa\u00efed de fermer l'acc\u00e8s \u00e0 Facebook ! (Vid\u00e9o) - Kapitalis","isPartOf":{"@id":"https:\/\/kapitalis.com\/tunisie\/#website"},"primaryImageOfPage":{"@id":"https:\/\/kapitalis.com\/tunisie\/2022\/11\/16\/sfax-le-gouverneur-demande-au-president-saied-de-fermer-lacces-a-facebook-video\/#primaryimage"},"image":{"@id":"https:\/\/kapitalis.com\/tunisie\/2022\/11\/16\/sfax-le-gouverneur-demande-au-president-saied-de-fermer-lacces-a-facebook-video\/#primaryimage"},"thumbnailUrl":"https:\/\/kapitalis.com\/tunisie\/wp-content\/uploads\/2022\/11\/gouverneur-Sfax.jpg","datePublished":"2022-11-16T20:00:00+00:00","dateModified":"2022-11-16T20:01:40+00:00","description":"Tout en d\u00e9non\u00e7ant des sabotages et la diffusion d'intox sur les r\u00e9seaux sociaux, le gouverneur de Sfax Fakher Fakhfakh a demand\u00e9 au pr\u00e9sident de la r\u00e9publique Ka\u00efs Sa\u00efed de\u2026 fermer l'acc\u00e8s \u00e0 Facebook !","breadcrumb":{"@id":"https:\/\/kapitalis.com\/tunisie\/2022\/11\/16\/sfax-le-gouverneur-demande-au-president-saied-de-fermer-lacces-a-facebook-video\/#breadcrumb"},"inLanguage":"fr-FR","potentialAction":[{"@type":"ReadAction","target":["https:\/\/kapitalis.com\/tunisie\/2022\/11\/16\/sfax-le-gouverneur-demande-au-president-saied-de-fermer-lacces-a-facebook-video\/"]}]},{"@type":"ImageObject","inLanguage":"fr-FR","@id":"https:\/\/kapitalis.com\/tunisie\/2022\/11\/16\/sfax-le-gouverneur-demande-au-president-saied-de-fermer-lacces-a-facebook-video\/#primaryimage","url":"https:\/\/kapitalis.com\/tunisie\/wp-content\/uploads\/2022\/11\/gouverneur-Sfax.jpg","contentUrl":"https:\/\/kapitalis.com\/tunisie\/wp-content\/uploads\/2022\/11\/gouverneur-Sfax.jpg","width":1200,"height":630},{"@type":"BreadcrumbList","@id":"https:\/\/kapitalis.com\/tunisie\/2022\/11\/16\/sfax-le-gouverneur-demande-au-president-saied-de-fermer-lacces-a-facebook-video\/#breadcrumb","itemListElement":[{"@type":"ListItem","position":1,"name":"Accueil","item":"https:\/\/kapitalis.com\/tunisie\/"},{"@type":"ListItem","position":2,"name":"Sfax : Le gouverneur demande au pr\u00e9sident Sa\u00efed de fermer l&rsquo;acc\u00e8s \u00e0 Facebook ! (Vid\u00e9o)"}]},{"@type":"WebSite","@id":"https:\/\/kapitalis.com\/tunisie\/#website","url":"https:\/\/kapitalis.com\/tunisie\/","name":"Kapitalis","description":"L&#039;actualit\u00e9 en Tunisie et dans le monde","publisher":{"@id":"https:\/\/kapitalis.com\/tunisie\/#organization"},"potentialAction":[{"@type":"SearchAction","target":{"@type":"EntryPoint","urlTemplate":"https:\/\/kapitalis.com\/tunisie\/?s={search_term_string}"},"query-input":{"@type":"PropertyValueSpecification","valueRequired":true,"valueName":"search_term_string"}}],"inLanguage":"fr-FR"},{"@type":"Organization","@id":"https:\/\/kapitalis.com\/tunisie\/#organization","name":"Kapitalis","url":"https:\/\/kapitalis.com\/tunisie\/","logo":{"@type":"ImageObject","inLanguage":"fr-FR","@id":"https:\/\/kapitalis.com\/tunisie\/#\/schema\/logo\/image\/","url":"https:\/\/kapitalis.com\/tunisie\/wp-content\/uploads\/2022\/05\/Kapitalis-big-size.png","contentUrl":"https:\/\/kapitalis.com\/tunisie\/wp-content\/uploads\/2022\/05\/Kapitalis-big-size.png","width":5000,"height":1500,"caption":"Kapitalis"},"image":{"@id":"https:\/\/kapitalis.com\/tunisie\/#\/schema\/logo\/image\/"},"sameAs":["https:\/\/www.facebook.com\/KapitalisInfo\/","https:\/\/x.com\/KapitalisInfo","https:\/\/www.youtube.com\/channel\/UC-yDYrHyfFBWWZaOw3FPg9Q"]},{"@type":"Person","@id":"https:\/\/kapitalis.com\/tunisie\/#\/schema\/person\/74bbde0154d49d790a92aaeac5bc01d5","name":"Yusra NY","url":"https:\/\/kapitalis.com\/tunisie\/author\/yuza_adam\/"}]}},"_links":{"self":[{"href":"https:\/\/kapitalis.com\/tunisie\/wp-json\/wp\/v2\/posts\/5016053","targetHints":{"allow":["GET"]}}],"collection":[{"href":"https:\/\/kapitalis.com\/tunisie\/wp-json\/wp\/v2\/posts"}],"about":[{"href":"https:\/\/kapitalis.com\/tunisie\/wp-json\/wp\/v2\/types\/post"}],"author":[{"embeddable":true,"href":"https:\/\/kapitalis.com\/tunisie\/wp-json\/wp\/v2\/users\/6"}],"replies":[{"embeddable":true,"href":"https:\/\/kapitalis.com\/tunisie\/wp-json\/wp\/v2\/comments?post=5016053"}],"version-history":[{"count":0,"href":"https:\/\/kapitalis.com\/tunisie\/wp-json\/wp\/v2\/posts\/5016053\/revisions"}],"wp:featuredmedia":[{"embeddable":true,"href":"https:\/\/kapitalis.com\/tunisie\/wp-json\/wp\/v2\/media\/5016230"}],"wp:attachment":[{"href":"https:\/\/kapitalis.com\/tunisie\/wp-json\/wp\/v2\/media?parent=5016053"}],"wp:term":[{"taxonomy":"category","embeddable":true,"href":"https:\/\/kapitalis.com\/tunisie\/wp-json\/wp\/v2\/categories?post=5016053"},{"taxonomy":"post_tag","embeddable":true,"href":"https:\/\/kapitalis.com\/tunisie\/wp-json\/wp\/v2\/tags?post=5016053"}],"curies":[{"name":"wp","href":"https:\/\/api.w.org\/{rel}","templated":true}]}}