{"id":50174,"date":"2016-05-14T12:00:24","date_gmt":"2016-05-14T11:00:24","guid":{"rendered":"http:\/\/kapitalis.com\/tunisie\/?p=50174"},"modified":"2016-05-14T12:00:51","modified_gmt":"2016-05-14T11:00:51","slug":"les-noms-des-terroristes-abattus-mercredi-a-mnihla-et-tataouine","status":"publish","type":"post","link":"https:\/\/kapitalis.com\/tunisie\/2016\/05\/14\/les-noms-des-terroristes-abattus-mercredi-a-mnihla-et-tataouine\/","title":{"rendered":"Les noms des terroristes abattus mercredi \u00e0 Mnihla et Tataouine"},"content":{"rendered":"<p style=\"text-align: center;\"><img loading=\"lazy\" decoding=\"async\" class=\"alignnone size-full wp-image-50177\" src=\"http:\/\/kapitalis.com\/tunisie\/wp-content\/uploads\/2016\/05\/Mnihla-liste-terroriste-abattus.jpg\" alt=\"Mnihla- liste terroriste abattus\" width=\"626\" height=\"380\" \/><\/p>\n<p><em><strong>Le minist\u00e8re de l\u2019Int\u00e9rieur a rendu public les noms des terroristes abattus dans l\u2019op\u00e9ration men\u00e9e, mercredi, \u00e0 Mnihla, gouvernorat de l\u2019Ariana, et \u00e0 Tataouine.<\/strong><\/em><\/p>\n<p style=\"text-align: center;\"><!--more--><\/p>\n<p>La descente effectu\u00e9e, le mercredi 11 mai 2016, dans une maison en construction au quartier Sanhaja, \u00e0 Mnihla, \u00e0 l\u2019ouest de Tunis, a permis aux forces sp\u00e9ciales de la garde nationale d\u2019abattre les terroristes Najmeddine Ben Mohamed Dhaoui Gharbi (33 ans), originaire de Sidi Bouzid, et Nejib Ben Khechira Ben Amara Mansouri (34 ans), originaire de Ben Guerdane.<\/p>\n<p>Cette op\u00e9ration a men\u00e9 les forces sp\u00e9ciales \u00e0 la d\u00e9l\u00e9gation de Smar, gouvernorat de Tatouine, o\u00f9 un autre groupe terroriste allait passer \u00e0 l&rsquo;action. Des \u00e9changes de tirs ont eu lieu, l&rsquo;apr\u00e8s-midi de la m\u00eame\u00a0journ\u00e9e, et les agents ont pu abattre Lassaad Ben Ali Ben Ibrahim Darni (30 ans).\u00a0Un autre terroriste, Walid Ben Amara Ben Mohamed Sdiri (22 ans), s\u2019est fait exploser en activant une ceinture explosive,\u00a0tuant 4 gardes nationaux: le\u00a0lieutenant Nidhal Trabelsi (B\u00e9ja), le lieutenant Khaled Letifi (Kasserine), le sergent-chef Kh\u00e9lifa Dhaoui (Gab\u00e8s) et le sergent-chef Islem Zouari (Le Kef).<\/p>\n<p style=\"text-align: right;\"><strong>Y. N.<\/strong><\/p>\n","protected":false},"excerpt":{"rendered":"<p>Le minist\u00e8re de l\u2019Int\u00e9rieur a rendu public les noms des terroristes abattus dans l\u2019op\u00e9ration men\u00e9e, mercredi, \u00e0 Mnihla, gouvernorat de l\u2019Ariana, et \u00e0 Tataouine.<\/p>\n","protected":false},"author":6,"featured_media":50177,"comment_status":"open","ping_status":"open","sticky":false,"template":"","format":"standard","meta":{"footnotes":""},"categories":[998,2433],"tags":[36,79,2960,9697,8459,2798,1126,898],"class_list":["post-50174","post","type-post","status-publish","format-standard","has-post-thumbnail","hentry","category-societe","category-tunisie","tag-affrontements","tag-ariana","tag-forces-speciales","tag-kamikaze","tag-mnihla","tag-operation","tag-tataouine","tag-terroriste"],"yoast_head":"<!-- This site is optimized with the Yoast SEO plugin v26.6 - https:\/\/yoast.com\/wordpress\/plugins\/seo\/ -->\n<title>Les noms des terroristes abattus mercredi \u00e0 Mnihla et Tataouine - Kapitalis<\/title>\n<meta name=\"robots\" content=\"index, follow, max-snippet:-1, max-image-preview:large, max-video-preview:-1\" \/>\n<link rel=\"canonical\" href=\"https:\/\/kapitalis.com\/tunisie\/2016\/05\/14\/les-noms-des-terroristes-abattus-mercredi-a-mnihla-et-tataouine\/\" \/>\n<meta property=\"og:locale\" content=\"fr_FR\" \/>\n<meta property=\"og:type\" content=\"article\" \/>\n<meta property=\"og:title\" content=\"Les noms des terroristes abattus mercredi \u00e0 Mnihla et Tataouine - Kapitalis\" \/>\n<meta property=\"og:description\" content=\"Le minist\u00e8re de l\u2019Int\u00e9rieur a rendu public les noms des terroristes abattus dans l\u2019op\u00e9ration men\u00e9e, mercredi, \u00e0 Mnihla, gouvernorat de l\u2019Ariana, et \u00e0 Tataouine.\" \/>\n<meta property=\"og:url\" content=\"https:\/\/kapitalis.com\/tunisie\/2016\/05\/14\/les-noms-des-terroristes-abattus-mercredi-a-mnihla-et-tataouine\/\" \/>\n<meta property=\"og:site_name\" content=\"Kapitalis\" \/>\n<meta property=\"article:publisher\" content=\"https:\/\/www.facebook.com\/KapitalisInfo\/\" \/>\n<meta property=\"article:published_time\" content=\"2016-05-14T11:00:24+00:00\" \/>\n<meta property=\"article:modified_time\" content=\"2016-05-14T11:00:51+00:00\" \/>\n<meta property=\"og:image\" content=\"https:\/\/kapitalis.com\/tunisie\/wp-content\/uploads\/2022\/05\/kapitalis-logo-fb.png\" \/>\n\t<meta property=\"og:image:width\" content=\"1200\" \/>\n\t<meta property=\"og:image:height\" content=\"630\" \/>\n\t<meta property=\"og:image:type\" content=\"image\/png\" \/>\n<meta name=\"author\" content=\"Yusra NY\" \/>\n<meta name=\"twitter:card\" content=\"summary_large_image\" \/>\n<meta name=\"twitter:creator\" content=\"@KapitalisInfo\" \/>\n<meta name=\"twitter:site\" content=\"@KapitalisInfo\" \/>\n<meta name=\"twitter:label1\" content=\"\u00c9crit par\" \/>\n\t<meta name=\"twitter:data1\" content=\"Yusra NY\" \/>\n\t<meta name=\"twitter:label2\" content=\"Dur\u00e9e de lecture estim\u00e9e\" \/>\n\t<meta name=\"twitter:data2\" content=\"1 minute\" \/>\n<script type=\"application\/ld+json\" class=\"yoast-schema-graph\">{\"@context\":\"https:\/\/schema.org\",\"@graph\":[{\"@type\":\"Article\",\"@id\":\"https:\/\/kapitalis.com\/tunisie\/2016\/05\/14\/les-noms-des-terroristes-abattus-mercredi-a-mnihla-et-tataouine\/#article\",\"isPartOf\":{\"@id\":\"https:\/\/kapitalis.com\/tunisie\/2016\/05\/14\/les-noms-des-terroristes-abattus-mercredi-a-mnihla-et-tataouine\/\"},\"author\":{\"name\":\"Yusra NY\",\"@id\":\"https:\/\/kapitalis.com\/tunisie\/#\/schema\/person\/74bbde0154d49d790a92aaeac5bc01d5\"},\"headline\":\"Les noms des terroristes abattus mercredi \u00e0 Mnihla et Tataouine\",\"datePublished\":\"2016-05-14T11:00:24+00:00\",\"dateModified\":\"2016-05-14T11:00:51+00:00\",\"mainEntityOfPage\":{\"@id\":\"https:\/\/kapitalis.com\/tunisie\/2016\/05\/14\/les-noms-des-terroristes-abattus-mercredi-a-mnihla-et-tataouine\/\"},\"wordCount\":197,\"commentCount\":0,\"publisher\":{\"@id\":\"https:\/\/kapitalis.com\/tunisie\/#organization\"},\"image\":{\"@id\":\"https:\/\/kapitalis.com\/tunisie\/2016\/05\/14\/les-noms-des-terroristes-abattus-mercredi-a-mnihla-et-tataouine\/#primaryimage\"},\"thumbnailUrl\":\"\",\"keywords\":[\"affrontements\",\"Ariana\",\"forces sp\u00e9ciales\",\"kamikaze\",\"Mnihla\",\"op\u00e9ration\",\"Tataouine\",\"terroriste\"],\"articleSection\":[\"SOCIETE\",\"Tunisie\"],\"inLanguage\":\"fr-FR\",\"potentialAction\":[{\"@type\":\"CommentAction\",\"name\":\"Comment\",\"target\":[\"https:\/\/kapitalis.com\/tunisie\/2016\/05\/14\/les-noms-des-terroristes-abattus-mercredi-a-mnihla-et-tataouine\/#respond\"]}]},{\"@type\":\"WebPage\",\"@id\":\"https:\/\/kapitalis.com\/tunisie\/2016\/05\/14\/les-noms-des-terroristes-abattus-mercredi-a-mnihla-et-tataouine\/\",\"url\":\"https:\/\/kapitalis.com\/tunisie\/2016\/05\/14\/les-noms-des-terroristes-abattus-mercredi-a-mnihla-et-tataouine\/\",\"name\":\"Les noms des terroristes abattus mercredi \u00e0 Mnihla et Tataouine - Kapitalis\",\"isPartOf\":{\"@id\":\"https:\/\/kapitalis.com\/tunisie\/#website\"},\"primaryImageOfPage\":{\"@id\":\"https:\/\/kapitalis.com\/tunisie\/2016\/05\/14\/les-noms-des-terroristes-abattus-mercredi-a-mnihla-et-tataouine\/#primaryimage\"},\"image\":{\"@id\":\"https:\/\/kapitalis.com\/tunisie\/2016\/05\/14\/les-noms-des-terroristes-abattus-mercredi-a-mnihla-et-tataouine\/#primaryimage\"},\"thumbnailUrl\":\"\",\"datePublished\":\"2016-05-14T11:00:24+00:00\",\"dateModified\":\"2016-05-14T11:00:51+00:00\",\"breadcrumb\":{\"@id\":\"https:\/\/kapitalis.com\/tunisie\/2016\/05\/14\/les-noms-des-terroristes-abattus-mercredi-a-mnihla-et-tataouine\/#breadcrumb\"},\"inLanguage\":\"fr-FR\",\"potentialAction\":[{\"@type\":\"ReadAction\",\"target\":[\"https:\/\/kapitalis.com\/tunisie\/2016\/05\/14\/les-noms-des-terroristes-abattus-mercredi-a-mnihla-et-tataouine\/\"]}]},{\"@type\":\"ImageObject\",\"inLanguage\":\"fr-FR\",\"@id\":\"https:\/\/kapitalis.com\/tunisie\/2016\/05\/14\/les-noms-des-terroristes-abattus-mercredi-a-mnihla-et-tataouine\/#primaryimage\",\"url\":\"\",\"contentUrl\":\"\"},{\"@type\":\"BreadcrumbList\",\"@id\":\"https:\/\/kapitalis.com\/tunisie\/2016\/05\/14\/les-noms-des-terroristes-abattus-mercredi-a-mnihla-et-tataouine\/#breadcrumb\",\"itemListElement\":[{\"@type\":\"ListItem\",\"position\":1,\"name\":\"Accueil\",\"item\":\"https:\/\/kapitalis.com\/tunisie\/\"},{\"@type\":\"ListItem\",\"position\":2,\"name\":\"Les noms des terroristes abattus mercredi \u00e0 Mnihla et Tataouine\"}]},{\"@type\":\"WebSite\",\"@id\":\"https:\/\/kapitalis.com\/tunisie\/#website\",\"url\":\"https:\/\/kapitalis.com\/tunisie\/\",\"name\":\"Kapitalis\",\"description\":\"L&#039;actualit\u00e9 en Tunisie et dans le monde\",\"publisher\":{\"@id\":\"https:\/\/kapitalis.com\/tunisie\/#organization\"},\"potentialAction\":[{\"@type\":\"SearchAction\",\"target\":{\"@type\":\"EntryPoint\",\"urlTemplate\":\"https:\/\/kapitalis.com\/tunisie\/?s={search_term_string}\"},\"query-input\":{\"@type\":\"PropertyValueSpecification\",\"valueRequired\":true,\"valueName\":\"search_term_string\"}}],\"inLanguage\":\"fr-FR\"},{\"@type\":\"Organization\",\"@id\":\"https:\/\/kapitalis.com\/tunisie\/#organization\",\"name\":\"Kapitalis\",\"url\":\"https:\/\/kapitalis.com\/tunisie\/\",\"logo\":{\"@type\":\"ImageObject\",\"inLanguage\":\"fr-FR\",\"@id\":\"https:\/\/kapitalis.com\/tunisie\/#\/schema\/logo\/image\/\",\"url\":\"https:\/\/kapitalis.com\/tunisie\/wp-content\/uploads\/2022\/05\/Kapitalis-big-size.png\",\"contentUrl\":\"https:\/\/kapitalis.com\/tunisie\/wp-content\/uploads\/2022\/05\/Kapitalis-big-size.png\",\"width\":5000,\"height\":1500,\"caption\":\"Kapitalis\"},\"image\":{\"@id\":\"https:\/\/kapitalis.com\/tunisie\/#\/schema\/logo\/image\/\"},\"sameAs\":[\"https:\/\/www.facebook.com\/KapitalisInfo\/\",\"https:\/\/x.com\/KapitalisInfo\",\"https:\/\/www.youtube.com\/channel\/UC-yDYrHyfFBWWZaOw3FPg9Q\"]},{\"@type\":\"Person\",\"@id\":\"https:\/\/kapitalis.com\/tunisie\/#\/schema\/person\/74bbde0154d49d790a92aaeac5bc01d5\",\"name\":\"Yusra NY\",\"url\":\"https:\/\/kapitalis.com\/tunisie\/author\/yuza_adam\/\"}]}<\/script>\n<!-- \/ Yoast SEO plugin. -->","yoast_head_json":{"title":"Les noms des terroristes abattus mercredi \u00e0 Mnihla et Tataouine - Kapitalis","robots":{"index":"index","follow":"follow","max-snippet":"max-snippet:-1","max-image-preview":"max-image-preview:large","max-video-preview":"max-video-preview:-1"},"canonical":"https:\/\/kapitalis.com\/tunisie\/2016\/05\/14\/les-noms-des-terroristes-abattus-mercredi-a-mnihla-et-tataouine\/","og_locale":"fr_FR","og_type":"article","og_title":"Les noms des terroristes abattus mercredi \u00e0 Mnihla et Tataouine - Kapitalis","og_description":"Le minist\u00e8re de l\u2019Int\u00e9rieur a rendu public les noms des terroristes abattus dans l\u2019op\u00e9ration men\u00e9e, mercredi, \u00e0 Mnihla, gouvernorat de l\u2019Ariana, et \u00e0 Tataouine.","og_url":"https:\/\/kapitalis.com\/tunisie\/2016\/05\/14\/les-noms-des-terroristes-abattus-mercredi-a-mnihla-et-tataouine\/","og_site_name":"Kapitalis","article_publisher":"https:\/\/www.facebook.com\/KapitalisInfo\/","article_published_time":"2016-05-14T11:00:24+00:00","article_modified_time":"2016-05-14T11:00:51+00:00","og_image":[{"width":1200,"height":630,"url":"https:\/\/kapitalis.com\/tunisie\/wp-content\/uploads\/2022\/05\/kapitalis-logo-fb.png","type":"image\/png"}],"author":"Yusra NY","twitter_card":"summary_large_image","twitter_creator":"@KapitalisInfo","twitter_site":"@KapitalisInfo","twitter_misc":{"\u00c9crit par":"Yusra NY","Dur\u00e9e de lecture estim\u00e9e":"1 minute"},"schema":{"@context":"https:\/\/schema.org","@graph":[{"@type":"Article","@id":"https:\/\/kapitalis.com\/tunisie\/2016\/05\/14\/les-noms-des-terroristes-abattus-mercredi-a-mnihla-et-tataouine\/#article","isPartOf":{"@id":"https:\/\/kapitalis.com\/tunisie\/2016\/05\/14\/les-noms-des-terroristes-abattus-mercredi-a-mnihla-et-tataouine\/"},"author":{"name":"Yusra NY","@id":"https:\/\/kapitalis.com\/tunisie\/#\/schema\/person\/74bbde0154d49d790a92aaeac5bc01d5"},"headline":"Les noms des terroristes abattus mercredi \u00e0 Mnihla et Tataouine","datePublished":"2016-05-14T11:00:24+00:00","dateModified":"2016-05-14T11:00:51+00:00","mainEntityOfPage":{"@id":"https:\/\/kapitalis.com\/tunisie\/2016\/05\/14\/les-noms-des-terroristes-abattus-mercredi-a-mnihla-et-tataouine\/"},"wordCount":197,"commentCount":0,"publisher":{"@id":"https:\/\/kapitalis.com\/tunisie\/#organization"},"image":{"@id":"https:\/\/kapitalis.com\/tunisie\/2016\/05\/14\/les-noms-des-terroristes-abattus-mercredi-a-mnihla-et-tataouine\/#primaryimage"},"thumbnailUrl":"","keywords":["affrontements","Ariana","forces sp\u00e9ciales","kamikaze","Mnihla","op\u00e9ration","Tataouine","terroriste"],"articleSection":["SOCIETE","Tunisie"],"inLanguage":"fr-FR","potentialAction":[{"@type":"CommentAction","name":"Comment","target":["https:\/\/kapitalis.com\/tunisie\/2016\/05\/14\/les-noms-des-terroristes-abattus-mercredi-a-mnihla-et-tataouine\/#respond"]}]},{"@type":"WebPage","@id":"https:\/\/kapitalis.com\/tunisie\/2016\/05\/14\/les-noms-des-terroristes-abattus-mercredi-a-mnihla-et-tataouine\/","url":"https:\/\/kapitalis.com\/tunisie\/2016\/05\/14\/les-noms-des-terroristes-abattus-mercredi-a-mnihla-et-tataouine\/","name":"Les noms des terroristes abattus mercredi \u00e0 Mnihla et Tataouine - Kapitalis","isPartOf":{"@id":"https:\/\/kapitalis.com\/tunisie\/#website"},"primaryImageOfPage":{"@id":"https:\/\/kapitalis.com\/tunisie\/2016\/05\/14\/les-noms-des-terroristes-abattus-mercredi-a-mnihla-et-tataouine\/#primaryimage"},"image":{"@id":"https:\/\/kapitalis.com\/tunisie\/2016\/05\/14\/les-noms-des-terroristes-abattus-mercredi-a-mnihla-et-tataouine\/#primaryimage"},"thumbnailUrl":"","datePublished":"2016-05-14T11:00:24+00:00","dateModified":"2016-05-14T11:00:51+00:00","breadcrumb":{"@id":"https:\/\/kapitalis.com\/tunisie\/2016\/05\/14\/les-noms-des-terroristes-abattus-mercredi-a-mnihla-et-tataouine\/#breadcrumb"},"inLanguage":"fr-FR","potentialAction":[{"@type":"ReadAction","target":["https:\/\/kapitalis.com\/tunisie\/2016\/05\/14\/les-noms-des-terroristes-abattus-mercredi-a-mnihla-et-tataouine\/"]}]},{"@type":"ImageObject","inLanguage":"fr-FR","@id":"https:\/\/kapitalis.com\/tunisie\/2016\/05\/14\/les-noms-des-terroristes-abattus-mercredi-a-mnihla-et-tataouine\/#primaryimage","url":"","contentUrl":""},{"@type":"BreadcrumbList","@id":"https:\/\/kapitalis.com\/tunisie\/2016\/05\/14\/les-noms-des-terroristes-abattus-mercredi-a-mnihla-et-tataouine\/#breadcrumb","itemListElement":[{"@type":"ListItem","position":1,"name":"Accueil","item":"https:\/\/kapitalis.com\/tunisie\/"},{"@type":"ListItem","position":2,"name":"Les noms des terroristes abattus mercredi \u00e0 Mnihla et Tataouine"}]},{"@type":"WebSite","@id":"https:\/\/kapitalis.com\/tunisie\/#website","url":"https:\/\/kapitalis.com\/tunisie\/","name":"Kapitalis","description":"L&#039;actualit\u00e9 en Tunisie et dans le monde","publisher":{"@id":"https:\/\/kapitalis.com\/tunisie\/#organization"},"potentialAction":[{"@type":"SearchAction","target":{"@type":"EntryPoint","urlTemplate":"https:\/\/kapitalis.com\/tunisie\/?s={search_term_string}"},"query-input":{"@type":"PropertyValueSpecification","valueRequired":true,"valueName":"search_term_string"}}],"inLanguage":"fr-FR"},{"@type":"Organization","@id":"https:\/\/kapitalis.com\/tunisie\/#organization","name":"Kapitalis","url":"https:\/\/kapitalis.com\/tunisie\/","logo":{"@type":"ImageObject","inLanguage":"fr-FR","@id":"https:\/\/kapitalis.com\/tunisie\/#\/schema\/logo\/image\/","url":"https:\/\/kapitalis.com\/tunisie\/wp-content\/uploads\/2022\/05\/Kapitalis-big-size.png","contentUrl":"https:\/\/kapitalis.com\/tunisie\/wp-content\/uploads\/2022\/05\/Kapitalis-big-size.png","width":5000,"height":1500,"caption":"Kapitalis"},"image":{"@id":"https:\/\/kapitalis.com\/tunisie\/#\/schema\/logo\/image\/"},"sameAs":["https:\/\/www.facebook.com\/KapitalisInfo\/","https:\/\/x.com\/KapitalisInfo","https:\/\/www.youtube.com\/channel\/UC-yDYrHyfFBWWZaOw3FPg9Q"]},{"@type":"Person","@id":"https:\/\/kapitalis.com\/tunisie\/#\/schema\/person\/74bbde0154d49d790a92aaeac5bc01d5","name":"Yusra NY","url":"https:\/\/kapitalis.com\/tunisie\/author\/yuza_adam\/"}]}},"_links":{"self":[{"href":"https:\/\/kapitalis.com\/tunisie\/wp-json\/wp\/v2\/posts\/50174","targetHints":{"allow":["GET"]}}],"collection":[{"href":"https:\/\/kapitalis.com\/tunisie\/wp-json\/wp\/v2\/posts"}],"about":[{"href":"https:\/\/kapitalis.com\/tunisie\/wp-json\/wp\/v2\/types\/post"}],"author":[{"embeddable":true,"href":"https:\/\/kapitalis.com\/tunisie\/wp-json\/wp\/v2\/users\/6"}],"replies":[{"embeddable":true,"href":"https:\/\/kapitalis.com\/tunisie\/wp-json\/wp\/v2\/comments?post=50174"}],"version-history":[{"count":0,"href":"https:\/\/kapitalis.com\/tunisie\/wp-json\/wp\/v2\/posts\/50174\/revisions"}],"wp:featuredmedia":[{"embeddable":true,"href":"https:\/\/kapitalis.com\/tunisie\/wp-json\/wp\/v2\/media\/50177"}],"wp:attachment":[{"href":"https:\/\/kapitalis.com\/tunisie\/wp-json\/wp\/v2\/media?parent=50174"}],"wp:term":[{"taxonomy":"category","embeddable":true,"href":"https:\/\/kapitalis.com\/tunisie\/wp-json\/wp\/v2\/categories?post=50174"},{"taxonomy":"post_tag","embeddable":true,"href":"https:\/\/kapitalis.com\/tunisie\/wp-json\/wp\/v2\/tags?post=50174"}],"curies":[{"name":"wp","href":"https:\/\/api.w.org\/{rel}","templated":true}]}}