{"id":5022801,"date":"2022-11-17T08:05:02","date_gmt":"2022-11-17T07:05:02","guid":{"rendered":"https:\/\/kapitalis.com\/tunisie\/?p=5022801"},"modified":"2022-11-17T08:05:04","modified_gmt":"2022-11-17T07:05:04","slug":"tunisie-la-reprise-economique-reste-insuffisante-estime-la-bad","status":"publish","type":"post","link":"https:\/\/kapitalis.com\/tunisie\/2022\/11\/17\/tunisie-la-reprise-economique-reste-insuffisante-estime-la-bad\/","title":{"rendered":"Tunisie\u00a0: la reprise \u00e9conomique reste insuffisante, estime la BAD \u00a0\u00a0"},"content":{"rendered":"\n<p><strong><em>La Banque africaine de d\u00e9veloppement (BAD) estime que la reprise de l\u2019activit\u00e9 \u00e9conomique en Tunisie n\u2019est pas suffisamment robuste pour retrouver les emplois perdus depuis le d\u00e9but de la pand\u00e9mie de Covid-19, et \u00e0 fortiori depuis la \u00abr\u00e9volution\u00bb de 2011.<\/em><\/strong><\/p>\n\n\n\n<!--more-->\n\n\n\n<p>On sait, en effet, que la Tunisie a besoin d\u2019un taux de croissance annuel moyen de 6 \u00e0 7% sur une dur\u00e9e d\u2019une dizaine d\u2019ann\u00e9es pour esp\u00e9rer r\u00e9sorber un taux de ch\u00f4mage qui peine \u00e0 descendre au-dessous de 15% depuis une d\u00e9cennie. Or, sa croissance du PIB peine \u00e0 d\u00e9coller. Elle devrait s\u2019\u00e9tablir \u00e0 2,5% en 2022 et 3,2% en 2023, sous l\u2019effet de la relance des secteurs touristique et industriel, selon le rapport sur les <em>\u00ab<a href=\"https:\/\/www.afdb.org\/fr\/news-and-events\/press-releases\/perspectives-economiques-en-afrique-du-nord-2022-retour-de-la-croissance-dans-un-contexte-de-flambee-des-prix-de-lenergie-et-de-lalimentation-56525\" target=\"_blank\" rel=\"noreferrer noopener\">Perspectives \u00e9conomiques en Afrique du Nord en 2022<\/a>\u00bb<\/em> rendu public par la BAD, mercredi 16 novembre 2022, \u00e0 Tunis.<\/p>\n\n\n\n<p>Selon la BAD, les projections r\u00e9alis\u00e9es montrent qu\u2019il est n\u00e9cessaire d\u2019am\u00e9liorer le climat des affaires et de stimuler la concurrence afin d\u2019acc\u00e9l\u00e9rer la reprise des investissements priv\u00e9s. Un r\u00e9tablissement de la viabilit\u00e9 des finances publiques, une gestion prudente de la dette et la disponibilit\u00e9 de denr\u00e9es alimentaires essentielles \u00e0 des prix abordables pour les populations vuln\u00e9rables seront n\u00e9cessaires pour att\u00e9nuer les risques : la quadrature du cercle en somme pour un gouvernement qui n&rsquo;a pas montr\u00e9 une grande comp\u00e9tence en mati\u00e8re socio\u00e9conomique, serions-nous tent\u00e9s d&rsquo;ajouter.<\/p>\n\n\n\n<p>Toujours selon le rapport, la reprise enregistr\u00e9e en 2021 en Tunisie a \u00e9t\u00e9 stimul\u00e9e par l\u2019industrie manufacturi\u00e8re et les services. Le choc li\u00e9 \u00e0 la pand\u00e9mie mondiale en 2020 a provoqu\u00e9 une grosse r\u00e9cession dans le pays avec une r\u00e9duction du PIB de 8,7%. L\u2019ann\u00e9e 2021 a \u00e9t\u00e9 marqu\u00e9e par une embellie importante avec une croissance du PIB de 3,4%.<\/p>\n\n\n\n<p>Cette reprise, associ\u00e9e \u00e0 l\u2019am\u00e9lioration des performances des secteurs de l\u2019industrie et des services, a favoris\u00e9 une augmentation des exportations. La demande totale a connu une hausse, en partie gr\u00e2ce \u00e0 une pouss\u00e9e de 24,5% des investissements du secteur priv\u00e9, apr\u00e8s une contraction de 26,8% en 2020.<\/p>\n\n\n\n<p>Il convient de pr\u00e9ciser ici que, elon le rapport de la BAD, le taux de croissance du PIB en Tunisie (2,5% en 2022 et 3,2% en 2023) reste inf\u00e9rieur \u00e0 celui de la moyenne de la r\u00e9gion de l\u2019Afrique du Nord, qui se situera au niveau de 4,5% en 2022 et de 4,2% en 2023.<\/p>\n\n\n\n<p class=\"has-text-align-right\"><strong>I. B.<\/strong><\/p>\n","protected":false},"excerpt":{"rendered":"<p>La reprise de l\u2019activit\u00e9 \u00e9conomique en Tunisie n\u2019est pas suffisamment robuste pour retrouver les emplois perdus depuis le d\u00e9but de la pand\u00e9mie de Covid-19. <\/p>\n","protected":false},"author":8,"featured_media":5022880,"comment_status":"open","ping_status":"open","sticky":false,"template":"","format":"standard","meta":{"footnotes":""},"categories":[995,2433],"tags":[104468,4277,127,2954,4750,80846,62643],"class_list":["post-5022801","post","type-post","status-publish","format-standard","has-post-thumbnail","hentry","category-economie","category-tunisie","tag-104468","tag-afrique-du-nord","tag-banque-africaine-de-developpement","tag-climat-des-affaires","tag-croissance-economique","tag-perspectives-economiques","tag-tunisie"],"yoast_head":"<!-- This site is optimized with the Yoast SEO plugin v26.6 - https:\/\/yoast.com\/wordpress\/plugins\/seo\/ -->\n<title>Tunisie\u00a0: la reprise \u00e9conomique reste insuffisante, estime la BAD \u00a0\u00a0 - Kapitalis<\/title>\n<meta name=\"robots\" content=\"index, follow, max-snippet:-1, max-image-preview:large, max-video-preview:-1\" \/>\n<link rel=\"canonical\" href=\"https:\/\/kapitalis.com\/tunisie\/2022\/11\/17\/tunisie-la-reprise-economique-reste-insuffisante-estime-la-bad\/\" \/>\n<meta property=\"og:locale\" content=\"fr_FR\" \/>\n<meta property=\"og:type\" content=\"article\" \/>\n<meta property=\"og:title\" content=\"Tunisie\u00a0: la reprise \u00e9conomique reste insuffisante, estime la BAD \u00a0\u00a0 - Kapitalis\" \/>\n<meta property=\"og:description\" content=\"La reprise de l\u2019activit\u00e9 \u00e9conomique en Tunisie n\u2019est pas suffisamment robuste pour retrouver les emplois perdus depuis le d\u00e9but de la pand\u00e9mie de Covid-19.\" \/>\n<meta property=\"og:url\" content=\"https:\/\/kapitalis.com\/tunisie\/2022\/11\/17\/tunisie-la-reprise-economique-reste-insuffisante-estime-la-bad\/\" \/>\n<meta property=\"og:site_name\" content=\"Kapitalis\" \/>\n<meta property=\"article:publisher\" content=\"https:\/\/www.facebook.com\/KapitalisInfo\/\" \/>\n<meta property=\"article:published_time\" content=\"2022-11-17T07:05:02+00:00\" \/>\n<meta property=\"article:modified_time\" content=\"2022-11-17T07:05:04+00:00\" \/>\n<meta property=\"og:image\" content=\"https:\/\/kapitalis.com\/tunisie\/wp-content\/uploads\/2022\/11\/Perspectives-economiques-Afrique-du-Nord-BAD.jpg\" \/>\n\t<meta property=\"og:image:width\" content=\"1200\" \/>\n\t<meta property=\"og:image:height\" content=\"630\" \/>\n\t<meta property=\"og:image:type\" content=\"image\/jpeg\" \/>\n<meta name=\"author\" content=\"webmaster kapitalis\" \/>\n<meta name=\"twitter:card\" content=\"summary_large_image\" \/>\n<meta name=\"twitter:creator\" content=\"@KapitalisInfo\" \/>\n<meta name=\"twitter:site\" content=\"@KapitalisInfo\" \/>\n<meta name=\"twitter:label1\" content=\"\u00c9crit par\" \/>\n\t<meta name=\"twitter:data1\" content=\"webmaster kapitalis\" \/>\n\t<meta name=\"twitter:label2\" content=\"Dur\u00e9e de lecture estim\u00e9e\" \/>\n\t<meta name=\"twitter:data2\" content=\"2 minutes\" \/>\n<script type=\"application\/ld+json\" class=\"yoast-schema-graph\">{\"@context\":\"https:\/\/schema.org\",\"@graph\":[{\"@type\":\"Article\",\"@id\":\"https:\/\/kapitalis.com\/tunisie\/2022\/11\/17\/tunisie-la-reprise-economique-reste-insuffisante-estime-la-bad\/#article\",\"isPartOf\":{\"@id\":\"https:\/\/kapitalis.com\/tunisie\/2022\/11\/17\/tunisie-la-reprise-economique-reste-insuffisante-estime-la-bad\/\"},\"author\":{\"name\":\"webmaster kapitalis\",\"@id\":\"https:\/\/kapitalis.com\/tunisie\/#\/schema\/person\/d71f33a9ca44f7bad4698210b480c8e9\"},\"headline\":\"Tunisie\u00a0: la reprise \u00e9conomique reste insuffisante, estime la BAD \u00a0\u00a0\",\"datePublished\":\"2022-11-17T07:05:02+00:00\",\"dateModified\":\"2022-11-17T07:05:04+00:00\",\"mainEntityOfPage\":{\"@id\":\"https:\/\/kapitalis.com\/tunisie\/2022\/11\/17\/tunisie-la-reprise-economique-reste-insuffisante-estime-la-bad\/\"},\"wordCount\":412,\"commentCount\":0,\"publisher\":{\"@id\":\"https:\/\/kapitalis.com\/tunisie\/#organization\"},\"image\":{\"@id\":\"https:\/\/kapitalis.com\/tunisie\/2022\/11\/17\/tunisie-la-reprise-economique-reste-insuffisante-estime-la-bad\/#primaryimage\"},\"thumbnailUrl\":\"https:\/\/kapitalis.com\/tunisie\/wp-content\/uploads\/2022\/11\/Perspectives-economiques-Afrique-du-Nord-BAD.jpg\",\"keywords\":[\"2022\",\"Afrique du Nord\",\"Banque africaine de d\u00e9veloppement\",\"climat des affaires\",\"croissance \u00e9conomique\",\"Perspectives \u00e9conomiques\",\"Tunisie\"],\"articleSection\":[\"ECONOMIE\",\"Tunisie\"],\"inLanguage\":\"fr-FR\",\"potentialAction\":[{\"@type\":\"CommentAction\",\"name\":\"Comment\",\"target\":[\"https:\/\/kapitalis.com\/tunisie\/2022\/11\/17\/tunisie-la-reprise-economique-reste-insuffisante-estime-la-bad\/#respond\"]}]},{\"@type\":\"WebPage\",\"@id\":\"https:\/\/kapitalis.com\/tunisie\/2022\/11\/17\/tunisie-la-reprise-economique-reste-insuffisante-estime-la-bad\/\",\"url\":\"https:\/\/kapitalis.com\/tunisie\/2022\/11\/17\/tunisie-la-reprise-economique-reste-insuffisante-estime-la-bad\/\",\"name\":\"Tunisie\u00a0: la reprise \u00e9conomique reste insuffisante, estime la BAD \u00a0\u00a0 - Kapitalis\",\"isPartOf\":{\"@id\":\"https:\/\/kapitalis.com\/tunisie\/#website\"},\"primaryImageOfPage\":{\"@id\":\"https:\/\/kapitalis.com\/tunisie\/2022\/11\/17\/tunisie-la-reprise-economique-reste-insuffisante-estime-la-bad\/#primaryimage\"},\"image\":{\"@id\":\"https:\/\/kapitalis.com\/tunisie\/2022\/11\/17\/tunisie-la-reprise-economique-reste-insuffisante-estime-la-bad\/#primaryimage\"},\"thumbnailUrl\":\"https:\/\/kapitalis.com\/tunisie\/wp-content\/uploads\/2022\/11\/Perspectives-economiques-Afrique-du-Nord-BAD.jpg\",\"datePublished\":\"2022-11-17T07:05:02+00:00\",\"dateModified\":\"2022-11-17T07:05:04+00:00\",\"breadcrumb\":{\"@id\":\"https:\/\/kapitalis.com\/tunisie\/2022\/11\/17\/tunisie-la-reprise-economique-reste-insuffisante-estime-la-bad\/#breadcrumb\"},\"inLanguage\":\"fr-FR\",\"potentialAction\":[{\"@type\":\"ReadAction\",\"target\":[\"https:\/\/kapitalis.com\/tunisie\/2022\/11\/17\/tunisie-la-reprise-economique-reste-insuffisante-estime-la-bad\/\"]}]},{\"@type\":\"ImageObject\",\"inLanguage\":\"fr-FR\",\"@id\":\"https:\/\/kapitalis.com\/tunisie\/2022\/11\/17\/tunisie-la-reprise-economique-reste-insuffisante-estime-la-bad\/#primaryimage\",\"url\":\"https:\/\/kapitalis.com\/tunisie\/wp-content\/uploads\/2022\/11\/Perspectives-economiques-Afrique-du-Nord-BAD.jpg\",\"contentUrl\":\"https:\/\/kapitalis.com\/tunisie\/wp-content\/uploads\/2022\/11\/Perspectives-economiques-Afrique-du-Nord-BAD.jpg\",\"width\":1200,\"height\":630},{\"@type\":\"BreadcrumbList\",\"@id\":\"https:\/\/kapitalis.com\/tunisie\/2022\/11\/17\/tunisie-la-reprise-economique-reste-insuffisante-estime-la-bad\/#breadcrumb\",\"itemListElement\":[{\"@type\":\"ListItem\",\"position\":1,\"name\":\"Accueil\",\"item\":\"https:\/\/kapitalis.com\/tunisie\/\"},{\"@type\":\"ListItem\",\"position\":2,\"name\":\"Tunisie\u00a0: la reprise \u00e9conomique reste insuffisante, estime la BAD \u00a0\u00a0\"}]},{\"@type\":\"WebSite\",\"@id\":\"https:\/\/kapitalis.com\/tunisie\/#website\",\"url\":\"https:\/\/kapitalis.com\/tunisie\/\",\"name\":\"Kapitalis\",\"description\":\"L&#039;actualit\u00e9 en Tunisie et dans le monde\",\"publisher\":{\"@id\":\"https:\/\/kapitalis.com\/tunisie\/#organization\"},\"potentialAction\":[{\"@type\":\"SearchAction\",\"target\":{\"@type\":\"EntryPoint\",\"urlTemplate\":\"https:\/\/kapitalis.com\/tunisie\/?s={search_term_string}\"},\"query-input\":{\"@type\":\"PropertyValueSpecification\",\"valueRequired\":true,\"valueName\":\"search_term_string\"}}],\"inLanguage\":\"fr-FR\"},{\"@type\":\"Organization\",\"@id\":\"https:\/\/kapitalis.com\/tunisie\/#organization\",\"name\":\"Kapitalis\",\"url\":\"https:\/\/kapitalis.com\/tunisie\/\",\"logo\":{\"@type\":\"ImageObject\",\"inLanguage\":\"fr-FR\",\"@id\":\"https:\/\/kapitalis.com\/tunisie\/#\/schema\/logo\/image\/\",\"url\":\"https:\/\/kapitalis.com\/tunisie\/wp-content\/uploads\/2022\/05\/Kapitalis-big-size.png\",\"contentUrl\":\"https:\/\/kapitalis.com\/tunisie\/wp-content\/uploads\/2022\/05\/Kapitalis-big-size.png\",\"width\":5000,\"height\":1500,\"caption\":\"Kapitalis\"},\"image\":{\"@id\":\"https:\/\/kapitalis.com\/tunisie\/#\/schema\/logo\/image\/\"},\"sameAs\":[\"https:\/\/www.facebook.com\/KapitalisInfo\/\",\"https:\/\/x.com\/KapitalisInfo\",\"https:\/\/www.youtube.com\/channel\/UC-yDYrHyfFBWWZaOw3FPg9Q\"]},{\"@type\":\"Person\",\"@id\":\"https:\/\/kapitalis.com\/tunisie\/#\/schema\/person\/d71f33a9ca44f7bad4698210b480c8e9\",\"name\":\"webmaster kapitalis\",\"url\":\"https:\/\/kapitalis.com\/tunisie\/author\/webmaster-kapitalis\/\"}]}<\/script>\n<!-- \/ Yoast SEO plugin. -->","yoast_head_json":{"title":"Tunisie\u00a0: la reprise \u00e9conomique reste insuffisante, estime la BAD \u00a0\u00a0 - Kapitalis","robots":{"index":"index","follow":"follow","max-snippet":"max-snippet:-1","max-image-preview":"max-image-preview:large","max-video-preview":"max-video-preview:-1"},"canonical":"https:\/\/kapitalis.com\/tunisie\/2022\/11\/17\/tunisie-la-reprise-economique-reste-insuffisante-estime-la-bad\/","og_locale":"fr_FR","og_type":"article","og_title":"Tunisie\u00a0: la reprise \u00e9conomique reste insuffisante, estime la BAD \u00a0\u00a0 - Kapitalis","og_description":"La reprise de l\u2019activit\u00e9 \u00e9conomique en Tunisie n\u2019est pas suffisamment robuste pour retrouver les emplois perdus depuis le d\u00e9but de la pand\u00e9mie de Covid-19.","og_url":"https:\/\/kapitalis.com\/tunisie\/2022\/11\/17\/tunisie-la-reprise-economique-reste-insuffisante-estime-la-bad\/","og_site_name":"Kapitalis","article_publisher":"https:\/\/www.facebook.com\/KapitalisInfo\/","article_published_time":"2022-11-17T07:05:02+00:00","article_modified_time":"2022-11-17T07:05:04+00:00","og_image":[{"width":1200,"height":630,"url":"https:\/\/kapitalis.com\/tunisie\/wp-content\/uploads\/2022\/11\/Perspectives-economiques-Afrique-du-Nord-BAD.jpg","type":"image\/jpeg"}],"author":"webmaster kapitalis","twitter_card":"summary_large_image","twitter_creator":"@KapitalisInfo","twitter_site":"@KapitalisInfo","twitter_misc":{"\u00c9crit par":"webmaster kapitalis","Dur\u00e9e de lecture estim\u00e9e":"2 minutes"},"schema":{"@context":"https:\/\/schema.org","@graph":[{"@type":"Article","@id":"https:\/\/kapitalis.com\/tunisie\/2022\/11\/17\/tunisie-la-reprise-economique-reste-insuffisante-estime-la-bad\/#article","isPartOf":{"@id":"https:\/\/kapitalis.com\/tunisie\/2022\/11\/17\/tunisie-la-reprise-economique-reste-insuffisante-estime-la-bad\/"},"author":{"name":"webmaster kapitalis","@id":"https:\/\/kapitalis.com\/tunisie\/#\/schema\/person\/d71f33a9ca44f7bad4698210b480c8e9"},"headline":"Tunisie\u00a0: la reprise \u00e9conomique reste insuffisante, estime la BAD \u00a0\u00a0","datePublished":"2022-11-17T07:05:02+00:00","dateModified":"2022-11-17T07:05:04+00:00","mainEntityOfPage":{"@id":"https:\/\/kapitalis.com\/tunisie\/2022\/11\/17\/tunisie-la-reprise-economique-reste-insuffisante-estime-la-bad\/"},"wordCount":412,"commentCount":0,"publisher":{"@id":"https:\/\/kapitalis.com\/tunisie\/#organization"},"image":{"@id":"https:\/\/kapitalis.com\/tunisie\/2022\/11\/17\/tunisie-la-reprise-economique-reste-insuffisante-estime-la-bad\/#primaryimage"},"thumbnailUrl":"https:\/\/kapitalis.com\/tunisie\/wp-content\/uploads\/2022\/11\/Perspectives-economiques-Afrique-du-Nord-BAD.jpg","keywords":["2022","Afrique du Nord","Banque africaine de d\u00e9veloppement","climat des affaires","croissance \u00e9conomique","Perspectives \u00e9conomiques","Tunisie"],"articleSection":["ECONOMIE","Tunisie"],"inLanguage":"fr-FR","potentialAction":[{"@type":"CommentAction","name":"Comment","target":["https:\/\/kapitalis.com\/tunisie\/2022\/11\/17\/tunisie-la-reprise-economique-reste-insuffisante-estime-la-bad\/#respond"]}]},{"@type":"WebPage","@id":"https:\/\/kapitalis.com\/tunisie\/2022\/11\/17\/tunisie-la-reprise-economique-reste-insuffisante-estime-la-bad\/","url":"https:\/\/kapitalis.com\/tunisie\/2022\/11\/17\/tunisie-la-reprise-economique-reste-insuffisante-estime-la-bad\/","name":"Tunisie\u00a0: la reprise \u00e9conomique reste insuffisante, estime la BAD \u00a0\u00a0 - Kapitalis","isPartOf":{"@id":"https:\/\/kapitalis.com\/tunisie\/#website"},"primaryImageOfPage":{"@id":"https:\/\/kapitalis.com\/tunisie\/2022\/11\/17\/tunisie-la-reprise-economique-reste-insuffisante-estime-la-bad\/#primaryimage"},"image":{"@id":"https:\/\/kapitalis.com\/tunisie\/2022\/11\/17\/tunisie-la-reprise-economique-reste-insuffisante-estime-la-bad\/#primaryimage"},"thumbnailUrl":"https:\/\/kapitalis.com\/tunisie\/wp-content\/uploads\/2022\/11\/Perspectives-economiques-Afrique-du-Nord-BAD.jpg","datePublished":"2022-11-17T07:05:02+00:00","dateModified":"2022-11-17T07:05:04+00:00","breadcrumb":{"@id":"https:\/\/kapitalis.com\/tunisie\/2022\/11\/17\/tunisie-la-reprise-economique-reste-insuffisante-estime-la-bad\/#breadcrumb"},"inLanguage":"fr-FR","potentialAction":[{"@type":"ReadAction","target":["https:\/\/kapitalis.com\/tunisie\/2022\/11\/17\/tunisie-la-reprise-economique-reste-insuffisante-estime-la-bad\/"]}]},{"@type":"ImageObject","inLanguage":"fr-FR","@id":"https:\/\/kapitalis.com\/tunisie\/2022\/11\/17\/tunisie-la-reprise-economique-reste-insuffisante-estime-la-bad\/#primaryimage","url":"https:\/\/kapitalis.com\/tunisie\/wp-content\/uploads\/2022\/11\/Perspectives-economiques-Afrique-du-Nord-BAD.jpg","contentUrl":"https:\/\/kapitalis.com\/tunisie\/wp-content\/uploads\/2022\/11\/Perspectives-economiques-Afrique-du-Nord-BAD.jpg","width":1200,"height":630},{"@type":"BreadcrumbList","@id":"https:\/\/kapitalis.com\/tunisie\/2022\/11\/17\/tunisie-la-reprise-economique-reste-insuffisante-estime-la-bad\/#breadcrumb","itemListElement":[{"@type":"ListItem","position":1,"name":"Accueil","item":"https:\/\/kapitalis.com\/tunisie\/"},{"@type":"ListItem","position":2,"name":"Tunisie\u00a0: la reprise \u00e9conomique reste insuffisante, estime la BAD \u00a0\u00a0"}]},{"@type":"WebSite","@id":"https:\/\/kapitalis.com\/tunisie\/#website","url":"https:\/\/kapitalis.com\/tunisie\/","name":"Kapitalis","description":"L&#039;actualit\u00e9 en Tunisie et dans le monde","publisher":{"@id":"https:\/\/kapitalis.com\/tunisie\/#organization"},"potentialAction":[{"@type":"SearchAction","target":{"@type":"EntryPoint","urlTemplate":"https:\/\/kapitalis.com\/tunisie\/?s={search_term_string}"},"query-input":{"@type":"PropertyValueSpecification","valueRequired":true,"valueName":"search_term_string"}}],"inLanguage":"fr-FR"},{"@type":"Organization","@id":"https:\/\/kapitalis.com\/tunisie\/#organization","name":"Kapitalis","url":"https:\/\/kapitalis.com\/tunisie\/","logo":{"@type":"ImageObject","inLanguage":"fr-FR","@id":"https:\/\/kapitalis.com\/tunisie\/#\/schema\/logo\/image\/","url":"https:\/\/kapitalis.com\/tunisie\/wp-content\/uploads\/2022\/05\/Kapitalis-big-size.png","contentUrl":"https:\/\/kapitalis.com\/tunisie\/wp-content\/uploads\/2022\/05\/Kapitalis-big-size.png","width":5000,"height":1500,"caption":"Kapitalis"},"image":{"@id":"https:\/\/kapitalis.com\/tunisie\/#\/schema\/logo\/image\/"},"sameAs":["https:\/\/www.facebook.com\/KapitalisInfo\/","https:\/\/x.com\/KapitalisInfo","https:\/\/www.youtube.com\/channel\/UC-yDYrHyfFBWWZaOw3FPg9Q"]},{"@type":"Person","@id":"https:\/\/kapitalis.com\/tunisie\/#\/schema\/person\/d71f33a9ca44f7bad4698210b480c8e9","name":"webmaster kapitalis","url":"https:\/\/kapitalis.com\/tunisie\/author\/webmaster-kapitalis\/"}]}},"_links":{"self":[{"href":"https:\/\/kapitalis.com\/tunisie\/wp-json\/wp\/v2\/posts\/5022801","targetHints":{"allow":["GET"]}}],"collection":[{"href":"https:\/\/kapitalis.com\/tunisie\/wp-json\/wp\/v2\/posts"}],"about":[{"href":"https:\/\/kapitalis.com\/tunisie\/wp-json\/wp\/v2\/types\/post"}],"author":[{"embeddable":true,"href":"https:\/\/kapitalis.com\/tunisie\/wp-json\/wp\/v2\/users\/8"}],"replies":[{"embeddable":true,"href":"https:\/\/kapitalis.com\/tunisie\/wp-json\/wp\/v2\/comments?post=5022801"}],"version-history":[{"count":0,"href":"https:\/\/kapitalis.com\/tunisie\/wp-json\/wp\/v2\/posts\/5022801\/revisions"}],"wp:featuredmedia":[{"embeddable":true,"href":"https:\/\/kapitalis.com\/tunisie\/wp-json\/wp\/v2\/media\/5022880"}],"wp:attachment":[{"href":"https:\/\/kapitalis.com\/tunisie\/wp-json\/wp\/v2\/media?parent=5022801"}],"wp:term":[{"taxonomy":"category","embeddable":true,"href":"https:\/\/kapitalis.com\/tunisie\/wp-json\/wp\/v2\/categories?post=5022801"},{"taxonomy":"post_tag","embeddable":true,"href":"https:\/\/kapitalis.com\/tunisie\/wp-json\/wp\/v2\/tags?post=5022801"}],"curies":[{"name":"wp","href":"https:\/\/api.w.org\/{rel}","templated":true}]}}