{"id":50392,"date":"2016-05-16T18:35:08","date_gmt":"2016-05-16T17:35:08","guid":{"rendered":"http:\/\/kapitalis.com\/tunisie\/?p=50392"},"modified":"2016-05-16T18:37:33","modified_gmt":"2016-05-16T17:37:33","slug":"adel-ghandri-1er-responsable-du-transit-des-armes-entre-la-libye-et-la-tunisie","status":"publish","type":"post","link":"https:\/\/kapitalis.com\/tunisie\/2016\/05\/16\/adel-ghandri-1er-responsable-du-transit-des-armes-entre-la-libye-et-la-tunisie\/","title":{"rendered":"Adel Ghandri, 1er responsable du transit des armes entre la Libye et la Tunisie"},"content":{"rendered":"<p><img loading=\"lazy\" decoding=\"async\" class=\"alignnone size-full wp-image-42536 aligncenter\" src=\"http:\/\/kapitalis.com\/tunisie\/wp-content\/uploads\/2016\/03\/Adel-Ghandri.jpg\" alt=\"Adel-Ghandri\" width=\"626\" height=\"380\" \/><\/p>\n<p><em><strong>Adel Ghandri (30 ans), contrebandier de son \u00e9tat, est le principal responsable de l\u2019introduction des armes de tous types pour les groupes terroristes en Tunisie.<\/strong> <\/em><\/p>\n<p><!--more--><\/p>\n<p>C\u2019est ce qu\u2019a indiqu\u00e9, aujourd\u2019hui, sur Shems FM, Mohamed Sgha\u00efer Hbaieli, porte-parole du Syndicat des officiers et agents de la garde nationale, qui a confirm\u00e9 l\u2019implication directe du contrebandier, captur\u00e9 vivant lors de l\u2019op\u00e9ration antiterroriste du\u00a011 mai courant, \u00e0 Mnihla et ses environs, dans le transit des armes entre la Libye et la Tunisie.<\/p>\n<p>Les unit\u00e9s sp\u00e9ciales de la garde nationale avaient affaire, \u00e0 Mnihla et \u00e0 Ben Guerdane, \u00e0 des \u00e9l\u00e9ments redoutables et le succ\u00e8s de l\u2019op\u00e9ration men\u00e9e la semaine derni\u00e8re dans le gouvernorat de l\u2019Ariana est le<em> \u00abfruit d\u2019une coordination d\u2019envergure, sensible et risqu\u00e9e entre tous les services de s\u00e9curit\u00e9, qui a n\u00e9cessit\u00e9 l\u2019utilisation d\u2019un \u00e9quipement de pointe\u00bb<\/em>, a encore expliqu\u00e9 Mohamed Sgha\u00efer Hbaieli, sans donner des pr\u00e9cisions sur la nature de ces \u00e9quipements.<\/p>\n<p>Par ailleurs, des sources s\u00e9curitaires ont indiqu\u00e9 \u00e0 Kapitalis que le gendre d\u2019Adel Ghandri, originaire de Tataouine, est un agent de s\u00e9curit\u00e9 qui \u00e9tait en poste dans la r\u00e9gion avant d\u2019\u00eatre mut\u00e9, apr\u00e8s l\u2019\u00e9chec de la capture du contrebandier lors d\u2019une descente \u00e0 son domicile, quelques jours avant l\u2019attaque terroriste de Ben Guerdane, en mars dernier.<\/p>\n<p>Arr\u00eat\u00e9e, le 12 mai courant, l\u2019\u00e9pouse d\u2019Adel Ghandri a d\u00e9clar\u00e9 au juge d\u2019instruction \u00e0 Tunis qu\u2019elle a introduit une demande de divorce bien avant l\u2019attaque de Ben Guerdane et apr\u00e8s avoir d\u00e9couvert que son \u00e9poux a beaucoup chang\u00e9 et est devenu tr\u00e8s secret, distant, d\u00e9couchant tr\u00e8s souvent, ajoutant qu\u2019il lui faisait peur par les choses qu\u2019il lui cachait.<\/p>\n<p style=\"text-align: right;\"><strong>Z. A.<\/strong><\/p>\n","protected":false},"excerpt":{"rendered":"<p>Adel Ghandri (30 ans), contrebandier de son \u00e9tat, est le principal responsable de l\u2019introduction des armes de tous types pour les groupes terroristes en Tunisie.<\/p>\n","protected":false},"author":8,"featured_media":0,"comment_status":"open","ping_status":"open","sticky":false,"template":"","format":"standard","meta":{"footnotes":""},"categories":[998,2433],"tags":[15595,81,1818,1253,8459],"class_list":["post-50392","post","type-post","status-publish","format-standard","hentry","category-societe","category-tunisie","tag-adel-ghandri","tag-armes","tag-ben-guerdane","tag-contrebandier","tag-mnihla"],"yoast_head":"<!-- This site is optimized with the Yoast SEO plugin v26.6 - https:\/\/yoast.com\/wordpress\/plugins\/seo\/ -->\n<title>Adel Ghandri, 1er responsable du transit des armes entre la Libye et la Tunisie - Kapitalis<\/title>\n<meta name=\"robots\" content=\"index, follow, max-snippet:-1, max-image-preview:large, max-video-preview:-1\" \/>\n<link rel=\"canonical\" href=\"https:\/\/kapitalis.com\/tunisie\/2016\/05\/16\/adel-ghandri-1er-responsable-du-transit-des-armes-entre-la-libye-et-la-tunisie\/\" \/>\n<meta property=\"og:locale\" content=\"fr_FR\" \/>\n<meta property=\"og:type\" content=\"article\" \/>\n<meta property=\"og:title\" content=\"Adel Ghandri, 1er responsable du transit des armes entre la Libye et la Tunisie - Kapitalis\" \/>\n<meta property=\"og:description\" content=\"Adel Ghandri (30 ans), contrebandier de son \u00e9tat, est le principal responsable de l\u2019introduction des armes de tous types pour les groupes terroristes en Tunisie.\" \/>\n<meta property=\"og:url\" content=\"https:\/\/kapitalis.com\/tunisie\/2016\/05\/16\/adel-ghandri-1er-responsable-du-transit-des-armes-entre-la-libye-et-la-tunisie\/\" \/>\n<meta property=\"og:site_name\" content=\"Kapitalis\" \/>\n<meta property=\"article:publisher\" content=\"https:\/\/www.facebook.com\/KapitalisInfo\/\" \/>\n<meta property=\"article:published_time\" content=\"2016-05-16T17:35:08+00:00\" \/>\n<meta property=\"article:modified_time\" content=\"2016-05-16T17:37:33+00:00\" \/>\n<meta property=\"og:image\" content=\"http:\/\/kapitalis.com\/tunisie\/wp-content\/uploads\/2016\/03\/Adel-Ghandri.jpg\" \/>\n<meta name=\"author\" content=\"webmaster kapitalis\" \/>\n<meta name=\"twitter:card\" content=\"summary_large_image\" \/>\n<meta name=\"twitter:creator\" content=\"@KapitalisInfo\" \/>\n<meta name=\"twitter:site\" content=\"@KapitalisInfo\" \/>\n<meta name=\"twitter:label1\" content=\"\u00c9crit par\" \/>\n\t<meta name=\"twitter:data1\" content=\"webmaster kapitalis\" \/>\n\t<meta name=\"twitter:label2\" content=\"Dur\u00e9e de lecture estim\u00e9e\" \/>\n\t<meta name=\"twitter:data2\" content=\"2 minutes\" \/>\n<script type=\"application\/ld+json\" class=\"yoast-schema-graph\">{\"@context\":\"https:\/\/schema.org\",\"@graph\":[{\"@type\":\"Article\",\"@id\":\"https:\/\/kapitalis.com\/tunisie\/2016\/05\/16\/adel-ghandri-1er-responsable-du-transit-des-armes-entre-la-libye-et-la-tunisie\/#article\",\"isPartOf\":{\"@id\":\"https:\/\/kapitalis.com\/tunisie\/2016\/05\/16\/adel-ghandri-1er-responsable-du-transit-des-armes-entre-la-libye-et-la-tunisie\/\"},\"author\":{\"name\":\"webmaster kapitalis\",\"@id\":\"https:\/\/kapitalis.com\/tunisie\/#\/schema\/person\/d71f33a9ca44f7bad4698210b480c8e9\"},\"headline\":\"Adel Ghandri, 1er responsable du transit des armes entre la Libye et la Tunisie\",\"datePublished\":\"2016-05-16T17:35:08+00:00\",\"dateModified\":\"2016-05-16T17:37:33+00:00\",\"mainEntityOfPage\":{\"@id\":\"https:\/\/kapitalis.com\/tunisie\/2016\/05\/16\/adel-ghandri-1er-responsable-du-transit-des-armes-entre-la-libye-et-la-tunisie\/\"},\"wordCount\":322,\"commentCount\":2,\"publisher\":{\"@id\":\"https:\/\/kapitalis.com\/tunisie\/#organization\"},\"image\":{\"@id\":\"https:\/\/kapitalis.com\/tunisie\/2016\/05\/16\/adel-ghandri-1er-responsable-du-transit-des-armes-entre-la-libye-et-la-tunisie\/#primaryimage\"},\"thumbnailUrl\":\"http:\/\/kapitalis.com\/tunisie\/wp-content\/uploads\/2016\/03\/Adel-Ghandri.jpg\",\"keywords\":[\"Adel Ghandri\",\"armes\",\"Ben Guerdane\",\"contrebandier\",\"Mnihla\"],\"articleSection\":[\"SOCIETE\",\"Tunisie\"],\"inLanguage\":\"fr-FR\",\"potentialAction\":[{\"@type\":\"CommentAction\",\"name\":\"Comment\",\"target\":[\"https:\/\/kapitalis.com\/tunisie\/2016\/05\/16\/adel-ghandri-1er-responsable-du-transit-des-armes-entre-la-libye-et-la-tunisie\/#respond\"]}]},{\"@type\":\"WebPage\",\"@id\":\"https:\/\/kapitalis.com\/tunisie\/2016\/05\/16\/adel-ghandri-1er-responsable-du-transit-des-armes-entre-la-libye-et-la-tunisie\/\",\"url\":\"https:\/\/kapitalis.com\/tunisie\/2016\/05\/16\/adel-ghandri-1er-responsable-du-transit-des-armes-entre-la-libye-et-la-tunisie\/\",\"name\":\"Adel Ghandri, 1er responsable du transit des armes entre la Libye et la Tunisie - Kapitalis\",\"isPartOf\":{\"@id\":\"https:\/\/kapitalis.com\/tunisie\/#website\"},\"primaryImageOfPage\":{\"@id\":\"https:\/\/kapitalis.com\/tunisie\/2016\/05\/16\/adel-ghandri-1er-responsable-du-transit-des-armes-entre-la-libye-et-la-tunisie\/#primaryimage\"},\"image\":{\"@id\":\"https:\/\/kapitalis.com\/tunisie\/2016\/05\/16\/adel-ghandri-1er-responsable-du-transit-des-armes-entre-la-libye-et-la-tunisie\/#primaryimage\"},\"thumbnailUrl\":\"http:\/\/kapitalis.com\/tunisie\/wp-content\/uploads\/2016\/03\/Adel-Ghandri.jpg\",\"datePublished\":\"2016-05-16T17:35:08+00:00\",\"dateModified\":\"2016-05-16T17:37:33+00:00\",\"breadcrumb\":{\"@id\":\"https:\/\/kapitalis.com\/tunisie\/2016\/05\/16\/adel-ghandri-1er-responsable-du-transit-des-armes-entre-la-libye-et-la-tunisie\/#breadcrumb\"},\"inLanguage\":\"fr-FR\",\"potentialAction\":[{\"@type\":\"ReadAction\",\"target\":[\"https:\/\/kapitalis.com\/tunisie\/2016\/05\/16\/adel-ghandri-1er-responsable-du-transit-des-armes-entre-la-libye-et-la-tunisie\/\"]}]},{\"@type\":\"ImageObject\",\"inLanguage\":\"fr-FR\",\"@id\":\"https:\/\/kapitalis.com\/tunisie\/2016\/05\/16\/adel-ghandri-1er-responsable-du-transit-des-armes-entre-la-libye-et-la-tunisie\/#primaryimage\",\"url\":\"http:\/\/kapitalis.com\/tunisie\/wp-content\/uploads\/2016\/03\/Adel-Ghandri.jpg\",\"contentUrl\":\"http:\/\/kapitalis.com\/tunisie\/wp-content\/uploads\/2016\/03\/Adel-Ghandri.jpg\"},{\"@type\":\"BreadcrumbList\",\"@id\":\"https:\/\/kapitalis.com\/tunisie\/2016\/05\/16\/adel-ghandri-1er-responsable-du-transit-des-armes-entre-la-libye-et-la-tunisie\/#breadcrumb\",\"itemListElement\":[{\"@type\":\"ListItem\",\"position\":1,\"name\":\"Accueil\",\"item\":\"https:\/\/kapitalis.com\/tunisie\/\"},{\"@type\":\"ListItem\",\"position\":2,\"name\":\"Adel Ghandri, 1er responsable du transit des armes entre la Libye et la Tunisie\"}]},{\"@type\":\"WebSite\",\"@id\":\"https:\/\/kapitalis.com\/tunisie\/#website\",\"url\":\"https:\/\/kapitalis.com\/tunisie\/\",\"name\":\"Kapitalis\",\"description\":\"L&#039;actualit\u00e9 en Tunisie et dans le monde\",\"publisher\":{\"@id\":\"https:\/\/kapitalis.com\/tunisie\/#organization\"},\"potentialAction\":[{\"@type\":\"SearchAction\",\"target\":{\"@type\":\"EntryPoint\",\"urlTemplate\":\"https:\/\/kapitalis.com\/tunisie\/?s={search_term_string}\"},\"query-input\":{\"@type\":\"PropertyValueSpecification\",\"valueRequired\":true,\"valueName\":\"search_term_string\"}}],\"inLanguage\":\"fr-FR\"},{\"@type\":\"Organization\",\"@id\":\"https:\/\/kapitalis.com\/tunisie\/#organization\",\"name\":\"Kapitalis\",\"url\":\"https:\/\/kapitalis.com\/tunisie\/\",\"logo\":{\"@type\":\"ImageObject\",\"inLanguage\":\"fr-FR\",\"@id\":\"https:\/\/kapitalis.com\/tunisie\/#\/schema\/logo\/image\/\",\"url\":\"https:\/\/kapitalis.com\/tunisie\/wp-content\/uploads\/2022\/05\/Kapitalis-big-size.png\",\"contentUrl\":\"https:\/\/kapitalis.com\/tunisie\/wp-content\/uploads\/2022\/05\/Kapitalis-big-size.png\",\"width\":5000,\"height\":1500,\"caption\":\"Kapitalis\"},\"image\":{\"@id\":\"https:\/\/kapitalis.com\/tunisie\/#\/schema\/logo\/image\/\"},\"sameAs\":[\"https:\/\/www.facebook.com\/KapitalisInfo\/\",\"https:\/\/x.com\/KapitalisInfo\",\"https:\/\/www.youtube.com\/channel\/UC-yDYrHyfFBWWZaOw3FPg9Q\"]},{\"@type\":\"Person\",\"@id\":\"https:\/\/kapitalis.com\/tunisie\/#\/schema\/person\/d71f33a9ca44f7bad4698210b480c8e9\",\"name\":\"webmaster kapitalis\",\"url\":\"https:\/\/kapitalis.com\/tunisie\/author\/webmaster-kapitalis\/\"}]}<\/script>\n<!-- \/ Yoast SEO plugin. -->","yoast_head_json":{"title":"Adel Ghandri, 1er responsable du transit des armes entre la Libye et la Tunisie - Kapitalis","robots":{"index":"index","follow":"follow","max-snippet":"max-snippet:-1","max-image-preview":"max-image-preview:large","max-video-preview":"max-video-preview:-1"},"canonical":"https:\/\/kapitalis.com\/tunisie\/2016\/05\/16\/adel-ghandri-1er-responsable-du-transit-des-armes-entre-la-libye-et-la-tunisie\/","og_locale":"fr_FR","og_type":"article","og_title":"Adel Ghandri, 1er responsable du transit des armes entre la Libye et la Tunisie - Kapitalis","og_description":"Adel Ghandri (30 ans), contrebandier de son \u00e9tat, est le principal responsable de l\u2019introduction des armes de tous types pour les groupes terroristes en Tunisie.","og_url":"https:\/\/kapitalis.com\/tunisie\/2016\/05\/16\/adel-ghandri-1er-responsable-du-transit-des-armes-entre-la-libye-et-la-tunisie\/","og_site_name":"Kapitalis","article_publisher":"https:\/\/www.facebook.com\/KapitalisInfo\/","article_published_time":"2016-05-16T17:35:08+00:00","article_modified_time":"2016-05-16T17:37:33+00:00","og_image":[{"url":"http:\/\/kapitalis.com\/tunisie\/wp-content\/uploads\/2016\/03\/Adel-Ghandri.jpg","type":"","width":"","height":""}],"author":"webmaster kapitalis","twitter_card":"summary_large_image","twitter_creator":"@KapitalisInfo","twitter_site":"@KapitalisInfo","twitter_misc":{"\u00c9crit par":"webmaster kapitalis","Dur\u00e9e de lecture estim\u00e9e":"2 minutes"},"schema":{"@context":"https:\/\/schema.org","@graph":[{"@type":"Article","@id":"https:\/\/kapitalis.com\/tunisie\/2016\/05\/16\/adel-ghandri-1er-responsable-du-transit-des-armes-entre-la-libye-et-la-tunisie\/#article","isPartOf":{"@id":"https:\/\/kapitalis.com\/tunisie\/2016\/05\/16\/adel-ghandri-1er-responsable-du-transit-des-armes-entre-la-libye-et-la-tunisie\/"},"author":{"name":"webmaster kapitalis","@id":"https:\/\/kapitalis.com\/tunisie\/#\/schema\/person\/d71f33a9ca44f7bad4698210b480c8e9"},"headline":"Adel Ghandri, 1er responsable du transit des armes entre la Libye et la Tunisie","datePublished":"2016-05-16T17:35:08+00:00","dateModified":"2016-05-16T17:37:33+00:00","mainEntityOfPage":{"@id":"https:\/\/kapitalis.com\/tunisie\/2016\/05\/16\/adel-ghandri-1er-responsable-du-transit-des-armes-entre-la-libye-et-la-tunisie\/"},"wordCount":322,"commentCount":2,"publisher":{"@id":"https:\/\/kapitalis.com\/tunisie\/#organization"},"image":{"@id":"https:\/\/kapitalis.com\/tunisie\/2016\/05\/16\/adel-ghandri-1er-responsable-du-transit-des-armes-entre-la-libye-et-la-tunisie\/#primaryimage"},"thumbnailUrl":"http:\/\/kapitalis.com\/tunisie\/wp-content\/uploads\/2016\/03\/Adel-Ghandri.jpg","keywords":["Adel Ghandri","armes","Ben Guerdane","contrebandier","Mnihla"],"articleSection":["SOCIETE","Tunisie"],"inLanguage":"fr-FR","potentialAction":[{"@type":"CommentAction","name":"Comment","target":["https:\/\/kapitalis.com\/tunisie\/2016\/05\/16\/adel-ghandri-1er-responsable-du-transit-des-armes-entre-la-libye-et-la-tunisie\/#respond"]}]},{"@type":"WebPage","@id":"https:\/\/kapitalis.com\/tunisie\/2016\/05\/16\/adel-ghandri-1er-responsable-du-transit-des-armes-entre-la-libye-et-la-tunisie\/","url":"https:\/\/kapitalis.com\/tunisie\/2016\/05\/16\/adel-ghandri-1er-responsable-du-transit-des-armes-entre-la-libye-et-la-tunisie\/","name":"Adel Ghandri, 1er responsable du transit des armes entre la Libye et la Tunisie - Kapitalis","isPartOf":{"@id":"https:\/\/kapitalis.com\/tunisie\/#website"},"primaryImageOfPage":{"@id":"https:\/\/kapitalis.com\/tunisie\/2016\/05\/16\/adel-ghandri-1er-responsable-du-transit-des-armes-entre-la-libye-et-la-tunisie\/#primaryimage"},"image":{"@id":"https:\/\/kapitalis.com\/tunisie\/2016\/05\/16\/adel-ghandri-1er-responsable-du-transit-des-armes-entre-la-libye-et-la-tunisie\/#primaryimage"},"thumbnailUrl":"http:\/\/kapitalis.com\/tunisie\/wp-content\/uploads\/2016\/03\/Adel-Ghandri.jpg","datePublished":"2016-05-16T17:35:08+00:00","dateModified":"2016-05-16T17:37:33+00:00","breadcrumb":{"@id":"https:\/\/kapitalis.com\/tunisie\/2016\/05\/16\/adel-ghandri-1er-responsable-du-transit-des-armes-entre-la-libye-et-la-tunisie\/#breadcrumb"},"inLanguage":"fr-FR","potentialAction":[{"@type":"ReadAction","target":["https:\/\/kapitalis.com\/tunisie\/2016\/05\/16\/adel-ghandri-1er-responsable-du-transit-des-armes-entre-la-libye-et-la-tunisie\/"]}]},{"@type":"ImageObject","inLanguage":"fr-FR","@id":"https:\/\/kapitalis.com\/tunisie\/2016\/05\/16\/adel-ghandri-1er-responsable-du-transit-des-armes-entre-la-libye-et-la-tunisie\/#primaryimage","url":"http:\/\/kapitalis.com\/tunisie\/wp-content\/uploads\/2016\/03\/Adel-Ghandri.jpg","contentUrl":"http:\/\/kapitalis.com\/tunisie\/wp-content\/uploads\/2016\/03\/Adel-Ghandri.jpg"},{"@type":"BreadcrumbList","@id":"https:\/\/kapitalis.com\/tunisie\/2016\/05\/16\/adel-ghandri-1er-responsable-du-transit-des-armes-entre-la-libye-et-la-tunisie\/#breadcrumb","itemListElement":[{"@type":"ListItem","position":1,"name":"Accueil","item":"https:\/\/kapitalis.com\/tunisie\/"},{"@type":"ListItem","position":2,"name":"Adel Ghandri, 1er responsable du transit des armes entre la Libye et la Tunisie"}]},{"@type":"WebSite","@id":"https:\/\/kapitalis.com\/tunisie\/#website","url":"https:\/\/kapitalis.com\/tunisie\/","name":"Kapitalis","description":"L&#039;actualit\u00e9 en Tunisie et dans le monde","publisher":{"@id":"https:\/\/kapitalis.com\/tunisie\/#organization"},"potentialAction":[{"@type":"SearchAction","target":{"@type":"EntryPoint","urlTemplate":"https:\/\/kapitalis.com\/tunisie\/?s={search_term_string}"},"query-input":{"@type":"PropertyValueSpecification","valueRequired":true,"valueName":"search_term_string"}}],"inLanguage":"fr-FR"},{"@type":"Organization","@id":"https:\/\/kapitalis.com\/tunisie\/#organization","name":"Kapitalis","url":"https:\/\/kapitalis.com\/tunisie\/","logo":{"@type":"ImageObject","inLanguage":"fr-FR","@id":"https:\/\/kapitalis.com\/tunisie\/#\/schema\/logo\/image\/","url":"https:\/\/kapitalis.com\/tunisie\/wp-content\/uploads\/2022\/05\/Kapitalis-big-size.png","contentUrl":"https:\/\/kapitalis.com\/tunisie\/wp-content\/uploads\/2022\/05\/Kapitalis-big-size.png","width":5000,"height":1500,"caption":"Kapitalis"},"image":{"@id":"https:\/\/kapitalis.com\/tunisie\/#\/schema\/logo\/image\/"},"sameAs":["https:\/\/www.facebook.com\/KapitalisInfo\/","https:\/\/x.com\/KapitalisInfo","https:\/\/www.youtube.com\/channel\/UC-yDYrHyfFBWWZaOw3FPg9Q"]},{"@type":"Person","@id":"https:\/\/kapitalis.com\/tunisie\/#\/schema\/person\/d71f33a9ca44f7bad4698210b480c8e9","name":"webmaster kapitalis","url":"https:\/\/kapitalis.com\/tunisie\/author\/webmaster-kapitalis\/"}]}},"_links":{"self":[{"href":"https:\/\/kapitalis.com\/tunisie\/wp-json\/wp\/v2\/posts\/50392","targetHints":{"allow":["GET"]}}],"collection":[{"href":"https:\/\/kapitalis.com\/tunisie\/wp-json\/wp\/v2\/posts"}],"about":[{"href":"https:\/\/kapitalis.com\/tunisie\/wp-json\/wp\/v2\/types\/post"}],"author":[{"embeddable":true,"href":"https:\/\/kapitalis.com\/tunisie\/wp-json\/wp\/v2\/users\/8"}],"replies":[{"embeddable":true,"href":"https:\/\/kapitalis.com\/tunisie\/wp-json\/wp\/v2\/comments?post=50392"}],"version-history":[{"count":0,"href":"https:\/\/kapitalis.com\/tunisie\/wp-json\/wp\/v2\/posts\/50392\/revisions"}],"wp:attachment":[{"href":"https:\/\/kapitalis.com\/tunisie\/wp-json\/wp\/v2\/media?parent=50392"}],"wp:term":[{"taxonomy":"category","embeddable":true,"href":"https:\/\/kapitalis.com\/tunisie\/wp-json\/wp\/v2\/categories?post=50392"},{"taxonomy":"post_tag","embeddable":true,"href":"https:\/\/kapitalis.com\/tunisie\/wp-json\/wp\/v2\/tags?post=50392"}],"curies":[{"name":"wp","href":"https:\/\/api.w.org\/{rel}","templated":true}]}}