{"id":5045267,"date":"2022-11-18T23:11:25","date_gmt":"2022-11-18T22:11:25","guid":{"rendered":"https:\/\/kapitalis.com\/tunisie\/?p=5045267"},"modified":"2022-11-18T23:16:01","modified_gmt":"2022-11-18T22:16:01","slug":"cinq-cas-de-rage-humaine-enregistres-jusqua-novembre-en-tunisie-recommandations-du-ministere-de-la-sante","status":"publish","type":"post","link":"https:\/\/kapitalis.com\/tunisie\/2022\/11\/18\/cinq-cas-de-rage-humaine-enregistres-jusqua-novembre-en-tunisie-recommandations-du-ministere-de-la-sante\/","title":{"rendered":"Cinq cas de rage humaine enregistr\u00e9s jusqu&rsquo;\u00e0 novembre en Tunisie : Recommandations du minist\u00e8re de la Sant\u00e9"},"content":{"rendered":"\n<p><strong><em>Le minist\u00e8re de la Sant\u00e9 a annonc\u00e9, ce vendredi, que 5 cas de de rage humaine ont \u00e9t\u00e9 enregistr\u00e9s, en Tunisie, jusqu&rsquo;\u00e0 novembre 2022, en pr\u00e9cisant que la plupart des personnes infect\u00e9es ne se sont pas rendues aux centres d\u00e9di\u00e9s pour recevoir le traitement n\u00e9cessaire<\/em><\/strong><\/p>\n\n\n\n<!--more-->\n\n\n\n<p>Tout en rappelant qu&rsquo;en l\u2019absence du traitement post-exposition, la maladie rabique \u00e9volue inexorablement vers la mort, le minist\u00e8re de la Sant\u00e9, a appel\u00e9 les citoyens \u00e0 suivre les recommandations d&rsquo;usage, notamment le respect des mesures d&rsquo;hygi\u00e8ne en lavant la plaie \u00e0 l&rsquo;eau et au savon durant 15 minutes en cas de morsure ou griffure d&rsquo;un animal, puis de se diriger imm\u00e9diatement vers le centre de vaccination contre la rage, le plus proche. (Liste des <a href=\"http:\/\/www.rage.tn\/Fr\/nos-centres_8_295\" target=\"_blank\" rel=\"noreferrer noopener\">centres<\/a> )<\/p>\n\n\n\n<p>Le minist\u00e8re a \u00e9galement rappel\u00e9 l&rsquo;obligation de la vaccination des chiens et des chats contre la rage, en soulignant que les vaccins sont gratuits dans les Commissariats r\u00e9gionaux de d\u00e9veloppement agricole.<\/p>\n\n\n\n<p>Dans son communiqu\u00e9 le minist\u00e8re a demand\u00e9 aux autorit\u00e9s locales de mener des op\u00e9rations de nettoyage pour \u00e9viter l&rsquo;amoncellement des d\u00e9chets, tout en demandant aux habitants au respect des horaires des collectes des ordures,  ainsi qu&rsquo;\u00e0 vigilance lors des contacts avec les chats et chiens errants, qui peuvent repr\u00e9senter un danger s&rsquo;ils s&rsquo;av\u00e8rent contamin\u00e9s.<\/p>\n\n\n\n<p><strong>Commission nationale de lutte contre la rage<\/strong><\/p>\n\n\n\n<p><em>\u00abLa rage est une maladie mortelle qui peut se transmettre de l\u2019animal enrag\u00e9 \u00e0 l\u2019homme.<br>L\u2019exposition \u00e0 la rage peut \u00eatre \u00e0 la suite d\u2019une morsure, d\u2019une griffure ou d\u2019un l\u00e9chage sur une peau l\u00e9s\u00e9e ou sur les muqueuses par un animal suspect. Tous les mammif\u00e8res peuvent transmettre la maladie en particulier les chiens, les chats, les bovins, les \u00e9quins, les ovins, les caprins, les f\u00e9lins, les rongeurs etc&#8230;\u00bb.<\/em><\/p>\n\n\n\n<p><strong>Premiers Gestes \u00e0 faire en cas d\u2019exposition<\/strong><\/p>\n\n\n\n<p><em>A chaque morsure ou griffure par un animal vaccin\u00e9 ou non, on est expos\u00e9 \u00e0 la rage.<\/em><\/p>\n\n\n\n<p><strong>Que faire ?<\/strong><\/p>\n\n\n\n<ul class=\"wp-block-list\">\n<li>Se laver abondamment \u00e0 l\u2019eau savonneuse<\/li>\n\n\n\n<li>Se diriger rapidement vers un centre de traitement antirabique<\/li>\n<\/ul>\n\n\n\n<p><strong>LES PREMIERS SOINS \u00e0 la suite d\u2019une morsure ou d\u2019une griffure :<\/strong><\/p>\n\n\n\n<ul class=\"wp-block-list\">\n<li>Laver imm\u00e9diatement et abondamment les plaies \u00e0 l\u2019eau et au savon (\u00e0 d\u00e9faut un d\u00e9tergent) pendant 15 minutes au minimum<\/li>\n\n\n\n<li>Appliquer un produit d\u00e9sinfectant (d\u00e9riv\u00e9s iod\u00e9s, dakin, eau de javel, \u2026)<\/li>\n\n\n\n<li>Se pr\u00e9senter le plut\u00f4t possible \u00e0 un centre de vaccination antirabique le plus proche<\/li>\n\n\n\n<li>Mettre l\u2019animal \u00e0 l\u2019origine de l\u2019exposition, s\u2019il est connu, sous-observation v\u00e9t\u00e9rinaire pendant 15 jours. Le v\u00e9t\u00e9rinaire d\u00e9livrera trois certificats de l\u2019\u00e9tat de sant\u00e9 de l\u2019animal (J0 \u2013 J7 \u2013 J15)<\/li>\n\n\n\n<li>Consulter votre m\u00e9decin pour une mise \u00e0 jour de votre vaccination antit\u00e9tanique et un \u00e9ventuel traitement antibiotique.<\/li>\n\n\n\n<li>Le traitement antirabique apr\u00e8s exposition n\u2019est assur\u00e9 que dans les centres de traitement antirabique agr\u00e9\u00e9s par le minist\u00e8re de la Sant\u00e9.<\/li>\n<\/ul>\n\n\n\n<p>Y. N.<\/p>\n\n\n\n<figure class=\"wp-block-embed is-type-wp-embed is-provider-kapitalis wp-block-embed-kapitalis\"><div class=\"wp-block-embed__wrapper\">\n<blockquote class=\"wp-embedded-content\" data-secret=\"JZ5JuRIt6l\"><a href=\"https:\/\/kapitalis.com\/tunisie\/2022\/11\/18\/siliana-un-homme-meurt-de-la-rage-a-gaafour\/\">Siliana : Un homme meurt de la rage \u00e0 Ga\u00e2four<\/a><\/blockquote><iframe loading=\"lazy\" class=\"wp-embedded-content\" sandbox=\"allow-scripts\" security=\"restricted\" style=\"position: absolute; clip: rect(1px, 1px, 1px, 1px);\" title=\"\u00ab\u00a0Siliana : Un homme meurt de la rage \u00e0 Ga\u00e2four\u00a0\u00bb &#8212; Kapitalis\" src=\"https:\/\/kapitalis.com\/tunisie\/2022\/11\/18\/siliana-un-homme-meurt-de-la-rage-a-gaafour\/embed\/#?secret=WoFQxlFOX0#?secret=JZ5JuRIt6l\" data-secret=\"JZ5JuRIt6l\" width=\"600\" height=\"338\" frameborder=\"0\" marginwidth=\"0\" marginheight=\"0\" scrolling=\"no\"><\/iframe>\n<\/div><\/figure>\n","protected":false},"excerpt":{"rendered":"<p>Cinq cas de rage humaine enregistr\u00e9s jusqu&rsquo;\u00e0 novembre en Tunisie : Recommandations du minist\u00e8re de la Sant\u00e9<\/p>\n","protected":false},"author":6,"featured_media":5045378,"comment_status":"open","ping_status":"open","sticky":false,"template":"","format":"standard","meta":{"footnotes":""},"categories":[998,2433],"tags":[104529,104528,9595,104530,104527,86986,62643,10035],"class_list":["post-5045267","post","type-post","status-publish","format-standard","has-post-thumbnail","hentry","category-societe","category-tunisie","tag-animaux-domestiques","tag-centres-de-traitement-antirabique","tag-chiens-errants","tag-morsures","tag-rage-humaine","tag-recommandations","tag-tunisie","tag-vaccination"],"yoast_head":"<!-- This site is optimized with the Yoast SEO plugin v26.6 - https:\/\/yoast.com\/wordpress\/plugins\/seo\/ -->\n<title>Cinq cas de rage humaine enregistr\u00e9s jusqu&#039;\u00e0 novembre en Tunisie : Recommandations du minist\u00e8re de la Sant\u00e9 - Kapitalis<\/title>\n<meta name=\"description\" content=\"Le minist\u00e8re de la Sant\u00e9 a annonc\u00e9, ce vendredi, que 5 cas de de rage humaine ont \u00e9t\u00e9 enregistr\u00e9s jusqu&#039;\u00e0 novembre 2022, en pr\u00e9cisant que la plupart des personnes infect\u00e9es ne se sont pas rendues au centre d\u00e9di\u00e9 pour recevoir le traitement n\u00e9cessaire\" \/>\n<meta name=\"robots\" content=\"index, follow, max-snippet:-1, max-image-preview:large, max-video-preview:-1\" \/>\n<link rel=\"canonical\" href=\"https:\/\/kapitalis.com\/tunisie\/2022\/11\/18\/cinq-cas-de-rage-humaine-enregistres-jusqua-novembre-en-tunisie-recommandations-du-ministere-de-la-sante\/\" \/>\n<meta property=\"og:locale\" content=\"fr_FR\" \/>\n<meta property=\"og:type\" content=\"article\" \/>\n<meta property=\"og:title\" content=\"Cinq cas de rage humaine enregistr\u00e9s jusqu&#039;\u00e0 novembre en Tunisie : Recommandations du minist\u00e8re de la Sant\u00e9 - Kapitalis\" \/>\n<meta property=\"og:description\" content=\"Le minist\u00e8re de la Sant\u00e9 a annonc\u00e9, ce vendredi, que 5 cas de de rage humaine ont \u00e9t\u00e9 enregistr\u00e9s jusqu&#039;\u00e0 novembre 2022, en pr\u00e9cisant que la plupart des personnes infect\u00e9es ne se sont pas rendues au centre d\u00e9di\u00e9 pour recevoir le traitement n\u00e9cessaire\" \/>\n<meta property=\"og:url\" content=\"https:\/\/kapitalis.com\/tunisie\/2022\/11\/18\/cinq-cas-de-rage-humaine-enregistres-jusqua-novembre-en-tunisie-recommandations-du-ministere-de-la-sante\/\" \/>\n<meta property=\"og:site_name\" content=\"Kapitalis\" \/>\n<meta property=\"article:publisher\" content=\"https:\/\/www.facebook.com\/KapitalisInfo\/\" \/>\n<meta property=\"article:published_time\" content=\"2022-11-18T22:11:25+00:00\" \/>\n<meta property=\"article:modified_time\" content=\"2022-11-18T22:16:01+00:00\" \/>\n<meta property=\"og:image\" content=\"https:\/\/kapitalis.com\/tunisie\/wp-content\/uploads\/2022\/11\/rage-recommandations.jpg\" \/>\n\t<meta property=\"og:image:width\" content=\"1200\" \/>\n\t<meta property=\"og:image:height\" content=\"630\" \/>\n\t<meta property=\"og:image:type\" content=\"image\/jpeg\" \/>\n<meta name=\"author\" content=\"Yusra NY\" \/>\n<meta name=\"twitter:card\" content=\"summary_large_image\" \/>\n<meta name=\"twitter:creator\" content=\"@KapitalisInfo\" \/>\n<meta name=\"twitter:site\" content=\"@KapitalisInfo\" \/>\n<meta name=\"twitter:label1\" content=\"\u00c9crit par\" \/>\n\t<meta name=\"twitter:data1\" content=\"Yusra NY\" \/>\n\t<meta name=\"twitter:label2\" content=\"Dur\u00e9e de lecture estim\u00e9e\" \/>\n\t<meta name=\"twitter:data2\" content=\"3 minutes\" \/>\n<script type=\"application\/ld+json\" class=\"yoast-schema-graph\">{\"@context\":\"https:\/\/schema.org\",\"@graph\":[{\"@type\":\"Article\",\"@id\":\"https:\/\/kapitalis.com\/tunisie\/2022\/11\/18\/cinq-cas-de-rage-humaine-enregistres-jusqua-novembre-en-tunisie-recommandations-du-ministere-de-la-sante\/#article\",\"isPartOf\":{\"@id\":\"https:\/\/kapitalis.com\/tunisie\/2022\/11\/18\/cinq-cas-de-rage-humaine-enregistres-jusqua-novembre-en-tunisie-recommandations-du-ministere-de-la-sante\/\"},\"author\":{\"name\":\"Yusra NY\",\"@id\":\"https:\/\/kapitalis.com\/tunisie\/#\/schema\/person\/74bbde0154d49d790a92aaeac5bc01d5\"},\"headline\":\"Cinq cas de rage humaine enregistr\u00e9s jusqu&rsquo;\u00e0 novembre en Tunisie : Recommandations du minist\u00e8re de la Sant\u00e9\",\"datePublished\":\"2022-11-18T22:11:25+00:00\",\"dateModified\":\"2022-11-18T22:16:01+00:00\",\"mainEntityOfPage\":{\"@id\":\"https:\/\/kapitalis.com\/tunisie\/2022\/11\/18\/cinq-cas-de-rage-humaine-enregistres-jusqua-novembre-en-tunisie-recommandations-du-ministere-de-la-sante\/\"},\"wordCount\":512,\"commentCount\":1,\"publisher\":{\"@id\":\"https:\/\/kapitalis.com\/tunisie\/#organization\"},\"image\":{\"@id\":\"https:\/\/kapitalis.com\/tunisie\/2022\/11\/18\/cinq-cas-de-rage-humaine-enregistres-jusqua-novembre-en-tunisie-recommandations-du-ministere-de-la-sante\/#primaryimage\"},\"thumbnailUrl\":\"https:\/\/kapitalis.com\/tunisie\/wp-content\/uploads\/2022\/11\/rage-recommandations.jpg\",\"keywords\":[\"animaux domestiques\",\"centres de traitement antirabique\",\"chiens errants\",\"morsures\",\"rage humaine\",\"recommandations\",\"Tunisie\",\"vaccination\"],\"articleSection\":[\"SOCIETE\",\"Tunisie\"],\"inLanguage\":\"fr-FR\",\"potentialAction\":[{\"@type\":\"CommentAction\",\"name\":\"Comment\",\"target\":[\"https:\/\/kapitalis.com\/tunisie\/2022\/11\/18\/cinq-cas-de-rage-humaine-enregistres-jusqua-novembre-en-tunisie-recommandations-du-ministere-de-la-sante\/#respond\"]}]},{\"@type\":\"WebPage\",\"@id\":\"https:\/\/kapitalis.com\/tunisie\/2022\/11\/18\/cinq-cas-de-rage-humaine-enregistres-jusqua-novembre-en-tunisie-recommandations-du-ministere-de-la-sante\/\",\"url\":\"https:\/\/kapitalis.com\/tunisie\/2022\/11\/18\/cinq-cas-de-rage-humaine-enregistres-jusqua-novembre-en-tunisie-recommandations-du-ministere-de-la-sante\/\",\"name\":\"Cinq cas de rage humaine enregistr\u00e9s jusqu'\u00e0 novembre en Tunisie : Recommandations du minist\u00e8re de la Sant\u00e9 - Kapitalis\",\"isPartOf\":{\"@id\":\"https:\/\/kapitalis.com\/tunisie\/#website\"},\"primaryImageOfPage\":{\"@id\":\"https:\/\/kapitalis.com\/tunisie\/2022\/11\/18\/cinq-cas-de-rage-humaine-enregistres-jusqua-novembre-en-tunisie-recommandations-du-ministere-de-la-sante\/#primaryimage\"},\"image\":{\"@id\":\"https:\/\/kapitalis.com\/tunisie\/2022\/11\/18\/cinq-cas-de-rage-humaine-enregistres-jusqua-novembre-en-tunisie-recommandations-du-ministere-de-la-sante\/#primaryimage\"},\"thumbnailUrl\":\"https:\/\/kapitalis.com\/tunisie\/wp-content\/uploads\/2022\/11\/rage-recommandations.jpg\",\"datePublished\":\"2022-11-18T22:11:25+00:00\",\"dateModified\":\"2022-11-18T22:16:01+00:00\",\"description\":\"Le minist\u00e8re de la Sant\u00e9 a annonc\u00e9, ce vendredi, que 5 cas de de rage humaine ont \u00e9t\u00e9 enregistr\u00e9s jusqu'\u00e0 novembre 2022, en pr\u00e9cisant que la plupart des personnes infect\u00e9es ne se sont pas rendues au centre d\u00e9di\u00e9 pour recevoir le traitement n\u00e9cessaire\",\"breadcrumb\":{\"@id\":\"https:\/\/kapitalis.com\/tunisie\/2022\/11\/18\/cinq-cas-de-rage-humaine-enregistres-jusqua-novembre-en-tunisie-recommandations-du-ministere-de-la-sante\/#breadcrumb\"},\"inLanguage\":\"fr-FR\",\"potentialAction\":[{\"@type\":\"ReadAction\",\"target\":[\"https:\/\/kapitalis.com\/tunisie\/2022\/11\/18\/cinq-cas-de-rage-humaine-enregistres-jusqua-novembre-en-tunisie-recommandations-du-ministere-de-la-sante\/\"]}]},{\"@type\":\"ImageObject\",\"inLanguage\":\"fr-FR\",\"@id\":\"https:\/\/kapitalis.com\/tunisie\/2022\/11\/18\/cinq-cas-de-rage-humaine-enregistres-jusqua-novembre-en-tunisie-recommandations-du-ministere-de-la-sante\/#primaryimage\",\"url\":\"https:\/\/kapitalis.com\/tunisie\/wp-content\/uploads\/2022\/11\/rage-recommandations.jpg\",\"contentUrl\":\"https:\/\/kapitalis.com\/tunisie\/wp-content\/uploads\/2022\/11\/rage-recommandations.jpg\",\"width\":1200,\"height\":630},{\"@type\":\"BreadcrumbList\",\"@id\":\"https:\/\/kapitalis.com\/tunisie\/2022\/11\/18\/cinq-cas-de-rage-humaine-enregistres-jusqua-novembre-en-tunisie-recommandations-du-ministere-de-la-sante\/#breadcrumb\",\"itemListElement\":[{\"@type\":\"ListItem\",\"position\":1,\"name\":\"Accueil\",\"item\":\"https:\/\/kapitalis.com\/tunisie\/\"},{\"@type\":\"ListItem\",\"position\":2,\"name\":\"Cinq cas de rage humaine enregistr\u00e9s jusqu&rsquo;\u00e0 novembre en Tunisie : Recommandations du minist\u00e8re de la Sant\u00e9\"}]},{\"@type\":\"WebSite\",\"@id\":\"https:\/\/kapitalis.com\/tunisie\/#website\",\"url\":\"https:\/\/kapitalis.com\/tunisie\/\",\"name\":\"Kapitalis\",\"description\":\"L&#039;actualit\u00e9 en Tunisie et dans le monde\",\"publisher\":{\"@id\":\"https:\/\/kapitalis.com\/tunisie\/#organization\"},\"potentialAction\":[{\"@type\":\"SearchAction\",\"target\":{\"@type\":\"EntryPoint\",\"urlTemplate\":\"https:\/\/kapitalis.com\/tunisie\/?s={search_term_string}\"},\"query-input\":{\"@type\":\"PropertyValueSpecification\",\"valueRequired\":true,\"valueName\":\"search_term_string\"}}],\"inLanguage\":\"fr-FR\"},{\"@type\":\"Organization\",\"@id\":\"https:\/\/kapitalis.com\/tunisie\/#organization\",\"name\":\"Kapitalis\",\"url\":\"https:\/\/kapitalis.com\/tunisie\/\",\"logo\":{\"@type\":\"ImageObject\",\"inLanguage\":\"fr-FR\",\"@id\":\"https:\/\/kapitalis.com\/tunisie\/#\/schema\/logo\/image\/\",\"url\":\"https:\/\/kapitalis.com\/tunisie\/wp-content\/uploads\/2022\/05\/Kapitalis-big-size.png\",\"contentUrl\":\"https:\/\/kapitalis.com\/tunisie\/wp-content\/uploads\/2022\/05\/Kapitalis-big-size.png\",\"width\":5000,\"height\":1500,\"caption\":\"Kapitalis\"},\"image\":{\"@id\":\"https:\/\/kapitalis.com\/tunisie\/#\/schema\/logo\/image\/\"},\"sameAs\":[\"https:\/\/www.facebook.com\/KapitalisInfo\/\",\"https:\/\/x.com\/KapitalisInfo\",\"https:\/\/www.youtube.com\/channel\/UC-yDYrHyfFBWWZaOw3FPg9Q\"]},{\"@type\":\"Person\",\"@id\":\"https:\/\/kapitalis.com\/tunisie\/#\/schema\/person\/74bbde0154d49d790a92aaeac5bc01d5\",\"name\":\"Yusra NY\",\"url\":\"https:\/\/kapitalis.com\/tunisie\/author\/yuza_adam\/\"}]}<\/script>\n<!-- \/ Yoast SEO plugin. -->","yoast_head_json":{"title":"Cinq cas de rage humaine enregistr\u00e9s jusqu'\u00e0 novembre en Tunisie : Recommandations du minist\u00e8re de la Sant\u00e9 - Kapitalis","description":"Le minist\u00e8re de la Sant\u00e9 a annonc\u00e9, ce vendredi, que 5 cas de de rage humaine ont \u00e9t\u00e9 enregistr\u00e9s jusqu'\u00e0 novembre 2022, en pr\u00e9cisant que la plupart des personnes infect\u00e9es ne se sont pas rendues au centre d\u00e9di\u00e9 pour recevoir le traitement n\u00e9cessaire","robots":{"index":"index","follow":"follow","max-snippet":"max-snippet:-1","max-image-preview":"max-image-preview:large","max-video-preview":"max-video-preview:-1"},"canonical":"https:\/\/kapitalis.com\/tunisie\/2022\/11\/18\/cinq-cas-de-rage-humaine-enregistres-jusqua-novembre-en-tunisie-recommandations-du-ministere-de-la-sante\/","og_locale":"fr_FR","og_type":"article","og_title":"Cinq cas de rage humaine enregistr\u00e9s jusqu'\u00e0 novembre en Tunisie : Recommandations du minist\u00e8re de la Sant\u00e9 - Kapitalis","og_description":"Le minist\u00e8re de la Sant\u00e9 a annonc\u00e9, ce vendredi, que 5 cas de de rage humaine ont \u00e9t\u00e9 enregistr\u00e9s jusqu'\u00e0 novembre 2022, en pr\u00e9cisant que la plupart des personnes infect\u00e9es ne se sont pas rendues au centre d\u00e9di\u00e9 pour recevoir le traitement n\u00e9cessaire","og_url":"https:\/\/kapitalis.com\/tunisie\/2022\/11\/18\/cinq-cas-de-rage-humaine-enregistres-jusqua-novembre-en-tunisie-recommandations-du-ministere-de-la-sante\/","og_site_name":"Kapitalis","article_publisher":"https:\/\/www.facebook.com\/KapitalisInfo\/","article_published_time":"2022-11-18T22:11:25+00:00","article_modified_time":"2022-11-18T22:16:01+00:00","og_image":[{"width":1200,"height":630,"url":"https:\/\/kapitalis.com\/tunisie\/wp-content\/uploads\/2022\/11\/rage-recommandations.jpg","type":"image\/jpeg"}],"author":"Yusra NY","twitter_card":"summary_large_image","twitter_creator":"@KapitalisInfo","twitter_site":"@KapitalisInfo","twitter_misc":{"\u00c9crit par":"Yusra NY","Dur\u00e9e de lecture estim\u00e9e":"3 minutes"},"schema":{"@context":"https:\/\/schema.org","@graph":[{"@type":"Article","@id":"https:\/\/kapitalis.com\/tunisie\/2022\/11\/18\/cinq-cas-de-rage-humaine-enregistres-jusqua-novembre-en-tunisie-recommandations-du-ministere-de-la-sante\/#article","isPartOf":{"@id":"https:\/\/kapitalis.com\/tunisie\/2022\/11\/18\/cinq-cas-de-rage-humaine-enregistres-jusqua-novembre-en-tunisie-recommandations-du-ministere-de-la-sante\/"},"author":{"name":"Yusra NY","@id":"https:\/\/kapitalis.com\/tunisie\/#\/schema\/person\/74bbde0154d49d790a92aaeac5bc01d5"},"headline":"Cinq cas de rage humaine enregistr\u00e9s jusqu&rsquo;\u00e0 novembre en Tunisie : Recommandations du minist\u00e8re de la Sant\u00e9","datePublished":"2022-11-18T22:11:25+00:00","dateModified":"2022-11-18T22:16:01+00:00","mainEntityOfPage":{"@id":"https:\/\/kapitalis.com\/tunisie\/2022\/11\/18\/cinq-cas-de-rage-humaine-enregistres-jusqua-novembre-en-tunisie-recommandations-du-ministere-de-la-sante\/"},"wordCount":512,"commentCount":1,"publisher":{"@id":"https:\/\/kapitalis.com\/tunisie\/#organization"},"image":{"@id":"https:\/\/kapitalis.com\/tunisie\/2022\/11\/18\/cinq-cas-de-rage-humaine-enregistres-jusqua-novembre-en-tunisie-recommandations-du-ministere-de-la-sante\/#primaryimage"},"thumbnailUrl":"https:\/\/kapitalis.com\/tunisie\/wp-content\/uploads\/2022\/11\/rage-recommandations.jpg","keywords":["animaux domestiques","centres de traitement antirabique","chiens errants","morsures","rage humaine","recommandations","Tunisie","vaccination"],"articleSection":["SOCIETE","Tunisie"],"inLanguage":"fr-FR","potentialAction":[{"@type":"CommentAction","name":"Comment","target":["https:\/\/kapitalis.com\/tunisie\/2022\/11\/18\/cinq-cas-de-rage-humaine-enregistres-jusqua-novembre-en-tunisie-recommandations-du-ministere-de-la-sante\/#respond"]}]},{"@type":"WebPage","@id":"https:\/\/kapitalis.com\/tunisie\/2022\/11\/18\/cinq-cas-de-rage-humaine-enregistres-jusqua-novembre-en-tunisie-recommandations-du-ministere-de-la-sante\/","url":"https:\/\/kapitalis.com\/tunisie\/2022\/11\/18\/cinq-cas-de-rage-humaine-enregistres-jusqua-novembre-en-tunisie-recommandations-du-ministere-de-la-sante\/","name":"Cinq cas de rage humaine enregistr\u00e9s jusqu'\u00e0 novembre en Tunisie : Recommandations du minist\u00e8re de la Sant\u00e9 - Kapitalis","isPartOf":{"@id":"https:\/\/kapitalis.com\/tunisie\/#website"},"primaryImageOfPage":{"@id":"https:\/\/kapitalis.com\/tunisie\/2022\/11\/18\/cinq-cas-de-rage-humaine-enregistres-jusqua-novembre-en-tunisie-recommandations-du-ministere-de-la-sante\/#primaryimage"},"image":{"@id":"https:\/\/kapitalis.com\/tunisie\/2022\/11\/18\/cinq-cas-de-rage-humaine-enregistres-jusqua-novembre-en-tunisie-recommandations-du-ministere-de-la-sante\/#primaryimage"},"thumbnailUrl":"https:\/\/kapitalis.com\/tunisie\/wp-content\/uploads\/2022\/11\/rage-recommandations.jpg","datePublished":"2022-11-18T22:11:25+00:00","dateModified":"2022-11-18T22:16:01+00:00","description":"Le minist\u00e8re de la Sant\u00e9 a annonc\u00e9, ce vendredi, que 5 cas de de rage humaine ont \u00e9t\u00e9 enregistr\u00e9s jusqu'\u00e0 novembre 2022, en pr\u00e9cisant que la plupart des personnes infect\u00e9es ne se sont pas rendues au centre d\u00e9di\u00e9 pour recevoir le traitement n\u00e9cessaire","breadcrumb":{"@id":"https:\/\/kapitalis.com\/tunisie\/2022\/11\/18\/cinq-cas-de-rage-humaine-enregistres-jusqua-novembre-en-tunisie-recommandations-du-ministere-de-la-sante\/#breadcrumb"},"inLanguage":"fr-FR","potentialAction":[{"@type":"ReadAction","target":["https:\/\/kapitalis.com\/tunisie\/2022\/11\/18\/cinq-cas-de-rage-humaine-enregistres-jusqua-novembre-en-tunisie-recommandations-du-ministere-de-la-sante\/"]}]},{"@type":"ImageObject","inLanguage":"fr-FR","@id":"https:\/\/kapitalis.com\/tunisie\/2022\/11\/18\/cinq-cas-de-rage-humaine-enregistres-jusqua-novembre-en-tunisie-recommandations-du-ministere-de-la-sante\/#primaryimage","url":"https:\/\/kapitalis.com\/tunisie\/wp-content\/uploads\/2022\/11\/rage-recommandations.jpg","contentUrl":"https:\/\/kapitalis.com\/tunisie\/wp-content\/uploads\/2022\/11\/rage-recommandations.jpg","width":1200,"height":630},{"@type":"BreadcrumbList","@id":"https:\/\/kapitalis.com\/tunisie\/2022\/11\/18\/cinq-cas-de-rage-humaine-enregistres-jusqua-novembre-en-tunisie-recommandations-du-ministere-de-la-sante\/#breadcrumb","itemListElement":[{"@type":"ListItem","position":1,"name":"Accueil","item":"https:\/\/kapitalis.com\/tunisie\/"},{"@type":"ListItem","position":2,"name":"Cinq cas de rage humaine enregistr\u00e9s jusqu&rsquo;\u00e0 novembre en Tunisie : Recommandations du minist\u00e8re de la Sant\u00e9"}]},{"@type":"WebSite","@id":"https:\/\/kapitalis.com\/tunisie\/#website","url":"https:\/\/kapitalis.com\/tunisie\/","name":"Kapitalis","description":"L&#039;actualit\u00e9 en Tunisie et dans le monde","publisher":{"@id":"https:\/\/kapitalis.com\/tunisie\/#organization"},"potentialAction":[{"@type":"SearchAction","target":{"@type":"EntryPoint","urlTemplate":"https:\/\/kapitalis.com\/tunisie\/?s={search_term_string}"},"query-input":{"@type":"PropertyValueSpecification","valueRequired":true,"valueName":"search_term_string"}}],"inLanguage":"fr-FR"},{"@type":"Organization","@id":"https:\/\/kapitalis.com\/tunisie\/#organization","name":"Kapitalis","url":"https:\/\/kapitalis.com\/tunisie\/","logo":{"@type":"ImageObject","inLanguage":"fr-FR","@id":"https:\/\/kapitalis.com\/tunisie\/#\/schema\/logo\/image\/","url":"https:\/\/kapitalis.com\/tunisie\/wp-content\/uploads\/2022\/05\/Kapitalis-big-size.png","contentUrl":"https:\/\/kapitalis.com\/tunisie\/wp-content\/uploads\/2022\/05\/Kapitalis-big-size.png","width":5000,"height":1500,"caption":"Kapitalis"},"image":{"@id":"https:\/\/kapitalis.com\/tunisie\/#\/schema\/logo\/image\/"},"sameAs":["https:\/\/www.facebook.com\/KapitalisInfo\/","https:\/\/x.com\/KapitalisInfo","https:\/\/www.youtube.com\/channel\/UC-yDYrHyfFBWWZaOw3FPg9Q"]},{"@type":"Person","@id":"https:\/\/kapitalis.com\/tunisie\/#\/schema\/person\/74bbde0154d49d790a92aaeac5bc01d5","name":"Yusra NY","url":"https:\/\/kapitalis.com\/tunisie\/author\/yuza_adam\/"}]}},"_links":{"self":[{"href":"https:\/\/kapitalis.com\/tunisie\/wp-json\/wp\/v2\/posts\/5045267","targetHints":{"allow":["GET"]}}],"collection":[{"href":"https:\/\/kapitalis.com\/tunisie\/wp-json\/wp\/v2\/posts"}],"about":[{"href":"https:\/\/kapitalis.com\/tunisie\/wp-json\/wp\/v2\/types\/post"}],"author":[{"embeddable":true,"href":"https:\/\/kapitalis.com\/tunisie\/wp-json\/wp\/v2\/users\/6"}],"replies":[{"embeddable":true,"href":"https:\/\/kapitalis.com\/tunisie\/wp-json\/wp\/v2\/comments?post=5045267"}],"version-history":[{"count":0,"href":"https:\/\/kapitalis.com\/tunisie\/wp-json\/wp\/v2\/posts\/5045267\/revisions"}],"wp:featuredmedia":[{"embeddable":true,"href":"https:\/\/kapitalis.com\/tunisie\/wp-json\/wp\/v2\/media\/5045378"}],"wp:attachment":[{"href":"https:\/\/kapitalis.com\/tunisie\/wp-json\/wp\/v2\/media?parent=5045267"}],"wp:term":[{"taxonomy":"category","embeddable":true,"href":"https:\/\/kapitalis.com\/tunisie\/wp-json\/wp\/v2\/categories?post=5045267"},{"taxonomy":"post_tag","embeddable":true,"href":"https:\/\/kapitalis.com\/tunisie\/wp-json\/wp\/v2\/tags?post=5045267"}],"curies":[{"name":"wp","href":"https:\/\/api.w.org\/{rel}","templated":true}]}}