{"id":5046865,"date":"2022-11-19T06:47:35","date_gmt":"2022-11-19T05:47:35","guid":{"rendered":"https:\/\/kapitalis.com\/tunisie\/?p=5046865"},"modified":"2022-11-19T06:47:36","modified_gmt":"2022-11-19T05:47:36","slug":"developpement-durable-la-biat-adhere-lablc-et-signe-le-climate-statement","status":"publish","type":"post","link":"https:\/\/kapitalis.com\/tunisie\/2022\/11\/19\/developpement-durable-la-biat-adhere-lablc-et-signe-le-climate-statement\/","title":{"rendered":"D\u00e9veloppement durable\u00a0: la Biat adh\u00e8re l\u2019ABLC et signe le Climate Statement"},"content":{"rendered":"\n<p><strong><em>La <a href=\"http:\/\/www.biat.com.tn\" target=\"_blank\" rel=\"noreferrer noopener\">Biat<\/a> a annonc\u00e9, dans un communiqu\u00e9 publi\u00e9 le 18 novembre 2022, avoir rejoint l\u2019initiative de l\u2019Africa Business Leaders Coalition (ABLC) et proc\u00e9d\u00e9 \u00e0 la signature du Climate Statement. A travers la concr\u00e9tisation de cette adh\u00e9sion, la Biat affirme son engagement continu pour l\u2019\u00e9conomie, le social et l\u2019environnement.<\/em><\/strong><\/p>\n\n\n\n<!--more-->\n\n\n\n<p>Consciente de l\u2019importance des enjeux environnementaux, soci\u00e9taux et de gouvernance dans le d\u00e9veloppement d\u2019un avenir durable tant au niveau national que r\u00e9gional, la Biat a rejoint la coalition des chefs d\u2019entreprises africains (ABLC) et sign\u00e9 la d\u00e9claration Climate Statement en marge des travaux de la COP 27, poursuivant ainsi son engagement aupr\u00e8s des initiatives mondiales pour la transformation positive et le d\u00e9veloppement durable des \u00e9conomies.<\/p>\n\n\n\n<p>L\u2019adh\u00e9sion de la Biat \u00e0 la coalition ABLC vient consolider son r\u00f4le de banque responsable et visionnaire, consciente de l\u2019importance capitale d\u2019agir contre le changement climatique et de respecter l\u2019environnement pour accompagner le d\u00e9veloppement d\u2019une \u00e9conomie durable. A l\u2019instar des 56 signataires du Climate Statement, qui a \u00e9t\u00e9 annonc\u00e9e le 9 novembre en Egypte.<\/p>\n\n\n\n<p>Banque citoyenne int\u00e9grant la responsabilit\u00e9 soci\u00e9tale au c\u0153ur de sa strat\u00e9gie, la Biat, \u00e0 travers la concr\u00e9tisation de cette nouvelle adh\u00e9sion, consolide son engagement en faveur de la mise en place d\u2019un cadre commun pour le d\u00e9veloppement d\u2019un avenir positif et durable.<\/p>\n\n\n\n<h2 class=\"wp-block-heading\">Qu\u2019est-ce que l\u2019ABLC<\/h2>\n\n\n\n<p>Cr\u00e9\u00e9e par le Pacte Mondial des Nations Unies, la coalition des chefs d\u2019entreprises africains (ABLC) a pour but de faire progresser la croissance, la prosp\u00e9rit\u00e9 et le d\u00e9veloppement durable de l\u2019Afrique. Regroupant pr\u00e8s de quatre-vingt chefs d\u2019entreprises et pr\u00e9sidents de conseil d\u2019administration africains, cette coalition entend porter une voix unifi\u00e9e et ambitieuse des entreprises africaines \u00e0 la COP 27, et perdurera au-del\u00e0 de 2022 pour se pencher sur d&rsquo;autres questions urgentes de durabilit\u00e9 au sein du continent africain.<\/p>\n\n\n\n<h2 class=\"wp-block-heading\">Le Climate Statement&nbsp;:<\/h2>\n\n\n\n<p><em>La d\u00e9claration pour le climat pr\u00f4ne le respect des principes du pacte mondial des Nations Unis dans les pratiques commerciales des entreprises ainsi qu\u2019avec les fournisseurs et les clients&nbsp;; vise \u00e0 d\u00e9velopper des plans de r\u00e9silience d&rsquo;entreprises solides pour am\u00e9liorer la capacit\u00e9 d&rsquo;adaptation et renforcer la r\u00e9silience syst\u00e9mique tout en tenant compte des risques climatiques; entend fixer des objectifs pour augmenter consid\u00e9rablement la part des \u00e9nergies renouvelables dans la consommation d&rsquo;\u00e9nergie&nbsp;; appelle les gouvernements \u00e0 traduire les plans climatiques en Afrique, en pipelines de projets climatiques bancables&nbsp;et \u00e0 la cr\u00e9ation d&rsquo;un environnement propice qui facilite un acc\u00e8s accru au financement et garantit que les entreprises africaines puissent tirer parti des march\u00e9s mondiaux.&nbsp;<\/em><\/p>\n\n\n\n<p><em>Banque universelle, acteur de r\u00e9f\u00e9rence en Tunisie, la <a href=\"http:\/\/www.biat.com.tn\" target=\"_blank\" rel=\"noreferrer noopener\">Biat<\/a><\/em> <em>constitue aujourd\u2019hui un groupe bancaire solide avec ses filiales dans les domaines de l\u2019assurance, de la gestion d\u2019actifs, du capital-investissement, de l\u2019interm\u00e9diation boursi\u00e8re et du conseil. Implant\u00e9e sur tout le territoire, la Biat compte aujourd\u2019hui 206 agences \u00e0 travers toute la Tunisie. Pr\u00e8s de 2000 collaborateurs travaillent au service de tous ses clients : particuliers, professionnels, PME, grandes entreprises et institutionnels.<\/em><\/p>\n\n\n\n<p><em>Tr\u00e8s attentive \u00e0 sa responsabilit\u00e9 soci\u00e9tale, la Biat a traduit son positionnement citoyen par de nombreux engagements. La cr\u00e9ation de la Fondation Biat pour la jeunesse tunisienne, au printemps 2014, en est embl\u00e9matique et ancre cet engagement de fa\u00e7on p\u00e9renne.<\/em><\/p>\n","protected":false},"excerpt":{"rendered":"<p>La Biat annonce avoir rejoint l\u2019initiative de l\u2019Africa Business Leaders Coalition (ABLC) et proc\u00e9d\u00e9 \u00e0 la signature du Climate Statement.<\/p>\n","protected":false},"author":8,"featured_media":3621022,"comment_status":"open","ping_status":"open","sticky":false,"template":"","format":"standard","meta":{"footnotes":""},"categories":[995,2433],"tags":[104533,146,104532,102153,1684],"class_list":["post-5046865","post","type-post","status-publish","format-standard","has-post-thumbnail","hentry","category-economie","category-tunisie","tag-ablc","tag-biat","tag-climate-statement","tag-cop27","tag-developpement-durable"],"yoast_head":"<!-- This site is optimized with the Yoast SEO plugin v26.6 - https:\/\/yoast.com\/wordpress\/plugins\/seo\/ -->\n<title>D\u00e9veloppement durable\u00a0: la Biat adh\u00e8re l\u2019ABLC et signe le Climate Statement - Kapitalis<\/title>\n<meta name=\"robots\" content=\"index, follow, max-snippet:-1, max-image-preview:large, max-video-preview:-1\" \/>\n<link rel=\"canonical\" href=\"https:\/\/kapitalis.com\/tunisie\/2022\/11\/19\/developpement-durable-la-biat-adhere-lablc-et-signe-le-climate-statement\/\" \/>\n<meta property=\"og:locale\" content=\"fr_FR\" \/>\n<meta property=\"og:type\" content=\"article\" \/>\n<meta property=\"og:title\" content=\"D\u00e9veloppement durable\u00a0: la Biat adh\u00e8re l\u2019ABLC et signe le Climate Statement - Kapitalis\" \/>\n<meta property=\"og:description\" content=\"La Biat annonce avoir rejoint l\u2019initiative de l\u2019Africa Business Leaders Coalition (ABLC) et proc\u00e9d\u00e9 \u00e0 la signature du Climate Statement.\" \/>\n<meta property=\"og:url\" content=\"https:\/\/kapitalis.com\/tunisie\/2022\/11\/19\/developpement-durable-la-biat-adhere-lablc-et-signe-le-climate-statement\/\" \/>\n<meta property=\"og:site_name\" content=\"Kapitalis\" \/>\n<meta property=\"article:publisher\" content=\"https:\/\/www.facebook.com\/KapitalisInfo\/\" \/>\n<meta property=\"article:published_time\" content=\"2022-11-19T05:47:35+00:00\" \/>\n<meta property=\"article:modified_time\" content=\"2022-11-19T05:47:36+00:00\" \/>\n<meta property=\"og:image\" content=\"https:\/\/kapitalis.com\/tunisie\/wp-content\/uploads\/2022\/09\/BIAT.jpg\" \/>\n\t<meta property=\"og:image:width\" content=\"1200\" \/>\n\t<meta property=\"og:image:height\" content=\"630\" \/>\n\t<meta property=\"og:image:type\" content=\"image\/jpeg\" \/>\n<meta name=\"author\" content=\"webmaster kapitalis\" \/>\n<meta name=\"twitter:card\" content=\"summary_large_image\" \/>\n<meta name=\"twitter:creator\" content=\"@KapitalisInfo\" \/>\n<meta name=\"twitter:site\" content=\"@KapitalisInfo\" \/>\n<meta name=\"twitter:label1\" content=\"\u00c9crit par\" \/>\n\t<meta name=\"twitter:data1\" content=\"webmaster kapitalis\" \/>\n\t<meta name=\"twitter:label2\" content=\"Dur\u00e9e de lecture estim\u00e9e\" \/>\n\t<meta name=\"twitter:data2\" content=\"3 minutes\" \/>\n<script type=\"application\/ld+json\" class=\"yoast-schema-graph\">{\"@context\":\"https:\/\/schema.org\",\"@graph\":[{\"@type\":\"Article\",\"@id\":\"https:\/\/kapitalis.com\/tunisie\/2022\/11\/19\/developpement-durable-la-biat-adhere-lablc-et-signe-le-climate-statement\/#article\",\"isPartOf\":{\"@id\":\"https:\/\/kapitalis.com\/tunisie\/2022\/11\/19\/developpement-durable-la-biat-adhere-lablc-et-signe-le-climate-statement\/\"},\"author\":{\"name\":\"webmaster kapitalis\",\"@id\":\"https:\/\/kapitalis.com\/tunisie\/#\/schema\/person\/d71f33a9ca44f7bad4698210b480c8e9\"},\"headline\":\"D\u00e9veloppement durable\u00a0: la Biat adh\u00e8re l\u2019ABLC et signe le Climate Statement\",\"datePublished\":\"2022-11-19T05:47:35+00:00\",\"dateModified\":\"2022-11-19T05:47:36+00:00\",\"mainEntityOfPage\":{\"@id\":\"https:\/\/kapitalis.com\/tunisie\/2022\/11\/19\/developpement-durable-la-biat-adhere-lablc-et-signe-le-climate-statement\/\"},\"wordCount\":592,\"commentCount\":0,\"publisher\":{\"@id\":\"https:\/\/kapitalis.com\/tunisie\/#organization\"},\"image\":{\"@id\":\"https:\/\/kapitalis.com\/tunisie\/2022\/11\/19\/developpement-durable-la-biat-adhere-lablc-et-signe-le-climate-statement\/#primaryimage\"},\"thumbnailUrl\":\"https:\/\/kapitalis.com\/tunisie\/wp-content\/uploads\/2022\/09\/BIAT.jpg\",\"keywords\":[\"ABLC\",\"Biat\",\"Climate Statement\",\"COP27\",\"d\u00e9veloppement durable\"],\"articleSection\":[\"ECONOMIE\",\"Tunisie\"],\"inLanguage\":\"fr-FR\",\"potentialAction\":[{\"@type\":\"CommentAction\",\"name\":\"Comment\",\"target\":[\"https:\/\/kapitalis.com\/tunisie\/2022\/11\/19\/developpement-durable-la-biat-adhere-lablc-et-signe-le-climate-statement\/#respond\"]}]},{\"@type\":\"WebPage\",\"@id\":\"https:\/\/kapitalis.com\/tunisie\/2022\/11\/19\/developpement-durable-la-biat-adhere-lablc-et-signe-le-climate-statement\/\",\"url\":\"https:\/\/kapitalis.com\/tunisie\/2022\/11\/19\/developpement-durable-la-biat-adhere-lablc-et-signe-le-climate-statement\/\",\"name\":\"D\u00e9veloppement durable\u00a0: la Biat adh\u00e8re l\u2019ABLC et signe le Climate Statement - Kapitalis\",\"isPartOf\":{\"@id\":\"https:\/\/kapitalis.com\/tunisie\/#website\"},\"primaryImageOfPage\":{\"@id\":\"https:\/\/kapitalis.com\/tunisie\/2022\/11\/19\/developpement-durable-la-biat-adhere-lablc-et-signe-le-climate-statement\/#primaryimage\"},\"image\":{\"@id\":\"https:\/\/kapitalis.com\/tunisie\/2022\/11\/19\/developpement-durable-la-biat-adhere-lablc-et-signe-le-climate-statement\/#primaryimage\"},\"thumbnailUrl\":\"https:\/\/kapitalis.com\/tunisie\/wp-content\/uploads\/2022\/09\/BIAT.jpg\",\"datePublished\":\"2022-11-19T05:47:35+00:00\",\"dateModified\":\"2022-11-19T05:47:36+00:00\",\"breadcrumb\":{\"@id\":\"https:\/\/kapitalis.com\/tunisie\/2022\/11\/19\/developpement-durable-la-biat-adhere-lablc-et-signe-le-climate-statement\/#breadcrumb\"},\"inLanguage\":\"fr-FR\",\"potentialAction\":[{\"@type\":\"ReadAction\",\"target\":[\"https:\/\/kapitalis.com\/tunisie\/2022\/11\/19\/developpement-durable-la-biat-adhere-lablc-et-signe-le-climate-statement\/\"]}]},{\"@type\":\"ImageObject\",\"inLanguage\":\"fr-FR\",\"@id\":\"https:\/\/kapitalis.com\/tunisie\/2022\/11\/19\/developpement-durable-la-biat-adhere-lablc-et-signe-le-climate-statement\/#primaryimage\",\"url\":\"https:\/\/kapitalis.com\/tunisie\/wp-content\/uploads\/2022\/09\/BIAT.jpg\",\"contentUrl\":\"https:\/\/kapitalis.com\/tunisie\/wp-content\/uploads\/2022\/09\/BIAT.jpg\",\"width\":1200,\"height\":630},{\"@type\":\"BreadcrumbList\",\"@id\":\"https:\/\/kapitalis.com\/tunisie\/2022\/11\/19\/developpement-durable-la-biat-adhere-lablc-et-signe-le-climate-statement\/#breadcrumb\",\"itemListElement\":[{\"@type\":\"ListItem\",\"position\":1,\"name\":\"Accueil\",\"item\":\"https:\/\/kapitalis.com\/tunisie\/\"},{\"@type\":\"ListItem\",\"position\":2,\"name\":\"D\u00e9veloppement durable\u00a0: la Biat adh\u00e8re l\u2019ABLC et signe le Climate Statement\"}]},{\"@type\":\"WebSite\",\"@id\":\"https:\/\/kapitalis.com\/tunisie\/#website\",\"url\":\"https:\/\/kapitalis.com\/tunisie\/\",\"name\":\"Kapitalis\",\"description\":\"L&#039;actualit\u00e9 en Tunisie et dans le monde\",\"publisher\":{\"@id\":\"https:\/\/kapitalis.com\/tunisie\/#organization\"},\"potentialAction\":[{\"@type\":\"SearchAction\",\"target\":{\"@type\":\"EntryPoint\",\"urlTemplate\":\"https:\/\/kapitalis.com\/tunisie\/?s={search_term_string}\"},\"query-input\":{\"@type\":\"PropertyValueSpecification\",\"valueRequired\":true,\"valueName\":\"search_term_string\"}}],\"inLanguage\":\"fr-FR\"},{\"@type\":\"Organization\",\"@id\":\"https:\/\/kapitalis.com\/tunisie\/#organization\",\"name\":\"Kapitalis\",\"url\":\"https:\/\/kapitalis.com\/tunisie\/\",\"logo\":{\"@type\":\"ImageObject\",\"inLanguage\":\"fr-FR\",\"@id\":\"https:\/\/kapitalis.com\/tunisie\/#\/schema\/logo\/image\/\",\"url\":\"https:\/\/kapitalis.com\/tunisie\/wp-content\/uploads\/2022\/05\/Kapitalis-big-size.png\",\"contentUrl\":\"https:\/\/kapitalis.com\/tunisie\/wp-content\/uploads\/2022\/05\/Kapitalis-big-size.png\",\"width\":5000,\"height\":1500,\"caption\":\"Kapitalis\"},\"image\":{\"@id\":\"https:\/\/kapitalis.com\/tunisie\/#\/schema\/logo\/image\/\"},\"sameAs\":[\"https:\/\/www.facebook.com\/KapitalisInfo\/\",\"https:\/\/x.com\/KapitalisInfo\",\"https:\/\/www.youtube.com\/channel\/UC-yDYrHyfFBWWZaOw3FPg9Q\"]},{\"@type\":\"Person\",\"@id\":\"https:\/\/kapitalis.com\/tunisie\/#\/schema\/person\/d71f33a9ca44f7bad4698210b480c8e9\",\"name\":\"webmaster kapitalis\",\"url\":\"https:\/\/kapitalis.com\/tunisie\/author\/webmaster-kapitalis\/\"}]}<\/script>\n<!-- \/ Yoast SEO plugin. -->","yoast_head_json":{"title":"D\u00e9veloppement durable\u00a0: la Biat adh\u00e8re l\u2019ABLC et signe le Climate Statement - Kapitalis","robots":{"index":"index","follow":"follow","max-snippet":"max-snippet:-1","max-image-preview":"max-image-preview:large","max-video-preview":"max-video-preview:-1"},"canonical":"https:\/\/kapitalis.com\/tunisie\/2022\/11\/19\/developpement-durable-la-biat-adhere-lablc-et-signe-le-climate-statement\/","og_locale":"fr_FR","og_type":"article","og_title":"D\u00e9veloppement durable\u00a0: la Biat adh\u00e8re l\u2019ABLC et signe le Climate Statement - Kapitalis","og_description":"La Biat annonce avoir rejoint l\u2019initiative de l\u2019Africa Business Leaders Coalition (ABLC) et proc\u00e9d\u00e9 \u00e0 la signature du Climate Statement.","og_url":"https:\/\/kapitalis.com\/tunisie\/2022\/11\/19\/developpement-durable-la-biat-adhere-lablc-et-signe-le-climate-statement\/","og_site_name":"Kapitalis","article_publisher":"https:\/\/www.facebook.com\/KapitalisInfo\/","article_published_time":"2022-11-19T05:47:35+00:00","article_modified_time":"2022-11-19T05:47:36+00:00","og_image":[{"width":1200,"height":630,"url":"https:\/\/kapitalis.com\/tunisie\/wp-content\/uploads\/2022\/09\/BIAT.jpg","type":"image\/jpeg"}],"author":"webmaster kapitalis","twitter_card":"summary_large_image","twitter_creator":"@KapitalisInfo","twitter_site":"@KapitalisInfo","twitter_misc":{"\u00c9crit par":"webmaster kapitalis","Dur\u00e9e de lecture estim\u00e9e":"3 minutes"},"schema":{"@context":"https:\/\/schema.org","@graph":[{"@type":"Article","@id":"https:\/\/kapitalis.com\/tunisie\/2022\/11\/19\/developpement-durable-la-biat-adhere-lablc-et-signe-le-climate-statement\/#article","isPartOf":{"@id":"https:\/\/kapitalis.com\/tunisie\/2022\/11\/19\/developpement-durable-la-biat-adhere-lablc-et-signe-le-climate-statement\/"},"author":{"name":"webmaster kapitalis","@id":"https:\/\/kapitalis.com\/tunisie\/#\/schema\/person\/d71f33a9ca44f7bad4698210b480c8e9"},"headline":"D\u00e9veloppement durable\u00a0: la Biat adh\u00e8re l\u2019ABLC et signe le Climate Statement","datePublished":"2022-11-19T05:47:35+00:00","dateModified":"2022-11-19T05:47:36+00:00","mainEntityOfPage":{"@id":"https:\/\/kapitalis.com\/tunisie\/2022\/11\/19\/developpement-durable-la-biat-adhere-lablc-et-signe-le-climate-statement\/"},"wordCount":592,"commentCount":0,"publisher":{"@id":"https:\/\/kapitalis.com\/tunisie\/#organization"},"image":{"@id":"https:\/\/kapitalis.com\/tunisie\/2022\/11\/19\/developpement-durable-la-biat-adhere-lablc-et-signe-le-climate-statement\/#primaryimage"},"thumbnailUrl":"https:\/\/kapitalis.com\/tunisie\/wp-content\/uploads\/2022\/09\/BIAT.jpg","keywords":["ABLC","Biat","Climate Statement","COP27","d\u00e9veloppement durable"],"articleSection":["ECONOMIE","Tunisie"],"inLanguage":"fr-FR","potentialAction":[{"@type":"CommentAction","name":"Comment","target":["https:\/\/kapitalis.com\/tunisie\/2022\/11\/19\/developpement-durable-la-biat-adhere-lablc-et-signe-le-climate-statement\/#respond"]}]},{"@type":"WebPage","@id":"https:\/\/kapitalis.com\/tunisie\/2022\/11\/19\/developpement-durable-la-biat-adhere-lablc-et-signe-le-climate-statement\/","url":"https:\/\/kapitalis.com\/tunisie\/2022\/11\/19\/developpement-durable-la-biat-adhere-lablc-et-signe-le-climate-statement\/","name":"D\u00e9veloppement durable\u00a0: la Biat adh\u00e8re l\u2019ABLC et signe le Climate Statement - Kapitalis","isPartOf":{"@id":"https:\/\/kapitalis.com\/tunisie\/#website"},"primaryImageOfPage":{"@id":"https:\/\/kapitalis.com\/tunisie\/2022\/11\/19\/developpement-durable-la-biat-adhere-lablc-et-signe-le-climate-statement\/#primaryimage"},"image":{"@id":"https:\/\/kapitalis.com\/tunisie\/2022\/11\/19\/developpement-durable-la-biat-adhere-lablc-et-signe-le-climate-statement\/#primaryimage"},"thumbnailUrl":"https:\/\/kapitalis.com\/tunisie\/wp-content\/uploads\/2022\/09\/BIAT.jpg","datePublished":"2022-11-19T05:47:35+00:00","dateModified":"2022-11-19T05:47:36+00:00","breadcrumb":{"@id":"https:\/\/kapitalis.com\/tunisie\/2022\/11\/19\/developpement-durable-la-biat-adhere-lablc-et-signe-le-climate-statement\/#breadcrumb"},"inLanguage":"fr-FR","potentialAction":[{"@type":"ReadAction","target":["https:\/\/kapitalis.com\/tunisie\/2022\/11\/19\/developpement-durable-la-biat-adhere-lablc-et-signe-le-climate-statement\/"]}]},{"@type":"ImageObject","inLanguage":"fr-FR","@id":"https:\/\/kapitalis.com\/tunisie\/2022\/11\/19\/developpement-durable-la-biat-adhere-lablc-et-signe-le-climate-statement\/#primaryimage","url":"https:\/\/kapitalis.com\/tunisie\/wp-content\/uploads\/2022\/09\/BIAT.jpg","contentUrl":"https:\/\/kapitalis.com\/tunisie\/wp-content\/uploads\/2022\/09\/BIAT.jpg","width":1200,"height":630},{"@type":"BreadcrumbList","@id":"https:\/\/kapitalis.com\/tunisie\/2022\/11\/19\/developpement-durable-la-biat-adhere-lablc-et-signe-le-climate-statement\/#breadcrumb","itemListElement":[{"@type":"ListItem","position":1,"name":"Accueil","item":"https:\/\/kapitalis.com\/tunisie\/"},{"@type":"ListItem","position":2,"name":"D\u00e9veloppement durable\u00a0: la Biat adh\u00e8re l\u2019ABLC et signe le Climate Statement"}]},{"@type":"WebSite","@id":"https:\/\/kapitalis.com\/tunisie\/#website","url":"https:\/\/kapitalis.com\/tunisie\/","name":"Kapitalis","description":"L&#039;actualit\u00e9 en Tunisie et dans le monde","publisher":{"@id":"https:\/\/kapitalis.com\/tunisie\/#organization"},"potentialAction":[{"@type":"SearchAction","target":{"@type":"EntryPoint","urlTemplate":"https:\/\/kapitalis.com\/tunisie\/?s={search_term_string}"},"query-input":{"@type":"PropertyValueSpecification","valueRequired":true,"valueName":"search_term_string"}}],"inLanguage":"fr-FR"},{"@type":"Organization","@id":"https:\/\/kapitalis.com\/tunisie\/#organization","name":"Kapitalis","url":"https:\/\/kapitalis.com\/tunisie\/","logo":{"@type":"ImageObject","inLanguage":"fr-FR","@id":"https:\/\/kapitalis.com\/tunisie\/#\/schema\/logo\/image\/","url":"https:\/\/kapitalis.com\/tunisie\/wp-content\/uploads\/2022\/05\/Kapitalis-big-size.png","contentUrl":"https:\/\/kapitalis.com\/tunisie\/wp-content\/uploads\/2022\/05\/Kapitalis-big-size.png","width":5000,"height":1500,"caption":"Kapitalis"},"image":{"@id":"https:\/\/kapitalis.com\/tunisie\/#\/schema\/logo\/image\/"},"sameAs":["https:\/\/www.facebook.com\/KapitalisInfo\/","https:\/\/x.com\/KapitalisInfo","https:\/\/www.youtube.com\/channel\/UC-yDYrHyfFBWWZaOw3FPg9Q"]},{"@type":"Person","@id":"https:\/\/kapitalis.com\/tunisie\/#\/schema\/person\/d71f33a9ca44f7bad4698210b480c8e9","name":"webmaster kapitalis","url":"https:\/\/kapitalis.com\/tunisie\/author\/webmaster-kapitalis\/"}]}},"_links":{"self":[{"href":"https:\/\/kapitalis.com\/tunisie\/wp-json\/wp\/v2\/posts\/5046865","targetHints":{"allow":["GET"]}}],"collection":[{"href":"https:\/\/kapitalis.com\/tunisie\/wp-json\/wp\/v2\/posts"}],"about":[{"href":"https:\/\/kapitalis.com\/tunisie\/wp-json\/wp\/v2\/types\/post"}],"author":[{"embeddable":true,"href":"https:\/\/kapitalis.com\/tunisie\/wp-json\/wp\/v2\/users\/8"}],"replies":[{"embeddable":true,"href":"https:\/\/kapitalis.com\/tunisie\/wp-json\/wp\/v2\/comments?post=5046865"}],"version-history":[{"count":0,"href":"https:\/\/kapitalis.com\/tunisie\/wp-json\/wp\/v2\/posts\/5046865\/revisions"}],"wp:featuredmedia":[{"embeddable":true,"href":"https:\/\/kapitalis.com\/tunisie\/wp-json\/wp\/v2\/media\/3621022"}],"wp:attachment":[{"href":"https:\/\/kapitalis.com\/tunisie\/wp-json\/wp\/v2\/media?parent=5046865"}],"wp:term":[{"taxonomy":"category","embeddable":true,"href":"https:\/\/kapitalis.com\/tunisie\/wp-json\/wp\/v2\/categories?post=5046865"},{"taxonomy":"post_tag","embeddable":true,"href":"https:\/\/kapitalis.com\/tunisie\/wp-json\/wp\/v2\/tags?post=5046865"}],"curies":[{"name":"wp","href":"https:\/\/api.w.org\/{rel}","templated":true}]}}