{"id":5047600,"date":"2022-11-19T08:16:52","date_gmt":"2022-11-19T07:16:52","guid":{"rendered":"https:\/\/kapitalis.com\/tunisie\/?p=5047600"},"modified":"2022-11-19T08:16:56","modified_gmt":"2022-11-19T07:16:56","slug":"portrait-abdallah-de-jordanie-lhomme-moderne-et-le-dirigeant-modere","status":"publish","type":"post","link":"https:\/\/kapitalis.com\/tunisie\/2022\/11\/19\/portrait-abdallah-de-jordanie-lhomme-moderne-et-le-dirigeant-modere\/","title":{"rendered":"Portrait : Abdallah de Jordanie, l\u2019homme moderne et le dirigeant mod\u00e9r\u00e9"},"content":{"rendered":"\n<p><strong><em>Le roi Abdallah de Jordanie appara\u00eet aujourd\u2019hui comme un chef d\u2019Etat moderne, mod\u00e9r\u00e9, dynamique, pragmatique et tr\u00e8s ancr\u00e9 dans son \u00e9poque et dans la r\u00e9alit\u00e9 de son pays, de sa r\u00e9gion et de notre monde. Il est le contraire m\u00eame du dirigeant baignant dans l\u2019utopisme, le populisme et le discours id\u00e9ologique, dogmatique et bourr\u00e9 de slogans creux.<\/em><\/strong><\/p>\n\n\n\n<p>Par <strong>Chedly Mamoghli<\/strong> *<\/p>\n\n\n\n<!--more-->\n\n\n<div class=\"wp-block-image\">\n<figure class=\"alignleft size-full\"><img decoding=\"async\" src=\"http:\/\/kapitalis.com\/tunisie\/wp-content\/uploads\/2018\/06\/Chedly-Mamoghli.jpg\" alt=\"\" class=\"wp-image-158631\"\/><\/figure>\n<\/div>\n\n\n<p>Il ne m\u2019est pas facile d\u2019admirer les personnes (personnalit\u00e9s ou personnes lambda) et encore plus de consid\u00e9rer quelqu\u2019un comme un mod\u00e8le mais cet homme, je l\u2019appr\u00e9cie beaucoup. Moderne, mod\u00e9r\u00e9, dynamique, pragmatique et tr\u00e8s ancr\u00e9 dans son \u00e9poque et dans la r\u00e9alit\u00e9 de son pays, de sa r\u00e9gion et de notre monde. Il est le contraire m\u00eame du dirigeant baignant dans l\u2019utopisme, le populisme et le discours id\u00e9ologique, dogmatique et bourr\u00e9 de slogans creux.&nbsp;<\/p>\n\n\n\n<p>\u00c0 la sortie de la pand\u00e9mie, il a charg\u00e9 deux commissions de pr\u00e9parer respectivement un projet de modernisation et de r\u00e9formes du syst\u00e8me politique et une vision \u00e9conomique. Les deux commissions ayant rendu leurs travaux, l\u2019heure de l\u2019application a commenc\u00e9.&nbsp;<\/p>\n\n\n\n<h2 class=\"wp-block-heading\">Passer du tribalisme \u00e0 la citoyennet\u00e9<\/h2>\n\n\n\n<p>Dimanche 13 novembre 2022, lors du discours annuel du Tr\u00f4ne devant le Parlement (rassemblant les deux chambres, la Jordanie a un Parlement bicam\u00e9ral), il a d\u00e9clar\u00e9: <em>\u00abLa vision de la modernisation \u00e9conomique est contraignante pour les gouvernements et sera le crit\u00e8re d\u2019\u00e9valuation de leur rendement\u00bb<\/em>. Cette vision \u00e9conomique s\u2019articule autour de 8 moteurs, 300 initiatives et concerne 35 secteurs et sous-secteurs. Elle concerne tous les domaines (agriculture, industrie et service) mais se distingue par la place de choix laiss\u00e9e \u00e0 la promotion des diff\u00e9rentes industries. Cette vision a trois objectifs: la croissance \u00e9conomique, la qualit\u00e9 de la vie et le d\u00e9veloppement durable.<\/p>\n\n\n\n<p>Sur le plan politique, la commission de modernisation et des r\u00e9formes politiques avait essentiellement pour but de doter le pays d\u2019une vie politique moderne et de lui permettre de basculer d\u2019un mod\u00e8le tribal (la Jordanie est une soci\u00e9t\u00e9 tribale o\u00f9 les gens \u00e9lisent lors des l\u00e9gislatives des candidats issus de leur tribu) \u00e0 un mod\u00e8le de citoyennet\u00e9 favorisant les partis politiques o\u00f9 les citoyens \u00e9lisent leur repr\u00e9sentants issus de partis qui proposent des programmes concrets.<\/p>\n\n\n\n<p>Le travail de cette commission s\u2019est articul\u00e9 autour de six axes et une sous-commission s\u2019est charg\u00e9e de l\u2019\u00e9laboration des recommandations pour chaque axe. Les 6 sous-commissions charg\u00e9es chacune d\u2019un axe sont les suivantes: \u00e9lections, partis, d\u00e9veloppement de la participation des jeunes, d\u00e9veloppement de la participation des femmes, administration locale et r\u00e9formes constitutionnelles li\u00e9es aux \u00e9lections, aux partis et aux m\u00e9canismes du travail parlementaire.<\/p>\n\n\n\n<h2 class=\"wp-block-heading\">Une refondation politique et \u00e9conomique<\/h2>\n\n\n\n<p>La Jordanie, sur le plan de la politique int\u00e9rieure, vit au rythme de l\u2019application des travaux de deux commissions. C\u2019est l&rsquo;\u00e9tape de la refondation politique et \u00e9conomique.<\/p>\n\n\n\n<p>Sur le plan de la politique \u00e9trang\u00e8re, la diplomatie jordanienne conduite par le Roi se distingue par son grand dynamisme r\u00e9gional et international et par la concentration sur les enjeux politiques, \u00e9conomiques et s\u00e9curitaires de notre \u00e9poque.<\/p>\n\n\n\n<p>Il y a une semaine, Abdallah de Jordanie \u00e9tait \u00e0 Sharm El-Sheikh pour la COP 27; ensuite il a \u00e9t\u00e9 au Vatican (la Jordanie est un pays avec une importante diversit\u00e9 religieuse et ethnique, le lieu du bapt\u00eame du Christ-B\u00e9thanie au-del\u00e0 du Jourdain, se trouve en Jordanie et de plus, les lieux de culte sacr\u00e9s de J\u00e9rusalem sont sous la protection du tr\u00f4ne hach\u00e9mite et il se d\u00e9m\u00e8ne pour les prot\u00e9ger). Apr\u00e8s le Vatican, il s\u2019est rendu \u00e0 Londres. Il a \u00e9t\u00e9 \u00e0 la fois le premier chef d\u2019\u00c9tat re\u00e7u par Charles III \u00e0 Londres apr\u00e8s les obs\u00e8ques d\u2019Elizabeth II du mois de septembre et le premier \u00e0 rencontrer le tout nouveau Premier ministre britannique Rishi Sunak.&nbsp;<\/p>\n\n\n\n<h2 class=\"wp-block-heading\">Fervent d\u00e9fenseur de la cause palestinienne<\/h2>\n\n\n\n<p>Autre exemple du pragmatisme du souverain hach\u00e9mite, son discours lors de l\u2019Assembl\u00e9e g\u00e9n\u00e9rale des Nations Unies au mois de septembre dernier qui s\u2019est articul\u00e9 autour du r\u00e9chauffement climatique avec ses cons\u00e9quences comme le stress hydrique auquel son pays est fortement expos\u00e9 et sur la crise alimentaire, v\u00e9ritable d\u00e9fi caus\u00e9 par la guerre russo-ukrainienne. Le statut de J\u00e9rusalem, la protection des lieux saints et les droits des Palestiniens ont \u00e9t\u00e9 aussi au c\u0153ur de son discours.<\/p>\n\n\n\n<p>Abdallah II dont l\u2019\u00e9pouse, la Reine Rania, est une Palestinienne est tr\u00e8s investi dans la cause palestinienne mais sans discours id\u00e9ologique et sans slogans grandiloquents, creux et ridicules. Il avait d\u2019ailleurs cat\u00e9goriquement refus\u00e9 les Accords d\u2019Abraham de Trump malgr\u00e9 toutes les pressions de la part de ce dernier et de son gendre Kushner et malgr\u00e9 certaines animosit\u00e9s r\u00e9gionales. Ce refus allait lui co\u00fbter son tr\u00f4ne avec la tentative de coup d\u2019\u00c9tat avort\u00e9 en avril 2021.<\/p>\n\n\n\n<p>La Jordanie se distingue \u00e9galement par le refus d\u2019entrer dans la politique des axes. Amman a de bonnes relations aussi bien avec l\u2019axe Ankara-Doha qu\u2019avec celui de Riyad-Abou Dhabi-Le Caire et \u0153uvre \u00e0 la naissance d\u2019une zone de libre \u00e9change arabe. Le pays qui a d\u2019excellentes relations avec l\u2019Occident et les \u00c9tats-Unis en particulier -surtout depuis le d\u00e9part de Trump- entretient \u00e9galement d\u2019excellentes relations avec la Russie de Poutine.&nbsp;<\/p>\n\n\n\n<h2 class=\"wp-block-heading\">La rose du Moyen-Orient<\/h2>\n\n\n\n<p>La Jordanie, gr\u00e2ce \u00e0 son roi, est un havre de paix bien qu\u2019elle soit situ\u00e9e au c\u0153ur d\u2019une r\u00e9gion dans l\u2019\u0153il du cyclone, avec un voisinage explosif, dans l\u2019une des r\u00e9gions les plus instables et les plus complexes de la plan\u00e8te, sans ressources naturelles, en \u00e9tant un Etat quasi-enclav\u00e9 (avec pour seul acc\u00e8s \u00e0 la mer, une ouverture restreinte sur le golfe d\u2019Aqaba qui donne sur la mer Rouge).<\/p>\n\n\n\n<p>La Jordanie est aussi un pays o\u00f9 deux id\u00e9ologies dangereuses sont pr\u00e9sentes et bien ancr\u00e9es \u00e0 savoir l\u2019islamisme et le nationalisme arabe et comme toutes les id\u00e9ologies, elles sont mortif\u00e8res et suicidaires par leur aveuglement, leur dogmatisme et leur sectarisme.&nbsp;&nbsp;<\/p>\n\n\n\n<p>En d\u00e9pit de toutes ces difficult\u00e9s, le roi Abdallah a su maintenir la stabilit\u00e9 de son pays et le pr\u00e9server de la spirale infernale qui a emport\u00e9 toute la r\u00e9gion durant les deux derni\u00e8res d\u00e9cennies dont les deux grands voisins que sont l\u2019Irak et la Syrie avec les cons\u00e9quences d\u00e9mographiques, s\u00e9curitaires et socio-\u00e9conomiques qui en r\u00e9sultent sur la Jordanie. Son r\u00e8gne est aussi marqu\u00e9 par des progr\u00e8s consid\u00e9rables r\u00e9alis\u00e9s dans le domaine de l\u2019\u00e9ducation. La Jordanie demeure la rose du Moyen-Orient.&nbsp;<\/p>\n\n\n\n<p>R\u00e9gner dans cette r\u00e9gion si particuli\u00e8re, pr\u00e9server son pays et en faire une oasis de paix est tout sauf une partie de plaisir et rel\u00e8ve de l\u2019exploit. De plus, y \u00eatre un homme moderne et un dirigeant mod\u00e9r\u00e9 est vraiment rare. Pour toutes ces raisons, Abdallah de Jordanie force l\u2019admiration et incarne un mod\u00e8le pour tout dirigeant.<\/p>\n\n\n\n<p><em>* Juriste.<\/em> <\/p>\n","protected":false},"excerpt":{"rendered":"<p>Comment le roi Abdallah a-t-il pu maintenir la stabilit\u00e9 de la Jordanie et la pr\u00e9server de la spirale infernale qui a emport\u00e9 toute la r\u00e9gion durant les deux derni\u00e8res d\u00e9cennies.<\/p>\n","protected":false},"author":8,"featured_media":5047713,"comment_status":"open","ping_status":"open","sticky":false,"template":"","format":"standard","meta":{"footnotes":""},"categories":[992,997,1000,2433],"tags":[86634,21211,102634,3662,104536,104537,93804,9415],"class_list":["post-5047600","post","type-post","status-publish","format-standard","has-post-thumbnail","hentry","category-a-la-une","category-politique","category-tribune","category-tunisie","tag-accords-dabraham","tag-cause-palestinienne","tag-charles-iii","tag-jordanie","tag-reine-rania","tag-rishi-sunak","tag-roi-abdallah","tag-vatican"],"yoast_head":"<!-- This site is optimized with the Yoast SEO plugin v26.6 - https:\/\/yoast.com\/wordpress\/plugins\/seo\/ -->\n<title>Portrait : Abdallah de Jordanie, l\u2019homme moderne et le dirigeant mod\u00e9r\u00e9 - Kapitalis<\/title>\n<meta name=\"robots\" content=\"index, follow, max-snippet:-1, max-image-preview:large, max-video-preview:-1\" \/>\n<link rel=\"canonical\" href=\"https:\/\/kapitalis.com\/tunisie\/2022\/11\/19\/portrait-abdallah-de-jordanie-lhomme-moderne-et-le-dirigeant-modere\/\" \/>\n<meta property=\"og:locale\" content=\"fr_FR\" \/>\n<meta property=\"og:type\" content=\"article\" \/>\n<meta property=\"og:title\" content=\"Portrait : Abdallah de Jordanie, l\u2019homme moderne et le dirigeant mod\u00e9r\u00e9 - Kapitalis\" \/>\n<meta property=\"og:description\" content=\"Comment le roi Abdallah a-t-il pu maintenir la stabilit\u00e9 de la Jordanie et la pr\u00e9server de la spirale infernale qui a emport\u00e9 toute la r\u00e9gion durant les deux derni\u00e8res d\u00e9cennies.\" \/>\n<meta property=\"og:url\" content=\"https:\/\/kapitalis.com\/tunisie\/2022\/11\/19\/portrait-abdallah-de-jordanie-lhomme-moderne-et-le-dirigeant-modere\/\" \/>\n<meta property=\"og:site_name\" content=\"Kapitalis\" \/>\n<meta property=\"article:publisher\" content=\"https:\/\/www.facebook.com\/KapitalisInfo\/\" \/>\n<meta property=\"article:published_time\" content=\"2022-11-19T07:16:52+00:00\" \/>\n<meta property=\"article:modified_time\" content=\"2022-11-19T07:16:56+00:00\" \/>\n<meta property=\"og:image\" content=\"https:\/\/kapitalis.com\/tunisie\/wp-content\/uploads\/2022\/11\/Roi-Abdallah-2.jpg\" \/>\n\t<meta property=\"og:image:width\" content=\"1200\" \/>\n\t<meta property=\"og:image:height\" content=\"630\" \/>\n\t<meta property=\"og:image:type\" content=\"image\/jpeg\" \/>\n<meta name=\"author\" content=\"webmaster kapitalis\" \/>\n<meta name=\"twitter:card\" content=\"summary_large_image\" \/>\n<meta name=\"twitter:creator\" content=\"@KapitalisInfo\" \/>\n<meta name=\"twitter:site\" content=\"@KapitalisInfo\" \/>\n<meta name=\"twitter:label1\" content=\"\u00c9crit par\" \/>\n\t<meta name=\"twitter:data1\" content=\"webmaster kapitalis\" \/>\n\t<meta name=\"twitter:label2\" content=\"Dur\u00e9e de lecture estim\u00e9e\" \/>\n\t<meta name=\"twitter:data2\" content=\"6 minutes\" \/>\n<script type=\"application\/ld+json\" class=\"yoast-schema-graph\">{\"@context\":\"https:\/\/schema.org\",\"@graph\":[{\"@type\":\"Article\",\"@id\":\"https:\/\/kapitalis.com\/tunisie\/2022\/11\/19\/portrait-abdallah-de-jordanie-lhomme-moderne-et-le-dirigeant-modere\/#article\",\"isPartOf\":{\"@id\":\"https:\/\/kapitalis.com\/tunisie\/2022\/11\/19\/portrait-abdallah-de-jordanie-lhomme-moderne-et-le-dirigeant-modere\/\"},\"author\":{\"name\":\"webmaster kapitalis\",\"@id\":\"https:\/\/kapitalis.com\/tunisie\/#\/schema\/person\/d71f33a9ca44f7bad4698210b480c8e9\"},\"headline\":\"Portrait : Abdallah de Jordanie, l\u2019homme moderne et le dirigeant mod\u00e9r\u00e9\",\"datePublished\":\"2022-11-19T07:16:52+00:00\",\"dateModified\":\"2022-11-19T07:16:56+00:00\",\"mainEntityOfPage\":{\"@id\":\"https:\/\/kapitalis.com\/tunisie\/2022\/11\/19\/portrait-abdallah-de-jordanie-lhomme-moderne-et-le-dirigeant-modere\/\"},\"wordCount\":1239,\"commentCount\":1,\"publisher\":{\"@id\":\"https:\/\/kapitalis.com\/tunisie\/#organization\"},\"image\":{\"@id\":\"https:\/\/kapitalis.com\/tunisie\/2022\/11\/19\/portrait-abdallah-de-jordanie-lhomme-moderne-et-le-dirigeant-modere\/#primaryimage\"},\"thumbnailUrl\":\"https:\/\/kapitalis.com\/tunisie\/wp-content\/uploads\/2022\/11\/Roi-Abdallah-2.jpg\",\"keywords\":[\"accords d\u2019Abraham\",\"cause palestinienne\",\"Charles III\",\"Jordanie\",\"reine Rania\",\"Rishi Sunak\",\"roi Abdallah\",\"Vatican\"],\"articleSection\":[\"A LA UNE\",\"POLITIQUE\",\"TRIBUNE\",\"Tunisie\"],\"inLanguage\":\"fr-FR\",\"potentialAction\":[{\"@type\":\"CommentAction\",\"name\":\"Comment\",\"target\":[\"https:\/\/kapitalis.com\/tunisie\/2022\/11\/19\/portrait-abdallah-de-jordanie-lhomme-moderne-et-le-dirigeant-modere\/#respond\"]}]},{\"@type\":\"WebPage\",\"@id\":\"https:\/\/kapitalis.com\/tunisie\/2022\/11\/19\/portrait-abdallah-de-jordanie-lhomme-moderne-et-le-dirigeant-modere\/\",\"url\":\"https:\/\/kapitalis.com\/tunisie\/2022\/11\/19\/portrait-abdallah-de-jordanie-lhomme-moderne-et-le-dirigeant-modere\/\",\"name\":\"Portrait : Abdallah de Jordanie, l\u2019homme moderne et le dirigeant mod\u00e9r\u00e9 - Kapitalis\",\"isPartOf\":{\"@id\":\"https:\/\/kapitalis.com\/tunisie\/#website\"},\"primaryImageOfPage\":{\"@id\":\"https:\/\/kapitalis.com\/tunisie\/2022\/11\/19\/portrait-abdallah-de-jordanie-lhomme-moderne-et-le-dirigeant-modere\/#primaryimage\"},\"image\":{\"@id\":\"https:\/\/kapitalis.com\/tunisie\/2022\/11\/19\/portrait-abdallah-de-jordanie-lhomme-moderne-et-le-dirigeant-modere\/#primaryimage\"},\"thumbnailUrl\":\"https:\/\/kapitalis.com\/tunisie\/wp-content\/uploads\/2022\/11\/Roi-Abdallah-2.jpg\",\"datePublished\":\"2022-11-19T07:16:52+00:00\",\"dateModified\":\"2022-11-19T07:16:56+00:00\",\"breadcrumb\":{\"@id\":\"https:\/\/kapitalis.com\/tunisie\/2022\/11\/19\/portrait-abdallah-de-jordanie-lhomme-moderne-et-le-dirigeant-modere\/#breadcrumb\"},\"inLanguage\":\"fr-FR\",\"potentialAction\":[{\"@type\":\"ReadAction\",\"target\":[\"https:\/\/kapitalis.com\/tunisie\/2022\/11\/19\/portrait-abdallah-de-jordanie-lhomme-moderne-et-le-dirigeant-modere\/\"]}]},{\"@type\":\"ImageObject\",\"inLanguage\":\"fr-FR\",\"@id\":\"https:\/\/kapitalis.com\/tunisie\/2022\/11\/19\/portrait-abdallah-de-jordanie-lhomme-moderne-et-le-dirigeant-modere\/#primaryimage\",\"url\":\"https:\/\/kapitalis.com\/tunisie\/wp-content\/uploads\/2022\/11\/Roi-Abdallah-2.jpg\",\"contentUrl\":\"https:\/\/kapitalis.com\/tunisie\/wp-content\/uploads\/2022\/11\/Roi-Abdallah-2.jpg\",\"width\":1200,\"height\":630},{\"@type\":\"BreadcrumbList\",\"@id\":\"https:\/\/kapitalis.com\/tunisie\/2022\/11\/19\/portrait-abdallah-de-jordanie-lhomme-moderne-et-le-dirigeant-modere\/#breadcrumb\",\"itemListElement\":[{\"@type\":\"ListItem\",\"position\":1,\"name\":\"Accueil\",\"item\":\"https:\/\/kapitalis.com\/tunisie\/\"},{\"@type\":\"ListItem\",\"position\":2,\"name\":\"Portrait : Abdallah de Jordanie, l\u2019homme moderne et le dirigeant mod\u00e9r\u00e9\"}]},{\"@type\":\"WebSite\",\"@id\":\"https:\/\/kapitalis.com\/tunisie\/#website\",\"url\":\"https:\/\/kapitalis.com\/tunisie\/\",\"name\":\"Kapitalis\",\"description\":\"L&#039;actualit\u00e9 en Tunisie et dans le monde\",\"publisher\":{\"@id\":\"https:\/\/kapitalis.com\/tunisie\/#organization\"},\"potentialAction\":[{\"@type\":\"SearchAction\",\"target\":{\"@type\":\"EntryPoint\",\"urlTemplate\":\"https:\/\/kapitalis.com\/tunisie\/?s={search_term_string}\"},\"query-input\":{\"@type\":\"PropertyValueSpecification\",\"valueRequired\":true,\"valueName\":\"search_term_string\"}}],\"inLanguage\":\"fr-FR\"},{\"@type\":\"Organization\",\"@id\":\"https:\/\/kapitalis.com\/tunisie\/#organization\",\"name\":\"Kapitalis\",\"url\":\"https:\/\/kapitalis.com\/tunisie\/\",\"logo\":{\"@type\":\"ImageObject\",\"inLanguage\":\"fr-FR\",\"@id\":\"https:\/\/kapitalis.com\/tunisie\/#\/schema\/logo\/image\/\",\"url\":\"https:\/\/kapitalis.com\/tunisie\/wp-content\/uploads\/2022\/05\/Kapitalis-big-size.png\",\"contentUrl\":\"https:\/\/kapitalis.com\/tunisie\/wp-content\/uploads\/2022\/05\/Kapitalis-big-size.png\",\"width\":5000,\"height\":1500,\"caption\":\"Kapitalis\"},\"image\":{\"@id\":\"https:\/\/kapitalis.com\/tunisie\/#\/schema\/logo\/image\/\"},\"sameAs\":[\"https:\/\/www.facebook.com\/KapitalisInfo\/\",\"https:\/\/x.com\/KapitalisInfo\",\"https:\/\/www.youtube.com\/channel\/UC-yDYrHyfFBWWZaOw3FPg9Q\"]},{\"@type\":\"Person\",\"@id\":\"https:\/\/kapitalis.com\/tunisie\/#\/schema\/person\/d71f33a9ca44f7bad4698210b480c8e9\",\"name\":\"webmaster kapitalis\",\"url\":\"https:\/\/kapitalis.com\/tunisie\/author\/webmaster-kapitalis\/\"}]}<\/script>\n<!-- \/ Yoast SEO plugin. -->","yoast_head_json":{"title":"Portrait : Abdallah de Jordanie, l\u2019homme moderne et le dirigeant mod\u00e9r\u00e9 - Kapitalis","robots":{"index":"index","follow":"follow","max-snippet":"max-snippet:-1","max-image-preview":"max-image-preview:large","max-video-preview":"max-video-preview:-1"},"canonical":"https:\/\/kapitalis.com\/tunisie\/2022\/11\/19\/portrait-abdallah-de-jordanie-lhomme-moderne-et-le-dirigeant-modere\/","og_locale":"fr_FR","og_type":"article","og_title":"Portrait : Abdallah de Jordanie, l\u2019homme moderne et le dirigeant mod\u00e9r\u00e9 - Kapitalis","og_description":"Comment le roi Abdallah a-t-il pu maintenir la stabilit\u00e9 de la Jordanie et la pr\u00e9server de la spirale infernale qui a emport\u00e9 toute la r\u00e9gion durant les deux derni\u00e8res d\u00e9cennies.","og_url":"https:\/\/kapitalis.com\/tunisie\/2022\/11\/19\/portrait-abdallah-de-jordanie-lhomme-moderne-et-le-dirigeant-modere\/","og_site_name":"Kapitalis","article_publisher":"https:\/\/www.facebook.com\/KapitalisInfo\/","article_published_time":"2022-11-19T07:16:52+00:00","article_modified_time":"2022-11-19T07:16:56+00:00","og_image":[{"width":1200,"height":630,"url":"https:\/\/kapitalis.com\/tunisie\/wp-content\/uploads\/2022\/11\/Roi-Abdallah-2.jpg","type":"image\/jpeg"}],"author":"webmaster kapitalis","twitter_card":"summary_large_image","twitter_creator":"@KapitalisInfo","twitter_site":"@KapitalisInfo","twitter_misc":{"\u00c9crit par":"webmaster kapitalis","Dur\u00e9e de lecture estim\u00e9e":"6 minutes"},"schema":{"@context":"https:\/\/schema.org","@graph":[{"@type":"Article","@id":"https:\/\/kapitalis.com\/tunisie\/2022\/11\/19\/portrait-abdallah-de-jordanie-lhomme-moderne-et-le-dirigeant-modere\/#article","isPartOf":{"@id":"https:\/\/kapitalis.com\/tunisie\/2022\/11\/19\/portrait-abdallah-de-jordanie-lhomme-moderne-et-le-dirigeant-modere\/"},"author":{"name":"webmaster kapitalis","@id":"https:\/\/kapitalis.com\/tunisie\/#\/schema\/person\/d71f33a9ca44f7bad4698210b480c8e9"},"headline":"Portrait : Abdallah de Jordanie, l\u2019homme moderne et le dirigeant mod\u00e9r\u00e9","datePublished":"2022-11-19T07:16:52+00:00","dateModified":"2022-11-19T07:16:56+00:00","mainEntityOfPage":{"@id":"https:\/\/kapitalis.com\/tunisie\/2022\/11\/19\/portrait-abdallah-de-jordanie-lhomme-moderne-et-le-dirigeant-modere\/"},"wordCount":1239,"commentCount":1,"publisher":{"@id":"https:\/\/kapitalis.com\/tunisie\/#organization"},"image":{"@id":"https:\/\/kapitalis.com\/tunisie\/2022\/11\/19\/portrait-abdallah-de-jordanie-lhomme-moderne-et-le-dirigeant-modere\/#primaryimage"},"thumbnailUrl":"https:\/\/kapitalis.com\/tunisie\/wp-content\/uploads\/2022\/11\/Roi-Abdallah-2.jpg","keywords":["accords d\u2019Abraham","cause palestinienne","Charles III","Jordanie","reine Rania","Rishi Sunak","roi Abdallah","Vatican"],"articleSection":["A LA UNE","POLITIQUE","TRIBUNE","Tunisie"],"inLanguage":"fr-FR","potentialAction":[{"@type":"CommentAction","name":"Comment","target":["https:\/\/kapitalis.com\/tunisie\/2022\/11\/19\/portrait-abdallah-de-jordanie-lhomme-moderne-et-le-dirigeant-modere\/#respond"]}]},{"@type":"WebPage","@id":"https:\/\/kapitalis.com\/tunisie\/2022\/11\/19\/portrait-abdallah-de-jordanie-lhomme-moderne-et-le-dirigeant-modere\/","url":"https:\/\/kapitalis.com\/tunisie\/2022\/11\/19\/portrait-abdallah-de-jordanie-lhomme-moderne-et-le-dirigeant-modere\/","name":"Portrait : Abdallah de Jordanie, l\u2019homme moderne et le dirigeant mod\u00e9r\u00e9 - Kapitalis","isPartOf":{"@id":"https:\/\/kapitalis.com\/tunisie\/#website"},"primaryImageOfPage":{"@id":"https:\/\/kapitalis.com\/tunisie\/2022\/11\/19\/portrait-abdallah-de-jordanie-lhomme-moderne-et-le-dirigeant-modere\/#primaryimage"},"image":{"@id":"https:\/\/kapitalis.com\/tunisie\/2022\/11\/19\/portrait-abdallah-de-jordanie-lhomme-moderne-et-le-dirigeant-modere\/#primaryimage"},"thumbnailUrl":"https:\/\/kapitalis.com\/tunisie\/wp-content\/uploads\/2022\/11\/Roi-Abdallah-2.jpg","datePublished":"2022-11-19T07:16:52+00:00","dateModified":"2022-11-19T07:16:56+00:00","breadcrumb":{"@id":"https:\/\/kapitalis.com\/tunisie\/2022\/11\/19\/portrait-abdallah-de-jordanie-lhomme-moderne-et-le-dirigeant-modere\/#breadcrumb"},"inLanguage":"fr-FR","potentialAction":[{"@type":"ReadAction","target":["https:\/\/kapitalis.com\/tunisie\/2022\/11\/19\/portrait-abdallah-de-jordanie-lhomme-moderne-et-le-dirigeant-modere\/"]}]},{"@type":"ImageObject","inLanguage":"fr-FR","@id":"https:\/\/kapitalis.com\/tunisie\/2022\/11\/19\/portrait-abdallah-de-jordanie-lhomme-moderne-et-le-dirigeant-modere\/#primaryimage","url":"https:\/\/kapitalis.com\/tunisie\/wp-content\/uploads\/2022\/11\/Roi-Abdallah-2.jpg","contentUrl":"https:\/\/kapitalis.com\/tunisie\/wp-content\/uploads\/2022\/11\/Roi-Abdallah-2.jpg","width":1200,"height":630},{"@type":"BreadcrumbList","@id":"https:\/\/kapitalis.com\/tunisie\/2022\/11\/19\/portrait-abdallah-de-jordanie-lhomme-moderne-et-le-dirigeant-modere\/#breadcrumb","itemListElement":[{"@type":"ListItem","position":1,"name":"Accueil","item":"https:\/\/kapitalis.com\/tunisie\/"},{"@type":"ListItem","position":2,"name":"Portrait : Abdallah de Jordanie, l\u2019homme moderne et le dirigeant mod\u00e9r\u00e9"}]},{"@type":"WebSite","@id":"https:\/\/kapitalis.com\/tunisie\/#website","url":"https:\/\/kapitalis.com\/tunisie\/","name":"Kapitalis","description":"L&#039;actualit\u00e9 en Tunisie et dans le monde","publisher":{"@id":"https:\/\/kapitalis.com\/tunisie\/#organization"},"potentialAction":[{"@type":"SearchAction","target":{"@type":"EntryPoint","urlTemplate":"https:\/\/kapitalis.com\/tunisie\/?s={search_term_string}"},"query-input":{"@type":"PropertyValueSpecification","valueRequired":true,"valueName":"search_term_string"}}],"inLanguage":"fr-FR"},{"@type":"Organization","@id":"https:\/\/kapitalis.com\/tunisie\/#organization","name":"Kapitalis","url":"https:\/\/kapitalis.com\/tunisie\/","logo":{"@type":"ImageObject","inLanguage":"fr-FR","@id":"https:\/\/kapitalis.com\/tunisie\/#\/schema\/logo\/image\/","url":"https:\/\/kapitalis.com\/tunisie\/wp-content\/uploads\/2022\/05\/Kapitalis-big-size.png","contentUrl":"https:\/\/kapitalis.com\/tunisie\/wp-content\/uploads\/2022\/05\/Kapitalis-big-size.png","width":5000,"height":1500,"caption":"Kapitalis"},"image":{"@id":"https:\/\/kapitalis.com\/tunisie\/#\/schema\/logo\/image\/"},"sameAs":["https:\/\/www.facebook.com\/KapitalisInfo\/","https:\/\/x.com\/KapitalisInfo","https:\/\/www.youtube.com\/channel\/UC-yDYrHyfFBWWZaOw3FPg9Q"]},{"@type":"Person","@id":"https:\/\/kapitalis.com\/tunisie\/#\/schema\/person\/d71f33a9ca44f7bad4698210b480c8e9","name":"webmaster kapitalis","url":"https:\/\/kapitalis.com\/tunisie\/author\/webmaster-kapitalis\/"}]}},"_links":{"self":[{"href":"https:\/\/kapitalis.com\/tunisie\/wp-json\/wp\/v2\/posts\/5047600","targetHints":{"allow":["GET"]}}],"collection":[{"href":"https:\/\/kapitalis.com\/tunisie\/wp-json\/wp\/v2\/posts"}],"about":[{"href":"https:\/\/kapitalis.com\/tunisie\/wp-json\/wp\/v2\/types\/post"}],"author":[{"embeddable":true,"href":"https:\/\/kapitalis.com\/tunisie\/wp-json\/wp\/v2\/users\/8"}],"replies":[{"embeddable":true,"href":"https:\/\/kapitalis.com\/tunisie\/wp-json\/wp\/v2\/comments?post=5047600"}],"version-history":[{"count":0,"href":"https:\/\/kapitalis.com\/tunisie\/wp-json\/wp\/v2\/posts\/5047600\/revisions"}],"wp:featuredmedia":[{"embeddable":true,"href":"https:\/\/kapitalis.com\/tunisie\/wp-json\/wp\/v2\/media\/5047713"}],"wp:attachment":[{"href":"https:\/\/kapitalis.com\/tunisie\/wp-json\/wp\/v2\/media?parent=5047600"}],"wp:term":[{"taxonomy":"category","embeddable":true,"href":"https:\/\/kapitalis.com\/tunisie\/wp-json\/wp\/v2\/categories?post=5047600"},{"taxonomy":"post_tag","embeddable":true,"href":"https:\/\/kapitalis.com\/tunisie\/wp-json\/wp\/v2\/tags?post=5047600"}],"curies":[{"name":"wp","href":"https:\/\/api.w.org\/{rel}","templated":true}]}}