{"id":5050252,"date":"2022-11-19T11:23:50","date_gmt":"2022-11-19T10:23:50","guid":{"rendered":"https:\/\/kapitalis.com\/tunisie\/?p=5050252"},"modified":"2022-11-19T12:58:40","modified_gmt":"2022-11-19T11:58:40","slug":"kais-saied-la-volonte-de-la-tunisie-a-prevalu-en-abritant-le-sommet-de-la-francophonie","status":"publish","type":"post","link":"https:\/\/kapitalis.com\/tunisie\/2022\/11\/19\/kais-saied-la-volonte-de-la-tunisie-a-prevalu-en-abritant-le-sommet-de-la-francophonie\/","title":{"rendered":"Ka\u00efs Sa\u00efed: \u00abLa volont\u00e9 de la Tunisie a pr\u00e9valu en abritant le Sommet de la Francophonie\u00bb"},"content":{"rendered":"\n<p><strong><em>\u00abMalgr\u00e9 tous les obstacles et les changements survenus \u00e0 travers le monde, et qui ont marqu\u00e9 le d\u00e9but du troisi\u00e8me mill\u00e9naire \u00e0 partir de l\u2019an 2022 et non \u00e0 partir de l\u2019an 2000, la Tunisie a r\u00e9pondu \u00e0 ses engagements et respect\u00e9 ce qu\u2019elle avait promis de faire pour abriter le Sommet de la Francophonie.\u00bb<\/em><\/strong><\/p>\n\n\n\n<!--more-->\n\n\n\n<p>C\u2019est en ces termes que le pr\u00e9sident de la r\u00e9publique, Ka\u00efs Sa\u00efed, a ouvert aujourd&rsquo;hui, samedi 19 novembre 2022, \u00e0 Djerba, les travaux du 18e Sommet de la Francophonie, en pr\u00e9sence de nombreux dirigeants de pays membres de l\u2019Organisation internationale de la francophonie (OIF). <em>\u00abMalgr\u00e9 certains appels \u00e0 changer le lieu du sommet ou m\u00eame \u00e0 l\u2019annuler&#8230; la volont\u00e9 de la Tunisie a pr\u00e9valu en abritant ce sommet\u00bb<\/em>, a-t-il ajout\u00e9 en, r\u00e9ponse \u00e0 ceux qui ont critiqu\u00e9 la tenue de ce sommet en Tunisie, un pays soumis \u00e0 un \u00e9tat d\u2019exception depuis le 25 juillet 2021.<\/p>\n\n\n\n<p>Le chef de l\u2019Etat a, par ailleurs, indiqu\u00e9 que <em>\u00able choix de Djerba comme lieu du sommet n\u2019est pas arbitraire\u00bb<\/em>, ajoutant qu\u2019elle a \u00e9t\u00e9 choisie \u00e0 la place de Tunis, comme pr\u00e9vu au d\u00e9part, <em>\u00abparce qu\u2019elle est connue en Tunisie et \u00e0 l\u2019\u00e9tranger comme une \u00eele de r\u00eave, et parce qu\u2019elle est belle et ouverte sur le monde entier.\u00bb&nbsp;<\/em><\/p>\n\n\n\n<p><em>\u00abCet espace et ce lieu nous permettront de r\u00e9aliser nos r\u00eaves communs\u00bb<\/em>, a soulign\u00e9 M. Sa\u00efed, un brin lyrique.<em> \u00abLa tenue du sommet aujourd\u2019hui est le r\u00e9sultat d\u2019un travail continu et de la volont\u00e9 de l\u2019organiser dans les meilleures conditions\u00bb<\/em>, a-t-il ajout\u00e9, en remerciant l\u2019Organisation internationale de la francophonie (OIF) pour les efforts qu\u2019elle a consentis \u00e0 cet effet.<\/p>\n\n\n\n<p>Le pr\u00e9sident de la r\u00e9publique a ajout\u00e9 que <em>\u00abchoisir le th\u00e8me de la num\u00e9risation explique les objectifs du sommet\u00bb<\/em>, soulignant que <em>\u00abl\u2019intelligence humaine est derri\u00e8re la num\u00e9risation&#8230; tout comme la num\u00e9risation n\u2019a pas de sentiments, nous devons donc r\u00eaver d\u2019un monde meilleur afin de parvenir \u00e0 un d\u00e9veloppement fond\u00e9 sur la libert\u00e9, la justice et les id\u00e9aux que nous sommes invit\u00e9s \u00e0 partager.\u00bb<\/em><\/p>\n\n\n\n<p class=\"has-text-align-right\"><strong>I. B. <\/strong><\/p>\n\n\n\n<figure class=\"wp-block-embed is-type-wp-embed is-provider-kapitalis wp-block-embed-kapitalis\"><div class=\"wp-block-embed__wrapper\">\n<blockquote class=\"wp-embedded-content\" data-secret=\"XmbbspDqpA\"><a href=\"https:\/\/kapitalis.com\/tunisie\/2022\/11\/19\/au-sommet-de-la-francophonie-kais-saied-se-barricade-dans-son-arabisme\/\">Au Sommet de la francophonie, Ka\u00efs Sa\u00efed se barricade dans son arabisme<\/a><\/blockquote><iframe loading=\"lazy\" class=\"wp-embedded-content\" sandbox=\"allow-scripts\" security=\"restricted\" style=\"position: absolute; clip: rect(1px, 1px, 1px, 1px);\" title=\"\u00ab\u00a0Au Sommet de la francophonie, Ka\u00efs Sa\u00efed se barricade dans son arabisme\u00a0\u00bb &#8212; Kapitalis\" src=\"https:\/\/kapitalis.com\/tunisie\/2022\/11\/19\/au-sommet-de-la-francophonie-kais-saied-se-barricade-dans-son-arabisme\/embed\/#?secret=TOHuwxsn0c#?secret=XmbbspDqpA\" data-secret=\"XmbbspDqpA\" width=\"600\" height=\"338\" frameborder=\"0\" marginwidth=\"0\" marginheight=\"0\" scrolling=\"no\"><\/iframe>\n<\/div><\/figure>\n\n\n\n<figure class=\"wp-block-embed is-type-wp-embed is-provider-kapitalis wp-block-embed-kapitalis\"><div class=\"wp-block-embed__wrapper\">\n<blockquote class=\"wp-embedded-content\" data-secret=\"XjH3uglQTh\"><a href=\"https:\/\/kapitalis.com\/tunisie\/2022\/11\/19\/sommet-de-la-francophonie-mohamed-trabelsi-parle-de-succes-diplomatique-pour-la-tunisie\/\">Sommet de la Francophonie\u00a0: Mohamed Trabelsi parle de \u00absucc\u00e8s diplomatique pour la Tunisie\u00bb<\/a><\/blockquote><iframe loading=\"lazy\" class=\"wp-embedded-content\" sandbox=\"allow-scripts\" security=\"restricted\" style=\"position: absolute; clip: rect(1px, 1px, 1px, 1px);\" title=\"\u00ab\u00a0Sommet de la Francophonie\u00a0: Mohamed Trabelsi parle de \u00absucc\u00e8s diplomatique pour la Tunisie\u00bb\u00a0\u00bb &#8212; Kapitalis\" src=\"https:\/\/kapitalis.com\/tunisie\/2022\/11\/19\/sommet-de-la-francophonie-mohamed-trabelsi-parle-de-succes-diplomatique-pour-la-tunisie\/embed\/#?secret=5IuGPfKF1a#?secret=XjH3uglQTh\" data-secret=\"XjH3uglQTh\" width=\"600\" height=\"338\" frameborder=\"0\" marginwidth=\"0\" marginheight=\"0\" scrolling=\"no\"><\/iframe>\n<\/div><\/figure>\n","protected":false},"excerpt":{"rendered":"<p>Malgr\u00e9 certains appels \u00e0 changer le lieu du sommet de la francophonie ou m\u00eame \u00e0 l\u2019annuler, la volont\u00e9 de la Tunisie a pr\u00e9valu en abritant ce sommet. <\/p>\n","protected":false},"author":8,"featured_media":5050274,"comment_status":"open","ping_status":"open","sticky":false,"template":"","format":"standard","meta":{"footnotes":""},"categories":[997,2433],"tags":[284,12235,22987,72700,62643],"class_list":["post-5050252","post","type-post","status-publish","format-standard","has-post-thumbnail","hentry","category-politique","category-tunisie","tag-djerba","tag-kais-saied","tag-oif","tag-sommet-de-la-francophonie","tag-tunisie"],"yoast_head":"<!-- This site is optimized with the Yoast SEO plugin v26.6 - https:\/\/yoast.com\/wordpress\/plugins\/seo\/ -->\n<title>Ka\u00efs Sa\u00efed: \u00abLa volont\u00e9 de la Tunisie a pr\u00e9valu en abritant le Sommet de la Francophonie\u00bb - Kapitalis<\/title>\n<meta name=\"robots\" content=\"index, follow, max-snippet:-1, max-image-preview:large, max-video-preview:-1\" \/>\n<link rel=\"canonical\" href=\"https:\/\/kapitalis.com\/tunisie\/2022\/11\/19\/kais-saied-la-volonte-de-la-tunisie-a-prevalu-en-abritant-le-sommet-de-la-francophonie\/\" \/>\n<meta property=\"og:locale\" content=\"fr_FR\" \/>\n<meta property=\"og:type\" content=\"article\" \/>\n<meta property=\"og:title\" content=\"Ka\u00efs Sa\u00efed: \u00abLa volont\u00e9 de la Tunisie a pr\u00e9valu en abritant le Sommet de la Francophonie\u00bb - Kapitalis\" \/>\n<meta property=\"og:description\" content=\"Malgr\u00e9 certains appels \u00e0 changer le lieu du sommet de la francophonie ou m\u00eame \u00e0 l\u2019annuler, la volont\u00e9 de la Tunisie a pr\u00e9valu en abritant ce sommet.\" \/>\n<meta property=\"og:url\" content=\"https:\/\/kapitalis.com\/tunisie\/2022\/11\/19\/kais-saied-la-volonte-de-la-tunisie-a-prevalu-en-abritant-le-sommet-de-la-francophonie\/\" \/>\n<meta property=\"og:site_name\" content=\"Kapitalis\" \/>\n<meta property=\"article:publisher\" content=\"https:\/\/www.facebook.com\/KapitalisInfo\/\" \/>\n<meta property=\"article:published_time\" content=\"2022-11-19T10:23:50+00:00\" \/>\n<meta property=\"article:modified_time\" content=\"2022-11-19T11:58:40+00:00\" \/>\n<meta property=\"og:image\" content=\"https:\/\/kapitalis.com\/tunisie\/wp-content\/uploads\/2022\/11\/Kais-Saied-Sommet-de-la-francophonie.jpg\" \/>\n\t<meta property=\"og:image:width\" content=\"1200\" \/>\n\t<meta property=\"og:image:height\" content=\"630\" \/>\n\t<meta property=\"og:image:type\" content=\"image\/jpeg\" \/>\n<meta name=\"author\" content=\"webmaster kapitalis\" \/>\n<meta name=\"twitter:card\" content=\"summary_large_image\" \/>\n<meta name=\"twitter:creator\" content=\"@KapitalisInfo\" \/>\n<meta name=\"twitter:site\" content=\"@KapitalisInfo\" \/>\n<meta name=\"twitter:label1\" content=\"\u00c9crit par\" \/>\n\t<meta name=\"twitter:data1\" content=\"webmaster kapitalis\" \/>\n\t<meta name=\"twitter:label2\" content=\"Dur\u00e9e de lecture estim\u00e9e\" \/>\n\t<meta name=\"twitter:data2\" content=\"2 minutes\" \/>\n<script type=\"application\/ld+json\" class=\"yoast-schema-graph\">{\"@context\":\"https:\/\/schema.org\",\"@graph\":[{\"@type\":\"Article\",\"@id\":\"https:\/\/kapitalis.com\/tunisie\/2022\/11\/19\/kais-saied-la-volonte-de-la-tunisie-a-prevalu-en-abritant-le-sommet-de-la-francophonie\/#article\",\"isPartOf\":{\"@id\":\"https:\/\/kapitalis.com\/tunisie\/2022\/11\/19\/kais-saied-la-volonte-de-la-tunisie-a-prevalu-en-abritant-le-sommet-de-la-francophonie\/\"},\"author\":{\"name\":\"webmaster kapitalis\",\"@id\":\"https:\/\/kapitalis.com\/tunisie\/#\/schema\/person\/d71f33a9ca44f7bad4698210b480c8e9\"},\"headline\":\"Ka\u00efs Sa\u00efed: \u00abLa volont\u00e9 de la Tunisie a pr\u00e9valu en abritant le Sommet de la Francophonie\u00bb\",\"datePublished\":\"2022-11-19T10:23:50+00:00\",\"dateModified\":\"2022-11-19T11:58:40+00:00\",\"mainEntityOfPage\":{\"@id\":\"https:\/\/kapitalis.com\/tunisie\/2022\/11\/19\/kais-saied-la-volonte-de-la-tunisie-a-prevalu-en-abritant-le-sommet-de-la-francophonie\/\"},\"wordCount\":395,\"commentCount\":0,\"publisher\":{\"@id\":\"https:\/\/kapitalis.com\/tunisie\/#organization\"},\"image\":{\"@id\":\"https:\/\/kapitalis.com\/tunisie\/2022\/11\/19\/kais-saied-la-volonte-de-la-tunisie-a-prevalu-en-abritant-le-sommet-de-la-francophonie\/#primaryimage\"},\"thumbnailUrl\":\"https:\/\/kapitalis.com\/tunisie\/wp-content\/uploads\/2022\/11\/Kais-Saied-Sommet-de-la-francophonie.jpg\",\"keywords\":[\"Djerba\",\"Ka\u00efs Saied\",\"OIF\",\"Sommet de la Francophonie\",\"Tunisie\"],\"articleSection\":[\"POLITIQUE\",\"Tunisie\"],\"inLanguage\":\"fr-FR\",\"potentialAction\":[{\"@type\":\"CommentAction\",\"name\":\"Comment\",\"target\":[\"https:\/\/kapitalis.com\/tunisie\/2022\/11\/19\/kais-saied-la-volonte-de-la-tunisie-a-prevalu-en-abritant-le-sommet-de-la-francophonie\/#respond\"]}]},{\"@type\":\"WebPage\",\"@id\":\"https:\/\/kapitalis.com\/tunisie\/2022\/11\/19\/kais-saied-la-volonte-de-la-tunisie-a-prevalu-en-abritant-le-sommet-de-la-francophonie\/\",\"url\":\"https:\/\/kapitalis.com\/tunisie\/2022\/11\/19\/kais-saied-la-volonte-de-la-tunisie-a-prevalu-en-abritant-le-sommet-de-la-francophonie\/\",\"name\":\"Ka\u00efs Sa\u00efed: \u00abLa volont\u00e9 de la Tunisie a pr\u00e9valu en abritant le Sommet de la Francophonie\u00bb - Kapitalis\",\"isPartOf\":{\"@id\":\"https:\/\/kapitalis.com\/tunisie\/#website\"},\"primaryImageOfPage\":{\"@id\":\"https:\/\/kapitalis.com\/tunisie\/2022\/11\/19\/kais-saied-la-volonte-de-la-tunisie-a-prevalu-en-abritant-le-sommet-de-la-francophonie\/#primaryimage\"},\"image\":{\"@id\":\"https:\/\/kapitalis.com\/tunisie\/2022\/11\/19\/kais-saied-la-volonte-de-la-tunisie-a-prevalu-en-abritant-le-sommet-de-la-francophonie\/#primaryimage\"},\"thumbnailUrl\":\"https:\/\/kapitalis.com\/tunisie\/wp-content\/uploads\/2022\/11\/Kais-Saied-Sommet-de-la-francophonie.jpg\",\"datePublished\":\"2022-11-19T10:23:50+00:00\",\"dateModified\":\"2022-11-19T11:58:40+00:00\",\"breadcrumb\":{\"@id\":\"https:\/\/kapitalis.com\/tunisie\/2022\/11\/19\/kais-saied-la-volonte-de-la-tunisie-a-prevalu-en-abritant-le-sommet-de-la-francophonie\/#breadcrumb\"},\"inLanguage\":\"fr-FR\",\"potentialAction\":[{\"@type\":\"ReadAction\",\"target\":[\"https:\/\/kapitalis.com\/tunisie\/2022\/11\/19\/kais-saied-la-volonte-de-la-tunisie-a-prevalu-en-abritant-le-sommet-de-la-francophonie\/\"]}]},{\"@type\":\"ImageObject\",\"inLanguage\":\"fr-FR\",\"@id\":\"https:\/\/kapitalis.com\/tunisie\/2022\/11\/19\/kais-saied-la-volonte-de-la-tunisie-a-prevalu-en-abritant-le-sommet-de-la-francophonie\/#primaryimage\",\"url\":\"https:\/\/kapitalis.com\/tunisie\/wp-content\/uploads\/2022\/11\/Kais-Saied-Sommet-de-la-francophonie.jpg\",\"contentUrl\":\"https:\/\/kapitalis.com\/tunisie\/wp-content\/uploads\/2022\/11\/Kais-Saied-Sommet-de-la-francophonie.jpg\",\"width\":1200,\"height\":630},{\"@type\":\"BreadcrumbList\",\"@id\":\"https:\/\/kapitalis.com\/tunisie\/2022\/11\/19\/kais-saied-la-volonte-de-la-tunisie-a-prevalu-en-abritant-le-sommet-de-la-francophonie\/#breadcrumb\",\"itemListElement\":[{\"@type\":\"ListItem\",\"position\":1,\"name\":\"Accueil\",\"item\":\"https:\/\/kapitalis.com\/tunisie\/\"},{\"@type\":\"ListItem\",\"position\":2,\"name\":\"Ka\u00efs Sa\u00efed: \u00abLa volont\u00e9 de la Tunisie a pr\u00e9valu en abritant le Sommet de la Francophonie\u00bb\"}]},{\"@type\":\"WebSite\",\"@id\":\"https:\/\/kapitalis.com\/tunisie\/#website\",\"url\":\"https:\/\/kapitalis.com\/tunisie\/\",\"name\":\"Kapitalis\",\"description\":\"L&#039;actualit\u00e9 en Tunisie et dans le monde\",\"publisher\":{\"@id\":\"https:\/\/kapitalis.com\/tunisie\/#organization\"},\"potentialAction\":[{\"@type\":\"SearchAction\",\"target\":{\"@type\":\"EntryPoint\",\"urlTemplate\":\"https:\/\/kapitalis.com\/tunisie\/?s={search_term_string}\"},\"query-input\":{\"@type\":\"PropertyValueSpecification\",\"valueRequired\":true,\"valueName\":\"search_term_string\"}}],\"inLanguage\":\"fr-FR\"},{\"@type\":\"Organization\",\"@id\":\"https:\/\/kapitalis.com\/tunisie\/#organization\",\"name\":\"Kapitalis\",\"url\":\"https:\/\/kapitalis.com\/tunisie\/\",\"logo\":{\"@type\":\"ImageObject\",\"inLanguage\":\"fr-FR\",\"@id\":\"https:\/\/kapitalis.com\/tunisie\/#\/schema\/logo\/image\/\",\"url\":\"https:\/\/kapitalis.com\/tunisie\/wp-content\/uploads\/2022\/05\/Kapitalis-big-size.png\",\"contentUrl\":\"https:\/\/kapitalis.com\/tunisie\/wp-content\/uploads\/2022\/05\/Kapitalis-big-size.png\",\"width\":5000,\"height\":1500,\"caption\":\"Kapitalis\"},\"image\":{\"@id\":\"https:\/\/kapitalis.com\/tunisie\/#\/schema\/logo\/image\/\"},\"sameAs\":[\"https:\/\/www.facebook.com\/KapitalisInfo\/\",\"https:\/\/x.com\/KapitalisInfo\",\"https:\/\/www.youtube.com\/channel\/UC-yDYrHyfFBWWZaOw3FPg9Q\"]},{\"@type\":\"Person\",\"@id\":\"https:\/\/kapitalis.com\/tunisie\/#\/schema\/person\/d71f33a9ca44f7bad4698210b480c8e9\",\"name\":\"webmaster kapitalis\",\"url\":\"https:\/\/kapitalis.com\/tunisie\/author\/webmaster-kapitalis\/\"}]}<\/script>\n<!-- \/ Yoast SEO plugin. -->","yoast_head_json":{"title":"Ka\u00efs Sa\u00efed: \u00abLa volont\u00e9 de la Tunisie a pr\u00e9valu en abritant le Sommet de la Francophonie\u00bb - Kapitalis","robots":{"index":"index","follow":"follow","max-snippet":"max-snippet:-1","max-image-preview":"max-image-preview:large","max-video-preview":"max-video-preview:-1"},"canonical":"https:\/\/kapitalis.com\/tunisie\/2022\/11\/19\/kais-saied-la-volonte-de-la-tunisie-a-prevalu-en-abritant-le-sommet-de-la-francophonie\/","og_locale":"fr_FR","og_type":"article","og_title":"Ka\u00efs Sa\u00efed: \u00abLa volont\u00e9 de la Tunisie a pr\u00e9valu en abritant le Sommet de la Francophonie\u00bb - Kapitalis","og_description":"Malgr\u00e9 certains appels \u00e0 changer le lieu du sommet de la francophonie ou m\u00eame \u00e0 l\u2019annuler, la volont\u00e9 de la Tunisie a pr\u00e9valu en abritant ce sommet.","og_url":"https:\/\/kapitalis.com\/tunisie\/2022\/11\/19\/kais-saied-la-volonte-de-la-tunisie-a-prevalu-en-abritant-le-sommet-de-la-francophonie\/","og_site_name":"Kapitalis","article_publisher":"https:\/\/www.facebook.com\/KapitalisInfo\/","article_published_time":"2022-11-19T10:23:50+00:00","article_modified_time":"2022-11-19T11:58:40+00:00","og_image":[{"width":1200,"height":630,"url":"https:\/\/kapitalis.com\/tunisie\/wp-content\/uploads\/2022\/11\/Kais-Saied-Sommet-de-la-francophonie.jpg","type":"image\/jpeg"}],"author":"webmaster kapitalis","twitter_card":"summary_large_image","twitter_creator":"@KapitalisInfo","twitter_site":"@KapitalisInfo","twitter_misc":{"\u00c9crit par":"webmaster kapitalis","Dur\u00e9e de lecture estim\u00e9e":"2 minutes"},"schema":{"@context":"https:\/\/schema.org","@graph":[{"@type":"Article","@id":"https:\/\/kapitalis.com\/tunisie\/2022\/11\/19\/kais-saied-la-volonte-de-la-tunisie-a-prevalu-en-abritant-le-sommet-de-la-francophonie\/#article","isPartOf":{"@id":"https:\/\/kapitalis.com\/tunisie\/2022\/11\/19\/kais-saied-la-volonte-de-la-tunisie-a-prevalu-en-abritant-le-sommet-de-la-francophonie\/"},"author":{"name":"webmaster kapitalis","@id":"https:\/\/kapitalis.com\/tunisie\/#\/schema\/person\/d71f33a9ca44f7bad4698210b480c8e9"},"headline":"Ka\u00efs Sa\u00efed: \u00abLa volont\u00e9 de la Tunisie a pr\u00e9valu en abritant le Sommet de la Francophonie\u00bb","datePublished":"2022-11-19T10:23:50+00:00","dateModified":"2022-11-19T11:58:40+00:00","mainEntityOfPage":{"@id":"https:\/\/kapitalis.com\/tunisie\/2022\/11\/19\/kais-saied-la-volonte-de-la-tunisie-a-prevalu-en-abritant-le-sommet-de-la-francophonie\/"},"wordCount":395,"commentCount":0,"publisher":{"@id":"https:\/\/kapitalis.com\/tunisie\/#organization"},"image":{"@id":"https:\/\/kapitalis.com\/tunisie\/2022\/11\/19\/kais-saied-la-volonte-de-la-tunisie-a-prevalu-en-abritant-le-sommet-de-la-francophonie\/#primaryimage"},"thumbnailUrl":"https:\/\/kapitalis.com\/tunisie\/wp-content\/uploads\/2022\/11\/Kais-Saied-Sommet-de-la-francophonie.jpg","keywords":["Djerba","Ka\u00efs Saied","OIF","Sommet de la Francophonie","Tunisie"],"articleSection":["POLITIQUE","Tunisie"],"inLanguage":"fr-FR","potentialAction":[{"@type":"CommentAction","name":"Comment","target":["https:\/\/kapitalis.com\/tunisie\/2022\/11\/19\/kais-saied-la-volonte-de-la-tunisie-a-prevalu-en-abritant-le-sommet-de-la-francophonie\/#respond"]}]},{"@type":"WebPage","@id":"https:\/\/kapitalis.com\/tunisie\/2022\/11\/19\/kais-saied-la-volonte-de-la-tunisie-a-prevalu-en-abritant-le-sommet-de-la-francophonie\/","url":"https:\/\/kapitalis.com\/tunisie\/2022\/11\/19\/kais-saied-la-volonte-de-la-tunisie-a-prevalu-en-abritant-le-sommet-de-la-francophonie\/","name":"Ka\u00efs Sa\u00efed: \u00abLa volont\u00e9 de la Tunisie a pr\u00e9valu en abritant le Sommet de la Francophonie\u00bb - Kapitalis","isPartOf":{"@id":"https:\/\/kapitalis.com\/tunisie\/#website"},"primaryImageOfPage":{"@id":"https:\/\/kapitalis.com\/tunisie\/2022\/11\/19\/kais-saied-la-volonte-de-la-tunisie-a-prevalu-en-abritant-le-sommet-de-la-francophonie\/#primaryimage"},"image":{"@id":"https:\/\/kapitalis.com\/tunisie\/2022\/11\/19\/kais-saied-la-volonte-de-la-tunisie-a-prevalu-en-abritant-le-sommet-de-la-francophonie\/#primaryimage"},"thumbnailUrl":"https:\/\/kapitalis.com\/tunisie\/wp-content\/uploads\/2022\/11\/Kais-Saied-Sommet-de-la-francophonie.jpg","datePublished":"2022-11-19T10:23:50+00:00","dateModified":"2022-11-19T11:58:40+00:00","breadcrumb":{"@id":"https:\/\/kapitalis.com\/tunisie\/2022\/11\/19\/kais-saied-la-volonte-de-la-tunisie-a-prevalu-en-abritant-le-sommet-de-la-francophonie\/#breadcrumb"},"inLanguage":"fr-FR","potentialAction":[{"@type":"ReadAction","target":["https:\/\/kapitalis.com\/tunisie\/2022\/11\/19\/kais-saied-la-volonte-de-la-tunisie-a-prevalu-en-abritant-le-sommet-de-la-francophonie\/"]}]},{"@type":"ImageObject","inLanguage":"fr-FR","@id":"https:\/\/kapitalis.com\/tunisie\/2022\/11\/19\/kais-saied-la-volonte-de-la-tunisie-a-prevalu-en-abritant-le-sommet-de-la-francophonie\/#primaryimage","url":"https:\/\/kapitalis.com\/tunisie\/wp-content\/uploads\/2022\/11\/Kais-Saied-Sommet-de-la-francophonie.jpg","contentUrl":"https:\/\/kapitalis.com\/tunisie\/wp-content\/uploads\/2022\/11\/Kais-Saied-Sommet-de-la-francophonie.jpg","width":1200,"height":630},{"@type":"BreadcrumbList","@id":"https:\/\/kapitalis.com\/tunisie\/2022\/11\/19\/kais-saied-la-volonte-de-la-tunisie-a-prevalu-en-abritant-le-sommet-de-la-francophonie\/#breadcrumb","itemListElement":[{"@type":"ListItem","position":1,"name":"Accueil","item":"https:\/\/kapitalis.com\/tunisie\/"},{"@type":"ListItem","position":2,"name":"Ka\u00efs Sa\u00efed: \u00abLa volont\u00e9 de la Tunisie a pr\u00e9valu en abritant le Sommet de la Francophonie\u00bb"}]},{"@type":"WebSite","@id":"https:\/\/kapitalis.com\/tunisie\/#website","url":"https:\/\/kapitalis.com\/tunisie\/","name":"Kapitalis","description":"L&#039;actualit\u00e9 en Tunisie et dans le monde","publisher":{"@id":"https:\/\/kapitalis.com\/tunisie\/#organization"},"potentialAction":[{"@type":"SearchAction","target":{"@type":"EntryPoint","urlTemplate":"https:\/\/kapitalis.com\/tunisie\/?s={search_term_string}"},"query-input":{"@type":"PropertyValueSpecification","valueRequired":true,"valueName":"search_term_string"}}],"inLanguage":"fr-FR"},{"@type":"Organization","@id":"https:\/\/kapitalis.com\/tunisie\/#organization","name":"Kapitalis","url":"https:\/\/kapitalis.com\/tunisie\/","logo":{"@type":"ImageObject","inLanguage":"fr-FR","@id":"https:\/\/kapitalis.com\/tunisie\/#\/schema\/logo\/image\/","url":"https:\/\/kapitalis.com\/tunisie\/wp-content\/uploads\/2022\/05\/Kapitalis-big-size.png","contentUrl":"https:\/\/kapitalis.com\/tunisie\/wp-content\/uploads\/2022\/05\/Kapitalis-big-size.png","width":5000,"height":1500,"caption":"Kapitalis"},"image":{"@id":"https:\/\/kapitalis.com\/tunisie\/#\/schema\/logo\/image\/"},"sameAs":["https:\/\/www.facebook.com\/KapitalisInfo\/","https:\/\/x.com\/KapitalisInfo","https:\/\/www.youtube.com\/channel\/UC-yDYrHyfFBWWZaOw3FPg9Q"]},{"@type":"Person","@id":"https:\/\/kapitalis.com\/tunisie\/#\/schema\/person\/d71f33a9ca44f7bad4698210b480c8e9","name":"webmaster kapitalis","url":"https:\/\/kapitalis.com\/tunisie\/author\/webmaster-kapitalis\/"}]}},"_links":{"self":[{"href":"https:\/\/kapitalis.com\/tunisie\/wp-json\/wp\/v2\/posts\/5050252","targetHints":{"allow":["GET"]}}],"collection":[{"href":"https:\/\/kapitalis.com\/tunisie\/wp-json\/wp\/v2\/posts"}],"about":[{"href":"https:\/\/kapitalis.com\/tunisie\/wp-json\/wp\/v2\/types\/post"}],"author":[{"embeddable":true,"href":"https:\/\/kapitalis.com\/tunisie\/wp-json\/wp\/v2\/users\/8"}],"replies":[{"embeddable":true,"href":"https:\/\/kapitalis.com\/tunisie\/wp-json\/wp\/v2\/comments?post=5050252"}],"version-history":[{"count":0,"href":"https:\/\/kapitalis.com\/tunisie\/wp-json\/wp\/v2\/posts\/5050252\/revisions"}],"wp:featuredmedia":[{"embeddable":true,"href":"https:\/\/kapitalis.com\/tunisie\/wp-json\/wp\/v2\/media\/5050274"}],"wp:attachment":[{"href":"https:\/\/kapitalis.com\/tunisie\/wp-json\/wp\/v2\/media?parent=5050252"}],"wp:term":[{"taxonomy":"category","embeddable":true,"href":"https:\/\/kapitalis.com\/tunisie\/wp-json\/wp\/v2\/categories?post=5050252"},{"taxonomy":"post_tag","embeddable":true,"href":"https:\/\/kapitalis.com\/tunisie\/wp-json\/wp\/v2\/tags?post=5050252"}],"curies":[{"name":"wp","href":"https:\/\/api.w.org\/{rel}","templated":true}]}}