{"id":5055368,"date":"2022-11-19T18:04:16","date_gmt":"2022-11-19T17:04:16","guid":{"rendered":"https:\/\/kapitalis.com\/tunisie\/?p=5055368"},"modified":"2022-11-19T18:04:18","modified_gmt":"2022-11-19T17:04:18","slug":"lunion-regionale-du-travail-a-zarzis-appelle-a-une-greve-de-deux-jours","status":"publish","type":"post","link":"https:\/\/kapitalis.com\/tunisie\/2022\/11\/19\/lunion-regionale-du-travail-a-zarzis-appelle-a-une-greve-de-deux-jours\/","title":{"rendered":"L&rsquo;Union r\u00e9gionale du Travail \u00e0 Zarzis appelle \u00e0 une gr\u00e8ve de deux jours"},"content":{"rendered":"\n<p><em><strong>L&rsquo;Union r\u00e9gionale du Travail (URT) \u00e0 Zarzis a appel\u00e9 \u00e0 une gr\u00e8ve g\u00e9n\u00e9rale de deux jours dans la r\u00e9gion, pour protester contre le silence des autorit\u00e9s face aux revendications des habitants.<\/strong><\/em><\/p>\n\n\n\n<!--more-->\n\n\n\n<p>Cette gr\u00e8ve vise \u00e9galement \u00e0 d\u00e9noncer la r\u00e9pression polici\u00e8re contre la manifestation pacifique des habitants qui r\u00e9clament la v\u00e9rit\u00e9 sur la trag\u00e9die maritime et le sort de leurs enfants disparus depuis qu&rsquo;ils ont tent\u00e9 une travers\u00e9e clandestine le 21 septembre dernier, a pr\u00e9cis\u00e9 Hedi Hmidi SG de l&rsquo;URT de Zarzis, dans une d\u00e9claration aux m\u00e9dias.<\/p>\n\n\n\n<p>La m\u00eame source a rappel\u00e9 que les familles et proches des disparus ont manifest\u00e9 dans le but de se faire entendre par les autorit\u00e9s, regrettant que celles-ci aient r\u00e9pondu par la r\u00e9pression s\u00e9curitaire et estimant que les responsables doivent apporter des solutions aux habitants aux lieu de leur r\u00e9pondre avec du gaz lacrymog\u00e8ne.<\/p>\n\n\n\n<p class=\"has-text-align-right\"><strong>Y. N.<\/strong><\/p>\n","protected":false},"excerpt":{"rendered":"<p>L&rsquo;Union r\u00e9gionale du Travail \u00e0 Zarzis appelle \u00e0 une gr\u00e8ve de deux jours<\/p>\n","protected":false},"author":6,"featured_media":5044423,"comment_status":"open","ping_status":"open","sticky":false,"template":"","format":"standard","meta":{"footnotes":""},"categories":[998,2433],"tags":[425,5548,1395,62643,936,73423,975],"class_list":["post-5055368","post","type-post","status-publish","format-standard","has-post-thumbnail","hentry","category-societe","category-tunisie","tag-greve","tag-migration","tag-syndicats","tag-tunisie","tag-ugtt","tag-urt","tag-zarzis"],"yoast_head":"<!-- This site is optimized with the Yoast SEO plugin v26.6 - https:\/\/yoast.com\/wordpress\/plugins\/seo\/ -->\n<title>L&#039;Union r\u00e9gionale du Travail \u00e0 Zarzis appelle \u00e0 une gr\u00e8ve de deux jours - Kapitalis<\/title>\n<meta name=\"description\" content=\"L&#039;Union r\u00e9gionale du Travail (URT) \u00e0 Zarzis a appel\u00e9 \u00e0 une gr\u00e8ve g\u00e9n\u00e9rale de deux jours dans la r\u00e9gion, pour protester contre le silence des autorit\u00e9s face aux revendications des habitants.\" \/>\n<meta name=\"robots\" content=\"index, follow, max-snippet:-1, max-image-preview:large, max-video-preview:-1\" \/>\n<link rel=\"canonical\" href=\"https:\/\/kapitalis.com\/tunisie\/2022\/11\/19\/lunion-regionale-du-travail-a-zarzis-appelle-a-une-greve-de-deux-jours\/\" \/>\n<meta property=\"og:locale\" content=\"fr_FR\" \/>\n<meta property=\"og:type\" content=\"article\" \/>\n<meta property=\"og:title\" content=\"L&#039;Union r\u00e9gionale du Travail \u00e0 Zarzis appelle \u00e0 une gr\u00e8ve de deux jours - Kapitalis\" \/>\n<meta property=\"og:description\" content=\"L&#039;Union r\u00e9gionale du Travail (URT) \u00e0 Zarzis a appel\u00e9 \u00e0 une gr\u00e8ve g\u00e9n\u00e9rale de deux jours dans la r\u00e9gion, pour protester contre le silence des autorit\u00e9s face aux revendications des habitants.\" \/>\n<meta property=\"og:url\" content=\"https:\/\/kapitalis.com\/tunisie\/2022\/11\/19\/lunion-regionale-du-travail-a-zarzis-appelle-a-une-greve-de-deux-jours\/\" \/>\n<meta property=\"og:site_name\" content=\"Kapitalis\" \/>\n<meta property=\"article:publisher\" content=\"https:\/\/www.facebook.com\/KapitalisInfo\/\" \/>\n<meta property=\"article:published_time\" content=\"2022-11-19T17:04:16+00:00\" \/>\n<meta property=\"article:modified_time\" content=\"2022-11-19T17:04:18+00:00\" \/>\n<meta property=\"og:image\" content=\"https:\/\/kapitalis.com\/tunisie\/wp-content\/uploads\/2022\/11\/Zarzis-manifestation-police.jpg\" \/>\n\t<meta property=\"og:image:width\" content=\"1200\" \/>\n\t<meta property=\"og:image:height\" content=\"630\" \/>\n\t<meta property=\"og:image:type\" content=\"image\/jpeg\" \/>\n<meta name=\"author\" content=\"Yusra NY\" \/>\n<meta name=\"twitter:card\" content=\"summary_large_image\" \/>\n<meta name=\"twitter:creator\" content=\"@KapitalisInfo\" \/>\n<meta name=\"twitter:site\" content=\"@KapitalisInfo\" \/>\n<meta name=\"twitter:label1\" content=\"\u00c9crit par\" \/>\n\t<meta name=\"twitter:data1\" content=\"Yusra NY\" \/>\n\t<meta name=\"twitter:label2\" content=\"Dur\u00e9e de lecture estim\u00e9e\" \/>\n\t<meta name=\"twitter:data2\" content=\"1 minute\" \/>\n<script type=\"application\/ld+json\" class=\"yoast-schema-graph\">{\"@context\":\"https:\/\/schema.org\",\"@graph\":[{\"@type\":\"Article\",\"@id\":\"https:\/\/kapitalis.com\/tunisie\/2022\/11\/19\/lunion-regionale-du-travail-a-zarzis-appelle-a-une-greve-de-deux-jours\/#article\",\"isPartOf\":{\"@id\":\"https:\/\/kapitalis.com\/tunisie\/2022\/11\/19\/lunion-regionale-du-travail-a-zarzis-appelle-a-une-greve-de-deux-jours\/\"},\"author\":{\"name\":\"Yusra NY\",\"@id\":\"https:\/\/kapitalis.com\/tunisie\/#\/schema\/person\/74bbde0154d49d790a92aaeac5bc01d5\"},\"headline\":\"L&rsquo;Union r\u00e9gionale du Travail \u00e0 Zarzis appelle \u00e0 une gr\u00e8ve de deux jours\",\"datePublished\":\"2022-11-19T17:04:16+00:00\",\"dateModified\":\"2022-11-19T17:04:18+00:00\",\"mainEntityOfPage\":{\"@id\":\"https:\/\/kapitalis.com\/tunisie\/2022\/11\/19\/lunion-regionale-du-travail-a-zarzis-appelle-a-une-greve-de-deux-jours\/\"},\"wordCount\":174,\"commentCount\":1,\"publisher\":{\"@id\":\"https:\/\/kapitalis.com\/tunisie\/#organization\"},\"image\":{\"@id\":\"https:\/\/kapitalis.com\/tunisie\/2022\/11\/19\/lunion-regionale-du-travail-a-zarzis-appelle-a-une-greve-de-deux-jours\/#primaryimage\"},\"thumbnailUrl\":\"https:\/\/kapitalis.com\/tunisie\/wp-content\/uploads\/2022\/11\/Zarzis-manifestation-police.jpg\",\"keywords\":[\"gr\u00e8ve\",\"migration\",\"syndicats\",\"Tunisie\",\"UGTT\",\"URT\",\"Zarzis\"],\"articleSection\":[\"SOCIETE\",\"Tunisie\"],\"inLanguage\":\"fr-FR\",\"potentialAction\":[{\"@type\":\"CommentAction\",\"name\":\"Comment\",\"target\":[\"https:\/\/kapitalis.com\/tunisie\/2022\/11\/19\/lunion-regionale-du-travail-a-zarzis-appelle-a-une-greve-de-deux-jours\/#respond\"]}]},{\"@type\":\"WebPage\",\"@id\":\"https:\/\/kapitalis.com\/tunisie\/2022\/11\/19\/lunion-regionale-du-travail-a-zarzis-appelle-a-une-greve-de-deux-jours\/\",\"url\":\"https:\/\/kapitalis.com\/tunisie\/2022\/11\/19\/lunion-regionale-du-travail-a-zarzis-appelle-a-une-greve-de-deux-jours\/\",\"name\":\"L'Union r\u00e9gionale du Travail \u00e0 Zarzis appelle \u00e0 une gr\u00e8ve de deux jours - Kapitalis\",\"isPartOf\":{\"@id\":\"https:\/\/kapitalis.com\/tunisie\/#website\"},\"primaryImageOfPage\":{\"@id\":\"https:\/\/kapitalis.com\/tunisie\/2022\/11\/19\/lunion-regionale-du-travail-a-zarzis-appelle-a-une-greve-de-deux-jours\/#primaryimage\"},\"image\":{\"@id\":\"https:\/\/kapitalis.com\/tunisie\/2022\/11\/19\/lunion-regionale-du-travail-a-zarzis-appelle-a-une-greve-de-deux-jours\/#primaryimage\"},\"thumbnailUrl\":\"https:\/\/kapitalis.com\/tunisie\/wp-content\/uploads\/2022\/11\/Zarzis-manifestation-police.jpg\",\"datePublished\":\"2022-11-19T17:04:16+00:00\",\"dateModified\":\"2022-11-19T17:04:18+00:00\",\"description\":\"L'Union r\u00e9gionale du Travail (URT) \u00e0 Zarzis a appel\u00e9 \u00e0 une gr\u00e8ve g\u00e9n\u00e9rale de deux jours dans la r\u00e9gion, pour protester contre le silence des autorit\u00e9s face aux revendications des habitants.\",\"breadcrumb\":{\"@id\":\"https:\/\/kapitalis.com\/tunisie\/2022\/11\/19\/lunion-regionale-du-travail-a-zarzis-appelle-a-une-greve-de-deux-jours\/#breadcrumb\"},\"inLanguage\":\"fr-FR\",\"potentialAction\":[{\"@type\":\"ReadAction\",\"target\":[\"https:\/\/kapitalis.com\/tunisie\/2022\/11\/19\/lunion-regionale-du-travail-a-zarzis-appelle-a-une-greve-de-deux-jours\/\"]}]},{\"@type\":\"ImageObject\",\"inLanguage\":\"fr-FR\",\"@id\":\"https:\/\/kapitalis.com\/tunisie\/2022\/11\/19\/lunion-regionale-du-travail-a-zarzis-appelle-a-une-greve-de-deux-jours\/#primaryimage\",\"url\":\"https:\/\/kapitalis.com\/tunisie\/wp-content\/uploads\/2022\/11\/Zarzis-manifestation-police.jpg\",\"contentUrl\":\"https:\/\/kapitalis.com\/tunisie\/wp-content\/uploads\/2022\/11\/Zarzis-manifestation-police.jpg\",\"width\":1200,\"height\":630},{\"@type\":\"BreadcrumbList\",\"@id\":\"https:\/\/kapitalis.com\/tunisie\/2022\/11\/19\/lunion-regionale-du-travail-a-zarzis-appelle-a-une-greve-de-deux-jours\/#breadcrumb\",\"itemListElement\":[{\"@type\":\"ListItem\",\"position\":1,\"name\":\"Accueil\",\"item\":\"https:\/\/kapitalis.com\/tunisie\/\"},{\"@type\":\"ListItem\",\"position\":2,\"name\":\"L&rsquo;Union r\u00e9gionale du Travail \u00e0 Zarzis appelle \u00e0 une gr\u00e8ve de deux jours\"}]},{\"@type\":\"WebSite\",\"@id\":\"https:\/\/kapitalis.com\/tunisie\/#website\",\"url\":\"https:\/\/kapitalis.com\/tunisie\/\",\"name\":\"Kapitalis\",\"description\":\"L&#039;actualit\u00e9 en Tunisie et dans le monde\",\"publisher\":{\"@id\":\"https:\/\/kapitalis.com\/tunisie\/#organization\"},\"potentialAction\":[{\"@type\":\"SearchAction\",\"target\":{\"@type\":\"EntryPoint\",\"urlTemplate\":\"https:\/\/kapitalis.com\/tunisie\/?s={search_term_string}\"},\"query-input\":{\"@type\":\"PropertyValueSpecification\",\"valueRequired\":true,\"valueName\":\"search_term_string\"}}],\"inLanguage\":\"fr-FR\"},{\"@type\":\"Organization\",\"@id\":\"https:\/\/kapitalis.com\/tunisie\/#organization\",\"name\":\"Kapitalis\",\"url\":\"https:\/\/kapitalis.com\/tunisie\/\",\"logo\":{\"@type\":\"ImageObject\",\"inLanguage\":\"fr-FR\",\"@id\":\"https:\/\/kapitalis.com\/tunisie\/#\/schema\/logo\/image\/\",\"url\":\"https:\/\/kapitalis.com\/tunisie\/wp-content\/uploads\/2022\/05\/Kapitalis-big-size.png\",\"contentUrl\":\"https:\/\/kapitalis.com\/tunisie\/wp-content\/uploads\/2022\/05\/Kapitalis-big-size.png\",\"width\":5000,\"height\":1500,\"caption\":\"Kapitalis\"},\"image\":{\"@id\":\"https:\/\/kapitalis.com\/tunisie\/#\/schema\/logo\/image\/\"},\"sameAs\":[\"https:\/\/www.facebook.com\/KapitalisInfo\/\",\"https:\/\/x.com\/KapitalisInfo\",\"https:\/\/www.youtube.com\/channel\/UC-yDYrHyfFBWWZaOw3FPg9Q\"]},{\"@type\":\"Person\",\"@id\":\"https:\/\/kapitalis.com\/tunisie\/#\/schema\/person\/74bbde0154d49d790a92aaeac5bc01d5\",\"name\":\"Yusra NY\",\"url\":\"https:\/\/kapitalis.com\/tunisie\/author\/yuza_adam\/\"}]}<\/script>\n<!-- \/ Yoast SEO plugin. -->","yoast_head_json":{"title":"L'Union r\u00e9gionale du Travail \u00e0 Zarzis appelle \u00e0 une gr\u00e8ve de deux jours - Kapitalis","description":"L'Union r\u00e9gionale du Travail (URT) \u00e0 Zarzis a appel\u00e9 \u00e0 une gr\u00e8ve g\u00e9n\u00e9rale de deux jours dans la r\u00e9gion, pour protester contre le silence des autorit\u00e9s face aux revendications des habitants.","robots":{"index":"index","follow":"follow","max-snippet":"max-snippet:-1","max-image-preview":"max-image-preview:large","max-video-preview":"max-video-preview:-1"},"canonical":"https:\/\/kapitalis.com\/tunisie\/2022\/11\/19\/lunion-regionale-du-travail-a-zarzis-appelle-a-une-greve-de-deux-jours\/","og_locale":"fr_FR","og_type":"article","og_title":"L'Union r\u00e9gionale du Travail \u00e0 Zarzis appelle \u00e0 une gr\u00e8ve de deux jours - Kapitalis","og_description":"L'Union r\u00e9gionale du Travail (URT) \u00e0 Zarzis a appel\u00e9 \u00e0 une gr\u00e8ve g\u00e9n\u00e9rale de deux jours dans la r\u00e9gion, pour protester contre le silence des autorit\u00e9s face aux revendications des habitants.","og_url":"https:\/\/kapitalis.com\/tunisie\/2022\/11\/19\/lunion-regionale-du-travail-a-zarzis-appelle-a-une-greve-de-deux-jours\/","og_site_name":"Kapitalis","article_publisher":"https:\/\/www.facebook.com\/KapitalisInfo\/","article_published_time":"2022-11-19T17:04:16+00:00","article_modified_time":"2022-11-19T17:04:18+00:00","og_image":[{"width":1200,"height":630,"url":"https:\/\/kapitalis.com\/tunisie\/wp-content\/uploads\/2022\/11\/Zarzis-manifestation-police.jpg","type":"image\/jpeg"}],"author":"Yusra NY","twitter_card":"summary_large_image","twitter_creator":"@KapitalisInfo","twitter_site":"@KapitalisInfo","twitter_misc":{"\u00c9crit par":"Yusra NY","Dur\u00e9e de lecture estim\u00e9e":"1 minute"},"schema":{"@context":"https:\/\/schema.org","@graph":[{"@type":"Article","@id":"https:\/\/kapitalis.com\/tunisie\/2022\/11\/19\/lunion-regionale-du-travail-a-zarzis-appelle-a-une-greve-de-deux-jours\/#article","isPartOf":{"@id":"https:\/\/kapitalis.com\/tunisie\/2022\/11\/19\/lunion-regionale-du-travail-a-zarzis-appelle-a-une-greve-de-deux-jours\/"},"author":{"name":"Yusra NY","@id":"https:\/\/kapitalis.com\/tunisie\/#\/schema\/person\/74bbde0154d49d790a92aaeac5bc01d5"},"headline":"L&rsquo;Union r\u00e9gionale du Travail \u00e0 Zarzis appelle \u00e0 une gr\u00e8ve de deux jours","datePublished":"2022-11-19T17:04:16+00:00","dateModified":"2022-11-19T17:04:18+00:00","mainEntityOfPage":{"@id":"https:\/\/kapitalis.com\/tunisie\/2022\/11\/19\/lunion-regionale-du-travail-a-zarzis-appelle-a-une-greve-de-deux-jours\/"},"wordCount":174,"commentCount":1,"publisher":{"@id":"https:\/\/kapitalis.com\/tunisie\/#organization"},"image":{"@id":"https:\/\/kapitalis.com\/tunisie\/2022\/11\/19\/lunion-regionale-du-travail-a-zarzis-appelle-a-une-greve-de-deux-jours\/#primaryimage"},"thumbnailUrl":"https:\/\/kapitalis.com\/tunisie\/wp-content\/uploads\/2022\/11\/Zarzis-manifestation-police.jpg","keywords":["gr\u00e8ve","migration","syndicats","Tunisie","UGTT","URT","Zarzis"],"articleSection":["SOCIETE","Tunisie"],"inLanguage":"fr-FR","potentialAction":[{"@type":"CommentAction","name":"Comment","target":["https:\/\/kapitalis.com\/tunisie\/2022\/11\/19\/lunion-regionale-du-travail-a-zarzis-appelle-a-une-greve-de-deux-jours\/#respond"]}]},{"@type":"WebPage","@id":"https:\/\/kapitalis.com\/tunisie\/2022\/11\/19\/lunion-regionale-du-travail-a-zarzis-appelle-a-une-greve-de-deux-jours\/","url":"https:\/\/kapitalis.com\/tunisie\/2022\/11\/19\/lunion-regionale-du-travail-a-zarzis-appelle-a-une-greve-de-deux-jours\/","name":"L'Union r\u00e9gionale du Travail \u00e0 Zarzis appelle \u00e0 une gr\u00e8ve de deux jours - Kapitalis","isPartOf":{"@id":"https:\/\/kapitalis.com\/tunisie\/#website"},"primaryImageOfPage":{"@id":"https:\/\/kapitalis.com\/tunisie\/2022\/11\/19\/lunion-regionale-du-travail-a-zarzis-appelle-a-une-greve-de-deux-jours\/#primaryimage"},"image":{"@id":"https:\/\/kapitalis.com\/tunisie\/2022\/11\/19\/lunion-regionale-du-travail-a-zarzis-appelle-a-une-greve-de-deux-jours\/#primaryimage"},"thumbnailUrl":"https:\/\/kapitalis.com\/tunisie\/wp-content\/uploads\/2022\/11\/Zarzis-manifestation-police.jpg","datePublished":"2022-11-19T17:04:16+00:00","dateModified":"2022-11-19T17:04:18+00:00","description":"L'Union r\u00e9gionale du Travail (URT) \u00e0 Zarzis a appel\u00e9 \u00e0 une gr\u00e8ve g\u00e9n\u00e9rale de deux jours dans la r\u00e9gion, pour protester contre le silence des autorit\u00e9s face aux revendications des habitants.","breadcrumb":{"@id":"https:\/\/kapitalis.com\/tunisie\/2022\/11\/19\/lunion-regionale-du-travail-a-zarzis-appelle-a-une-greve-de-deux-jours\/#breadcrumb"},"inLanguage":"fr-FR","potentialAction":[{"@type":"ReadAction","target":["https:\/\/kapitalis.com\/tunisie\/2022\/11\/19\/lunion-regionale-du-travail-a-zarzis-appelle-a-une-greve-de-deux-jours\/"]}]},{"@type":"ImageObject","inLanguage":"fr-FR","@id":"https:\/\/kapitalis.com\/tunisie\/2022\/11\/19\/lunion-regionale-du-travail-a-zarzis-appelle-a-une-greve-de-deux-jours\/#primaryimage","url":"https:\/\/kapitalis.com\/tunisie\/wp-content\/uploads\/2022\/11\/Zarzis-manifestation-police.jpg","contentUrl":"https:\/\/kapitalis.com\/tunisie\/wp-content\/uploads\/2022\/11\/Zarzis-manifestation-police.jpg","width":1200,"height":630},{"@type":"BreadcrumbList","@id":"https:\/\/kapitalis.com\/tunisie\/2022\/11\/19\/lunion-regionale-du-travail-a-zarzis-appelle-a-une-greve-de-deux-jours\/#breadcrumb","itemListElement":[{"@type":"ListItem","position":1,"name":"Accueil","item":"https:\/\/kapitalis.com\/tunisie\/"},{"@type":"ListItem","position":2,"name":"L&rsquo;Union r\u00e9gionale du Travail \u00e0 Zarzis appelle \u00e0 une gr\u00e8ve de deux jours"}]},{"@type":"WebSite","@id":"https:\/\/kapitalis.com\/tunisie\/#website","url":"https:\/\/kapitalis.com\/tunisie\/","name":"Kapitalis","description":"L&#039;actualit\u00e9 en Tunisie et dans le monde","publisher":{"@id":"https:\/\/kapitalis.com\/tunisie\/#organization"},"potentialAction":[{"@type":"SearchAction","target":{"@type":"EntryPoint","urlTemplate":"https:\/\/kapitalis.com\/tunisie\/?s={search_term_string}"},"query-input":{"@type":"PropertyValueSpecification","valueRequired":true,"valueName":"search_term_string"}}],"inLanguage":"fr-FR"},{"@type":"Organization","@id":"https:\/\/kapitalis.com\/tunisie\/#organization","name":"Kapitalis","url":"https:\/\/kapitalis.com\/tunisie\/","logo":{"@type":"ImageObject","inLanguage":"fr-FR","@id":"https:\/\/kapitalis.com\/tunisie\/#\/schema\/logo\/image\/","url":"https:\/\/kapitalis.com\/tunisie\/wp-content\/uploads\/2022\/05\/Kapitalis-big-size.png","contentUrl":"https:\/\/kapitalis.com\/tunisie\/wp-content\/uploads\/2022\/05\/Kapitalis-big-size.png","width":5000,"height":1500,"caption":"Kapitalis"},"image":{"@id":"https:\/\/kapitalis.com\/tunisie\/#\/schema\/logo\/image\/"},"sameAs":["https:\/\/www.facebook.com\/KapitalisInfo\/","https:\/\/x.com\/KapitalisInfo","https:\/\/www.youtube.com\/channel\/UC-yDYrHyfFBWWZaOw3FPg9Q"]},{"@type":"Person","@id":"https:\/\/kapitalis.com\/tunisie\/#\/schema\/person\/74bbde0154d49d790a92aaeac5bc01d5","name":"Yusra NY","url":"https:\/\/kapitalis.com\/tunisie\/author\/yuza_adam\/"}]}},"_links":{"self":[{"href":"https:\/\/kapitalis.com\/tunisie\/wp-json\/wp\/v2\/posts\/5055368","targetHints":{"allow":["GET"]}}],"collection":[{"href":"https:\/\/kapitalis.com\/tunisie\/wp-json\/wp\/v2\/posts"}],"about":[{"href":"https:\/\/kapitalis.com\/tunisie\/wp-json\/wp\/v2\/types\/post"}],"author":[{"embeddable":true,"href":"https:\/\/kapitalis.com\/tunisie\/wp-json\/wp\/v2\/users\/6"}],"replies":[{"embeddable":true,"href":"https:\/\/kapitalis.com\/tunisie\/wp-json\/wp\/v2\/comments?post=5055368"}],"version-history":[{"count":0,"href":"https:\/\/kapitalis.com\/tunisie\/wp-json\/wp\/v2\/posts\/5055368\/revisions"}],"wp:featuredmedia":[{"embeddable":true,"href":"https:\/\/kapitalis.com\/tunisie\/wp-json\/wp\/v2\/media\/5044423"}],"wp:attachment":[{"href":"https:\/\/kapitalis.com\/tunisie\/wp-json\/wp\/v2\/media?parent=5055368"}],"wp:term":[{"taxonomy":"category","embeddable":true,"href":"https:\/\/kapitalis.com\/tunisie\/wp-json\/wp\/v2\/categories?post=5055368"},{"taxonomy":"post_tag","embeddable":true,"href":"https:\/\/kapitalis.com\/tunisie\/wp-json\/wp\/v2\/tags?post=5055368"}],"curies":[{"name":"wp","href":"https:\/\/api.w.org\/{rel}","templated":true}]}}