{"id":5062612,"date":"2022-11-20T02:06:50","date_gmt":"2022-11-20T01:06:50","guid":{"rendered":"https:\/\/kapitalis.com\/tunisie\/?p=5062612"},"modified":"2022-11-20T02:18:57","modified_gmt":"2022-11-20T01:18:57","slug":"coupe-du-monde-2022-equipe-de-france-message-de-benzema-contraint-de-declarer-forfait","status":"publish","type":"post","link":"https:\/\/kapitalis.com\/tunisie\/2022\/11\/20\/coupe-du-monde-2022-equipe-de-france-message-de-benzema-contraint-de-declarer-forfait\/","title":{"rendered":"Coupe du monde 2022-\u00c9quipe de France : Message de Benzema contraint de d\u00e9clarer forfait"},"content":{"rendered":"\n<p><strong><em>Immense coup dur pour l&rsquo;\u00e9quipe de France, l&rsquo;un des adversaires de la Tunisie au sein du groupe D \u00e0 la Coupe du monde 2022, officiellement priv\u00e9e de Karim Benzema contraint de d\u00e9clarer forfait pour toute la comp\u00e9tition<\/em><\/strong> <strong><em>\u00e0 cause d&rsquo;une blessure&#8230;<\/em><\/strong><\/p>\n\n\n\n<!--more-->\n\n\n\n<p>L&rsquo;attaquant du Real Madrid sacr\u00e9 Ballon d&rsquo;Or a \u00e9t\u00e9 touch\u00e9 au quadriceps de la cuisse gauche, information confirm\u00e9e dans la soir\u00e9e du samedi 19 novembre 2022 par l&rsquo;\u00e9quipe de France de football, qui a affirm\u00e9 que le jour est contraint de renoncer \u00e0 participer au Mondial et en commentant : <em>\u00abToute l&rsquo;\u00e9quipe partage la tristesse de Karim et lui souhaite un prompt r\u00e9tablissement\u00bb.<\/em><\/p>\n\n\n\n<p>De son c\u00f4t\u00e9, le footballeur star de 34 ans, a \u00e9galement post\u00e9 un message sur les r\u00e9seaux sociaux apr\u00e8s cette triste nouvelle \u00e0 quelques jours du mondial en s&rsquo;exprimant en ces termes : <em>\u00abDe ma vie je n\u2019ai jamais abandonn\u00e9 mais ce soir il faut que je pense \u00e0 l\u2019\u00e9quipe comme je l\u2019ai toujours fait alors la raison me dit de laisser ma place \u00e0 quelqu\u2019un qui pourra aider notre groupe \u00e0 faire une belle Coupe du Monde. Merci pour tous vos messages de soutien<\/em> \ud83d\ude4c\ud83c\udffc\u2764\ufe0f <em>#AllezLesBleus<\/em>\u00bb.<\/p>\n\n\n\n<p>Rappelons que la France (champion en titre) est l&rsquo;un des trois adversaires de la Tunisie dans le groupe D; le match opposant les deux \u00e9quipes est pr\u00e9vu pour le 30 novembre \u00e0 16h.<\/p>\n\n\n\n<p class=\"has-text-align-right\"><strong>Y. N.<\/strong><\/p>\n","protected":false},"excerpt":{"rendered":"<p>Coupe du monde 2022-\u00c9quipe de France : Message de Benzema contraint de d\u00e9clarer forfait<\/p>\n","protected":false},"author":6,"featured_media":5062635,"comment_status":"open","ping_status":"open","sticky":false,"template":"","format":"standard","meta":{"footnotes":""},"categories":[999,2433],"tags":[104551,241,395,98601,1667,93191,62643],"class_list":["post-5062612","post","type-post","status-publish","format-standard","has-post-thumbnail","hentry","category-sport","category-tunisie","tag-benzema","tag-coupe-du-monde","tag-france","tag-groupe-d","tag-mondial","tag-qatar-2022","tag-tunisie"],"yoast_head":"<!-- This site is optimized with the Yoast SEO plugin v26.6 - https:\/\/yoast.com\/wordpress\/plugins\/seo\/ -->\n<title>Coupe du monde 2022-\u00c9quipe de France : Message de Benzema contraint de d\u00e9clarer forfait - Kapitalis<\/title>\n<meta name=\"description\" content=\"Immense coup dur pour l&#039;\u00e9quipe de France, l&#039;un des adversaires de la Tunisie au sein du groupe D \u00e0 la Coupe du monde 2022, officiellement priv\u00e9e de Karim Benzema contraint de d\u00e9clarer forfait pour toute la comp\u00e9tition \u00e0 cause d&#039;une blessure...\" \/>\n<meta name=\"robots\" content=\"index, follow, max-snippet:-1, max-image-preview:large, max-video-preview:-1\" \/>\n<link rel=\"canonical\" href=\"https:\/\/kapitalis.com\/tunisie\/2022\/11\/20\/coupe-du-monde-2022-equipe-de-france-message-de-benzema-contraint-de-declarer-forfait\/\" \/>\n<meta property=\"og:locale\" content=\"fr_FR\" \/>\n<meta property=\"og:type\" content=\"article\" \/>\n<meta property=\"og:title\" content=\"Coupe du monde 2022-\u00c9quipe de France : Message de Benzema contraint de d\u00e9clarer forfait - Kapitalis\" \/>\n<meta property=\"og:description\" content=\"Immense coup dur pour l&#039;\u00e9quipe de France, l&#039;un des adversaires de la Tunisie au sein du groupe D \u00e0 la Coupe du monde 2022, officiellement priv\u00e9e de Karim Benzema contraint de d\u00e9clarer forfait pour toute la comp\u00e9tition \u00e0 cause d&#039;une blessure...\" \/>\n<meta property=\"og:url\" content=\"https:\/\/kapitalis.com\/tunisie\/2022\/11\/20\/coupe-du-monde-2022-equipe-de-france-message-de-benzema-contraint-de-declarer-forfait\/\" \/>\n<meta property=\"og:site_name\" content=\"Kapitalis\" \/>\n<meta property=\"article:publisher\" content=\"https:\/\/www.facebook.com\/KapitalisInfo\/\" \/>\n<meta property=\"article:published_time\" content=\"2022-11-20T01:06:50+00:00\" \/>\n<meta property=\"article:modified_time\" content=\"2022-11-20T01:18:57+00:00\" \/>\n<meta property=\"og:image\" content=\"https:\/\/kapitalis.com\/tunisie\/wp-content\/uploads\/2022\/11\/Benzema.jpg\" \/>\n\t<meta property=\"og:image:width\" content=\"1200\" \/>\n\t<meta property=\"og:image:height\" content=\"630\" \/>\n\t<meta property=\"og:image:type\" content=\"image\/jpeg\" \/>\n<meta name=\"author\" content=\"Yusra NY\" \/>\n<meta name=\"twitter:card\" content=\"summary_large_image\" \/>\n<meta name=\"twitter:creator\" content=\"@KapitalisInfo\" \/>\n<meta name=\"twitter:site\" content=\"@KapitalisInfo\" \/>\n<meta name=\"twitter:label1\" content=\"\u00c9crit par\" \/>\n\t<meta name=\"twitter:data1\" content=\"Yusra NY\" \/>\n\t<meta name=\"twitter:label2\" content=\"Dur\u00e9e de lecture estim\u00e9e\" \/>\n\t<meta name=\"twitter:data2\" content=\"2 minutes\" \/>\n<script type=\"application\/ld+json\" class=\"yoast-schema-graph\">{\"@context\":\"https:\/\/schema.org\",\"@graph\":[{\"@type\":\"Article\",\"@id\":\"https:\/\/kapitalis.com\/tunisie\/2022\/11\/20\/coupe-du-monde-2022-equipe-de-france-message-de-benzema-contraint-de-declarer-forfait\/#article\",\"isPartOf\":{\"@id\":\"https:\/\/kapitalis.com\/tunisie\/2022\/11\/20\/coupe-du-monde-2022-equipe-de-france-message-de-benzema-contraint-de-declarer-forfait\/\"},\"author\":{\"name\":\"Yusra NY\",\"@id\":\"https:\/\/kapitalis.com\/tunisie\/#\/schema\/person\/74bbde0154d49d790a92aaeac5bc01d5\"},\"headline\":\"Coupe du monde 2022-\u00c9quipe de France : Message de Benzema contraint de d\u00e9clarer forfait\",\"datePublished\":\"2022-11-20T01:06:50+00:00\",\"dateModified\":\"2022-11-20T01:18:57+00:00\",\"mainEntityOfPage\":{\"@id\":\"https:\/\/kapitalis.com\/tunisie\/2022\/11\/20\/coupe-du-monde-2022-equipe-de-france-message-de-benzema-contraint-de-declarer-forfait\/\"},\"wordCount\":242,\"commentCount\":1,\"publisher\":{\"@id\":\"https:\/\/kapitalis.com\/tunisie\/#organization\"},\"image\":{\"@id\":\"https:\/\/kapitalis.com\/tunisie\/2022\/11\/20\/coupe-du-monde-2022-equipe-de-france-message-de-benzema-contraint-de-declarer-forfait\/#primaryimage\"},\"thumbnailUrl\":\"https:\/\/kapitalis.com\/tunisie\/wp-content\/uploads\/2022\/11\/Benzema.jpg\",\"keywords\":[\"Benzema\",\"Coupe du Monde\",\"France\",\"Groupe D\",\"mondial\",\"Qatar 2022\",\"Tunisie\"],\"articleSection\":[\"SPORT\",\"Tunisie\"],\"inLanguage\":\"fr-FR\",\"potentialAction\":[{\"@type\":\"CommentAction\",\"name\":\"Comment\",\"target\":[\"https:\/\/kapitalis.com\/tunisie\/2022\/11\/20\/coupe-du-monde-2022-equipe-de-france-message-de-benzema-contraint-de-declarer-forfait\/#respond\"]}]},{\"@type\":\"WebPage\",\"@id\":\"https:\/\/kapitalis.com\/tunisie\/2022\/11\/20\/coupe-du-monde-2022-equipe-de-france-message-de-benzema-contraint-de-declarer-forfait\/\",\"url\":\"https:\/\/kapitalis.com\/tunisie\/2022\/11\/20\/coupe-du-monde-2022-equipe-de-france-message-de-benzema-contraint-de-declarer-forfait\/\",\"name\":\"Coupe du monde 2022-\u00c9quipe de France : Message de Benzema contraint de d\u00e9clarer forfait - Kapitalis\",\"isPartOf\":{\"@id\":\"https:\/\/kapitalis.com\/tunisie\/#website\"},\"primaryImageOfPage\":{\"@id\":\"https:\/\/kapitalis.com\/tunisie\/2022\/11\/20\/coupe-du-monde-2022-equipe-de-france-message-de-benzema-contraint-de-declarer-forfait\/#primaryimage\"},\"image\":{\"@id\":\"https:\/\/kapitalis.com\/tunisie\/2022\/11\/20\/coupe-du-monde-2022-equipe-de-france-message-de-benzema-contraint-de-declarer-forfait\/#primaryimage\"},\"thumbnailUrl\":\"https:\/\/kapitalis.com\/tunisie\/wp-content\/uploads\/2022\/11\/Benzema.jpg\",\"datePublished\":\"2022-11-20T01:06:50+00:00\",\"dateModified\":\"2022-11-20T01:18:57+00:00\",\"description\":\"Immense coup dur pour l'\u00e9quipe de France, l'un des adversaires de la Tunisie au sein du groupe D \u00e0 la Coupe du monde 2022, officiellement priv\u00e9e de Karim Benzema contraint de d\u00e9clarer forfait pour toute la comp\u00e9tition \u00e0 cause d'une blessure...\",\"breadcrumb\":{\"@id\":\"https:\/\/kapitalis.com\/tunisie\/2022\/11\/20\/coupe-du-monde-2022-equipe-de-france-message-de-benzema-contraint-de-declarer-forfait\/#breadcrumb\"},\"inLanguage\":\"fr-FR\",\"potentialAction\":[{\"@type\":\"ReadAction\",\"target\":[\"https:\/\/kapitalis.com\/tunisie\/2022\/11\/20\/coupe-du-monde-2022-equipe-de-france-message-de-benzema-contraint-de-declarer-forfait\/\"]}]},{\"@type\":\"ImageObject\",\"inLanguage\":\"fr-FR\",\"@id\":\"https:\/\/kapitalis.com\/tunisie\/2022\/11\/20\/coupe-du-monde-2022-equipe-de-france-message-de-benzema-contraint-de-declarer-forfait\/#primaryimage\",\"url\":\"https:\/\/kapitalis.com\/tunisie\/wp-content\/uploads\/2022\/11\/Benzema.jpg\",\"contentUrl\":\"https:\/\/kapitalis.com\/tunisie\/wp-content\/uploads\/2022\/11\/Benzema.jpg\",\"width\":1200,\"height\":630},{\"@type\":\"BreadcrumbList\",\"@id\":\"https:\/\/kapitalis.com\/tunisie\/2022\/11\/20\/coupe-du-monde-2022-equipe-de-france-message-de-benzema-contraint-de-declarer-forfait\/#breadcrumb\",\"itemListElement\":[{\"@type\":\"ListItem\",\"position\":1,\"name\":\"Accueil\",\"item\":\"https:\/\/kapitalis.com\/tunisie\/\"},{\"@type\":\"ListItem\",\"position\":2,\"name\":\"Coupe du monde 2022-\u00c9quipe de France : Message de Benzema contraint de d\u00e9clarer forfait\"}]},{\"@type\":\"WebSite\",\"@id\":\"https:\/\/kapitalis.com\/tunisie\/#website\",\"url\":\"https:\/\/kapitalis.com\/tunisie\/\",\"name\":\"Kapitalis\",\"description\":\"L&#039;actualit\u00e9 en Tunisie et dans le monde\",\"publisher\":{\"@id\":\"https:\/\/kapitalis.com\/tunisie\/#organization\"},\"potentialAction\":[{\"@type\":\"SearchAction\",\"target\":{\"@type\":\"EntryPoint\",\"urlTemplate\":\"https:\/\/kapitalis.com\/tunisie\/?s={search_term_string}\"},\"query-input\":{\"@type\":\"PropertyValueSpecification\",\"valueRequired\":true,\"valueName\":\"search_term_string\"}}],\"inLanguage\":\"fr-FR\"},{\"@type\":\"Organization\",\"@id\":\"https:\/\/kapitalis.com\/tunisie\/#organization\",\"name\":\"Kapitalis\",\"url\":\"https:\/\/kapitalis.com\/tunisie\/\",\"logo\":{\"@type\":\"ImageObject\",\"inLanguage\":\"fr-FR\",\"@id\":\"https:\/\/kapitalis.com\/tunisie\/#\/schema\/logo\/image\/\",\"url\":\"https:\/\/kapitalis.com\/tunisie\/wp-content\/uploads\/2022\/05\/Kapitalis-big-size.png\",\"contentUrl\":\"https:\/\/kapitalis.com\/tunisie\/wp-content\/uploads\/2022\/05\/Kapitalis-big-size.png\",\"width\":5000,\"height\":1500,\"caption\":\"Kapitalis\"},\"image\":{\"@id\":\"https:\/\/kapitalis.com\/tunisie\/#\/schema\/logo\/image\/\"},\"sameAs\":[\"https:\/\/www.facebook.com\/KapitalisInfo\/\",\"https:\/\/x.com\/KapitalisInfo\",\"https:\/\/www.youtube.com\/channel\/UC-yDYrHyfFBWWZaOw3FPg9Q\"]},{\"@type\":\"Person\",\"@id\":\"https:\/\/kapitalis.com\/tunisie\/#\/schema\/person\/74bbde0154d49d790a92aaeac5bc01d5\",\"name\":\"Yusra NY\",\"url\":\"https:\/\/kapitalis.com\/tunisie\/author\/yuza_adam\/\"}]}<\/script>\n<!-- \/ Yoast SEO plugin. -->","yoast_head_json":{"title":"Coupe du monde 2022-\u00c9quipe de France : Message de Benzema contraint de d\u00e9clarer forfait - Kapitalis","description":"Immense coup dur pour l'\u00e9quipe de France, l'un des adversaires de la Tunisie au sein du groupe D \u00e0 la Coupe du monde 2022, officiellement priv\u00e9e de Karim Benzema contraint de d\u00e9clarer forfait pour toute la comp\u00e9tition \u00e0 cause d'une blessure...","robots":{"index":"index","follow":"follow","max-snippet":"max-snippet:-1","max-image-preview":"max-image-preview:large","max-video-preview":"max-video-preview:-1"},"canonical":"https:\/\/kapitalis.com\/tunisie\/2022\/11\/20\/coupe-du-monde-2022-equipe-de-france-message-de-benzema-contraint-de-declarer-forfait\/","og_locale":"fr_FR","og_type":"article","og_title":"Coupe du monde 2022-\u00c9quipe de France : Message de Benzema contraint de d\u00e9clarer forfait - Kapitalis","og_description":"Immense coup dur pour l'\u00e9quipe de France, l'un des adversaires de la Tunisie au sein du groupe D \u00e0 la Coupe du monde 2022, officiellement priv\u00e9e de Karim Benzema contraint de d\u00e9clarer forfait pour toute la comp\u00e9tition \u00e0 cause d'une blessure...","og_url":"https:\/\/kapitalis.com\/tunisie\/2022\/11\/20\/coupe-du-monde-2022-equipe-de-france-message-de-benzema-contraint-de-declarer-forfait\/","og_site_name":"Kapitalis","article_publisher":"https:\/\/www.facebook.com\/KapitalisInfo\/","article_published_time":"2022-11-20T01:06:50+00:00","article_modified_time":"2022-11-20T01:18:57+00:00","og_image":[{"width":1200,"height":630,"url":"https:\/\/kapitalis.com\/tunisie\/wp-content\/uploads\/2022\/11\/Benzema.jpg","type":"image\/jpeg"}],"author":"Yusra NY","twitter_card":"summary_large_image","twitter_creator":"@KapitalisInfo","twitter_site":"@KapitalisInfo","twitter_misc":{"\u00c9crit par":"Yusra NY","Dur\u00e9e de lecture estim\u00e9e":"2 minutes"},"schema":{"@context":"https:\/\/schema.org","@graph":[{"@type":"Article","@id":"https:\/\/kapitalis.com\/tunisie\/2022\/11\/20\/coupe-du-monde-2022-equipe-de-france-message-de-benzema-contraint-de-declarer-forfait\/#article","isPartOf":{"@id":"https:\/\/kapitalis.com\/tunisie\/2022\/11\/20\/coupe-du-monde-2022-equipe-de-france-message-de-benzema-contraint-de-declarer-forfait\/"},"author":{"name":"Yusra NY","@id":"https:\/\/kapitalis.com\/tunisie\/#\/schema\/person\/74bbde0154d49d790a92aaeac5bc01d5"},"headline":"Coupe du monde 2022-\u00c9quipe de France : Message de Benzema contraint de d\u00e9clarer forfait","datePublished":"2022-11-20T01:06:50+00:00","dateModified":"2022-11-20T01:18:57+00:00","mainEntityOfPage":{"@id":"https:\/\/kapitalis.com\/tunisie\/2022\/11\/20\/coupe-du-monde-2022-equipe-de-france-message-de-benzema-contraint-de-declarer-forfait\/"},"wordCount":242,"commentCount":1,"publisher":{"@id":"https:\/\/kapitalis.com\/tunisie\/#organization"},"image":{"@id":"https:\/\/kapitalis.com\/tunisie\/2022\/11\/20\/coupe-du-monde-2022-equipe-de-france-message-de-benzema-contraint-de-declarer-forfait\/#primaryimage"},"thumbnailUrl":"https:\/\/kapitalis.com\/tunisie\/wp-content\/uploads\/2022\/11\/Benzema.jpg","keywords":["Benzema","Coupe du Monde","France","Groupe D","mondial","Qatar 2022","Tunisie"],"articleSection":["SPORT","Tunisie"],"inLanguage":"fr-FR","potentialAction":[{"@type":"CommentAction","name":"Comment","target":["https:\/\/kapitalis.com\/tunisie\/2022\/11\/20\/coupe-du-monde-2022-equipe-de-france-message-de-benzema-contraint-de-declarer-forfait\/#respond"]}]},{"@type":"WebPage","@id":"https:\/\/kapitalis.com\/tunisie\/2022\/11\/20\/coupe-du-monde-2022-equipe-de-france-message-de-benzema-contraint-de-declarer-forfait\/","url":"https:\/\/kapitalis.com\/tunisie\/2022\/11\/20\/coupe-du-monde-2022-equipe-de-france-message-de-benzema-contraint-de-declarer-forfait\/","name":"Coupe du monde 2022-\u00c9quipe de France : Message de Benzema contraint de d\u00e9clarer forfait - Kapitalis","isPartOf":{"@id":"https:\/\/kapitalis.com\/tunisie\/#website"},"primaryImageOfPage":{"@id":"https:\/\/kapitalis.com\/tunisie\/2022\/11\/20\/coupe-du-monde-2022-equipe-de-france-message-de-benzema-contraint-de-declarer-forfait\/#primaryimage"},"image":{"@id":"https:\/\/kapitalis.com\/tunisie\/2022\/11\/20\/coupe-du-monde-2022-equipe-de-france-message-de-benzema-contraint-de-declarer-forfait\/#primaryimage"},"thumbnailUrl":"https:\/\/kapitalis.com\/tunisie\/wp-content\/uploads\/2022\/11\/Benzema.jpg","datePublished":"2022-11-20T01:06:50+00:00","dateModified":"2022-11-20T01:18:57+00:00","description":"Immense coup dur pour l'\u00e9quipe de France, l'un des adversaires de la Tunisie au sein du groupe D \u00e0 la Coupe du monde 2022, officiellement priv\u00e9e de Karim Benzema contraint de d\u00e9clarer forfait pour toute la comp\u00e9tition \u00e0 cause d'une blessure...","breadcrumb":{"@id":"https:\/\/kapitalis.com\/tunisie\/2022\/11\/20\/coupe-du-monde-2022-equipe-de-france-message-de-benzema-contraint-de-declarer-forfait\/#breadcrumb"},"inLanguage":"fr-FR","potentialAction":[{"@type":"ReadAction","target":["https:\/\/kapitalis.com\/tunisie\/2022\/11\/20\/coupe-du-monde-2022-equipe-de-france-message-de-benzema-contraint-de-declarer-forfait\/"]}]},{"@type":"ImageObject","inLanguage":"fr-FR","@id":"https:\/\/kapitalis.com\/tunisie\/2022\/11\/20\/coupe-du-monde-2022-equipe-de-france-message-de-benzema-contraint-de-declarer-forfait\/#primaryimage","url":"https:\/\/kapitalis.com\/tunisie\/wp-content\/uploads\/2022\/11\/Benzema.jpg","contentUrl":"https:\/\/kapitalis.com\/tunisie\/wp-content\/uploads\/2022\/11\/Benzema.jpg","width":1200,"height":630},{"@type":"BreadcrumbList","@id":"https:\/\/kapitalis.com\/tunisie\/2022\/11\/20\/coupe-du-monde-2022-equipe-de-france-message-de-benzema-contraint-de-declarer-forfait\/#breadcrumb","itemListElement":[{"@type":"ListItem","position":1,"name":"Accueil","item":"https:\/\/kapitalis.com\/tunisie\/"},{"@type":"ListItem","position":2,"name":"Coupe du monde 2022-\u00c9quipe de France : Message de Benzema contraint de d\u00e9clarer forfait"}]},{"@type":"WebSite","@id":"https:\/\/kapitalis.com\/tunisie\/#website","url":"https:\/\/kapitalis.com\/tunisie\/","name":"Kapitalis","description":"L&#039;actualit\u00e9 en Tunisie et dans le monde","publisher":{"@id":"https:\/\/kapitalis.com\/tunisie\/#organization"},"potentialAction":[{"@type":"SearchAction","target":{"@type":"EntryPoint","urlTemplate":"https:\/\/kapitalis.com\/tunisie\/?s={search_term_string}"},"query-input":{"@type":"PropertyValueSpecification","valueRequired":true,"valueName":"search_term_string"}}],"inLanguage":"fr-FR"},{"@type":"Organization","@id":"https:\/\/kapitalis.com\/tunisie\/#organization","name":"Kapitalis","url":"https:\/\/kapitalis.com\/tunisie\/","logo":{"@type":"ImageObject","inLanguage":"fr-FR","@id":"https:\/\/kapitalis.com\/tunisie\/#\/schema\/logo\/image\/","url":"https:\/\/kapitalis.com\/tunisie\/wp-content\/uploads\/2022\/05\/Kapitalis-big-size.png","contentUrl":"https:\/\/kapitalis.com\/tunisie\/wp-content\/uploads\/2022\/05\/Kapitalis-big-size.png","width":5000,"height":1500,"caption":"Kapitalis"},"image":{"@id":"https:\/\/kapitalis.com\/tunisie\/#\/schema\/logo\/image\/"},"sameAs":["https:\/\/www.facebook.com\/KapitalisInfo\/","https:\/\/x.com\/KapitalisInfo","https:\/\/www.youtube.com\/channel\/UC-yDYrHyfFBWWZaOw3FPg9Q"]},{"@type":"Person","@id":"https:\/\/kapitalis.com\/tunisie\/#\/schema\/person\/74bbde0154d49d790a92aaeac5bc01d5","name":"Yusra NY","url":"https:\/\/kapitalis.com\/tunisie\/author\/yuza_adam\/"}]}},"_links":{"self":[{"href":"https:\/\/kapitalis.com\/tunisie\/wp-json\/wp\/v2\/posts\/5062612","targetHints":{"allow":["GET"]}}],"collection":[{"href":"https:\/\/kapitalis.com\/tunisie\/wp-json\/wp\/v2\/posts"}],"about":[{"href":"https:\/\/kapitalis.com\/tunisie\/wp-json\/wp\/v2\/types\/post"}],"author":[{"embeddable":true,"href":"https:\/\/kapitalis.com\/tunisie\/wp-json\/wp\/v2\/users\/6"}],"replies":[{"embeddable":true,"href":"https:\/\/kapitalis.com\/tunisie\/wp-json\/wp\/v2\/comments?post=5062612"}],"version-history":[{"count":0,"href":"https:\/\/kapitalis.com\/tunisie\/wp-json\/wp\/v2\/posts\/5062612\/revisions"}],"wp:featuredmedia":[{"embeddable":true,"href":"https:\/\/kapitalis.com\/tunisie\/wp-json\/wp\/v2\/media\/5062635"}],"wp:attachment":[{"href":"https:\/\/kapitalis.com\/tunisie\/wp-json\/wp\/v2\/media?parent=5062612"}],"wp:term":[{"taxonomy":"category","embeddable":true,"href":"https:\/\/kapitalis.com\/tunisie\/wp-json\/wp\/v2\/categories?post=5062612"},{"taxonomy":"post_tag","embeddable":true,"href":"https:\/\/kapitalis.com\/tunisie\/wp-json\/wp\/v2\/tags?post=5062612"}],"curies":[{"name":"wp","href":"https:\/\/api.w.org\/{rel}","templated":true}]}}