{"id":50748,"date":"2016-05-19T16:45:47","date_gmt":"2016-05-19T15:45:47","guid":{"rendered":"http:\/\/kapitalis.com\/tunisie\/?p=50748"},"modified":"2016-05-19T16:45:47","modified_gmt":"2016-05-19T15:45:47","slug":"tunis-celebre-la-journee-mondiale-de-la-thyroide","status":"publish","type":"post","link":"https:\/\/kapitalis.com\/tunisie\/2016\/05\/19\/tunis-celebre-la-journee-mondiale-de-la-thyroide\/","title":{"rendered":"Tunis c\u00e9l\u00e8bre la Journ\u00e9e mondiale de la thyro\u00efde"},"content":{"rendered":"<p><img loading=\"lazy\" decoding=\"async\" class=\"alignnone size-full wp-image-50749 aligncenter\" src=\"http:\/\/kapitalis.com\/tunisie\/wp-content\/uploads\/2016\/05\/Journee-mondiale-de-la-tyroide.jpg\" alt=\"Journee-mondiale-de-la-tyroide\" width=\"626\" height=\"380\" \/><\/p>\n<p><em><strong>La Journ\u00e9e mondiale de la thyro\u00efde sera c\u00e9l\u00e9br\u00e9e, en Tunisie, le mercredi le 25 mai 2016, et orient\u00e9 pour la 1\u00e8re fois vers le grand public.<\/strong><\/em><\/p>\n<p><!--more--><\/p>\n<p>Le sujet retenu cette ann\u00e9e c\u2019est la thyro\u00efde chez les enfants, une pathologie qui est vraiment sous-diagnostiqu\u00e9. Il s\u2019agit de sensibiliser les parents et leur signaler les premiers signes pouvant appara\u00eetre chez leurs enfants et signaler une telle affection.<\/p>\n<p>A cet effet, deux rendez-vous sont \u00e0 retenir : un l\u00e2cher de ballons symbolique effectu\u00e9 par les enfants et leurs parents, au Parc du Belv\u00e9d\u00e8re \u00e0 Tunis, le mercredi le 25 mai 2016, de 15h00 \u00e0 17h00. Une animation est pr\u00e9vue autour de l\u2019\u00e9v\u00e9nement et des brochures de sensibilisation seront distribu\u00e9es.<\/p>\n<p>Le 2e rendez-vous, le dimanche le 29 mai 2016, de 9h00 \u00e0 17h00, \u00e0 l\u2019esplanade du Stade El-Menzah 1, \u00e0 Tunis. Des professionnels de la sant\u00e9 accueilleront les parents et les enfants pour les sensibiliser \u00e0 la pathologie et leur faire mieux conna\u00eetre ses sympt\u00f4mes. Des animations et des jeux sont \u00e9galement pr\u00e9vus pour les enfants.<\/p>\n<p style=\"text-align: right;\"><strong>I. B. <\/strong><\/p>\n","protected":false},"excerpt":{"rendered":"<p>La Journ\u00e9e mondiale de la thyro\u00efde sera c\u00e9l\u00e9br\u00e9e, en Tunisie, le mercredi le 25 mai 2016, et orient\u00e9 pour la 1\u00e8re fois vers le grand public.<\/p>\n","protected":false},"author":8,"featured_media":50749,"comment_status":"open","ping_status":"open","sticky":false,"template":"","format":"standard","meta":{"footnotes":""},"categories":[998,2433],"tags":[321],"class_list":["post-50748","post","type-post","status-publish","format-standard","has-post-thumbnail","hentry","category-societe","category-tunisie","tag-enfants"],"yoast_head":"<!-- This site is optimized with the Yoast SEO plugin v26.6 - https:\/\/yoast.com\/wordpress\/plugins\/seo\/ -->\n<title>Tunis c\u00e9l\u00e8bre la Journ\u00e9e mondiale de la thyro\u00efde - Kapitalis<\/title>\n<meta name=\"robots\" content=\"index, follow, max-snippet:-1, max-image-preview:large, max-video-preview:-1\" \/>\n<link rel=\"canonical\" href=\"https:\/\/kapitalis.com\/tunisie\/2016\/05\/19\/tunis-celebre-la-journee-mondiale-de-la-thyroide\/\" \/>\n<meta property=\"og:locale\" content=\"fr_FR\" \/>\n<meta property=\"og:type\" content=\"article\" \/>\n<meta property=\"og:title\" content=\"Tunis c\u00e9l\u00e8bre la Journ\u00e9e mondiale de la thyro\u00efde - Kapitalis\" \/>\n<meta property=\"og:description\" content=\"La Journ\u00e9e mondiale de la thyro\u00efde sera c\u00e9l\u00e9br\u00e9e, en Tunisie, le mercredi le 25 mai 2016, et orient\u00e9 pour la 1\u00e8re fois vers le grand public.\" \/>\n<meta property=\"og:url\" content=\"https:\/\/kapitalis.com\/tunisie\/2016\/05\/19\/tunis-celebre-la-journee-mondiale-de-la-thyroide\/\" \/>\n<meta property=\"og:site_name\" content=\"Kapitalis\" \/>\n<meta property=\"article:publisher\" content=\"https:\/\/www.facebook.com\/KapitalisInfo\/\" \/>\n<meta property=\"article:published_time\" content=\"2016-05-19T15:45:47+00:00\" \/>\n<meta property=\"og:image\" content=\"https:\/\/kapitalis.com\/tunisie\/wp-content\/uploads\/2022\/05\/kapitalis-logo-fb.png\" \/>\n\t<meta property=\"og:image:width\" content=\"1200\" \/>\n\t<meta property=\"og:image:height\" content=\"630\" \/>\n\t<meta property=\"og:image:type\" content=\"image\/png\" \/>\n<meta name=\"author\" content=\"webmaster kapitalis\" \/>\n<meta name=\"twitter:card\" content=\"summary_large_image\" \/>\n<meta name=\"twitter:creator\" content=\"@KapitalisInfo\" \/>\n<meta name=\"twitter:site\" content=\"@KapitalisInfo\" \/>\n<meta name=\"twitter:label1\" content=\"\u00c9crit par\" \/>\n\t<meta name=\"twitter:data1\" content=\"webmaster kapitalis\" \/>\n\t<meta name=\"twitter:label2\" content=\"Dur\u00e9e de lecture estim\u00e9e\" \/>\n\t<meta name=\"twitter:data2\" content=\"1 minute\" \/>\n<script type=\"application\/ld+json\" class=\"yoast-schema-graph\">{\"@context\":\"https:\/\/schema.org\",\"@graph\":[{\"@type\":\"Article\",\"@id\":\"https:\/\/kapitalis.com\/tunisie\/2016\/05\/19\/tunis-celebre-la-journee-mondiale-de-la-thyroide\/#article\",\"isPartOf\":{\"@id\":\"https:\/\/kapitalis.com\/tunisie\/2016\/05\/19\/tunis-celebre-la-journee-mondiale-de-la-thyroide\/\"},\"author\":{\"name\":\"webmaster kapitalis\",\"@id\":\"https:\/\/kapitalis.com\/tunisie\/#\/schema\/person\/d71f33a9ca44f7bad4698210b480c8e9\"},\"headline\":\"Tunis c\u00e9l\u00e8bre la Journ\u00e9e mondiale de la thyro\u00efde\",\"datePublished\":\"2016-05-19T15:45:47+00:00\",\"mainEntityOfPage\":{\"@id\":\"https:\/\/kapitalis.com\/tunisie\/2016\/05\/19\/tunis-celebre-la-journee-mondiale-de-la-thyroide\/\"},\"wordCount\":192,\"commentCount\":1,\"publisher\":{\"@id\":\"https:\/\/kapitalis.com\/tunisie\/#organization\"},\"image\":{\"@id\":\"https:\/\/kapitalis.com\/tunisie\/2016\/05\/19\/tunis-celebre-la-journee-mondiale-de-la-thyroide\/#primaryimage\"},\"thumbnailUrl\":\"\",\"keywords\":[\"enfants\"],\"articleSection\":[\"SOCIETE\",\"Tunisie\"],\"inLanguage\":\"fr-FR\",\"potentialAction\":[{\"@type\":\"CommentAction\",\"name\":\"Comment\",\"target\":[\"https:\/\/kapitalis.com\/tunisie\/2016\/05\/19\/tunis-celebre-la-journee-mondiale-de-la-thyroide\/#respond\"]}]},{\"@type\":\"WebPage\",\"@id\":\"https:\/\/kapitalis.com\/tunisie\/2016\/05\/19\/tunis-celebre-la-journee-mondiale-de-la-thyroide\/\",\"url\":\"https:\/\/kapitalis.com\/tunisie\/2016\/05\/19\/tunis-celebre-la-journee-mondiale-de-la-thyroide\/\",\"name\":\"Tunis c\u00e9l\u00e8bre la Journ\u00e9e mondiale de la thyro\u00efde - Kapitalis\",\"isPartOf\":{\"@id\":\"https:\/\/kapitalis.com\/tunisie\/#website\"},\"primaryImageOfPage\":{\"@id\":\"https:\/\/kapitalis.com\/tunisie\/2016\/05\/19\/tunis-celebre-la-journee-mondiale-de-la-thyroide\/#primaryimage\"},\"image\":{\"@id\":\"https:\/\/kapitalis.com\/tunisie\/2016\/05\/19\/tunis-celebre-la-journee-mondiale-de-la-thyroide\/#primaryimage\"},\"thumbnailUrl\":\"\",\"datePublished\":\"2016-05-19T15:45:47+00:00\",\"breadcrumb\":{\"@id\":\"https:\/\/kapitalis.com\/tunisie\/2016\/05\/19\/tunis-celebre-la-journee-mondiale-de-la-thyroide\/#breadcrumb\"},\"inLanguage\":\"fr-FR\",\"potentialAction\":[{\"@type\":\"ReadAction\",\"target\":[\"https:\/\/kapitalis.com\/tunisie\/2016\/05\/19\/tunis-celebre-la-journee-mondiale-de-la-thyroide\/\"]}]},{\"@type\":\"ImageObject\",\"inLanguage\":\"fr-FR\",\"@id\":\"https:\/\/kapitalis.com\/tunisie\/2016\/05\/19\/tunis-celebre-la-journee-mondiale-de-la-thyroide\/#primaryimage\",\"url\":\"\",\"contentUrl\":\"\"},{\"@type\":\"BreadcrumbList\",\"@id\":\"https:\/\/kapitalis.com\/tunisie\/2016\/05\/19\/tunis-celebre-la-journee-mondiale-de-la-thyroide\/#breadcrumb\",\"itemListElement\":[{\"@type\":\"ListItem\",\"position\":1,\"name\":\"Accueil\",\"item\":\"https:\/\/kapitalis.com\/tunisie\/\"},{\"@type\":\"ListItem\",\"position\":2,\"name\":\"Tunis c\u00e9l\u00e8bre la Journ\u00e9e mondiale de la thyro\u00efde\"}]},{\"@type\":\"WebSite\",\"@id\":\"https:\/\/kapitalis.com\/tunisie\/#website\",\"url\":\"https:\/\/kapitalis.com\/tunisie\/\",\"name\":\"Kapitalis\",\"description\":\"L&#039;actualit\u00e9 en Tunisie et dans le monde\",\"publisher\":{\"@id\":\"https:\/\/kapitalis.com\/tunisie\/#organization\"},\"potentialAction\":[{\"@type\":\"SearchAction\",\"target\":{\"@type\":\"EntryPoint\",\"urlTemplate\":\"https:\/\/kapitalis.com\/tunisie\/?s={search_term_string}\"},\"query-input\":{\"@type\":\"PropertyValueSpecification\",\"valueRequired\":true,\"valueName\":\"search_term_string\"}}],\"inLanguage\":\"fr-FR\"},{\"@type\":\"Organization\",\"@id\":\"https:\/\/kapitalis.com\/tunisie\/#organization\",\"name\":\"Kapitalis\",\"url\":\"https:\/\/kapitalis.com\/tunisie\/\",\"logo\":{\"@type\":\"ImageObject\",\"inLanguage\":\"fr-FR\",\"@id\":\"https:\/\/kapitalis.com\/tunisie\/#\/schema\/logo\/image\/\",\"url\":\"https:\/\/kapitalis.com\/tunisie\/wp-content\/uploads\/2022\/05\/Kapitalis-big-size.png\",\"contentUrl\":\"https:\/\/kapitalis.com\/tunisie\/wp-content\/uploads\/2022\/05\/Kapitalis-big-size.png\",\"width\":5000,\"height\":1500,\"caption\":\"Kapitalis\"},\"image\":{\"@id\":\"https:\/\/kapitalis.com\/tunisie\/#\/schema\/logo\/image\/\"},\"sameAs\":[\"https:\/\/www.facebook.com\/KapitalisInfo\/\",\"https:\/\/x.com\/KapitalisInfo\",\"https:\/\/www.youtube.com\/channel\/UC-yDYrHyfFBWWZaOw3FPg9Q\"]},{\"@type\":\"Person\",\"@id\":\"https:\/\/kapitalis.com\/tunisie\/#\/schema\/person\/d71f33a9ca44f7bad4698210b480c8e9\",\"name\":\"webmaster kapitalis\",\"url\":\"https:\/\/kapitalis.com\/tunisie\/author\/webmaster-kapitalis\/\"}]}<\/script>\n<!-- \/ Yoast SEO plugin. -->","yoast_head_json":{"title":"Tunis c\u00e9l\u00e8bre la Journ\u00e9e mondiale de la thyro\u00efde - Kapitalis","robots":{"index":"index","follow":"follow","max-snippet":"max-snippet:-1","max-image-preview":"max-image-preview:large","max-video-preview":"max-video-preview:-1"},"canonical":"https:\/\/kapitalis.com\/tunisie\/2016\/05\/19\/tunis-celebre-la-journee-mondiale-de-la-thyroide\/","og_locale":"fr_FR","og_type":"article","og_title":"Tunis c\u00e9l\u00e8bre la Journ\u00e9e mondiale de la thyro\u00efde - Kapitalis","og_description":"La Journ\u00e9e mondiale de la thyro\u00efde sera c\u00e9l\u00e9br\u00e9e, en Tunisie, le mercredi le 25 mai 2016, et orient\u00e9 pour la 1\u00e8re fois vers le grand public.","og_url":"https:\/\/kapitalis.com\/tunisie\/2016\/05\/19\/tunis-celebre-la-journee-mondiale-de-la-thyroide\/","og_site_name":"Kapitalis","article_publisher":"https:\/\/www.facebook.com\/KapitalisInfo\/","article_published_time":"2016-05-19T15:45:47+00:00","og_image":[{"width":1200,"height":630,"url":"https:\/\/kapitalis.com\/tunisie\/wp-content\/uploads\/2022\/05\/kapitalis-logo-fb.png","type":"image\/png"}],"author":"webmaster kapitalis","twitter_card":"summary_large_image","twitter_creator":"@KapitalisInfo","twitter_site":"@KapitalisInfo","twitter_misc":{"\u00c9crit par":"webmaster kapitalis","Dur\u00e9e de lecture estim\u00e9e":"1 minute"},"schema":{"@context":"https:\/\/schema.org","@graph":[{"@type":"Article","@id":"https:\/\/kapitalis.com\/tunisie\/2016\/05\/19\/tunis-celebre-la-journee-mondiale-de-la-thyroide\/#article","isPartOf":{"@id":"https:\/\/kapitalis.com\/tunisie\/2016\/05\/19\/tunis-celebre-la-journee-mondiale-de-la-thyroide\/"},"author":{"name":"webmaster kapitalis","@id":"https:\/\/kapitalis.com\/tunisie\/#\/schema\/person\/d71f33a9ca44f7bad4698210b480c8e9"},"headline":"Tunis c\u00e9l\u00e8bre la Journ\u00e9e mondiale de la thyro\u00efde","datePublished":"2016-05-19T15:45:47+00:00","mainEntityOfPage":{"@id":"https:\/\/kapitalis.com\/tunisie\/2016\/05\/19\/tunis-celebre-la-journee-mondiale-de-la-thyroide\/"},"wordCount":192,"commentCount":1,"publisher":{"@id":"https:\/\/kapitalis.com\/tunisie\/#organization"},"image":{"@id":"https:\/\/kapitalis.com\/tunisie\/2016\/05\/19\/tunis-celebre-la-journee-mondiale-de-la-thyroide\/#primaryimage"},"thumbnailUrl":"","keywords":["enfants"],"articleSection":["SOCIETE","Tunisie"],"inLanguage":"fr-FR","potentialAction":[{"@type":"CommentAction","name":"Comment","target":["https:\/\/kapitalis.com\/tunisie\/2016\/05\/19\/tunis-celebre-la-journee-mondiale-de-la-thyroide\/#respond"]}]},{"@type":"WebPage","@id":"https:\/\/kapitalis.com\/tunisie\/2016\/05\/19\/tunis-celebre-la-journee-mondiale-de-la-thyroide\/","url":"https:\/\/kapitalis.com\/tunisie\/2016\/05\/19\/tunis-celebre-la-journee-mondiale-de-la-thyroide\/","name":"Tunis c\u00e9l\u00e8bre la Journ\u00e9e mondiale de la thyro\u00efde - Kapitalis","isPartOf":{"@id":"https:\/\/kapitalis.com\/tunisie\/#website"},"primaryImageOfPage":{"@id":"https:\/\/kapitalis.com\/tunisie\/2016\/05\/19\/tunis-celebre-la-journee-mondiale-de-la-thyroide\/#primaryimage"},"image":{"@id":"https:\/\/kapitalis.com\/tunisie\/2016\/05\/19\/tunis-celebre-la-journee-mondiale-de-la-thyroide\/#primaryimage"},"thumbnailUrl":"","datePublished":"2016-05-19T15:45:47+00:00","breadcrumb":{"@id":"https:\/\/kapitalis.com\/tunisie\/2016\/05\/19\/tunis-celebre-la-journee-mondiale-de-la-thyroide\/#breadcrumb"},"inLanguage":"fr-FR","potentialAction":[{"@type":"ReadAction","target":["https:\/\/kapitalis.com\/tunisie\/2016\/05\/19\/tunis-celebre-la-journee-mondiale-de-la-thyroide\/"]}]},{"@type":"ImageObject","inLanguage":"fr-FR","@id":"https:\/\/kapitalis.com\/tunisie\/2016\/05\/19\/tunis-celebre-la-journee-mondiale-de-la-thyroide\/#primaryimage","url":"","contentUrl":""},{"@type":"BreadcrumbList","@id":"https:\/\/kapitalis.com\/tunisie\/2016\/05\/19\/tunis-celebre-la-journee-mondiale-de-la-thyroide\/#breadcrumb","itemListElement":[{"@type":"ListItem","position":1,"name":"Accueil","item":"https:\/\/kapitalis.com\/tunisie\/"},{"@type":"ListItem","position":2,"name":"Tunis c\u00e9l\u00e8bre la Journ\u00e9e mondiale de la thyro\u00efde"}]},{"@type":"WebSite","@id":"https:\/\/kapitalis.com\/tunisie\/#website","url":"https:\/\/kapitalis.com\/tunisie\/","name":"Kapitalis","description":"L&#039;actualit\u00e9 en Tunisie et dans le monde","publisher":{"@id":"https:\/\/kapitalis.com\/tunisie\/#organization"},"potentialAction":[{"@type":"SearchAction","target":{"@type":"EntryPoint","urlTemplate":"https:\/\/kapitalis.com\/tunisie\/?s={search_term_string}"},"query-input":{"@type":"PropertyValueSpecification","valueRequired":true,"valueName":"search_term_string"}}],"inLanguage":"fr-FR"},{"@type":"Organization","@id":"https:\/\/kapitalis.com\/tunisie\/#organization","name":"Kapitalis","url":"https:\/\/kapitalis.com\/tunisie\/","logo":{"@type":"ImageObject","inLanguage":"fr-FR","@id":"https:\/\/kapitalis.com\/tunisie\/#\/schema\/logo\/image\/","url":"https:\/\/kapitalis.com\/tunisie\/wp-content\/uploads\/2022\/05\/Kapitalis-big-size.png","contentUrl":"https:\/\/kapitalis.com\/tunisie\/wp-content\/uploads\/2022\/05\/Kapitalis-big-size.png","width":5000,"height":1500,"caption":"Kapitalis"},"image":{"@id":"https:\/\/kapitalis.com\/tunisie\/#\/schema\/logo\/image\/"},"sameAs":["https:\/\/www.facebook.com\/KapitalisInfo\/","https:\/\/x.com\/KapitalisInfo","https:\/\/www.youtube.com\/channel\/UC-yDYrHyfFBWWZaOw3FPg9Q"]},{"@type":"Person","@id":"https:\/\/kapitalis.com\/tunisie\/#\/schema\/person\/d71f33a9ca44f7bad4698210b480c8e9","name":"webmaster kapitalis","url":"https:\/\/kapitalis.com\/tunisie\/author\/webmaster-kapitalis\/"}]}},"_links":{"self":[{"href":"https:\/\/kapitalis.com\/tunisie\/wp-json\/wp\/v2\/posts\/50748","targetHints":{"allow":["GET"]}}],"collection":[{"href":"https:\/\/kapitalis.com\/tunisie\/wp-json\/wp\/v2\/posts"}],"about":[{"href":"https:\/\/kapitalis.com\/tunisie\/wp-json\/wp\/v2\/types\/post"}],"author":[{"embeddable":true,"href":"https:\/\/kapitalis.com\/tunisie\/wp-json\/wp\/v2\/users\/8"}],"replies":[{"embeddable":true,"href":"https:\/\/kapitalis.com\/tunisie\/wp-json\/wp\/v2\/comments?post=50748"}],"version-history":[{"count":0,"href":"https:\/\/kapitalis.com\/tunisie\/wp-json\/wp\/v2\/posts\/50748\/revisions"}],"wp:featuredmedia":[{"embeddable":true,"href":"https:\/\/kapitalis.com\/tunisie\/wp-json\/wp\/v2\/media\/50749"}],"wp:attachment":[{"href":"https:\/\/kapitalis.com\/tunisie\/wp-json\/wp\/v2\/media?parent=50748"}],"wp:term":[{"taxonomy":"category","embeddable":true,"href":"https:\/\/kapitalis.com\/tunisie\/wp-json\/wp\/v2\/categories?post=50748"},{"taxonomy":"post_tag","embeddable":true,"href":"https:\/\/kapitalis.com\/tunisie\/wp-json\/wp\/v2\/tags?post=50748"}],"curies":[{"name":"wp","href":"https:\/\/api.w.org\/{rel}","templated":true}]}}