{"id":50815,"date":"2016-05-20T10:46:41","date_gmt":"2016-05-20T09:46:41","guid":{"rendered":"http:\/\/kapitalis.com\/tunisie\/?p=50815"},"modified":"2016-05-20T12:03:19","modified_gmt":"2016-05-20T11:03:19","slug":"beja-disparition-mysterieuse-dune-eleve-de-15-ans","status":"publish","type":"post","link":"https:\/\/kapitalis.com\/tunisie\/2016\/05\/20\/beja-disparition-mysterieuse-dune-eleve-de-15-ans\/","title":{"rendered":"B\u00e9ja : Disparition myst\u00e9rieuse d\u2019une \u00e9l\u00e8ve de 15 ans"},"content":{"rendered":"<p style=\"text-align: center;\"><img loading=\"lazy\" decoding=\"async\" class=\"alignnone size-full wp-image-20460\" src=\"http:\/\/kapitalis.com\/tunisie\/wp-content\/uploads\/2015\/10\/viol.jpg\" alt=\"viol\" width=\"626\" height=\"380\" \/><\/p>\n<p><em><strong>Une \u00e9l\u00e8ve de 15 ans est port\u00e9e disparue, avant hier, \u00e0 B\u00e9ja. Son p\u00e8re soup\u00e7onne un pr\u00e9tendant, qui a r\u00e9cemment demand\u00e9 sa main, de l\u2019avoir enlev\u00e9e.<\/strong><\/em><\/p>\n<p><!--more--><\/p>\n<p>L\u2019adolescente, qui est en 9<sup>e<\/sup> ann\u00e9e au coll\u00e8ge de Ma\u00e2qoula, s\u2019est rendue en cours, mercredi matin, mais n\u2019est pas rentr\u00e9e \u00e0 l\u2019heure du d\u00e9jeuner. Ses parents se sont inqui\u00e9t\u00e9s et tent\u00e9 de l\u2019appeler mais son t\u00e9l\u00e9phone \u00e9tait \u00e9teint. La police a \u00e9t\u00e9 alert\u00e9e et des recherches\u00a0aussit\u00f4t\u00a0lanc\u00e9es dans la r\u00e9gion, encore sans r\u00e9sultat.<\/p>\n<p>Le p\u00e8re de la disparue soup\u00e7onne un jeune homme de 25 ans d\u2019avoir enlev\u00e9 sa fille. \u00ab<em>Il avait demand\u00e9 sa main, mais nous avions refus\u00e9 car ma fille est trop jeune pour s\u2019engager dans une relation. Je suis persuad\u00e9 que c\u2019est lui qui l\u2019a enlev\u00e9e<\/em>\u00bb, a-t-il pr\u00e9cis\u00e9, ajoutant: \u00ab<em>Ma fille ne partirait nulle part de son propre gr\u00e9, elle a \u00e9t\u00e9 enlev\u00e9e et nous devons la retrouver au plus vite avant qu\u2019il ne lui arrive un\u00a0malheur<\/em>\u00bb.<\/p>\n<p style=\"text-align: right;\"><strong>Y. N.<\/strong><\/p>\n","protected":false},"excerpt":{"rendered":"<p>Une \u00e9l\u00e8ve de 15 ans est port\u00e9e disparue, avant hier, \u00e0 B\u00e9ja. Son p\u00e8re soup\u00e7onne un pr\u00e9tendant, qui a r\u00e9cemment demand\u00e9 sa main, de l\u2019avoir enlev\u00e9e.<\/p>\n","protected":false},"author":6,"featured_media":0,"comment_status":"open","ping_status":"open","sticky":false,"template":"","format":"standard","meta":{"footnotes":""},"categories":[998,2433],"tags":[136,5204,283,314,1011,772],"class_list":["post-50815","post","type-post","status-publish","format-standard","hentry","category-societe","category-tunisie","tag-beja","tag-college","tag-disparu","tag-eleve","tag-enlevement","tag-recherches"],"yoast_head":"<!-- This site is optimized with the Yoast SEO plugin v26.6 - https:\/\/yoast.com\/wordpress\/plugins\/seo\/ -->\n<title>B\u00e9ja : Disparition myst\u00e9rieuse d\u2019une \u00e9l\u00e8ve de 15 ans - Kapitalis<\/title>\n<meta name=\"robots\" content=\"index, follow, max-snippet:-1, max-image-preview:large, max-video-preview:-1\" \/>\n<link rel=\"canonical\" href=\"https:\/\/kapitalis.com\/tunisie\/2016\/05\/20\/beja-disparition-mysterieuse-dune-eleve-de-15-ans\/\" \/>\n<meta property=\"og:locale\" content=\"fr_FR\" \/>\n<meta property=\"og:type\" content=\"article\" \/>\n<meta property=\"og:title\" content=\"B\u00e9ja : Disparition myst\u00e9rieuse d\u2019une \u00e9l\u00e8ve de 15 ans - Kapitalis\" \/>\n<meta property=\"og:description\" content=\"Une \u00e9l\u00e8ve de 15 ans est port\u00e9e disparue, avant hier, \u00e0 B\u00e9ja. Son p\u00e8re soup\u00e7onne un pr\u00e9tendant, qui a r\u00e9cemment demand\u00e9 sa main, de l\u2019avoir enlev\u00e9e.\" \/>\n<meta property=\"og:url\" content=\"https:\/\/kapitalis.com\/tunisie\/2016\/05\/20\/beja-disparition-mysterieuse-dune-eleve-de-15-ans\/\" \/>\n<meta property=\"og:site_name\" content=\"Kapitalis\" \/>\n<meta property=\"article:publisher\" content=\"https:\/\/www.facebook.com\/KapitalisInfo\/\" \/>\n<meta property=\"article:published_time\" content=\"2016-05-20T09:46:41+00:00\" \/>\n<meta property=\"article:modified_time\" content=\"2016-05-20T11:03:19+00:00\" \/>\n<meta property=\"og:image\" content=\"http:\/\/kapitalis.com\/tunisie\/wp-content\/uploads\/2015\/10\/viol.jpg\" \/>\n<meta name=\"author\" content=\"Yusra NY\" \/>\n<meta name=\"twitter:card\" content=\"summary_large_image\" \/>\n<meta name=\"twitter:creator\" content=\"@KapitalisInfo\" \/>\n<meta name=\"twitter:site\" content=\"@KapitalisInfo\" \/>\n<meta name=\"twitter:label1\" content=\"\u00c9crit par\" \/>\n\t<meta name=\"twitter:data1\" content=\"Yusra NY\" \/>\n\t<meta name=\"twitter:label2\" content=\"Dur\u00e9e de lecture estim\u00e9e\" \/>\n\t<meta name=\"twitter:data2\" content=\"1 minute\" \/>\n<script type=\"application\/ld+json\" class=\"yoast-schema-graph\">{\"@context\":\"https:\/\/schema.org\",\"@graph\":[{\"@type\":\"Article\",\"@id\":\"https:\/\/kapitalis.com\/tunisie\/2016\/05\/20\/beja-disparition-mysterieuse-dune-eleve-de-15-ans\/#article\",\"isPartOf\":{\"@id\":\"https:\/\/kapitalis.com\/tunisie\/2016\/05\/20\/beja-disparition-mysterieuse-dune-eleve-de-15-ans\/\"},\"author\":{\"name\":\"Yusra NY\",\"@id\":\"https:\/\/kapitalis.com\/tunisie\/#\/schema\/person\/74bbde0154d49d790a92aaeac5bc01d5\"},\"headline\":\"B\u00e9ja : Disparition myst\u00e9rieuse d\u2019une \u00e9l\u00e8ve de 15 ans\",\"datePublished\":\"2016-05-20T09:46:41+00:00\",\"dateModified\":\"2016-05-20T11:03:19+00:00\",\"mainEntityOfPage\":{\"@id\":\"https:\/\/kapitalis.com\/tunisie\/2016\/05\/20\/beja-disparition-mysterieuse-dune-eleve-de-15-ans\/\"},\"wordCount\":204,\"commentCount\":0,\"publisher\":{\"@id\":\"https:\/\/kapitalis.com\/tunisie\/#organization\"},\"image\":{\"@id\":\"https:\/\/kapitalis.com\/tunisie\/2016\/05\/20\/beja-disparition-mysterieuse-dune-eleve-de-15-ans\/#primaryimage\"},\"thumbnailUrl\":\"http:\/\/kapitalis.com\/tunisie\/wp-content\/uploads\/2015\/10\/viol.jpg\",\"keywords\":[\"B\u00e9ja\",\"coll\u00e8ge\",\"disparu\",\"\u00e9l\u00e8ve\",\"enl\u00e8vement\",\"recherches\"],\"articleSection\":[\"SOCIETE\",\"Tunisie\"],\"inLanguage\":\"fr-FR\",\"potentialAction\":[{\"@type\":\"CommentAction\",\"name\":\"Comment\",\"target\":[\"https:\/\/kapitalis.com\/tunisie\/2016\/05\/20\/beja-disparition-mysterieuse-dune-eleve-de-15-ans\/#respond\"]}]},{\"@type\":\"WebPage\",\"@id\":\"https:\/\/kapitalis.com\/tunisie\/2016\/05\/20\/beja-disparition-mysterieuse-dune-eleve-de-15-ans\/\",\"url\":\"https:\/\/kapitalis.com\/tunisie\/2016\/05\/20\/beja-disparition-mysterieuse-dune-eleve-de-15-ans\/\",\"name\":\"B\u00e9ja : Disparition myst\u00e9rieuse d\u2019une \u00e9l\u00e8ve de 15 ans - Kapitalis\",\"isPartOf\":{\"@id\":\"https:\/\/kapitalis.com\/tunisie\/#website\"},\"primaryImageOfPage\":{\"@id\":\"https:\/\/kapitalis.com\/tunisie\/2016\/05\/20\/beja-disparition-mysterieuse-dune-eleve-de-15-ans\/#primaryimage\"},\"image\":{\"@id\":\"https:\/\/kapitalis.com\/tunisie\/2016\/05\/20\/beja-disparition-mysterieuse-dune-eleve-de-15-ans\/#primaryimage\"},\"thumbnailUrl\":\"http:\/\/kapitalis.com\/tunisie\/wp-content\/uploads\/2015\/10\/viol.jpg\",\"datePublished\":\"2016-05-20T09:46:41+00:00\",\"dateModified\":\"2016-05-20T11:03:19+00:00\",\"breadcrumb\":{\"@id\":\"https:\/\/kapitalis.com\/tunisie\/2016\/05\/20\/beja-disparition-mysterieuse-dune-eleve-de-15-ans\/#breadcrumb\"},\"inLanguage\":\"fr-FR\",\"potentialAction\":[{\"@type\":\"ReadAction\",\"target\":[\"https:\/\/kapitalis.com\/tunisie\/2016\/05\/20\/beja-disparition-mysterieuse-dune-eleve-de-15-ans\/\"]}]},{\"@type\":\"ImageObject\",\"inLanguage\":\"fr-FR\",\"@id\":\"https:\/\/kapitalis.com\/tunisie\/2016\/05\/20\/beja-disparition-mysterieuse-dune-eleve-de-15-ans\/#primaryimage\",\"url\":\"http:\/\/kapitalis.com\/tunisie\/wp-content\/uploads\/2015\/10\/viol.jpg\",\"contentUrl\":\"http:\/\/kapitalis.com\/tunisie\/wp-content\/uploads\/2015\/10\/viol.jpg\"},{\"@type\":\"BreadcrumbList\",\"@id\":\"https:\/\/kapitalis.com\/tunisie\/2016\/05\/20\/beja-disparition-mysterieuse-dune-eleve-de-15-ans\/#breadcrumb\",\"itemListElement\":[{\"@type\":\"ListItem\",\"position\":1,\"name\":\"Accueil\",\"item\":\"https:\/\/kapitalis.com\/tunisie\/\"},{\"@type\":\"ListItem\",\"position\":2,\"name\":\"B\u00e9ja : Disparition myst\u00e9rieuse d\u2019une \u00e9l\u00e8ve de 15 ans\"}]},{\"@type\":\"WebSite\",\"@id\":\"https:\/\/kapitalis.com\/tunisie\/#website\",\"url\":\"https:\/\/kapitalis.com\/tunisie\/\",\"name\":\"Kapitalis\",\"description\":\"L&#039;actualit\u00e9 en Tunisie et dans le monde\",\"publisher\":{\"@id\":\"https:\/\/kapitalis.com\/tunisie\/#organization\"},\"potentialAction\":[{\"@type\":\"SearchAction\",\"target\":{\"@type\":\"EntryPoint\",\"urlTemplate\":\"https:\/\/kapitalis.com\/tunisie\/?s={search_term_string}\"},\"query-input\":{\"@type\":\"PropertyValueSpecification\",\"valueRequired\":true,\"valueName\":\"search_term_string\"}}],\"inLanguage\":\"fr-FR\"},{\"@type\":\"Organization\",\"@id\":\"https:\/\/kapitalis.com\/tunisie\/#organization\",\"name\":\"Kapitalis\",\"url\":\"https:\/\/kapitalis.com\/tunisie\/\",\"logo\":{\"@type\":\"ImageObject\",\"inLanguage\":\"fr-FR\",\"@id\":\"https:\/\/kapitalis.com\/tunisie\/#\/schema\/logo\/image\/\",\"url\":\"https:\/\/kapitalis.com\/tunisie\/wp-content\/uploads\/2022\/05\/Kapitalis-big-size.png\",\"contentUrl\":\"https:\/\/kapitalis.com\/tunisie\/wp-content\/uploads\/2022\/05\/Kapitalis-big-size.png\",\"width\":5000,\"height\":1500,\"caption\":\"Kapitalis\"},\"image\":{\"@id\":\"https:\/\/kapitalis.com\/tunisie\/#\/schema\/logo\/image\/\"},\"sameAs\":[\"https:\/\/www.facebook.com\/KapitalisInfo\/\",\"https:\/\/x.com\/KapitalisInfo\",\"https:\/\/www.youtube.com\/channel\/UC-yDYrHyfFBWWZaOw3FPg9Q\"]},{\"@type\":\"Person\",\"@id\":\"https:\/\/kapitalis.com\/tunisie\/#\/schema\/person\/74bbde0154d49d790a92aaeac5bc01d5\",\"name\":\"Yusra NY\",\"url\":\"https:\/\/kapitalis.com\/tunisie\/author\/yuza_adam\/\"}]}<\/script>\n<!-- \/ Yoast SEO plugin. -->","yoast_head_json":{"title":"B\u00e9ja : Disparition myst\u00e9rieuse d\u2019une \u00e9l\u00e8ve de 15 ans - Kapitalis","robots":{"index":"index","follow":"follow","max-snippet":"max-snippet:-1","max-image-preview":"max-image-preview:large","max-video-preview":"max-video-preview:-1"},"canonical":"https:\/\/kapitalis.com\/tunisie\/2016\/05\/20\/beja-disparition-mysterieuse-dune-eleve-de-15-ans\/","og_locale":"fr_FR","og_type":"article","og_title":"B\u00e9ja : Disparition myst\u00e9rieuse d\u2019une \u00e9l\u00e8ve de 15 ans - Kapitalis","og_description":"Une \u00e9l\u00e8ve de 15 ans est port\u00e9e disparue, avant hier, \u00e0 B\u00e9ja. Son p\u00e8re soup\u00e7onne un pr\u00e9tendant, qui a r\u00e9cemment demand\u00e9 sa main, de l\u2019avoir enlev\u00e9e.","og_url":"https:\/\/kapitalis.com\/tunisie\/2016\/05\/20\/beja-disparition-mysterieuse-dune-eleve-de-15-ans\/","og_site_name":"Kapitalis","article_publisher":"https:\/\/www.facebook.com\/KapitalisInfo\/","article_published_time":"2016-05-20T09:46:41+00:00","article_modified_time":"2016-05-20T11:03:19+00:00","og_image":[{"url":"http:\/\/kapitalis.com\/tunisie\/wp-content\/uploads\/2015\/10\/viol.jpg","type":"","width":"","height":""}],"author":"Yusra NY","twitter_card":"summary_large_image","twitter_creator":"@KapitalisInfo","twitter_site":"@KapitalisInfo","twitter_misc":{"\u00c9crit par":"Yusra NY","Dur\u00e9e de lecture estim\u00e9e":"1 minute"},"schema":{"@context":"https:\/\/schema.org","@graph":[{"@type":"Article","@id":"https:\/\/kapitalis.com\/tunisie\/2016\/05\/20\/beja-disparition-mysterieuse-dune-eleve-de-15-ans\/#article","isPartOf":{"@id":"https:\/\/kapitalis.com\/tunisie\/2016\/05\/20\/beja-disparition-mysterieuse-dune-eleve-de-15-ans\/"},"author":{"name":"Yusra NY","@id":"https:\/\/kapitalis.com\/tunisie\/#\/schema\/person\/74bbde0154d49d790a92aaeac5bc01d5"},"headline":"B\u00e9ja : Disparition myst\u00e9rieuse d\u2019une \u00e9l\u00e8ve de 15 ans","datePublished":"2016-05-20T09:46:41+00:00","dateModified":"2016-05-20T11:03:19+00:00","mainEntityOfPage":{"@id":"https:\/\/kapitalis.com\/tunisie\/2016\/05\/20\/beja-disparition-mysterieuse-dune-eleve-de-15-ans\/"},"wordCount":204,"commentCount":0,"publisher":{"@id":"https:\/\/kapitalis.com\/tunisie\/#organization"},"image":{"@id":"https:\/\/kapitalis.com\/tunisie\/2016\/05\/20\/beja-disparition-mysterieuse-dune-eleve-de-15-ans\/#primaryimage"},"thumbnailUrl":"http:\/\/kapitalis.com\/tunisie\/wp-content\/uploads\/2015\/10\/viol.jpg","keywords":["B\u00e9ja","coll\u00e8ge","disparu","\u00e9l\u00e8ve","enl\u00e8vement","recherches"],"articleSection":["SOCIETE","Tunisie"],"inLanguage":"fr-FR","potentialAction":[{"@type":"CommentAction","name":"Comment","target":["https:\/\/kapitalis.com\/tunisie\/2016\/05\/20\/beja-disparition-mysterieuse-dune-eleve-de-15-ans\/#respond"]}]},{"@type":"WebPage","@id":"https:\/\/kapitalis.com\/tunisie\/2016\/05\/20\/beja-disparition-mysterieuse-dune-eleve-de-15-ans\/","url":"https:\/\/kapitalis.com\/tunisie\/2016\/05\/20\/beja-disparition-mysterieuse-dune-eleve-de-15-ans\/","name":"B\u00e9ja : Disparition myst\u00e9rieuse d\u2019une \u00e9l\u00e8ve de 15 ans - Kapitalis","isPartOf":{"@id":"https:\/\/kapitalis.com\/tunisie\/#website"},"primaryImageOfPage":{"@id":"https:\/\/kapitalis.com\/tunisie\/2016\/05\/20\/beja-disparition-mysterieuse-dune-eleve-de-15-ans\/#primaryimage"},"image":{"@id":"https:\/\/kapitalis.com\/tunisie\/2016\/05\/20\/beja-disparition-mysterieuse-dune-eleve-de-15-ans\/#primaryimage"},"thumbnailUrl":"http:\/\/kapitalis.com\/tunisie\/wp-content\/uploads\/2015\/10\/viol.jpg","datePublished":"2016-05-20T09:46:41+00:00","dateModified":"2016-05-20T11:03:19+00:00","breadcrumb":{"@id":"https:\/\/kapitalis.com\/tunisie\/2016\/05\/20\/beja-disparition-mysterieuse-dune-eleve-de-15-ans\/#breadcrumb"},"inLanguage":"fr-FR","potentialAction":[{"@type":"ReadAction","target":["https:\/\/kapitalis.com\/tunisie\/2016\/05\/20\/beja-disparition-mysterieuse-dune-eleve-de-15-ans\/"]}]},{"@type":"ImageObject","inLanguage":"fr-FR","@id":"https:\/\/kapitalis.com\/tunisie\/2016\/05\/20\/beja-disparition-mysterieuse-dune-eleve-de-15-ans\/#primaryimage","url":"http:\/\/kapitalis.com\/tunisie\/wp-content\/uploads\/2015\/10\/viol.jpg","contentUrl":"http:\/\/kapitalis.com\/tunisie\/wp-content\/uploads\/2015\/10\/viol.jpg"},{"@type":"BreadcrumbList","@id":"https:\/\/kapitalis.com\/tunisie\/2016\/05\/20\/beja-disparition-mysterieuse-dune-eleve-de-15-ans\/#breadcrumb","itemListElement":[{"@type":"ListItem","position":1,"name":"Accueil","item":"https:\/\/kapitalis.com\/tunisie\/"},{"@type":"ListItem","position":2,"name":"B\u00e9ja : Disparition myst\u00e9rieuse d\u2019une \u00e9l\u00e8ve de 15 ans"}]},{"@type":"WebSite","@id":"https:\/\/kapitalis.com\/tunisie\/#website","url":"https:\/\/kapitalis.com\/tunisie\/","name":"Kapitalis","description":"L&#039;actualit\u00e9 en Tunisie et dans le monde","publisher":{"@id":"https:\/\/kapitalis.com\/tunisie\/#organization"},"potentialAction":[{"@type":"SearchAction","target":{"@type":"EntryPoint","urlTemplate":"https:\/\/kapitalis.com\/tunisie\/?s={search_term_string}"},"query-input":{"@type":"PropertyValueSpecification","valueRequired":true,"valueName":"search_term_string"}}],"inLanguage":"fr-FR"},{"@type":"Organization","@id":"https:\/\/kapitalis.com\/tunisie\/#organization","name":"Kapitalis","url":"https:\/\/kapitalis.com\/tunisie\/","logo":{"@type":"ImageObject","inLanguage":"fr-FR","@id":"https:\/\/kapitalis.com\/tunisie\/#\/schema\/logo\/image\/","url":"https:\/\/kapitalis.com\/tunisie\/wp-content\/uploads\/2022\/05\/Kapitalis-big-size.png","contentUrl":"https:\/\/kapitalis.com\/tunisie\/wp-content\/uploads\/2022\/05\/Kapitalis-big-size.png","width":5000,"height":1500,"caption":"Kapitalis"},"image":{"@id":"https:\/\/kapitalis.com\/tunisie\/#\/schema\/logo\/image\/"},"sameAs":["https:\/\/www.facebook.com\/KapitalisInfo\/","https:\/\/x.com\/KapitalisInfo","https:\/\/www.youtube.com\/channel\/UC-yDYrHyfFBWWZaOw3FPg9Q"]},{"@type":"Person","@id":"https:\/\/kapitalis.com\/tunisie\/#\/schema\/person\/74bbde0154d49d790a92aaeac5bc01d5","name":"Yusra NY","url":"https:\/\/kapitalis.com\/tunisie\/author\/yuza_adam\/"}]}},"_links":{"self":[{"href":"https:\/\/kapitalis.com\/tunisie\/wp-json\/wp\/v2\/posts\/50815","targetHints":{"allow":["GET"]}}],"collection":[{"href":"https:\/\/kapitalis.com\/tunisie\/wp-json\/wp\/v2\/posts"}],"about":[{"href":"https:\/\/kapitalis.com\/tunisie\/wp-json\/wp\/v2\/types\/post"}],"author":[{"embeddable":true,"href":"https:\/\/kapitalis.com\/tunisie\/wp-json\/wp\/v2\/users\/6"}],"replies":[{"embeddable":true,"href":"https:\/\/kapitalis.com\/tunisie\/wp-json\/wp\/v2\/comments?post=50815"}],"version-history":[{"count":0,"href":"https:\/\/kapitalis.com\/tunisie\/wp-json\/wp\/v2\/posts\/50815\/revisions"}],"wp:attachment":[{"href":"https:\/\/kapitalis.com\/tunisie\/wp-json\/wp\/v2\/media?parent=50815"}],"wp:term":[{"taxonomy":"category","embeddable":true,"href":"https:\/\/kapitalis.com\/tunisie\/wp-json\/wp\/v2\/categories?post=50815"},{"taxonomy":"post_tag","embeddable":true,"href":"https:\/\/kapitalis.com\/tunisie\/wp-json\/wp\/v2\/tags?post=50815"}],"curies":[{"name":"wp","href":"https:\/\/api.w.org\/{rel}","templated":true}]}}