{"id":5083843,"date":"2022-11-21T13:28:11","date_gmt":"2022-11-21T12:28:11","guid":{"rendered":"https:\/\/kapitalis.com\/tunisie\/?p=5083843"},"modified":"2022-11-21T13:29:04","modified_gmt":"2022-11-21T12:29:04","slug":"5083843","status":"publish","type":"post","link":"https:\/\/kapitalis.com\/tunisie\/2022\/11\/21\/5083843\/","title":{"rendered":"Tunisie\u00a0: Kamel Jendoubi avoue ne plus reconna\u00eetre l\u2019Isie"},"content":{"rendered":"\n<p><strong><em>L\u2019ancien pr\u00e9sident de l\u2019Instance sup\u00e9rieure ind\u00e9pendante pour les \u00e9lections (Isie), Kamel Jendoubi, a d\u00e9clar\u00e9 \u00e0 <a href=\"\/\/www.shemsfm.net\/ar\/%D8%A7%D9%84%D8%A3%D8%AE%D8%A8%D8%A7%D8%B1_%D8%A3%D8%AE%D8%A8%D8%A7%D8%B1-%D8%AA%D9%88%D9%86%D8%B3_%D8%A7%D9%84%D8%A3%D8%AE%D8%A8%D8%A7%D8%B1-%D8%A7%D9%84%D9%88%D8%B7%D9%86%D9%8A%D8%A9\/389635\/%D9%83%D9%85%D8%A7%D9%84-%D8%A7%D9%84%D8%AC%D9%86%D8%AF%D9%88%D8%A8%D9%8A-%D8%AA%D9%85-%D8%B6%D8%B1%D8%A8-%D8%A7%D9%84%D9%85%D8%B3%D8%A7%D8%B1-%D8%A7%D9%84%D8%A5%D9%86%D8%AA%D8%AE%D8%A7%D8%A8%D9%8A-%D8%B9%D8%A8%D8%B1-%D8%B6%D8%B1%D8%A8-%D9%85%D9%83%D8%B3%D8%A8-%D9%87%D9%8A%D8%A6%D8%A9-%D8%A7%D9%84%D8%A5%D9%86%D8%AA%D8%AE%D8%A7%D8%A8%D8%A7%D8%AA\" target=\"_blank\" rel=\"noreferrer noopener\">Shems<\/a>, aujourd\u2019hui, lundi 21 novembre 2022, que le processus \u00e9lectoral a \u00e9t\u00e9 affect\u00e9 par l\u2019atteinte aux acquis de l\u2019instance, qu\u2019il a qualifi\u00e9e de \u00abm\u00e9connaissable\u00bb, ajoutant: \u00abJe ne la reconnais plus\u00bb.<\/em><\/strong><\/p>\n\n\n\n<!--more-->\n\n\n\n<p>Evoquant les pr\u00e9paratifs des l\u00e9gislatives anticip\u00e9es du 17 d\u00e9cembre prochain, M. Jendoubi a d\u00e9clar\u00e9 que le processus \u00e9lectoral actuel ne s\u2019inscrit pas dans un contexte d\u00e9mocratique, contrairement aux pr\u00e9c\u00e9dentes \u00e9lections, lesquelles, malgr\u00e9 les carences qu\u2019elles ont enregistr\u00e9es au cours de la d\u00e9cennie pr\u00e9c\u00e9dente, s\u2019inscrivaient dans le processus de consolidation du processus d\u00e9mocratique, compte tenu de l\u2019existence d&rsquo;un certain \u00e9quilibre des pouvoirs et d\u2019instances de r\u00e9gulation. Tout en d\u00e9plorant la promulgation du d\u00e9cret 54 du 13 septembre 2022, relatif \u00e0 la lutte contre les infractions se rapportant aux syst\u00e8mes d\u2019information et de communication, le recours aux tribunaux militaires pour juger des civils, et ce qu\u2019il a appel\u00e9 le <em>\u00abpouvoir individuel \u00e0 partir du 25 juillet 2021\u00bb<\/em>, par &nbsp;allusion \u00e0 la proclamation de l\u2019\u00e9tat d\u2019exception par le pr\u00e9sident de la r\u00e9publique \u00e0 cette m\u00eame date.<\/p>\n\n\n\n<p>L\u2019ancien chef de l\u2019Isie a d\u00e9nonc\u00e9, par ailleurs, la promulgation d\u2019une loi \u00e9lectorale sur mesure, estimant que l\u2019int\u00e9grit\u00e9 et la transparence des \u00e9lections du 17 d\u00e9cembre sont compromises, tout en pointant les articles relatifs \u00e0 la candidature qui d\u00e9favorisent les femmes et les jeunes et ouvrent la porte \u00e0 la corruption et \u00e0 l\u2019argent sale.<\/p>\n\n\n\n<p><em>\u00abMalheureusement, la transparence a \u00e9t\u00e9 compromise dans ce processus \u00e9lectoral\u00bb<\/em>, a ajout\u00e9 Kamel Jendoubi, ajoutant que <em>\u00abla loi \u00e9lectorale qui a \u00e9t\u00e9 impos\u00e9e \u00e0 tout le monde ne refl\u00e8te pas la transparence\u00bb.<\/em><\/p>\n\n\n\n<p class=\"has-text-align-right\"><strong>I. B.<\/strong><\/p>\n","protected":false},"excerpt":{"rendered":"<p>Kamel Jendoubi avoue ne plus reconna\u00eetre la commission \u00e9lectorale. <\/p>\n","protected":false},"author":8,"featured_media":5083962,"comment_status":"open","ping_status":"open","sticky":false,"template":"","format":"standard","meta":{"footnotes":""},"categories":[997,2433],"tags":[499,2868,73854,62643],"class_list":["post-5083843","post","type-post","status-publish","format-standard","has-post-thumbnail","hentry","category-politique","category-tunisie","tag-isie","tag-kamel-jendoubi","tag-legislatives-anticipees","tag-tunisie"],"yoast_head":"<!-- This site is optimized with the Yoast SEO plugin v26.6 - https:\/\/yoast.com\/wordpress\/plugins\/seo\/ -->\n<title>Tunisie\u00a0: Kamel Jendoubi avoue ne plus reconna\u00eetre l\u2019Isie - Kapitalis<\/title>\n<meta name=\"robots\" content=\"index, follow, max-snippet:-1, max-image-preview:large, max-video-preview:-1\" \/>\n<link rel=\"canonical\" href=\"https:\/\/kapitalis.com\/tunisie\/2022\/11\/21\/5083843\/\" \/>\n<meta property=\"og:locale\" content=\"fr_FR\" \/>\n<meta property=\"og:type\" content=\"article\" \/>\n<meta property=\"og:title\" content=\"Tunisie\u00a0: Kamel Jendoubi avoue ne plus reconna\u00eetre l\u2019Isie - Kapitalis\" \/>\n<meta property=\"og:description\" content=\"Kamel Jendoubi avoue ne plus reconna\u00eetre la commission \u00e9lectorale.\" \/>\n<meta property=\"og:url\" content=\"https:\/\/kapitalis.com\/tunisie\/2022\/11\/21\/5083843\/\" \/>\n<meta property=\"og:site_name\" content=\"Kapitalis\" \/>\n<meta property=\"article:publisher\" content=\"https:\/\/www.facebook.com\/KapitalisInfo\/\" \/>\n<meta property=\"article:published_time\" content=\"2022-11-21T12:28:11+00:00\" \/>\n<meta property=\"article:modified_time\" content=\"2022-11-21T12:29:04+00:00\" \/>\n<meta property=\"og:image\" content=\"https:\/\/kapitalis.com\/tunisie\/wp-content\/uploads\/2022\/11\/Kamel-Jendoubi.jpg\" \/>\n\t<meta property=\"og:image:width\" content=\"1200\" \/>\n\t<meta property=\"og:image:height\" content=\"630\" \/>\n\t<meta property=\"og:image:type\" content=\"image\/jpeg\" \/>\n<meta name=\"author\" content=\"webmaster kapitalis\" \/>\n<meta name=\"twitter:card\" content=\"summary_large_image\" \/>\n<meta name=\"twitter:creator\" content=\"@KapitalisInfo\" \/>\n<meta name=\"twitter:site\" content=\"@KapitalisInfo\" \/>\n<meta name=\"twitter:label1\" content=\"\u00c9crit par\" \/>\n\t<meta name=\"twitter:data1\" content=\"webmaster kapitalis\" \/>\n\t<meta name=\"twitter:label2\" content=\"Dur\u00e9e de lecture estim\u00e9e\" \/>\n\t<meta name=\"twitter:data2\" content=\"2 minutes\" \/>\n<script type=\"application\/ld+json\" class=\"yoast-schema-graph\">{\"@context\":\"https:\/\/schema.org\",\"@graph\":[{\"@type\":\"Article\",\"@id\":\"https:\/\/kapitalis.com\/tunisie\/2022\/11\/21\/5083843\/#article\",\"isPartOf\":{\"@id\":\"https:\/\/kapitalis.com\/tunisie\/2022\/11\/21\/5083843\/\"},\"author\":{\"name\":\"webmaster kapitalis\",\"@id\":\"https:\/\/kapitalis.com\/tunisie\/#\/schema\/person\/d71f33a9ca44f7bad4698210b480c8e9\"},\"headline\":\"Tunisie\u00a0: Kamel Jendoubi avoue ne plus reconna\u00eetre l\u2019Isie\",\"datePublished\":\"2022-11-21T12:28:11+00:00\",\"dateModified\":\"2022-11-21T12:29:04+00:00\",\"mainEntityOfPage\":{\"@id\":\"https:\/\/kapitalis.com\/tunisie\/2022\/11\/21\/5083843\/\"},\"wordCount\":312,\"commentCount\":3,\"publisher\":{\"@id\":\"https:\/\/kapitalis.com\/tunisie\/#organization\"},\"image\":{\"@id\":\"https:\/\/kapitalis.com\/tunisie\/2022\/11\/21\/5083843\/#primaryimage\"},\"thumbnailUrl\":\"https:\/\/kapitalis.com\/tunisie\/wp-content\/uploads\/2022\/11\/Kamel-Jendoubi.jpg\",\"keywords\":[\"Isie\",\"Kamel Jendoubi\",\"l\u00e9gislatives anticip\u00e9es\",\"Tunisie\"],\"articleSection\":[\"POLITIQUE\",\"Tunisie\"],\"inLanguage\":\"fr-FR\",\"potentialAction\":[{\"@type\":\"CommentAction\",\"name\":\"Comment\",\"target\":[\"https:\/\/kapitalis.com\/tunisie\/2022\/11\/21\/5083843\/#respond\"]}]},{\"@type\":\"WebPage\",\"@id\":\"https:\/\/kapitalis.com\/tunisie\/2022\/11\/21\/5083843\/\",\"url\":\"https:\/\/kapitalis.com\/tunisie\/2022\/11\/21\/5083843\/\",\"name\":\"Tunisie\u00a0: Kamel Jendoubi avoue ne plus reconna\u00eetre l\u2019Isie - Kapitalis\",\"isPartOf\":{\"@id\":\"https:\/\/kapitalis.com\/tunisie\/#website\"},\"primaryImageOfPage\":{\"@id\":\"https:\/\/kapitalis.com\/tunisie\/2022\/11\/21\/5083843\/#primaryimage\"},\"image\":{\"@id\":\"https:\/\/kapitalis.com\/tunisie\/2022\/11\/21\/5083843\/#primaryimage\"},\"thumbnailUrl\":\"https:\/\/kapitalis.com\/tunisie\/wp-content\/uploads\/2022\/11\/Kamel-Jendoubi.jpg\",\"datePublished\":\"2022-11-21T12:28:11+00:00\",\"dateModified\":\"2022-11-21T12:29:04+00:00\",\"breadcrumb\":{\"@id\":\"https:\/\/kapitalis.com\/tunisie\/2022\/11\/21\/5083843\/#breadcrumb\"},\"inLanguage\":\"fr-FR\",\"potentialAction\":[{\"@type\":\"ReadAction\",\"target\":[\"https:\/\/kapitalis.com\/tunisie\/2022\/11\/21\/5083843\/\"]}]},{\"@type\":\"ImageObject\",\"inLanguage\":\"fr-FR\",\"@id\":\"https:\/\/kapitalis.com\/tunisie\/2022\/11\/21\/5083843\/#primaryimage\",\"url\":\"https:\/\/kapitalis.com\/tunisie\/wp-content\/uploads\/2022\/11\/Kamel-Jendoubi.jpg\",\"contentUrl\":\"https:\/\/kapitalis.com\/tunisie\/wp-content\/uploads\/2022\/11\/Kamel-Jendoubi.jpg\",\"width\":1200,\"height\":630},{\"@type\":\"BreadcrumbList\",\"@id\":\"https:\/\/kapitalis.com\/tunisie\/2022\/11\/21\/5083843\/#breadcrumb\",\"itemListElement\":[{\"@type\":\"ListItem\",\"position\":1,\"name\":\"Accueil\",\"item\":\"https:\/\/kapitalis.com\/tunisie\/\"},{\"@type\":\"ListItem\",\"position\":2,\"name\":\"Tunisie\u00a0: Kamel Jendoubi avoue ne plus reconna\u00eetre l\u2019Isie\"}]},{\"@type\":\"WebSite\",\"@id\":\"https:\/\/kapitalis.com\/tunisie\/#website\",\"url\":\"https:\/\/kapitalis.com\/tunisie\/\",\"name\":\"Kapitalis\",\"description\":\"L&#039;actualit\u00e9 en Tunisie et dans le monde\",\"publisher\":{\"@id\":\"https:\/\/kapitalis.com\/tunisie\/#organization\"},\"potentialAction\":[{\"@type\":\"SearchAction\",\"target\":{\"@type\":\"EntryPoint\",\"urlTemplate\":\"https:\/\/kapitalis.com\/tunisie\/?s={search_term_string}\"},\"query-input\":{\"@type\":\"PropertyValueSpecification\",\"valueRequired\":true,\"valueName\":\"search_term_string\"}}],\"inLanguage\":\"fr-FR\"},{\"@type\":\"Organization\",\"@id\":\"https:\/\/kapitalis.com\/tunisie\/#organization\",\"name\":\"Kapitalis\",\"url\":\"https:\/\/kapitalis.com\/tunisie\/\",\"logo\":{\"@type\":\"ImageObject\",\"inLanguage\":\"fr-FR\",\"@id\":\"https:\/\/kapitalis.com\/tunisie\/#\/schema\/logo\/image\/\",\"url\":\"https:\/\/kapitalis.com\/tunisie\/wp-content\/uploads\/2022\/05\/Kapitalis-big-size.png\",\"contentUrl\":\"https:\/\/kapitalis.com\/tunisie\/wp-content\/uploads\/2022\/05\/Kapitalis-big-size.png\",\"width\":5000,\"height\":1500,\"caption\":\"Kapitalis\"},\"image\":{\"@id\":\"https:\/\/kapitalis.com\/tunisie\/#\/schema\/logo\/image\/\"},\"sameAs\":[\"https:\/\/www.facebook.com\/KapitalisInfo\/\",\"https:\/\/x.com\/KapitalisInfo\",\"https:\/\/www.youtube.com\/channel\/UC-yDYrHyfFBWWZaOw3FPg9Q\"]},{\"@type\":\"Person\",\"@id\":\"https:\/\/kapitalis.com\/tunisie\/#\/schema\/person\/d71f33a9ca44f7bad4698210b480c8e9\",\"name\":\"webmaster kapitalis\",\"url\":\"https:\/\/kapitalis.com\/tunisie\/author\/webmaster-kapitalis\/\"}]}<\/script>\n<!-- \/ Yoast SEO plugin. -->","yoast_head_json":{"title":"Tunisie\u00a0: Kamel Jendoubi avoue ne plus reconna\u00eetre l\u2019Isie - Kapitalis","robots":{"index":"index","follow":"follow","max-snippet":"max-snippet:-1","max-image-preview":"max-image-preview:large","max-video-preview":"max-video-preview:-1"},"canonical":"https:\/\/kapitalis.com\/tunisie\/2022\/11\/21\/5083843\/","og_locale":"fr_FR","og_type":"article","og_title":"Tunisie\u00a0: Kamel Jendoubi avoue ne plus reconna\u00eetre l\u2019Isie - Kapitalis","og_description":"Kamel Jendoubi avoue ne plus reconna\u00eetre la commission \u00e9lectorale.","og_url":"https:\/\/kapitalis.com\/tunisie\/2022\/11\/21\/5083843\/","og_site_name":"Kapitalis","article_publisher":"https:\/\/www.facebook.com\/KapitalisInfo\/","article_published_time":"2022-11-21T12:28:11+00:00","article_modified_time":"2022-11-21T12:29:04+00:00","og_image":[{"width":1200,"height":630,"url":"https:\/\/kapitalis.com\/tunisie\/wp-content\/uploads\/2022\/11\/Kamel-Jendoubi.jpg","type":"image\/jpeg"}],"author":"webmaster kapitalis","twitter_card":"summary_large_image","twitter_creator":"@KapitalisInfo","twitter_site":"@KapitalisInfo","twitter_misc":{"\u00c9crit par":"webmaster kapitalis","Dur\u00e9e de lecture estim\u00e9e":"2 minutes"},"schema":{"@context":"https:\/\/schema.org","@graph":[{"@type":"Article","@id":"https:\/\/kapitalis.com\/tunisie\/2022\/11\/21\/5083843\/#article","isPartOf":{"@id":"https:\/\/kapitalis.com\/tunisie\/2022\/11\/21\/5083843\/"},"author":{"name":"webmaster kapitalis","@id":"https:\/\/kapitalis.com\/tunisie\/#\/schema\/person\/d71f33a9ca44f7bad4698210b480c8e9"},"headline":"Tunisie\u00a0: Kamel Jendoubi avoue ne plus reconna\u00eetre l\u2019Isie","datePublished":"2022-11-21T12:28:11+00:00","dateModified":"2022-11-21T12:29:04+00:00","mainEntityOfPage":{"@id":"https:\/\/kapitalis.com\/tunisie\/2022\/11\/21\/5083843\/"},"wordCount":312,"commentCount":3,"publisher":{"@id":"https:\/\/kapitalis.com\/tunisie\/#organization"},"image":{"@id":"https:\/\/kapitalis.com\/tunisie\/2022\/11\/21\/5083843\/#primaryimage"},"thumbnailUrl":"https:\/\/kapitalis.com\/tunisie\/wp-content\/uploads\/2022\/11\/Kamel-Jendoubi.jpg","keywords":["Isie","Kamel Jendoubi","l\u00e9gislatives anticip\u00e9es","Tunisie"],"articleSection":["POLITIQUE","Tunisie"],"inLanguage":"fr-FR","potentialAction":[{"@type":"CommentAction","name":"Comment","target":["https:\/\/kapitalis.com\/tunisie\/2022\/11\/21\/5083843\/#respond"]}]},{"@type":"WebPage","@id":"https:\/\/kapitalis.com\/tunisie\/2022\/11\/21\/5083843\/","url":"https:\/\/kapitalis.com\/tunisie\/2022\/11\/21\/5083843\/","name":"Tunisie\u00a0: Kamel Jendoubi avoue ne plus reconna\u00eetre l\u2019Isie - Kapitalis","isPartOf":{"@id":"https:\/\/kapitalis.com\/tunisie\/#website"},"primaryImageOfPage":{"@id":"https:\/\/kapitalis.com\/tunisie\/2022\/11\/21\/5083843\/#primaryimage"},"image":{"@id":"https:\/\/kapitalis.com\/tunisie\/2022\/11\/21\/5083843\/#primaryimage"},"thumbnailUrl":"https:\/\/kapitalis.com\/tunisie\/wp-content\/uploads\/2022\/11\/Kamel-Jendoubi.jpg","datePublished":"2022-11-21T12:28:11+00:00","dateModified":"2022-11-21T12:29:04+00:00","breadcrumb":{"@id":"https:\/\/kapitalis.com\/tunisie\/2022\/11\/21\/5083843\/#breadcrumb"},"inLanguage":"fr-FR","potentialAction":[{"@type":"ReadAction","target":["https:\/\/kapitalis.com\/tunisie\/2022\/11\/21\/5083843\/"]}]},{"@type":"ImageObject","inLanguage":"fr-FR","@id":"https:\/\/kapitalis.com\/tunisie\/2022\/11\/21\/5083843\/#primaryimage","url":"https:\/\/kapitalis.com\/tunisie\/wp-content\/uploads\/2022\/11\/Kamel-Jendoubi.jpg","contentUrl":"https:\/\/kapitalis.com\/tunisie\/wp-content\/uploads\/2022\/11\/Kamel-Jendoubi.jpg","width":1200,"height":630},{"@type":"BreadcrumbList","@id":"https:\/\/kapitalis.com\/tunisie\/2022\/11\/21\/5083843\/#breadcrumb","itemListElement":[{"@type":"ListItem","position":1,"name":"Accueil","item":"https:\/\/kapitalis.com\/tunisie\/"},{"@type":"ListItem","position":2,"name":"Tunisie\u00a0: Kamel Jendoubi avoue ne plus reconna\u00eetre l\u2019Isie"}]},{"@type":"WebSite","@id":"https:\/\/kapitalis.com\/tunisie\/#website","url":"https:\/\/kapitalis.com\/tunisie\/","name":"Kapitalis","description":"L&#039;actualit\u00e9 en Tunisie et dans le monde","publisher":{"@id":"https:\/\/kapitalis.com\/tunisie\/#organization"},"potentialAction":[{"@type":"SearchAction","target":{"@type":"EntryPoint","urlTemplate":"https:\/\/kapitalis.com\/tunisie\/?s={search_term_string}"},"query-input":{"@type":"PropertyValueSpecification","valueRequired":true,"valueName":"search_term_string"}}],"inLanguage":"fr-FR"},{"@type":"Organization","@id":"https:\/\/kapitalis.com\/tunisie\/#organization","name":"Kapitalis","url":"https:\/\/kapitalis.com\/tunisie\/","logo":{"@type":"ImageObject","inLanguage":"fr-FR","@id":"https:\/\/kapitalis.com\/tunisie\/#\/schema\/logo\/image\/","url":"https:\/\/kapitalis.com\/tunisie\/wp-content\/uploads\/2022\/05\/Kapitalis-big-size.png","contentUrl":"https:\/\/kapitalis.com\/tunisie\/wp-content\/uploads\/2022\/05\/Kapitalis-big-size.png","width":5000,"height":1500,"caption":"Kapitalis"},"image":{"@id":"https:\/\/kapitalis.com\/tunisie\/#\/schema\/logo\/image\/"},"sameAs":["https:\/\/www.facebook.com\/KapitalisInfo\/","https:\/\/x.com\/KapitalisInfo","https:\/\/www.youtube.com\/channel\/UC-yDYrHyfFBWWZaOw3FPg9Q"]},{"@type":"Person","@id":"https:\/\/kapitalis.com\/tunisie\/#\/schema\/person\/d71f33a9ca44f7bad4698210b480c8e9","name":"webmaster kapitalis","url":"https:\/\/kapitalis.com\/tunisie\/author\/webmaster-kapitalis\/"}]}},"_links":{"self":[{"href":"https:\/\/kapitalis.com\/tunisie\/wp-json\/wp\/v2\/posts\/5083843","targetHints":{"allow":["GET"]}}],"collection":[{"href":"https:\/\/kapitalis.com\/tunisie\/wp-json\/wp\/v2\/posts"}],"about":[{"href":"https:\/\/kapitalis.com\/tunisie\/wp-json\/wp\/v2\/types\/post"}],"author":[{"embeddable":true,"href":"https:\/\/kapitalis.com\/tunisie\/wp-json\/wp\/v2\/users\/8"}],"replies":[{"embeddable":true,"href":"https:\/\/kapitalis.com\/tunisie\/wp-json\/wp\/v2\/comments?post=5083843"}],"version-history":[{"count":2,"href":"https:\/\/kapitalis.com\/tunisie\/wp-json\/wp\/v2\/posts\/5083843\/revisions"}],"predecessor-version":[{"id":5083981,"href":"https:\/\/kapitalis.com\/tunisie\/wp-json\/wp\/v2\/posts\/5083843\/revisions\/5083981"}],"wp:featuredmedia":[{"embeddable":true,"href":"https:\/\/kapitalis.com\/tunisie\/wp-json\/wp\/v2\/media\/5083962"}],"wp:attachment":[{"href":"https:\/\/kapitalis.com\/tunisie\/wp-json\/wp\/v2\/media?parent=5083843"}],"wp:term":[{"taxonomy":"category","embeddable":true,"href":"https:\/\/kapitalis.com\/tunisie\/wp-json\/wp\/v2\/categories?post=5083843"},{"taxonomy":"post_tag","embeddable":true,"href":"https:\/\/kapitalis.com\/tunisie\/wp-json\/wp\/v2\/tags?post=5083843"}],"curies":[{"name":"wp","href":"https:\/\/api.w.org\/{rel}","templated":true}]}}