{"id":50892,"date":"2016-05-20T16:35:22","date_gmt":"2016-05-20T15:35:22","guid":{"rendered":"http:\/\/kapitalis.com\/tunisie\/?p=50892"},"modified":"2016-05-20T18:36:33","modified_gmt":"2016-05-20T17:36:33","slug":"deux-hauts-responsables-italiens-au-congres-dennahdha","status":"publish","type":"post","link":"https:\/\/kapitalis.com\/tunisie\/2016\/05\/20\/deux-hauts-responsables-italiens-au-congres-dennahdha\/","title":{"rendered":"Deux hauts responsables italiens au congr\u00e8s d\u2019Ennahdha"},"content":{"rendered":"<p><img loading=\"lazy\" decoding=\"async\" class=\"alignnone size-full wp-image-50893 aligncenter\" src=\"http:\/\/kapitalis.com\/tunisie\/wp-content\/uploads\/2016\/05\/Casini-et-Cicchitto.jpg\" alt=\"Casini-et-Cicchitto\" width=\"626\" height=\"380\" \/><\/p>\n<p style=\"text-align: center;\"><em>Pier Ferdinando Casini et\u00a0Fabrizio Cicchitto.<\/em><\/p>\n<p><em><strong>Fabrizio Cicchitto et Pier Ferdinando Casini arrivent, aujourd\u2019hui, \u00e0 Tunis pour prendre part au 10e congr\u00e8s d\u2019Ennahdha (20-22 mai 2016).<\/strong> <\/em><\/p>\n<p><!--more--><\/p>\n<p>Pr\u00e9sidents, respectivement, de la commission des affaires \u00e9trang\u00e8res de la Chambre et du S\u00e9nat, MM Cicchitto et Casini repr\u00e9sentent officiellement l\u2019Italie au congr\u00e8s du parti islamiste tunisien qui s\u2019ouvre, aujourd\u2019hui, \u00e0 Rad\u00e8s, a annonc\u00e9 l\u2019agence italienne <a href=\"http:\/\/Nova http:\/\/www.agenzianova.com\/a\/573eb9eaf2e051.67415069\/1354383\/2016-05-20\/tunisia-italia-cicchitto-e-casini-oggi-a-tunisi-per-congresso-partito-ennahda\">Agenzia Nuova<\/a>.<\/p>\n<p>M.\u00a0Cicchitto, pr\u00e9sident de la commission des affaires \u00e9trang\u00e8res de la Chambre des d\u00e9put\u00e9s italienne, avait rencontr\u00e9 le pr\u00e9sident\u00a0d\u2019Ennahdha, Rached Ghannouchi, lors de sa visite en Tunisie, en juillet 2015. Le pr\u00e9sident de la commission des affaires \u00e9trang\u00e8res du S\u00e9nat italien, M.\u00a0Casini, avait fait de m\u00eame, fin mars 2016, toujours \u00e0 Tunis.<\/p>\n<p style=\"text-align: right;\"><strong>Nabil Ben Ameur<\/strong><\/p>\n","protected":false},"excerpt":{"rendered":"<p>Pier Ferdinando Casini et\u00a0Fabrizio Cicchitto. Fabrizio Cicchitto et Pier Ferdinando Casini arrivent, aujourd\u2019hui, \u00e0 Tunis pour prendre part au 10e congr\u00e8s d\u2019Ennahdha (20-22 mai 2016).<\/p>\n","protected":false},"author":8,"featured_media":50893,"comment_status":"open","ping_status":"open","sticky":false,"template":"","format":"standard","meta":{"footnotes":""},"categories":[997,2433],"tags":[505],"class_list":["post-50892","post","type-post","status-publish","format-standard","has-post-thumbnail","hentry","category-politique","category-tunisie","tag-italie"],"yoast_head":"<!-- This site is optimized with the Yoast SEO plugin v26.6 - https:\/\/yoast.com\/wordpress\/plugins\/seo\/ -->\n<title>Deux hauts responsables italiens au congr\u00e8s d\u2019Ennahdha - Kapitalis<\/title>\n<meta name=\"robots\" content=\"index, follow, max-snippet:-1, max-image-preview:large, max-video-preview:-1\" \/>\n<link rel=\"canonical\" href=\"https:\/\/kapitalis.com\/tunisie\/2016\/05\/20\/deux-hauts-responsables-italiens-au-congres-dennahdha\/\" \/>\n<meta property=\"og:locale\" content=\"fr_FR\" \/>\n<meta property=\"og:type\" content=\"article\" \/>\n<meta property=\"og:title\" content=\"Deux hauts responsables italiens au congr\u00e8s d\u2019Ennahdha - Kapitalis\" \/>\n<meta property=\"og:description\" content=\"Pier Ferdinando Casini et\u00a0Fabrizio Cicchitto. Fabrizio Cicchitto et Pier Ferdinando Casini arrivent, aujourd\u2019hui, \u00e0 Tunis pour prendre part au 10e congr\u00e8s d\u2019Ennahdha (20-22 mai 2016).\" \/>\n<meta property=\"og:url\" content=\"https:\/\/kapitalis.com\/tunisie\/2016\/05\/20\/deux-hauts-responsables-italiens-au-congres-dennahdha\/\" \/>\n<meta property=\"og:site_name\" content=\"Kapitalis\" \/>\n<meta property=\"article:publisher\" content=\"https:\/\/www.facebook.com\/KapitalisInfo\/\" \/>\n<meta property=\"article:published_time\" content=\"2016-05-20T15:35:22+00:00\" \/>\n<meta property=\"article:modified_time\" content=\"2016-05-20T17:36:33+00:00\" \/>\n<meta property=\"og:image\" content=\"https:\/\/kapitalis.com\/tunisie\/wp-content\/uploads\/2022\/05\/kapitalis-logo-fb.png\" \/>\n\t<meta property=\"og:image:width\" content=\"1200\" \/>\n\t<meta property=\"og:image:height\" content=\"630\" \/>\n\t<meta property=\"og:image:type\" content=\"image\/png\" \/>\n<meta name=\"author\" content=\"webmaster kapitalis\" \/>\n<meta name=\"twitter:card\" content=\"summary_large_image\" \/>\n<meta name=\"twitter:creator\" content=\"@KapitalisInfo\" \/>\n<meta name=\"twitter:site\" content=\"@KapitalisInfo\" \/>\n<meta name=\"twitter:label1\" content=\"\u00c9crit par\" \/>\n\t<meta name=\"twitter:data1\" content=\"webmaster kapitalis\" \/>\n\t<meta name=\"twitter:label2\" content=\"Dur\u00e9e de lecture estim\u00e9e\" \/>\n\t<meta name=\"twitter:data2\" content=\"1 minute\" \/>\n<script type=\"application\/ld+json\" class=\"yoast-schema-graph\">{\"@context\":\"https:\/\/schema.org\",\"@graph\":[{\"@type\":\"Article\",\"@id\":\"https:\/\/kapitalis.com\/tunisie\/2016\/05\/20\/deux-hauts-responsables-italiens-au-congres-dennahdha\/#article\",\"isPartOf\":{\"@id\":\"https:\/\/kapitalis.com\/tunisie\/2016\/05\/20\/deux-hauts-responsables-italiens-au-congres-dennahdha\/\"},\"author\":{\"name\":\"webmaster kapitalis\",\"@id\":\"https:\/\/kapitalis.com\/tunisie\/#\/schema\/person\/d71f33a9ca44f7bad4698210b480c8e9\"},\"headline\":\"Deux hauts responsables italiens au congr\u00e8s d\u2019Ennahdha\",\"datePublished\":\"2016-05-20T15:35:22+00:00\",\"dateModified\":\"2016-05-20T17:36:33+00:00\",\"mainEntityOfPage\":{\"@id\":\"https:\/\/kapitalis.com\/tunisie\/2016\/05\/20\/deux-hauts-responsables-italiens-au-congres-dennahdha\/\"},\"wordCount\":147,\"commentCount\":2,\"publisher\":{\"@id\":\"https:\/\/kapitalis.com\/tunisie\/#organization\"},\"image\":{\"@id\":\"https:\/\/kapitalis.com\/tunisie\/2016\/05\/20\/deux-hauts-responsables-italiens-au-congres-dennahdha\/#primaryimage\"},\"thumbnailUrl\":\"\",\"keywords\":[\"Italie\"],\"articleSection\":[\"POLITIQUE\",\"Tunisie\"],\"inLanguage\":\"fr-FR\",\"potentialAction\":[{\"@type\":\"CommentAction\",\"name\":\"Comment\",\"target\":[\"https:\/\/kapitalis.com\/tunisie\/2016\/05\/20\/deux-hauts-responsables-italiens-au-congres-dennahdha\/#respond\"]}]},{\"@type\":\"WebPage\",\"@id\":\"https:\/\/kapitalis.com\/tunisie\/2016\/05\/20\/deux-hauts-responsables-italiens-au-congres-dennahdha\/\",\"url\":\"https:\/\/kapitalis.com\/tunisie\/2016\/05\/20\/deux-hauts-responsables-italiens-au-congres-dennahdha\/\",\"name\":\"Deux hauts responsables italiens au congr\u00e8s d\u2019Ennahdha - Kapitalis\",\"isPartOf\":{\"@id\":\"https:\/\/kapitalis.com\/tunisie\/#website\"},\"primaryImageOfPage\":{\"@id\":\"https:\/\/kapitalis.com\/tunisie\/2016\/05\/20\/deux-hauts-responsables-italiens-au-congres-dennahdha\/#primaryimage\"},\"image\":{\"@id\":\"https:\/\/kapitalis.com\/tunisie\/2016\/05\/20\/deux-hauts-responsables-italiens-au-congres-dennahdha\/#primaryimage\"},\"thumbnailUrl\":\"\",\"datePublished\":\"2016-05-20T15:35:22+00:00\",\"dateModified\":\"2016-05-20T17:36:33+00:00\",\"breadcrumb\":{\"@id\":\"https:\/\/kapitalis.com\/tunisie\/2016\/05\/20\/deux-hauts-responsables-italiens-au-congres-dennahdha\/#breadcrumb\"},\"inLanguage\":\"fr-FR\",\"potentialAction\":[{\"@type\":\"ReadAction\",\"target\":[\"https:\/\/kapitalis.com\/tunisie\/2016\/05\/20\/deux-hauts-responsables-italiens-au-congres-dennahdha\/\"]}]},{\"@type\":\"ImageObject\",\"inLanguage\":\"fr-FR\",\"@id\":\"https:\/\/kapitalis.com\/tunisie\/2016\/05\/20\/deux-hauts-responsables-italiens-au-congres-dennahdha\/#primaryimage\",\"url\":\"\",\"contentUrl\":\"\"},{\"@type\":\"BreadcrumbList\",\"@id\":\"https:\/\/kapitalis.com\/tunisie\/2016\/05\/20\/deux-hauts-responsables-italiens-au-congres-dennahdha\/#breadcrumb\",\"itemListElement\":[{\"@type\":\"ListItem\",\"position\":1,\"name\":\"Accueil\",\"item\":\"https:\/\/kapitalis.com\/tunisie\/\"},{\"@type\":\"ListItem\",\"position\":2,\"name\":\"Deux hauts responsables italiens au congr\u00e8s d\u2019Ennahdha\"}]},{\"@type\":\"WebSite\",\"@id\":\"https:\/\/kapitalis.com\/tunisie\/#website\",\"url\":\"https:\/\/kapitalis.com\/tunisie\/\",\"name\":\"Kapitalis\",\"description\":\"L&#039;actualit\u00e9 en Tunisie et dans le monde\",\"publisher\":{\"@id\":\"https:\/\/kapitalis.com\/tunisie\/#organization\"},\"potentialAction\":[{\"@type\":\"SearchAction\",\"target\":{\"@type\":\"EntryPoint\",\"urlTemplate\":\"https:\/\/kapitalis.com\/tunisie\/?s={search_term_string}\"},\"query-input\":{\"@type\":\"PropertyValueSpecification\",\"valueRequired\":true,\"valueName\":\"search_term_string\"}}],\"inLanguage\":\"fr-FR\"},{\"@type\":\"Organization\",\"@id\":\"https:\/\/kapitalis.com\/tunisie\/#organization\",\"name\":\"Kapitalis\",\"url\":\"https:\/\/kapitalis.com\/tunisie\/\",\"logo\":{\"@type\":\"ImageObject\",\"inLanguage\":\"fr-FR\",\"@id\":\"https:\/\/kapitalis.com\/tunisie\/#\/schema\/logo\/image\/\",\"url\":\"https:\/\/kapitalis.com\/tunisie\/wp-content\/uploads\/2022\/05\/Kapitalis-big-size.png\",\"contentUrl\":\"https:\/\/kapitalis.com\/tunisie\/wp-content\/uploads\/2022\/05\/Kapitalis-big-size.png\",\"width\":5000,\"height\":1500,\"caption\":\"Kapitalis\"},\"image\":{\"@id\":\"https:\/\/kapitalis.com\/tunisie\/#\/schema\/logo\/image\/\"},\"sameAs\":[\"https:\/\/www.facebook.com\/KapitalisInfo\/\",\"https:\/\/x.com\/KapitalisInfo\",\"https:\/\/www.youtube.com\/channel\/UC-yDYrHyfFBWWZaOw3FPg9Q\"]},{\"@type\":\"Person\",\"@id\":\"https:\/\/kapitalis.com\/tunisie\/#\/schema\/person\/d71f33a9ca44f7bad4698210b480c8e9\",\"name\":\"webmaster kapitalis\",\"url\":\"https:\/\/kapitalis.com\/tunisie\/author\/webmaster-kapitalis\/\"}]}<\/script>\n<!-- \/ Yoast SEO plugin. -->","yoast_head_json":{"title":"Deux hauts responsables italiens au congr\u00e8s d\u2019Ennahdha - Kapitalis","robots":{"index":"index","follow":"follow","max-snippet":"max-snippet:-1","max-image-preview":"max-image-preview:large","max-video-preview":"max-video-preview:-1"},"canonical":"https:\/\/kapitalis.com\/tunisie\/2016\/05\/20\/deux-hauts-responsables-italiens-au-congres-dennahdha\/","og_locale":"fr_FR","og_type":"article","og_title":"Deux hauts responsables italiens au congr\u00e8s d\u2019Ennahdha - Kapitalis","og_description":"Pier Ferdinando Casini et\u00a0Fabrizio Cicchitto. Fabrizio Cicchitto et Pier Ferdinando Casini arrivent, aujourd\u2019hui, \u00e0 Tunis pour prendre part au 10e congr\u00e8s d\u2019Ennahdha (20-22 mai 2016).","og_url":"https:\/\/kapitalis.com\/tunisie\/2016\/05\/20\/deux-hauts-responsables-italiens-au-congres-dennahdha\/","og_site_name":"Kapitalis","article_publisher":"https:\/\/www.facebook.com\/KapitalisInfo\/","article_published_time":"2016-05-20T15:35:22+00:00","article_modified_time":"2016-05-20T17:36:33+00:00","og_image":[{"width":1200,"height":630,"url":"https:\/\/kapitalis.com\/tunisie\/wp-content\/uploads\/2022\/05\/kapitalis-logo-fb.png","type":"image\/png"}],"author":"webmaster kapitalis","twitter_card":"summary_large_image","twitter_creator":"@KapitalisInfo","twitter_site":"@KapitalisInfo","twitter_misc":{"\u00c9crit par":"webmaster kapitalis","Dur\u00e9e de lecture estim\u00e9e":"1 minute"},"schema":{"@context":"https:\/\/schema.org","@graph":[{"@type":"Article","@id":"https:\/\/kapitalis.com\/tunisie\/2016\/05\/20\/deux-hauts-responsables-italiens-au-congres-dennahdha\/#article","isPartOf":{"@id":"https:\/\/kapitalis.com\/tunisie\/2016\/05\/20\/deux-hauts-responsables-italiens-au-congres-dennahdha\/"},"author":{"name":"webmaster kapitalis","@id":"https:\/\/kapitalis.com\/tunisie\/#\/schema\/person\/d71f33a9ca44f7bad4698210b480c8e9"},"headline":"Deux hauts responsables italiens au congr\u00e8s d\u2019Ennahdha","datePublished":"2016-05-20T15:35:22+00:00","dateModified":"2016-05-20T17:36:33+00:00","mainEntityOfPage":{"@id":"https:\/\/kapitalis.com\/tunisie\/2016\/05\/20\/deux-hauts-responsables-italiens-au-congres-dennahdha\/"},"wordCount":147,"commentCount":2,"publisher":{"@id":"https:\/\/kapitalis.com\/tunisie\/#organization"},"image":{"@id":"https:\/\/kapitalis.com\/tunisie\/2016\/05\/20\/deux-hauts-responsables-italiens-au-congres-dennahdha\/#primaryimage"},"thumbnailUrl":"","keywords":["Italie"],"articleSection":["POLITIQUE","Tunisie"],"inLanguage":"fr-FR","potentialAction":[{"@type":"CommentAction","name":"Comment","target":["https:\/\/kapitalis.com\/tunisie\/2016\/05\/20\/deux-hauts-responsables-italiens-au-congres-dennahdha\/#respond"]}]},{"@type":"WebPage","@id":"https:\/\/kapitalis.com\/tunisie\/2016\/05\/20\/deux-hauts-responsables-italiens-au-congres-dennahdha\/","url":"https:\/\/kapitalis.com\/tunisie\/2016\/05\/20\/deux-hauts-responsables-italiens-au-congres-dennahdha\/","name":"Deux hauts responsables italiens au congr\u00e8s d\u2019Ennahdha - Kapitalis","isPartOf":{"@id":"https:\/\/kapitalis.com\/tunisie\/#website"},"primaryImageOfPage":{"@id":"https:\/\/kapitalis.com\/tunisie\/2016\/05\/20\/deux-hauts-responsables-italiens-au-congres-dennahdha\/#primaryimage"},"image":{"@id":"https:\/\/kapitalis.com\/tunisie\/2016\/05\/20\/deux-hauts-responsables-italiens-au-congres-dennahdha\/#primaryimage"},"thumbnailUrl":"","datePublished":"2016-05-20T15:35:22+00:00","dateModified":"2016-05-20T17:36:33+00:00","breadcrumb":{"@id":"https:\/\/kapitalis.com\/tunisie\/2016\/05\/20\/deux-hauts-responsables-italiens-au-congres-dennahdha\/#breadcrumb"},"inLanguage":"fr-FR","potentialAction":[{"@type":"ReadAction","target":["https:\/\/kapitalis.com\/tunisie\/2016\/05\/20\/deux-hauts-responsables-italiens-au-congres-dennahdha\/"]}]},{"@type":"ImageObject","inLanguage":"fr-FR","@id":"https:\/\/kapitalis.com\/tunisie\/2016\/05\/20\/deux-hauts-responsables-italiens-au-congres-dennahdha\/#primaryimage","url":"","contentUrl":""},{"@type":"BreadcrumbList","@id":"https:\/\/kapitalis.com\/tunisie\/2016\/05\/20\/deux-hauts-responsables-italiens-au-congres-dennahdha\/#breadcrumb","itemListElement":[{"@type":"ListItem","position":1,"name":"Accueil","item":"https:\/\/kapitalis.com\/tunisie\/"},{"@type":"ListItem","position":2,"name":"Deux hauts responsables italiens au congr\u00e8s d\u2019Ennahdha"}]},{"@type":"WebSite","@id":"https:\/\/kapitalis.com\/tunisie\/#website","url":"https:\/\/kapitalis.com\/tunisie\/","name":"Kapitalis","description":"L&#039;actualit\u00e9 en Tunisie et dans le monde","publisher":{"@id":"https:\/\/kapitalis.com\/tunisie\/#organization"},"potentialAction":[{"@type":"SearchAction","target":{"@type":"EntryPoint","urlTemplate":"https:\/\/kapitalis.com\/tunisie\/?s={search_term_string}"},"query-input":{"@type":"PropertyValueSpecification","valueRequired":true,"valueName":"search_term_string"}}],"inLanguage":"fr-FR"},{"@type":"Organization","@id":"https:\/\/kapitalis.com\/tunisie\/#organization","name":"Kapitalis","url":"https:\/\/kapitalis.com\/tunisie\/","logo":{"@type":"ImageObject","inLanguage":"fr-FR","@id":"https:\/\/kapitalis.com\/tunisie\/#\/schema\/logo\/image\/","url":"https:\/\/kapitalis.com\/tunisie\/wp-content\/uploads\/2022\/05\/Kapitalis-big-size.png","contentUrl":"https:\/\/kapitalis.com\/tunisie\/wp-content\/uploads\/2022\/05\/Kapitalis-big-size.png","width":5000,"height":1500,"caption":"Kapitalis"},"image":{"@id":"https:\/\/kapitalis.com\/tunisie\/#\/schema\/logo\/image\/"},"sameAs":["https:\/\/www.facebook.com\/KapitalisInfo\/","https:\/\/x.com\/KapitalisInfo","https:\/\/www.youtube.com\/channel\/UC-yDYrHyfFBWWZaOw3FPg9Q"]},{"@type":"Person","@id":"https:\/\/kapitalis.com\/tunisie\/#\/schema\/person\/d71f33a9ca44f7bad4698210b480c8e9","name":"webmaster kapitalis","url":"https:\/\/kapitalis.com\/tunisie\/author\/webmaster-kapitalis\/"}]}},"_links":{"self":[{"href":"https:\/\/kapitalis.com\/tunisie\/wp-json\/wp\/v2\/posts\/50892","targetHints":{"allow":["GET"]}}],"collection":[{"href":"https:\/\/kapitalis.com\/tunisie\/wp-json\/wp\/v2\/posts"}],"about":[{"href":"https:\/\/kapitalis.com\/tunisie\/wp-json\/wp\/v2\/types\/post"}],"author":[{"embeddable":true,"href":"https:\/\/kapitalis.com\/tunisie\/wp-json\/wp\/v2\/users\/8"}],"replies":[{"embeddable":true,"href":"https:\/\/kapitalis.com\/tunisie\/wp-json\/wp\/v2\/comments?post=50892"}],"version-history":[{"count":0,"href":"https:\/\/kapitalis.com\/tunisie\/wp-json\/wp\/v2\/posts\/50892\/revisions"}],"wp:featuredmedia":[{"embeddable":true,"href":"https:\/\/kapitalis.com\/tunisie\/wp-json\/wp\/v2\/media\/50893"}],"wp:attachment":[{"href":"https:\/\/kapitalis.com\/tunisie\/wp-json\/wp\/v2\/media?parent=50892"}],"wp:term":[{"taxonomy":"category","embeddable":true,"href":"https:\/\/kapitalis.com\/tunisie\/wp-json\/wp\/v2\/categories?post=50892"},{"taxonomy":"post_tag","embeddable":true,"href":"https:\/\/kapitalis.com\/tunisie\/wp-json\/wp\/v2\/tags?post=50892"}],"curies":[{"name":"wp","href":"https:\/\/api.w.org\/{rel}","templated":true}]}}