{"id":50923,"date":"2016-05-21T08:19:15","date_gmt":"2016-05-21T07:19:15","guid":{"rendered":"http:\/\/kapitalis.com\/tunisie\/?p=50923"},"modified":"2016-05-21T12:53:43","modified_gmt":"2016-05-21T11:53:43","slug":"le-combat-des-minorites-sexuelles-en-tunisie","status":"publish","type":"post","link":"https:\/\/kapitalis.com\/tunisie\/2016\/05\/21\/le-combat-des-minorites-sexuelles-en-tunisie\/","title":{"rendered":"Le combat des minorit\u00e9s sexuelles en Tunisie"},"content":{"rendered":"<p><img loading=\"lazy\" decoding=\"async\" class=\"alignnone size-full wp-image-50924 aligncenter\" src=\"http:\/\/kapitalis.com\/tunisie\/wp-content\/uploads\/2016\/05\/Stop-Homophobia.jpg\" alt=\"Stop-Homophobia\" width=\"626\" height=\"380\" \/><\/p>\n<p><em><strong>Les minorit\u00e9s sexuelles en Tunisie esp\u00e8rent vivre dans un pays en phase avec sa constitution, qui stipule noir sur blanc que \u00abl\u2019Etat prot\u00e8ge la vie priv\u00e9e.\u00bb<\/strong><\/em><\/p>\n<p>Par<strong> Fawz Ben Ali<\/strong><\/p>\n<p><!--more--><\/p>\n<p>A l\u2019occasion de la Journ\u00e9e mondiale de lutte contre l\u2019homophobie, la soci\u00e9t\u00e9 civile tunisienne se mobilise pour les droits des LGBT (lesbiennes, gays, bisexuels et transgenres).<\/p>\n<p>Cinq ans apr\u00e8s la r\u00e9volution de la dignit\u00e9, les minorit\u00e9s sexuelles dans notre pays commencent \u00e0 sortir de l\u2019ombre mais restent, toutefois, en marge de la soci\u00e9t\u00e9, car la Tunisie fait encore partie des 75 pays qui criminalisent l\u2019homosexualit\u00e9, \u00e0 travers l\u2019article 230 de son code p\u00e9nal, une loi archa\u00efque et liberticide adopt\u00e9e en 1913 sous l\u2019occupation fran\u00e7aise.<\/p>\n<p style=\"text-align: center;\"><img loading=\"lazy\" decoding=\"async\" class=\"alignnone size-full wp-image-50926\" src=\"http:\/\/kapitalis.com\/tunisie\/wp-content\/uploads\/2016\/05\/Stop-Homophobia-3.jpg\" alt=\"Stop-Homophobia-3\" width=\"500\" height=\"300\" \/><\/p>\n<p style=\"text-align: center;\"><em>La libert\u00e9 individuelle ne se n\u00e9gocie pas.<\/em><\/p>\n<p><strong>Une l\u00e9gislation d\u00e9pass\u00e9e et humiliante<\/strong><\/p>\n<p>Malgr\u00e9 les appels incessants de la soci\u00e9t\u00e9 civile \u00e0 abroger cet article, ainsi que la scandaleuse pratique du test anal pour prouver les relations sodomiques, qui porte atteinte \u00e0 l\u2019int\u00e9grit\u00e9 physique et \u00e0 la dignit\u00e9 humaine, le gouvernement et l\u2019Assembl\u00e9e des repr\u00e9sentants du peuple (ARP) continuent \u00e0 faire la sourde oreille. Le pr\u00e9sident de la r\u00e9publique B\u00e9ji Ca\u00efd Essebsi, qui se r\u00e9clame tapageusement de l\u2019h\u00e9ritage lib\u00e9ral de Bourguiba et aime se pr\u00e9senter comme progressiste, s\u2019est m\u00eame d\u00e9clar\u00e9 contre la d\u00e9p\u00e9nalisation de l\u2019homosexualit\u00e9, lors d\u2019un entretien sur une cha\u00eene de t\u00e9l\u00e9vision \u00e9gyptienne, et a ainsi encore une fois d\u00e9\u00e7u beaucoup de ses \u00e9lecteurs qui avaient vu en lui le garant d\u2019une Tunisie ouverte et moderne.<\/p>\n<p style=\"text-align: center;\"><img loading=\"lazy\" decoding=\"async\" class=\"alignnone size-full wp-image-50929\" src=\"http:\/\/kapitalis.com\/tunisie\/wp-content\/uploads\/2016\/05\/Stop-Homophobia-2.jpg\" alt=\"Stop-Homophobia-2\" width=\"500\" height=\"300\" \/><\/p>\n<p style=\"text-align: center;\"><em>La soci\u00e9t\u00e9 civile exige l&rsquo;application du texte de la constitution.<\/em><\/p>\n<p>Si l\u2019irruption du sujet dans les m\u00e9dias a le m\u00e9rite de briser le tabou et de permettre aux minorit\u00e9s sexuelles de s\u2019exprimer et de revendiquer leur existence, cette affaire a \u00e9galement d\u00e9clench\u00e9 un d\u00e9ferlement de haine nourri par des propos homophobes tenus par des pr\u00eacheurs et des pseudo-artistes qui se croient en mesure de donner des le\u00e7ons de morale alors qu\u2019ils ne font qu\u2019\u00e9taler une maladroite ignorance sur les plateaux-t\u00e9l\u00e9. On a d\u00e8s lors assist\u00e9 \u00e0 de nombreuses incitations \u00e0 la haine et \u00e0 la discrimination par des internautes mais aussi par des commer\u00e7ants qui interdisent l\u2019acc\u00e8s de leur commerce aux homosexuels.<\/p>\n<p>Pour mieux d\u00e9battre de toutes ces questions et faire valoir les droits des minorit\u00e9s sexuelles en Tunisie, l\u2019espace El Teatro a accueilli, le soir du mardi 17 mai, des militants et activistes de la soci\u00e9t\u00e9 civile dans le cadre de La Journ\u00e9e mondiale contre l\u2019homophobie et la transphobie, se r\u00e9f\u00e9rant au 17 mai 1990, date \u00e0 laquelle l\u2019Organisation mondiale de la sant\u00e9 (OMS) avait retir\u00e9 l\u2019homosexualit\u00e9 de la liste des maladies mentales.<\/p>\n<p style=\"text-align: center;\"><img loading=\"lazy\" decoding=\"async\" class=\"alignnone size-full wp-image-50928\" src=\"http:\/\/kapitalis.com\/tunisie\/wp-content\/uploads\/2016\/05\/Ahmed-Ben-Amor-Shams.jpg\" alt=\"Ahmed-Ben-Amor-Shams\" width=\"500\" height=\"300\" \/><\/p>\n<p style=\"text-align: center;\"><em>Ahmed Ben Amor,\u00a0vice-pr\u00e9sident de l\u2019association Shams.<\/em><\/p>\n<p>Les associations Shams, Chouf, Mawjoudin, Damj, l\u2019Association tunisienne des femmes d\u00e9mocrates (ATFD), R\u00e9seau Doustourna, Danseurs Citoyens, et autres&#8230; se sont r\u00e9unis dans une sorte de coalition sous le nom du Collectif pour les libert\u00e9s individuelles.<\/p>\n<p>Conscientes de la n\u00e9cessit\u00e9 de consolider les efforts, ces diff\u00e9rentes associations et organisations ont toutes r\u00e9pondu pr\u00e9sentes pour tenter de changer le regard de la soci\u00e9t\u00e9 envers les homosexuels, quotidiennement stigmatis\u00e9s et discrimin\u00e9s, alors qu\u2019ils ne revendiquent finalement qu\u2019une seule chose : le droit de vivre en paix.<\/p>\n<p><strong>L\u2019amour n\u2019est pas un crime<\/strong><\/p>\n<p>Sous le th\u00e8me \u00ab<em>Ma vie priv\u00e9e n\u2019est pas la propri\u00e9t\u00e9 de l\u2019Etat tunisien<\/em>\u00bb, le Collectif pour les libert\u00e9s individuelles est revenu sur les \u00e9v\u00e9nements marquants li\u00e9s \u00e0 l\u2019affaire des homosexuels en Tunisie comme l\u2019arrestation du jeune \u00abMarwen\u00bb (c\u2019est un pseudo, le 6 septembre 2015) et des 6 \u00e9tudiants arr\u00eat\u00e9s \u00e0 la ville de Kairouan (10 d\u00e9cembre 2015), tous soumis au humiliant test anal, ainsi que les diff\u00e9rentes formes de violences physiques et verbales que subissent les militants de l\u2019association Shams, qui d\u00e9fend les droits des homosexuels.<\/p>\n<p>La soir\u00e9e a \u00e9galement \u00e9t\u00e9 l\u2019occasion de donner la parole \u00e0 des jeunes qui souffrent de rejet social et familial \u00e0 cause de leurs orientations sexuelles, \u00e0 l\u2019instar d\u2019Ahmed Ben Amor, le vice-pr\u00e9sident de l\u2019association Shams, chass\u00e9 par sa famille et expuls\u00e9 de son lyc\u00e9e, \u00e0 l\u2019\u00e2ge de 19 ans pour avoir annonc\u00e9 son homosexualit\u00e9.<\/p>\n<p><em>\u00abL\u2019article 230, jusqu\u2019\u00e0 quand?\u00bb, \u00abStop Homophobia !\u00bb, \u00abL\u2019amour n\u2019est pas un crime\u00bb<\/em>&#8230; Tels \u00e9taient les slogans scand\u00e9s par les militants LGBT tunisiens, qui esp\u00e8rent vivre dans une Tunisie \u00e0 la hauteur de son Prix Nobel de la Paix, et en phase avec sa constitution dans laquelle est \u00e9crit noir sur blanc que \u00ab<em>l\u2019Etat prot\u00e8ge la vie priv\u00e9e.<\/em>\u00bb<\/p>\n","protected":false},"excerpt":{"rendered":"<p>Les minorit\u00e9s sexuelles en Tunisie esp\u00e8rent vivre dans un pays en phase avec sa constitution, qui stipule noir sur blanc que \u00abl\u2019Etat prot\u00e8ge la vie priv\u00e9e.\u00bb Par Fawz Ben Ali<\/p>\n","protected":false},"author":8,"featured_media":50924,"comment_status":"open","ping_status":"open","sticky":false,"template":"","format":"standard","meta":{"footnotes":""},"categories":[992,998,2433],"tags":[6812,6811,7425,448,449,6908,16162,825],"class_list":["post-50923","post","type-post","status-publish","format-standard","has-post-thumbnail","hentry","category-a-la-une","category-societe","category-tunisie","tag-article-230","tag-code-penal","tag-discrimination","tag-homosexualite","tag-homosexuels","tag-lgbt","tag-minorites-sexuelles","tag-shams"],"yoast_head":"<!-- This site is optimized with the Yoast SEO plugin v26.6 - https:\/\/yoast.com\/wordpress\/plugins\/seo\/ -->\n<title>Le combat des minorit\u00e9s sexuelles en Tunisie - Kapitalis<\/title>\n<meta name=\"robots\" content=\"index, follow, max-snippet:-1, max-image-preview:large, max-video-preview:-1\" \/>\n<link rel=\"canonical\" href=\"https:\/\/kapitalis.com\/tunisie\/2016\/05\/21\/le-combat-des-minorites-sexuelles-en-tunisie\/\" \/>\n<meta property=\"og:locale\" content=\"fr_FR\" \/>\n<meta property=\"og:type\" content=\"article\" \/>\n<meta property=\"og:title\" content=\"Le combat des minorit\u00e9s sexuelles en Tunisie - Kapitalis\" \/>\n<meta property=\"og:description\" content=\"Les minorit\u00e9s sexuelles en Tunisie esp\u00e8rent vivre dans un pays en phase avec sa constitution, qui stipule noir sur blanc que \u00abl\u2019Etat prot\u00e8ge la vie priv\u00e9e.\u00bb Par Fawz Ben Ali\" \/>\n<meta property=\"og:url\" content=\"https:\/\/kapitalis.com\/tunisie\/2016\/05\/21\/le-combat-des-minorites-sexuelles-en-tunisie\/\" \/>\n<meta property=\"og:site_name\" content=\"Kapitalis\" \/>\n<meta property=\"article:publisher\" content=\"https:\/\/www.facebook.com\/KapitalisInfo\/\" \/>\n<meta property=\"article:published_time\" content=\"2016-05-21T07:19:15+00:00\" \/>\n<meta property=\"article:modified_time\" content=\"2016-05-21T11:53:43+00:00\" \/>\n<meta property=\"og:image\" content=\"https:\/\/kapitalis.com\/tunisie\/wp-content\/uploads\/2022\/05\/kapitalis-logo-fb.png\" \/>\n\t<meta property=\"og:image:width\" content=\"1200\" \/>\n\t<meta property=\"og:image:height\" content=\"630\" \/>\n\t<meta property=\"og:image:type\" content=\"image\/png\" \/>\n<meta name=\"author\" content=\"webmaster kapitalis\" \/>\n<meta name=\"twitter:card\" content=\"summary_large_image\" \/>\n<meta name=\"twitter:creator\" content=\"@KapitalisInfo\" \/>\n<meta name=\"twitter:site\" content=\"@KapitalisInfo\" \/>\n<meta name=\"twitter:label1\" content=\"\u00c9crit par\" \/>\n\t<meta name=\"twitter:data1\" content=\"webmaster kapitalis\" \/>\n\t<meta name=\"twitter:label2\" content=\"Dur\u00e9e de lecture estim\u00e9e\" \/>\n\t<meta name=\"twitter:data2\" content=\"4 minutes\" \/>\n<script type=\"application\/ld+json\" class=\"yoast-schema-graph\">{\"@context\":\"https:\/\/schema.org\",\"@graph\":[{\"@type\":\"Article\",\"@id\":\"https:\/\/kapitalis.com\/tunisie\/2016\/05\/21\/le-combat-des-minorites-sexuelles-en-tunisie\/#article\",\"isPartOf\":{\"@id\":\"https:\/\/kapitalis.com\/tunisie\/2016\/05\/21\/le-combat-des-minorites-sexuelles-en-tunisie\/\"},\"author\":{\"name\":\"webmaster kapitalis\",\"@id\":\"https:\/\/kapitalis.com\/tunisie\/#\/schema\/person\/d71f33a9ca44f7bad4698210b480c8e9\"},\"headline\":\"Le combat des minorit\u00e9s sexuelles en Tunisie\",\"datePublished\":\"2016-05-21T07:19:15+00:00\",\"dateModified\":\"2016-05-21T11:53:43+00:00\",\"mainEntityOfPage\":{\"@id\":\"https:\/\/kapitalis.com\/tunisie\/2016\/05\/21\/le-combat-des-minorites-sexuelles-en-tunisie\/\"},\"wordCount\":823,\"commentCount\":9,\"publisher\":{\"@id\":\"https:\/\/kapitalis.com\/tunisie\/#organization\"},\"image\":{\"@id\":\"https:\/\/kapitalis.com\/tunisie\/2016\/05\/21\/le-combat-des-minorites-sexuelles-en-tunisie\/#primaryimage\"},\"thumbnailUrl\":\"\",\"keywords\":[\"article 230\",\"code p\u00e9nal\",\"discrimination\",\"homosexualit\u00e9\",\"homosexuels\",\"LGBT\",\"minorit\u00e9s sexuelles\",\"Shams\"],\"articleSection\":[\"A LA UNE\",\"SOCIETE\",\"Tunisie\"],\"inLanguage\":\"fr-FR\",\"potentialAction\":[{\"@type\":\"CommentAction\",\"name\":\"Comment\",\"target\":[\"https:\/\/kapitalis.com\/tunisie\/2016\/05\/21\/le-combat-des-minorites-sexuelles-en-tunisie\/#respond\"]}]},{\"@type\":\"WebPage\",\"@id\":\"https:\/\/kapitalis.com\/tunisie\/2016\/05\/21\/le-combat-des-minorites-sexuelles-en-tunisie\/\",\"url\":\"https:\/\/kapitalis.com\/tunisie\/2016\/05\/21\/le-combat-des-minorites-sexuelles-en-tunisie\/\",\"name\":\"Le combat des minorit\u00e9s sexuelles en Tunisie - Kapitalis\",\"isPartOf\":{\"@id\":\"https:\/\/kapitalis.com\/tunisie\/#website\"},\"primaryImageOfPage\":{\"@id\":\"https:\/\/kapitalis.com\/tunisie\/2016\/05\/21\/le-combat-des-minorites-sexuelles-en-tunisie\/#primaryimage\"},\"image\":{\"@id\":\"https:\/\/kapitalis.com\/tunisie\/2016\/05\/21\/le-combat-des-minorites-sexuelles-en-tunisie\/#primaryimage\"},\"thumbnailUrl\":\"\",\"datePublished\":\"2016-05-21T07:19:15+00:00\",\"dateModified\":\"2016-05-21T11:53:43+00:00\",\"breadcrumb\":{\"@id\":\"https:\/\/kapitalis.com\/tunisie\/2016\/05\/21\/le-combat-des-minorites-sexuelles-en-tunisie\/#breadcrumb\"},\"inLanguage\":\"fr-FR\",\"potentialAction\":[{\"@type\":\"ReadAction\",\"target\":[\"https:\/\/kapitalis.com\/tunisie\/2016\/05\/21\/le-combat-des-minorites-sexuelles-en-tunisie\/\"]}]},{\"@type\":\"ImageObject\",\"inLanguage\":\"fr-FR\",\"@id\":\"https:\/\/kapitalis.com\/tunisie\/2016\/05\/21\/le-combat-des-minorites-sexuelles-en-tunisie\/#primaryimage\",\"url\":\"\",\"contentUrl\":\"\"},{\"@type\":\"BreadcrumbList\",\"@id\":\"https:\/\/kapitalis.com\/tunisie\/2016\/05\/21\/le-combat-des-minorites-sexuelles-en-tunisie\/#breadcrumb\",\"itemListElement\":[{\"@type\":\"ListItem\",\"position\":1,\"name\":\"Accueil\",\"item\":\"https:\/\/kapitalis.com\/tunisie\/\"},{\"@type\":\"ListItem\",\"position\":2,\"name\":\"Le combat des minorit\u00e9s sexuelles en Tunisie\"}]},{\"@type\":\"WebSite\",\"@id\":\"https:\/\/kapitalis.com\/tunisie\/#website\",\"url\":\"https:\/\/kapitalis.com\/tunisie\/\",\"name\":\"Kapitalis\",\"description\":\"L&#039;actualit\u00e9 en Tunisie et dans le monde\",\"publisher\":{\"@id\":\"https:\/\/kapitalis.com\/tunisie\/#organization\"},\"potentialAction\":[{\"@type\":\"SearchAction\",\"target\":{\"@type\":\"EntryPoint\",\"urlTemplate\":\"https:\/\/kapitalis.com\/tunisie\/?s={search_term_string}\"},\"query-input\":{\"@type\":\"PropertyValueSpecification\",\"valueRequired\":true,\"valueName\":\"search_term_string\"}}],\"inLanguage\":\"fr-FR\"},{\"@type\":\"Organization\",\"@id\":\"https:\/\/kapitalis.com\/tunisie\/#organization\",\"name\":\"Kapitalis\",\"url\":\"https:\/\/kapitalis.com\/tunisie\/\",\"logo\":{\"@type\":\"ImageObject\",\"inLanguage\":\"fr-FR\",\"@id\":\"https:\/\/kapitalis.com\/tunisie\/#\/schema\/logo\/image\/\",\"url\":\"https:\/\/kapitalis.com\/tunisie\/wp-content\/uploads\/2022\/05\/Kapitalis-big-size.png\",\"contentUrl\":\"https:\/\/kapitalis.com\/tunisie\/wp-content\/uploads\/2022\/05\/Kapitalis-big-size.png\",\"width\":5000,\"height\":1500,\"caption\":\"Kapitalis\"},\"image\":{\"@id\":\"https:\/\/kapitalis.com\/tunisie\/#\/schema\/logo\/image\/\"},\"sameAs\":[\"https:\/\/www.facebook.com\/KapitalisInfo\/\",\"https:\/\/x.com\/KapitalisInfo\",\"https:\/\/www.youtube.com\/channel\/UC-yDYrHyfFBWWZaOw3FPg9Q\"]},{\"@type\":\"Person\",\"@id\":\"https:\/\/kapitalis.com\/tunisie\/#\/schema\/person\/d71f33a9ca44f7bad4698210b480c8e9\",\"name\":\"webmaster kapitalis\",\"url\":\"https:\/\/kapitalis.com\/tunisie\/author\/webmaster-kapitalis\/\"}]}<\/script>\n<!-- \/ Yoast SEO plugin. -->","yoast_head_json":{"title":"Le combat des minorit\u00e9s sexuelles en Tunisie - Kapitalis","robots":{"index":"index","follow":"follow","max-snippet":"max-snippet:-1","max-image-preview":"max-image-preview:large","max-video-preview":"max-video-preview:-1"},"canonical":"https:\/\/kapitalis.com\/tunisie\/2016\/05\/21\/le-combat-des-minorites-sexuelles-en-tunisie\/","og_locale":"fr_FR","og_type":"article","og_title":"Le combat des minorit\u00e9s sexuelles en Tunisie - Kapitalis","og_description":"Les minorit\u00e9s sexuelles en Tunisie esp\u00e8rent vivre dans un pays en phase avec sa constitution, qui stipule noir sur blanc que \u00abl\u2019Etat prot\u00e8ge la vie priv\u00e9e.\u00bb Par Fawz Ben Ali","og_url":"https:\/\/kapitalis.com\/tunisie\/2016\/05\/21\/le-combat-des-minorites-sexuelles-en-tunisie\/","og_site_name":"Kapitalis","article_publisher":"https:\/\/www.facebook.com\/KapitalisInfo\/","article_published_time":"2016-05-21T07:19:15+00:00","article_modified_time":"2016-05-21T11:53:43+00:00","og_image":[{"width":1200,"height":630,"url":"https:\/\/kapitalis.com\/tunisie\/wp-content\/uploads\/2022\/05\/kapitalis-logo-fb.png","type":"image\/png"}],"author":"webmaster kapitalis","twitter_card":"summary_large_image","twitter_creator":"@KapitalisInfo","twitter_site":"@KapitalisInfo","twitter_misc":{"\u00c9crit par":"webmaster kapitalis","Dur\u00e9e de lecture estim\u00e9e":"4 minutes"},"schema":{"@context":"https:\/\/schema.org","@graph":[{"@type":"Article","@id":"https:\/\/kapitalis.com\/tunisie\/2016\/05\/21\/le-combat-des-minorites-sexuelles-en-tunisie\/#article","isPartOf":{"@id":"https:\/\/kapitalis.com\/tunisie\/2016\/05\/21\/le-combat-des-minorites-sexuelles-en-tunisie\/"},"author":{"name":"webmaster kapitalis","@id":"https:\/\/kapitalis.com\/tunisie\/#\/schema\/person\/d71f33a9ca44f7bad4698210b480c8e9"},"headline":"Le combat des minorit\u00e9s sexuelles en Tunisie","datePublished":"2016-05-21T07:19:15+00:00","dateModified":"2016-05-21T11:53:43+00:00","mainEntityOfPage":{"@id":"https:\/\/kapitalis.com\/tunisie\/2016\/05\/21\/le-combat-des-minorites-sexuelles-en-tunisie\/"},"wordCount":823,"commentCount":9,"publisher":{"@id":"https:\/\/kapitalis.com\/tunisie\/#organization"},"image":{"@id":"https:\/\/kapitalis.com\/tunisie\/2016\/05\/21\/le-combat-des-minorites-sexuelles-en-tunisie\/#primaryimage"},"thumbnailUrl":"","keywords":["article 230","code p\u00e9nal","discrimination","homosexualit\u00e9","homosexuels","LGBT","minorit\u00e9s sexuelles","Shams"],"articleSection":["A LA UNE","SOCIETE","Tunisie"],"inLanguage":"fr-FR","potentialAction":[{"@type":"CommentAction","name":"Comment","target":["https:\/\/kapitalis.com\/tunisie\/2016\/05\/21\/le-combat-des-minorites-sexuelles-en-tunisie\/#respond"]}]},{"@type":"WebPage","@id":"https:\/\/kapitalis.com\/tunisie\/2016\/05\/21\/le-combat-des-minorites-sexuelles-en-tunisie\/","url":"https:\/\/kapitalis.com\/tunisie\/2016\/05\/21\/le-combat-des-minorites-sexuelles-en-tunisie\/","name":"Le combat des minorit\u00e9s sexuelles en Tunisie - Kapitalis","isPartOf":{"@id":"https:\/\/kapitalis.com\/tunisie\/#website"},"primaryImageOfPage":{"@id":"https:\/\/kapitalis.com\/tunisie\/2016\/05\/21\/le-combat-des-minorites-sexuelles-en-tunisie\/#primaryimage"},"image":{"@id":"https:\/\/kapitalis.com\/tunisie\/2016\/05\/21\/le-combat-des-minorites-sexuelles-en-tunisie\/#primaryimage"},"thumbnailUrl":"","datePublished":"2016-05-21T07:19:15+00:00","dateModified":"2016-05-21T11:53:43+00:00","breadcrumb":{"@id":"https:\/\/kapitalis.com\/tunisie\/2016\/05\/21\/le-combat-des-minorites-sexuelles-en-tunisie\/#breadcrumb"},"inLanguage":"fr-FR","potentialAction":[{"@type":"ReadAction","target":["https:\/\/kapitalis.com\/tunisie\/2016\/05\/21\/le-combat-des-minorites-sexuelles-en-tunisie\/"]}]},{"@type":"ImageObject","inLanguage":"fr-FR","@id":"https:\/\/kapitalis.com\/tunisie\/2016\/05\/21\/le-combat-des-minorites-sexuelles-en-tunisie\/#primaryimage","url":"","contentUrl":""},{"@type":"BreadcrumbList","@id":"https:\/\/kapitalis.com\/tunisie\/2016\/05\/21\/le-combat-des-minorites-sexuelles-en-tunisie\/#breadcrumb","itemListElement":[{"@type":"ListItem","position":1,"name":"Accueil","item":"https:\/\/kapitalis.com\/tunisie\/"},{"@type":"ListItem","position":2,"name":"Le combat des minorit\u00e9s sexuelles en Tunisie"}]},{"@type":"WebSite","@id":"https:\/\/kapitalis.com\/tunisie\/#website","url":"https:\/\/kapitalis.com\/tunisie\/","name":"Kapitalis","description":"L&#039;actualit\u00e9 en Tunisie et dans le monde","publisher":{"@id":"https:\/\/kapitalis.com\/tunisie\/#organization"},"potentialAction":[{"@type":"SearchAction","target":{"@type":"EntryPoint","urlTemplate":"https:\/\/kapitalis.com\/tunisie\/?s={search_term_string}"},"query-input":{"@type":"PropertyValueSpecification","valueRequired":true,"valueName":"search_term_string"}}],"inLanguage":"fr-FR"},{"@type":"Organization","@id":"https:\/\/kapitalis.com\/tunisie\/#organization","name":"Kapitalis","url":"https:\/\/kapitalis.com\/tunisie\/","logo":{"@type":"ImageObject","inLanguage":"fr-FR","@id":"https:\/\/kapitalis.com\/tunisie\/#\/schema\/logo\/image\/","url":"https:\/\/kapitalis.com\/tunisie\/wp-content\/uploads\/2022\/05\/Kapitalis-big-size.png","contentUrl":"https:\/\/kapitalis.com\/tunisie\/wp-content\/uploads\/2022\/05\/Kapitalis-big-size.png","width":5000,"height":1500,"caption":"Kapitalis"},"image":{"@id":"https:\/\/kapitalis.com\/tunisie\/#\/schema\/logo\/image\/"},"sameAs":["https:\/\/www.facebook.com\/KapitalisInfo\/","https:\/\/x.com\/KapitalisInfo","https:\/\/www.youtube.com\/channel\/UC-yDYrHyfFBWWZaOw3FPg9Q"]},{"@type":"Person","@id":"https:\/\/kapitalis.com\/tunisie\/#\/schema\/person\/d71f33a9ca44f7bad4698210b480c8e9","name":"webmaster kapitalis","url":"https:\/\/kapitalis.com\/tunisie\/author\/webmaster-kapitalis\/"}]}},"_links":{"self":[{"href":"https:\/\/kapitalis.com\/tunisie\/wp-json\/wp\/v2\/posts\/50923","targetHints":{"allow":["GET"]}}],"collection":[{"href":"https:\/\/kapitalis.com\/tunisie\/wp-json\/wp\/v2\/posts"}],"about":[{"href":"https:\/\/kapitalis.com\/tunisie\/wp-json\/wp\/v2\/types\/post"}],"author":[{"embeddable":true,"href":"https:\/\/kapitalis.com\/tunisie\/wp-json\/wp\/v2\/users\/8"}],"replies":[{"embeddable":true,"href":"https:\/\/kapitalis.com\/tunisie\/wp-json\/wp\/v2\/comments?post=50923"}],"version-history":[{"count":0,"href":"https:\/\/kapitalis.com\/tunisie\/wp-json\/wp\/v2\/posts\/50923\/revisions"}],"wp:featuredmedia":[{"embeddable":true,"href":"https:\/\/kapitalis.com\/tunisie\/wp-json\/wp\/v2\/media\/50924"}],"wp:attachment":[{"href":"https:\/\/kapitalis.com\/tunisie\/wp-json\/wp\/v2\/media?parent=50923"}],"wp:term":[{"taxonomy":"category","embeddable":true,"href":"https:\/\/kapitalis.com\/tunisie\/wp-json\/wp\/v2\/categories?post=50923"},{"taxonomy":"post_tag","embeddable":true,"href":"https:\/\/kapitalis.com\/tunisie\/wp-json\/wp\/v2\/tags?post=50923"}],"curies":[{"name":"wp","href":"https:\/\/api.w.org\/{rel}","templated":true}]}}