{"id":50993,"date":"2016-05-21T13:36:56","date_gmt":"2016-05-21T12:36:56","guid":{"rendered":"http:\/\/kapitalis.com\/tunisie\/?p=50993"},"modified":"2016-05-21T13:36:56","modified_gmt":"2016-05-21T12:36:56","slug":"les-prix-ibn-khaldun-2016-remis-le-27-mai-a-tunis","status":"publish","type":"post","link":"https:\/\/kapitalis.com\/tunisie\/2016\/05\/21\/les-prix-ibn-khaldun-2016-remis-le-27-mai-a-tunis\/","title":{"rendered":"Les Prix Ibn Khaldun 2016 remis le 27 mai \u00e0 Tunis"},"content":{"rendered":"<p><img loading=\"lazy\" decoding=\"async\" class=\"alignnone size-full wp-image-50994 aligncenter\" src=\"http:\/\/kapitalis.com\/tunisie\/wp-content\/uploads\/2016\/05\/Statut-Ibn-Khaldun.jpg\" alt=\"Statut-Ibn-Khaldun\" width=\"626\" height=\"380\" \/><\/p>\n<p style=\"text-align: center;\"><em>Statut Ibn Khaldun au centre-ville de Tunis (sculpture de Zoubeir Turki).<\/em><\/p>\n<p><em><strong>La c\u00e9r\u00e9monie de remise du Prix Ibn Khaldun aura lieu le vendredi 27 mai 2016, \u00e0 16 heures \u00e0 La Khaldounia, Souk El-Attarine, M\u00e9dina de Tunis.<\/strong><\/em><\/p>\n<p><!--more--><\/p>\n<p>Le Prix Ibn Khaldun vise \u00e0 promouvoir les \u00e9tudes et des recherches en sciences humaines et sociales en M\u00e9diterran\u00e9e.<br \/>\nLes laur\u00e9ats 2016 sont, pour la rive sud, Mounira Chapoutot Remadi (Tunisie), pour la rive nord, Hamit Bozarslan (Turquie\/France) et, pour le reste du monde, Sato Kentaro (Japon).<\/p>\n<p>Recevront aussi le prix \u00e0 titre posthume Fatima Mernissi (Maroc), Abdelwahab Meddeb (Tunisie) et Khaled Foued Allam (Alg\u00e9rie).<\/p>\n<p>La c\u00e9r\u00e9monie se d\u00e9roulera en pr\u00e9sence Raja Ben Slama, directrice de la Biblioth\u00e8que nationale de Tunisie, Mohamed Nadir Aziza, pr\u00e9sident du programme Med 21 (r\u00e9seau de prix pour la promotion de la coop\u00e9ration en M\u00e9diterran\u00e9e), et Habib Kazdaghli, doyen de la Facult\u00e9 des lettres, des arts et des humanit\u00e9s de la Manouba, pr\u00e9sident du bureau du Prix Ibn Khaldun.<\/p>\n<p style=\"text-align: right;\"><strong>I. B.<\/strong><\/p>\n","protected":false},"excerpt":{"rendered":"<p>Statut Ibn Khaldun au centre-ville de Tunis (sculpture de Zoubeir Turki). La c\u00e9r\u00e9monie de remise du Prix Ibn Khaldun aura lieu le vendredi 27 mai 2016, \u00e0 16 heures \u00e0 La Khaldounia, Souk El-Attarine, M\u00e9dina de Tunis.<\/p>\n","protected":false},"author":8,"featured_media":50994,"comment_status":"open","ping_status":"open","sticky":false,"template":"","format":"standard","meta":{"footnotes":""},"categories":[994,2433],"tags":[8784,3965],"class_list":["post-50993","post","type-post","status-publish","format-standard","has-post-thumbnail","hentry","category-culture","category-tunisie","tag-abdelwahab-meddeb","tag-bibliotheque-nationale"],"yoast_head":"<!-- This site is optimized with the Yoast SEO plugin v26.6 - https:\/\/yoast.com\/wordpress\/plugins\/seo\/ -->\n<title>Les Prix Ibn Khaldun 2016 remis le 27 mai \u00e0 Tunis - Kapitalis<\/title>\n<meta name=\"robots\" content=\"index, follow, max-snippet:-1, max-image-preview:large, max-video-preview:-1\" \/>\n<link rel=\"canonical\" href=\"https:\/\/kapitalis.com\/tunisie\/2016\/05\/21\/les-prix-ibn-khaldun-2016-remis-le-27-mai-a-tunis\/\" \/>\n<meta property=\"og:locale\" content=\"fr_FR\" \/>\n<meta property=\"og:type\" content=\"article\" \/>\n<meta property=\"og:title\" content=\"Les Prix Ibn Khaldun 2016 remis le 27 mai \u00e0 Tunis - Kapitalis\" \/>\n<meta property=\"og:description\" content=\"Statut Ibn Khaldun au centre-ville de Tunis (sculpture de Zoubeir Turki). La c\u00e9r\u00e9monie de remise du Prix Ibn Khaldun aura lieu le vendredi 27 mai 2016, \u00e0 16 heures \u00e0 La Khaldounia, Souk El-Attarine, M\u00e9dina de Tunis.\" \/>\n<meta property=\"og:url\" content=\"https:\/\/kapitalis.com\/tunisie\/2016\/05\/21\/les-prix-ibn-khaldun-2016-remis-le-27-mai-a-tunis\/\" \/>\n<meta property=\"og:site_name\" content=\"Kapitalis\" \/>\n<meta property=\"article:publisher\" content=\"https:\/\/www.facebook.com\/KapitalisInfo\/\" \/>\n<meta property=\"article:published_time\" content=\"2016-05-21T12:36:56+00:00\" \/>\n<meta property=\"og:image\" content=\"https:\/\/kapitalis.com\/tunisie\/wp-content\/uploads\/2022\/05\/kapitalis-logo-fb.png\" \/>\n\t<meta property=\"og:image:width\" content=\"1200\" \/>\n\t<meta property=\"og:image:height\" content=\"630\" \/>\n\t<meta property=\"og:image:type\" content=\"image\/png\" \/>\n<meta name=\"author\" content=\"webmaster kapitalis\" \/>\n<meta name=\"twitter:card\" content=\"summary_large_image\" \/>\n<meta name=\"twitter:creator\" content=\"@KapitalisInfo\" \/>\n<meta name=\"twitter:site\" content=\"@KapitalisInfo\" \/>\n<meta name=\"twitter:label1\" content=\"\u00c9crit par\" \/>\n\t<meta name=\"twitter:data1\" content=\"webmaster kapitalis\" \/>\n\t<meta name=\"twitter:label2\" content=\"Dur\u00e9e de lecture estim\u00e9e\" \/>\n\t<meta name=\"twitter:data2\" content=\"1 minute\" \/>\n<script type=\"application\/ld+json\" class=\"yoast-schema-graph\">{\"@context\":\"https:\/\/schema.org\",\"@graph\":[{\"@type\":\"Article\",\"@id\":\"https:\/\/kapitalis.com\/tunisie\/2016\/05\/21\/les-prix-ibn-khaldun-2016-remis-le-27-mai-a-tunis\/#article\",\"isPartOf\":{\"@id\":\"https:\/\/kapitalis.com\/tunisie\/2016\/05\/21\/les-prix-ibn-khaldun-2016-remis-le-27-mai-a-tunis\/\"},\"author\":{\"name\":\"webmaster kapitalis\",\"@id\":\"https:\/\/kapitalis.com\/tunisie\/#\/schema\/person\/d71f33a9ca44f7bad4698210b480c8e9\"},\"headline\":\"Les Prix Ibn Khaldun 2016 remis le 27 mai \u00e0 Tunis\",\"datePublished\":\"2016-05-21T12:36:56+00:00\",\"mainEntityOfPage\":{\"@id\":\"https:\/\/kapitalis.com\/tunisie\/2016\/05\/21\/les-prix-ibn-khaldun-2016-remis-le-27-mai-a-tunis\/\"},\"wordCount\":182,\"commentCount\":0,\"publisher\":{\"@id\":\"https:\/\/kapitalis.com\/tunisie\/#organization\"},\"image\":{\"@id\":\"https:\/\/kapitalis.com\/tunisie\/2016\/05\/21\/les-prix-ibn-khaldun-2016-remis-le-27-mai-a-tunis\/#primaryimage\"},\"thumbnailUrl\":\"\",\"keywords\":[\"Abdelwahab Meddeb\",\"biblioth\u00e8que nationale\"],\"articleSection\":[\"CULTURE\",\"Tunisie\"],\"inLanguage\":\"fr-FR\",\"potentialAction\":[{\"@type\":\"CommentAction\",\"name\":\"Comment\",\"target\":[\"https:\/\/kapitalis.com\/tunisie\/2016\/05\/21\/les-prix-ibn-khaldun-2016-remis-le-27-mai-a-tunis\/#respond\"]}]},{\"@type\":\"WebPage\",\"@id\":\"https:\/\/kapitalis.com\/tunisie\/2016\/05\/21\/les-prix-ibn-khaldun-2016-remis-le-27-mai-a-tunis\/\",\"url\":\"https:\/\/kapitalis.com\/tunisie\/2016\/05\/21\/les-prix-ibn-khaldun-2016-remis-le-27-mai-a-tunis\/\",\"name\":\"Les Prix Ibn Khaldun 2016 remis le 27 mai \u00e0 Tunis - Kapitalis\",\"isPartOf\":{\"@id\":\"https:\/\/kapitalis.com\/tunisie\/#website\"},\"primaryImageOfPage\":{\"@id\":\"https:\/\/kapitalis.com\/tunisie\/2016\/05\/21\/les-prix-ibn-khaldun-2016-remis-le-27-mai-a-tunis\/#primaryimage\"},\"image\":{\"@id\":\"https:\/\/kapitalis.com\/tunisie\/2016\/05\/21\/les-prix-ibn-khaldun-2016-remis-le-27-mai-a-tunis\/#primaryimage\"},\"thumbnailUrl\":\"\",\"datePublished\":\"2016-05-21T12:36:56+00:00\",\"breadcrumb\":{\"@id\":\"https:\/\/kapitalis.com\/tunisie\/2016\/05\/21\/les-prix-ibn-khaldun-2016-remis-le-27-mai-a-tunis\/#breadcrumb\"},\"inLanguage\":\"fr-FR\",\"potentialAction\":[{\"@type\":\"ReadAction\",\"target\":[\"https:\/\/kapitalis.com\/tunisie\/2016\/05\/21\/les-prix-ibn-khaldun-2016-remis-le-27-mai-a-tunis\/\"]}]},{\"@type\":\"ImageObject\",\"inLanguage\":\"fr-FR\",\"@id\":\"https:\/\/kapitalis.com\/tunisie\/2016\/05\/21\/les-prix-ibn-khaldun-2016-remis-le-27-mai-a-tunis\/#primaryimage\",\"url\":\"\",\"contentUrl\":\"\"},{\"@type\":\"BreadcrumbList\",\"@id\":\"https:\/\/kapitalis.com\/tunisie\/2016\/05\/21\/les-prix-ibn-khaldun-2016-remis-le-27-mai-a-tunis\/#breadcrumb\",\"itemListElement\":[{\"@type\":\"ListItem\",\"position\":1,\"name\":\"Accueil\",\"item\":\"https:\/\/kapitalis.com\/tunisie\/\"},{\"@type\":\"ListItem\",\"position\":2,\"name\":\"Les Prix Ibn Khaldun 2016 remis le 27 mai \u00e0 Tunis\"}]},{\"@type\":\"WebSite\",\"@id\":\"https:\/\/kapitalis.com\/tunisie\/#website\",\"url\":\"https:\/\/kapitalis.com\/tunisie\/\",\"name\":\"Kapitalis\",\"description\":\"L&#039;actualit\u00e9 en Tunisie et dans le monde\",\"publisher\":{\"@id\":\"https:\/\/kapitalis.com\/tunisie\/#organization\"},\"potentialAction\":[{\"@type\":\"SearchAction\",\"target\":{\"@type\":\"EntryPoint\",\"urlTemplate\":\"https:\/\/kapitalis.com\/tunisie\/?s={search_term_string}\"},\"query-input\":{\"@type\":\"PropertyValueSpecification\",\"valueRequired\":true,\"valueName\":\"search_term_string\"}}],\"inLanguage\":\"fr-FR\"},{\"@type\":\"Organization\",\"@id\":\"https:\/\/kapitalis.com\/tunisie\/#organization\",\"name\":\"Kapitalis\",\"url\":\"https:\/\/kapitalis.com\/tunisie\/\",\"logo\":{\"@type\":\"ImageObject\",\"inLanguage\":\"fr-FR\",\"@id\":\"https:\/\/kapitalis.com\/tunisie\/#\/schema\/logo\/image\/\",\"url\":\"https:\/\/kapitalis.com\/tunisie\/wp-content\/uploads\/2022\/05\/Kapitalis-big-size.png\",\"contentUrl\":\"https:\/\/kapitalis.com\/tunisie\/wp-content\/uploads\/2022\/05\/Kapitalis-big-size.png\",\"width\":5000,\"height\":1500,\"caption\":\"Kapitalis\"},\"image\":{\"@id\":\"https:\/\/kapitalis.com\/tunisie\/#\/schema\/logo\/image\/\"},\"sameAs\":[\"https:\/\/www.facebook.com\/KapitalisInfo\/\",\"https:\/\/x.com\/KapitalisInfo\",\"https:\/\/www.youtube.com\/channel\/UC-yDYrHyfFBWWZaOw3FPg9Q\"]},{\"@type\":\"Person\",\"@id\":\"https:\/\/kapitalis.com\/tunisie\/#\/schema\/person\/d71f33a9ca44f7bad4698210b480c8e9\",\"name\":\"webmaster kapitalis\",\"url\":\"https:\/\/kapitalis.com\/tunisie\/author\/webmaster-kapitalis\/\"}]}<\/script>\n<!-- \/ Yoast SEO plugin. -->","yoast_head_json":{"title":"Les Prix Ibn Khaldun 2016 remis le 27 mai \u00e0 Tunis - Kapitalis","robots":{"index":"index","follow":"follow","max-snippet":"max-snippet:-1","max-image-preview":"max-image-preview:large","max-video-preview":"max-video-preview:-1"},"canonical":"https:\/\/kapitalis.com\/tunisie\/2016\/05\/21\/les-prix-ibn-khaldun-2016-remis-le-27-mai-a-tunis\/","og_locale":"fr_FR","og_type":"article","og_title":"Les Prix Ibn Khaldun 2016 remis le 27 mai \u00e0 Tunis - Kapitalis","og_description":"Statut Ibn Khaldun au centre-ville de Tunis (sculpture de Zoubeir Turki). La c\u00e9r\u00e9monie de remise du Prix Ibn Khaldun aura lieu le vendredi 27 mai 2016, \u00e0 16 heures \u00e0 La Khaldounia, Souk El-Attarine, M\u00e9dina de Tunis.","og_url":"https:\/\/kapitalis.com\/tunisie\/2016\/05\/21\/les-prix-ibn-khaldun-2016-remis-le-27-mai-a-tunis\/","og_site_name":"Kapitalis","article_publisher":"https:\/\/www.facebook.com\/KapitalisInfo\/","article_published_time":"2016-05-21T12:36:56+00:00","og_image":[{"width":1200,"height":630,"url":"https:\/\/kapitalis.com\/tunisie\/wp-content\/uploads\/2022\/05\/kapitalis-logo-fb.png","type":"image\/png"}],"author":"webmaster kapitalis","twitter_card":"summary_large_image","twitter_creator":"@KapitalisInfo","twitter_site":"@KapitalisInfo","twitter_misc":{"\u00c9crit par":"webmaster kapitalis","Dur\u00e9e de lecture estim\u00e9e":"1 minute"},"schema":{"@context":"https:\/\/schema.org","@graph":[{"@type":"Article","@id":"https:\/\/kapitalis.com\/tunisie\/2016\/05\/21\/les-prix-ibn-khaldun-2016-remis-le-27-mai-a-tunis\/#article","isPartOf":{"@id":"https:\/\/kapitalis.com\/tunisie\/2016\/05\/21\/les-prix-ibn-khaldun-2016-remis-le-27-mai-a-tunis\/"},"author":{"name":"webmaster kapitalis","@id":"https:\/\/kapitalis.com\/tunisie\/#\/schema\/person\/d71f33a9ca44f7bad4698210b480c8e9"},"headline":"Les Prix Ibn Khaldun 2016 remis le 27 mai \u00e0 Tunis","datePublished":"2016-05-21T12:36:56+00:00","mainEntityOfPage":{"@id":"https:\/\/kapitalis.com\/tunisie\/2016\/05\/21\/les-prix-ibn-khaldun-2016-remis-le-27-mai-a-tunis\/"},"wordCount":182,"commentCount":0,"publisher":{"@id":"https:\/\/kapitalis.com\/tunisie\/#organization"},"image":{"@id":"https:\/\/kapitalis.com\/tunisie\/2016\/05\/21\/les-prix-ibn-khaldun-2016-remis-le-27-mai-a-tunis\/#primaryimage"},"thumbnailUrl":"","keywords":["Abdelwahab Meddeb","biblioth\u00e8que nationale"],"articleSection":["CULTURE","Tunisie"],"inLanguage":"fr-FR","potentialAction":[{"@type":"CommentAction","name":"Comment","target":["https:\/\/kapitalis.com\/tunisie\/2016\/05\/21\/les-prix-ibn-khaldun-2016-remis-le-27-mai-a-tunis\/#respond"]}]},{"@type":"WebPage","@id":"https:\/\/kapitalis.com\/tunisie\/2016\/05\/21\/les-prix-ibn-khaldun-2016-remis-le-27-mai-a-tunis\/","url":"https:\/\/kapitalis.com\/tunisie\/2016\/05\/21\/les-prix-ibn-khaldun-2016-remis-le-27-mai-a-tunis\/","name":"Les Prix Ibn Khaldun 2016 remis le 27 mai \u00e0 Tunis - Kapitalis","isPartOf":{"@id":"https:\/\/kapitalis.com\/tunisie\/#website"},"primaryImageOfPage":{"@id":"https:\/\/kapitalis.com\/tunisie\/2016\/05\/21\/les-prix-ibn-khaldun-2016-remis-le-27-mai-a-tunis\/#primaryimage"},"image":{"@id":"https:\/\/kapitalis.com\/tunisie\/2016\/05\/21\/les-prix-ibn-khaldun-2016-remis-le-27-mai-a-tunis\/#primaryimage"},"thumbnailUrl":"","datePublished":"2016-05-21T12:36:56+00:00","breadcrumb":{"@id":"https:\/\/kapitalis.com\/tunisie\/2016\/05\/21\/les-prix-ibn-khaldun-2016-remis-le-27-mai-a-tunis\/#breadcrumb"},"inLanguage":"fr-FR","potentialAction":[{"@type":"ReadAction","target":["https:\/\/kapitalis.com\/tunisie\/2016\/05\/21\/les-prix-ibn-khaldun-2016-remis-le-27-mai-a-tunis\/"]}]},{"@type":"ImageObject","inLanguage":"fr-FR","@id":"https:\/\/kapitalis.com\/tunisie\/2016\/05\/21\/les-prix-ibn-khaldun-2016-remis-le-27-mai-a-tunis\/#primaryimage","url":"","contentUrl":""},{"@type":"BreadcrumbList","@id":"https:\/\/kapitalis.com\/tunisie\/2016\/05\/21\/les-prix-ibn-khaldun-2016-remis-le-27-mai-a-tunis\/#breadcrumb","itemListElement":[{"@type":"ListItem","position":1,"name":"Accueil","item":"https:\/\/kapitalis.com\/tunisie\/"},{"@type":"ListItem","position":2,"name":"Les Prix Ibn Khaldun 2016 remis le 27 mai \u00e0 Tunis"}]},{"@type":"WebSite","@id":"https:\/\/kapitalis.com\/tunisie\/#website","url":"https:\/\/kapitalis.com\/tunisie\/","name":"Kapitalis","description":"L&#039;actualit\u00e9 en Tunisie et dans le monde","publisher":{"@id":"https:\/\/kapitalis.com\/tunisie\/#organization"},"potentialAction":[{"@type":"SearchAction","target":{"@type":"EntryPoint","urlTemplate":"https:\/\/kapitalis.com\/tunisie\/?s={search_term_string}"},"query-input":{"@type":"PropertyValueSpecification","valueRequired":true,"valueName":"search_term_string"}}],"inLanguage":"fr-FR"},{"@type":"Organization","@id":"https:\/\/kapitalis.com\/tunisie\/#organization","name":"Kapitalis","url":"https:\/\/kapitalis.com\/tunisie\/","logo":{"@type":"ImageObject","inLanguage":"fr-FR","@id":"https:\/\/kapitalis.com\/tunisie\/#\/schema\/logo\/image\/","url":"https:\/\/kapitalis.com\/tunisie\/wp-content\/uploads\/2022\/05\/Kapitalis-big-size.png","contentUrl":"https:\/\/kapitalis.com\/tunisie\/wp-content\/uploads\/2022\/05\/Kapitalis-big-size.png","width":5000,"height":1500,"caption":"Kapitalis"},"image":{"@id":"https:\/\/kapitalis.com\/tunisie\/#\/schema\/logo\/image\/"},"sameAs":["https:\/\/www.facebook.com\/KapitalisInfo\/","https:\/\/x.com\/KapitalisInfo","https:\/\/www.youtube.com\/channel\/UC-yDYrHyfFBWWZaOw3FPg9Q"]},{"@type":"Person","@id":"https:\/\/kapitalis.com\/tunisie\/#\/schema\/person\/d71f33a9ca44f7bad4698210b480c8e9","name":"webmaster kapitalis","url":"https:\/\/kapitalis.com\/tunisie\/author\/webmaster-kapitalis\/"}]}},"_links":{"self":[{"href":"https:\/\/kapitalis.com\/tunisie\/wp-json\/wp\/v2\/posts\/50993","targetHints":{"allow":["GET"]}}],"collection":[{"href":"https:\/\/kapitalis.com\/tunisie\/wp-json\/wp\/v2\/posts"}],"about":[{"href":"https:\/\/kapitalis.com\/tunisie\/wp-json\/wp\/v2\/types\/post"}],"author":[{"embeddable":true,"href":"https:\/\/kapitalis.com\/tunisie\/wp-json\/wp\/v2\/users\/8"}],"replies":[{"embeddable":true,"href":"https:\/\/kapitalis.com\/tunisie\/wp-json\/wp\/v2\/comments?post=50993"}],"version-history":[{"count":0,"href":"https:\/\/kapitalis.com\/tunisie\/wp-json\/wp\/v2\/posts\/50993\/revisions"}],"wp:featuredmedia":[{"embeddable":true,"href":"https:\/\/kapitalis.com\/tunisie\/wp-json\/wp\/v2\/media\/50994"}],"wp:attachment":[{"href":"https:\/\/kapitalis.com\/tunisie\/wp-json\/wp\/v2\/media?parent=50993"}],"wp:term":[{"taxonomy":"category","embeddable":true,"href":"https:\/\/kapitalis.com\/tunisie\/wp-json\/wp\/v2\/categories?post=50993"},{"taxonomy":"post_tag","embeddable":true,"href":"https:\/\/kapitalis.com\/tunisie\/wp-json\/wp\/v2\/tags?post=50993"}],"curies":[{"name":"wp","href":"https:\/\/api.w.org\/{rel}","templated":true}]}}